{"id":17085,"date":"2024-12-06T04:50:04","date_gmt":"2024-12-06T03:50:04","guid":{"rendered":"https:\/\/footdavant.fr\/actualites\/manchester-united-sapprete-a-conclure-un-nouvel-accord-avec-amad-diallo-en-forme-dici-decembre\/"},"modified":"2024-12-06T04:50:08","modified_gmt":"2024-12-06T03:50:08","slug":"manchester-united-sapprete-a-conclure-un-nouvel-accord-avec-amad-diallo-en-forme-dici-decembre","status":"publish","type":"post","link":"https:\/\/footdavant.fr\/actualites\/manchester-united-sapprete-a-conclure-un-nouvel-accord-avec-amad-diallo-en-forme-dici-decembre\/","title":{"rendered":"Manchester United s&#39;appr\u00eate \u00e0 conclure un nouvel accord avec Amad Diallo en forme d&#39;ici d\u00e9cembre &#8211;"},"content":{"rendered":"<div id=\"penci-post-entry-inner\">\n<p>\t\t\t<i class=\"penci-post-countview-number-check\" style=\"display:none\">1<\/i><\/p>\n<p><!--Article Start--><br \/>Manchester United a tent\u00e9 de garder le contr\u00f4le au lieu de passer \u00e0 l&#39;attaque contre Arsenal et a finalement d\u00fb payer puisque les Gunners ont marqu\u00e9 deux fois sur corner en seconde p\u00e9riode pour sceller la victoire.<\/p>\n<p>C&#39;\u00e9tait le premier go\u00fbt de d\u00e9faite de Ruben Amorim depuis qu&#39;il avait pris les commandes et avec le recul, les Gunners n&#39;\u00e9taient pas tr\u00e8s bons ce jour-l\u00e0 en jeu ouvert et il aurait pu choisir de commencer en beaut\u00e9 au lieu d&#39;une approche plus conservatrice.<\/p>\n<p>Le stratag\u00e8me pour commencer avec Mason Mount n&#39;a pas fonctionn\u00e9 avec l&#39;apparition d&#39;Amad Diallo en seconde p\u00e9riode, ce qui a conduit les visiteurs \u00e0 la meilleure occasion du match, tombant face \u00e0 Matthijs de Ligt.<\/p>\n<p>L&#39;Ivoirien a attaqu\u00e9 le suspect d\u00e9fensif Oleksandr Zinchenko et a imm\u00e9diatement obtenu un coup franc dangereux, l&#39;Ukrainien \u00e9tant r\u00e9serv\u00e9 pour ses ennuis. Il aurait pu subir beaucoup plus de pression de la part des Diables Rouges.<\/p>\n<h5>L&#39;impact positif d&#39;Amad<\/h5>\n<p>Amorim a \u00e9t\u00e9 impressionn\u00e9 par l&#39;impact du joueur de 22 ans et envisage d\u00e9j\u00e0 de le faire \u00e9voluer vers un r\u00f4le plus offensif une fois qu&#39;INEOS aura sign\u00e9 un nouvel ailier gauche pour lui.<\/p>\n<p>L&#39;attaquant polyvalent a inscrit trois buts et cinq passes d\u00e9cisives cette saison et a disput\u00e9 les quatre matchs sous la direction du nouvel entra\u00eeneur-chef.<\/p>\n<p>Le tacticien portugais a \u00e9t\u00e9 tellement impressionn\u00e9 qu&#39;il a demand\u00e9 au club de conclure un nouvel accord avec l&#39;ancienne starlette de l&#39;Atalanta.<\/p>\n<p>Son contrat actuel est valable jusqu&#39;\u00e0 l&#39;\u00e9t\u00e9 prochain, le club ayant la possibilit\u00e9 de d\u00e9clencher une prolongation d&#39;un an. Mais Football Insider affirme d\u00e9sormais qu\u2019une perc\u00e9e dans les n\u00e9gociations contractuelles est imminente.<\/p>\n<p>Les 20 fois champions de la ligue anglaise sont convaincus de pouvoir se mettre d\u2019accord et annoncer un nouvel accord pour le talentueux international ivoirien d\u2019ici d\u00e9cembre.<\/p>\n<h5>Accord proche du contrat<\/h5>\n<p>\u00ab\u00a0Man United va bient\u00f4t annoncer un accord avec Amad Diallo\u00a0\u00bb, lit-on dans le rapport tout en ajoutant : \u00ab\u00a0L&#39;ailier de Man United, Amad Diallo, est en pourparlers avanc\u00e9s pour conclure un nouveau contrat \u00e0 long terme au club, ont d\u00e9clar\u00e9 des sources \u00e0 Football Insider.<\/p>\n<p>\u00ab\u00a0Le joueur de 22 ans devrait parvenir \u00e0 un accord complet sur un accord \u00e0 long terme avant la fin d\u00e9cembre.\u00a0\u00bb<\/p>\n<p>Amad a \u00e9t\u00e9 brutalement n\u00e9glig\u00e9 par l&#39;ancien manager Erik ten Hag, ce qui n&#39;a pas plu au vestiaire de United et c&#39;est l&#39;une des raisons pour lesquelles ce nouvel accord contractuel a pris du temps.<\/p>\n<p>Esp\u00e9rons que le club puisse bient\u00f4t convenir d&#39;une nouvelle prolongation de contrat avec le joueur qui avait d\u00e9clar\u00e9 cet \u00e9t\u00e9 qu&#39;il souhaitait passer toute sa carri\u00e8re \u00e0 Old Trafford.<\/p>\n<hr>\n<p>Suivez-nous sur Bluesky\u00a0: @peoplesperson.bsky.social<br \/><!--Article End--><\/p>\n<p><!-- CONTENT END 3 --><\/p><\/div>\n","protected":false},"excerpt":{"rendered":"<p>1 Manchester United a tent\u00e9 de garder le contr\u00f4le au lieu de passer \u00e0 l&#39;attaque contre Arsenal et a finalement d\u00fb payer puisque les Gunners<\/p>\n","protected":false},"author":1,"featured_media":17086,"comment_status":"closed","ping_status":"","sticky":false,"template":"","format":"standard","meta":{"footnotes":""},"categories":[3],"tags":[277,833,91,2442,7254,1526,834,563,11,886,4539,13],"yoast_head":"<!-- This site is optimized with the Yoast SEO plugin v21.0 - https:\/\/yoast.com\/wordpress\/plugins\/seo\/ -->\n<title>Manchester United s&#039;appr\u00eate \u00e0 conclure un nouvel accord avec Amad Diallo en forme d&#039;ici d\u00e9cembre -<\/title>\n<meta name=\"robots\" content=\"index, follow, max-snippet:-1, max-image-preview:large, max-video-preview:-1\" \/>\n<link rel=\"canonical\" href=\"https:\/\/footdavant.fr\/actualites\/manchester-united-sapprete-a-conclure-un-nouvel-accord-avec-amad-diallo-en-forme-dici-decembre\/\" \/>\n<meta property=\"og:locale\" content=\"fr_FR\" \/>\n<meta property=\"og:type\" content=\"article\" \/>\n<meta property=\"og:title\" content=\"Manchester United s&#039;appr\u00eate \u00e0 conclure un nouvel accord avec Amad Diallo en forme d&#039;ici d\u00e9cembre -\" \/>\n<meta property=\"og:description\" content=\"1 Manchester United a tent\u00e9 de garder le contr\u00f4le au lieu de passer \u00e0 l&#039;attaque contre Arsenal et a finalement d\u00fb payer puisque les Gunners\" \/>\n<meta property=\"og:url\" content=\"https:\/\/footdavant.fr\/actualites\/manchester-united-sapprete-a-conclure-un-nouvel-accord-avec-amad-diallo-en-forme-dici-decembre\/\" \/>\n<meta property=\"og:site_name\" content=\"Foot d&#039;avant\" \/>\n<meta property=\"article:publisher\" content=\"https:\/\/www.facebook.com\/Footdavant\/\" \/>\n<meta property=\"article:published_time\" content=\"2024-12-06T03:50:04+00:00\" \/>\n<meta property=\"article:modified_time\" content=\"2024-12-06T03:50:08+00:00\" \/>\n<meta property=\"og:image\" content=\"https:\/\/footdavant.fr\/actualites\/wp-content\/uploads\/2024\/12\/Manchester-United-s39apprete-a-conclure-un-nouvel-accord-avec-Amad.jpg\" \/>\n\t<meta property=\"og:image:width\" content=\"1600\" \/>\n\t<meta property=\"og:image:height\" content=\"726\" \/>\n\t<meta property=\"og:image:type\" content=\"image\/jpeg\" \/>\n<meta name=\"author\" content=\"Cl\u00e9ment\" \/>\n<meta name=\"twitter:card\" content=\"summary_large_image\" \/>\n<meta name=\"twitter:creator\" content=\"@FootdavantFr\" \/>\n<meta name=\"twitter:site\" content=\"@FootdavantFr\" \/>\n<meta name=\"twitter:label1\" content=\"\u00c9crit par\" \/>\n\t<meta name=\"twitter:data1\" content=\"Cl\u00e9ment\" \/>\n\t<meta name=\"twitter:label2\" content=\"Dur\u00e9e de lecture estim\u00e9e\" \/>\n\t<meta name=\"twitter:data2\" content=\"2 minutes\" \/>\n<script type=\"application\/ld+json\" class=\"yoast-schema-graph\">{\"@context\":\"https:\/\/schema.org\",\"@graph\":[{\"@type\":\"Article\",\"@id\":\"https:\/\/footdavant.fr\/actualites\/manchester-united-sapprete-a-conclure-un-nouvel-accord-avec-amad-diallo-en-forme-dici-decembre\/#article\",\"isPartOf\":{\"@id\":\"https:\/\/footdavant.fr\/actualites\/manchester-united-sapprete-a-conclure-un-nouvel-accord-avec-amad-diallo-en-forme-dici-decembre\/\"},\"author\":{\"name\":\"Cl\u00e9ment\",\"@id\":\"https:\/\/footdavant.fr\/actualites\/#\/schema\/person\/bc222566d95871b37e597b3ed3ba5e1d\"},\"headline\":\"Manchester United s&#39;appr\u00eate \u00e0 conclure un nouvel accord avec Amad Diallo en forme d&#39;ici d\u00e9cembre &#8211;\",\"datePublished\":\"2024-12-06T03:50:04+00:00\",\"dateModified\":\"2024-12-06T03:50:08+00:00\",\"mainEntityOfPage\":{\"@id\":\"https:\/\/footdavant.fr\/actualites\/manchester-united-sapprete-a-conclure-un-nouvel-accord-avec-amad-diallo-en-forme-dici-decembre\/\"},\"wordCount\":500,\"publisher\":{\"@id\":\"https:\/\/footdavant.fr\/actualites\/#organization\"},\"keywords\":[\"accord\",\"Amad\",\"avec\",\"conclure\",\"d39ici\",\"d\u00e9cembre\",\"Diallo\",\"forme\",\"Manchester\",\"nouvel\",\"s39appr\u00eate\",\"United\"],\"articleSection\":[\"Football\"],\"inLanguage\":\"fr-FR\"},{\"@type\":\"WebPage\",\"@id\":\"https:\/\/footdavant.fr\/actualites\/manchester-united-sapprete-a-conclure-un-nouvel-accord-avec-amad-diallo-en-forme-dici-decembre\/\",\"url\":\"https:\/\/footdavant.fr\/actualites\/manchester-united-sapprete-a-conclure-un-nouvel-accord-avec-amad-diallo-en-forme-dici-decembre\/\",\"name\":\"Manchester United s&#39;appr\u00eate \u00e0 conclure un nouvel accord avec Amad Diallo en forme d&#39;ici d\u00e9cembre -\",\"isPartOf\":{\"@id\":\"https:\/\/footdavant.fr\/actualites\/#website\"},\"datePublished\":\"2024-12-06T03:50:04+00:00\",\"dateModified\":\"2024-12-06T03:50:08+00:00\",\"breadcrumb\":{\"@id\":\"https:\/\/footdavant.fr\/actualites\/manchester-united-sapprete-a-conclure-un-nouvel-accord-avec-amad-diallo-en-forme-dici-decembre\/#breadcrumb\"},\"inLanguage\":\"fr-FR\",\"potentialAction\":[{\"@type\":\"ReadAction\",\"target\":[\"https:\/\/footdavant.fr\/actualites\/manchester-united-sapprete-a-conclure-un-nouvel-accord-avec-amad-diallo-en-forme-dici-decembre\/\"]}]},{\"@type\":\"BreadcrumbList\",\"@id\":\"https:\/\/footdavant.fr\/actualites\/manchester-united-sapprete-a-conclure-un-nouvel-accord-avec-amad-diallo-en-forme-dici-decembre\/#breadcrumb\",\"itemListElement\":[{\"@type\":\"ListItem\",\"position\":1,\"name\":\"Accueil\",\"item\":\"https:\/\/footdavant.fr\/actualites\/\"},{\"@type\":\"ListItem\",\"position\":2,\"name\":\"Manchester United s&#39;appr\u00eate \u00e0 conclure un nouvel accord avec Amad Diallo en forme d&#39;ici d\u00e9cembre &#8211;\"}]},{\"@type\":\"WebSite\",\"@id\":\"https:\/\/footdavant.fr\/actualites\/#website\",\"url\":\"https:\/\/footdavant.fr\/actualites\/\",\"name\":\"Foot d'avant\",\"description\":\"\",\"publisher\":{\"@id\":\"https:\/\/footdavant.fr\/actualites\/#organization\"},\"potentialAction\":[{\"@type\":\"SearchAction\",\"target\":{\"@type\":\"EntryPoint\",\"urlTemplate\":\"https:\/\/footdavant.fr\/actualites\/?s={search_term_string}\"},\"query-input\":\"required name=search_term_string\"}],\"inLanguage\":\"fr-FR\"},{\"@type\":\"Organization\",\"@id\":\"https:\/\/footdavant.fr\/actualites\/#organization\",\"name\":\"Foot d'avant\",\"url\":\"https:\/\/footdavant.fr\/actualites\/\",\"logo\":{\"@type\":\"ImageObject\",\"inLanguage\":\"fr-FR\",\"@id\":\"https:\/\/footdavant.fr\/actualites\/#\/schema\/logo\/image\/\",\"url\":\"https:\/\/footdavant.fr\/actualites\/wp-content\/uploads\/2023\/09\/Copy-of-FootDavant-Logo.png\",\"contentUrl\":\"https:\/\/footdavant.fr\/actualites\/wp-content\/uploads\/2023\/09\/Copy-of-FootDavant-Logo.png\",\"width\":936,\"height\":549,\"caption\":\"Foot d'avant\"},\"image\":{\"@id\":\"https:\/\/footdavant.fr\/actualites\/#\/schema\/logo\/image\/\"},\"sameAs\":[\"https:\/\/www.facebook.com\/Footdavant\/\",\"https:\/\/twitter.com\/FootdavantFr\",\"https:\/\/www.instagram.com\/footdavant.fr\/\"]},{\"@type\":\"Person\",\"@id\":\"https:\/\/footdavant.fr\/actualites\/#\/schema\/person\/bc222566d95871b37e597b3ed3ba5e1d\",\"name\":\"Cl\u00e9ment\",\"image\":{\"@type\":\"ImageObject\",\"inLanguage\":\"fr-FR\",\"@id\":\"https:\/\/footdavant.fr\/actualites\/#\/schema\/person\/image\/\",\"url\":\"https:\/\/secure.gravatar.com\/avatar\/7728b29aac2719421e1a9159b2254c44?s=96&d=mm&r=g\",\"contentUrl\":\"https:\/\/secure.gravatar.com\/avatar\/7728b29aac2719421e1a9159b2254c44?s=96&d=mm&r=g\",\"caption\":\"Cl\u00e9ment\"},\"sameAs\":[\"https:\/\/footdavant.fr\/\"]}]}<\/script>\n<!-- \/ Yoast SEO plugin. -->","yoast_head_json":{"title":"Manchester United s&#39;appr\u00eate \u00e0 conclure un nouvel accord avec Amad Diallo en forme d&#39;ici d\u00e9cembre -","robots":{"index":"index","follow":"follow","max-snippet":"max-snippet:-1","max-image-preview":"max-image-preview:large","max-video-preview":"max-video-preview:-1"},"canonical":"https:\/\/footdavant.fr\/actualites\/manchester-united-sapprete-a-conclure-un-nouvel-accord-avec-amad-diallo-en-forme-dici-decembre\/","og_locale":"fr_FR","og_type":"article","og_title":"Manchester United s&#39;appr\u00eate \u00e0 conclure un nouvel accord avec Amad Diallo en forme d&#39;ici d\u00e9cembre -","og_description":"1 Manchester United a tent\u00e9 de garder le contr\u00f4le au lieu de passer \u00e0 l&#39;attaque contre Arsenal et a finalement d\u00fb payer puisque les Gunners","og_url":"https:\/\/footdavant.fr\/actualites\/manchester-united-sapprete-a-conclure-un-nouvel-accord-avec-amad-diallo-en-forme-dici-decembre\/","og_site_name":"Foot d&#039;avant","article_publisher":"https:\/\/www.facebook.com\/Footdavant\/","article_published_time":"2024-12-06T03:50:04+00:00","article_modified_time":"2024-12-06T03:50:08+00:00","og_image":[{"width":1600,"height":726,"url":"https:\/\/footdavant.fr\/actualites\/wp-content\/uploads\/2024\/12\/Manchester-United-s39apprete-a-conclure-un-nouvel-accord-avec-Amad.jpg","type":"image\/jpeg"}],"author":"Cl\u00e9ment","twitter_card":"summary_large_image","twitter_creator":"@FootdavantFr","twitter_site":"@FootdavantFr","twitter_misc":{"\u00c9crit par":"Cl\u00e9ment","Dur\u00e9e de lecture estim\u00e9e":"2 minutes"},"schema":{"@context":"https:\/\/schema.org","@graph":[{"@type":"Article","@id":"https:\/\/footdavant.fr\/actualites\/manchester-united-sapprete-a-conclure-un-nouvel-accord-avec-amad-diallo-en-forme-dici-decembre\/#article","isPartOf":{"@id":"https:\/\/footdavant.fr\/actualites\/manchester-united-sapprete-a-conclure-un-nouvel-accord-avec-amad-diallo-en-forme-dici-decembre\/"},"author":{"name":"Cl\u00e9ment","@id":"https:\/\/footdavant.fr\/actualites\/#\/schema\/person\/bc222566d95871b37e597b3ed3ba5e1d"},"headline":"Manchester United s&#39;appr\u00eate \u00e0 conclure un nouvel accord avec Amad Diallo en forme d&#39;ici d\u00e9cembre &#8211;","datePublished":"2024-12-06T03:50:04+00:00","dateModified":"2024-12-06T03:50:08+00:00","mainEntityOfPage":{"@id":"https:\/\/footdavant.fr\/actualites\/manchester-united-sapprete-a-conclure-un-nouvel-accord-avec-amad-diallo-en-forme-dici-decembre\/"},"wordCount":500,"publisher":{"@id":"https:\/\/footdavant.fr\/actualites\/#organization"},"keywords":["accord","Amad","avec","conclure","d39ici","d\u00e9cembre","Diallo","forme","Manchester","nouvel","s39appr\u00eate","United"],"articleSection":["Football"],"inLanguage":"fr-FR"},{"@type":"WebPage","@id":"https:\/\/footdavant.fr\/actualites\/manchester-united-sapprete-a-conclure-un-nouvel-accord-avec-amad-diallo-en-forme-dici-decembre\/","url":"https:\/\/footdavant.fr\/actualites\/manchester-united-sapprete-a-conclure-un-nouvel-accord-avec-amad-diallo-en-forme-dici-decembre\/","name":"Manchester United s&#39;appr\u00eate \u00e0 conclure un nouvel accord avec Amad Diallo en forme d&#39;ici d\u00e9cembre -","isPartOf":{"@id":"https:\/\/footdavant.fr\/actualites\/#website"},"datePublished":"2024-12-06T03:50:04+00:00","dateModified":"2024-12-06T03:50:08+00:00","breadcrumb":{"@id":"https:\/\/footdavant.fr\/actualites\/manchester-united-sapprete-a-conclure-un-nouvel-accord-avec-amad-diallo-en-forme-dici-decembre\/#breadcrumb"},"inLanguage":"fr-FR","potentialAction":[{"@type":"ReadAction","target":["https:\/\/footdavant.fr\/actualites\/manchester-united-sapprete-a-conclure-un-nouvel-accord-avec-amad-diallo-en-forme-dici-decembre\/"]}]},{"@type":"BreadcrumbList","@id":"https:\/\/footdavant.fr\/actualites\/manchester-united-sapprete-a-conclure-un-nouvel-accord-avec-amad-diallo-en-forme-dici-decembre\/#breadcrumb","itemListElement":[{"@type":"ListItem","position":1,"name":"Accueil","item":"https:\/\/footdavant.fr\/actualites\/"},{"@type":"ListItem","position":2,"name":"Manchester United s&#39;appr\u00eate \u00e0 conclure un nouvel accord avec Amad Diallo en forme d&#39;ici d\u00e9cembre &#8211;"}]},{"@type":"WebSite","@id":"https:\/\/footdavant.fr\/actualites\/#website","url":"https:\/\/footdavant.fr\/actualites\/","name":"Foot d'avant","description":"","publisher":{"@id":"https:\/\/footdavant.fr\/actualites\/#organization"},"potentialAction":[{"@type":"SearchAction","target":{"@type":"EntryPoint","urlTemplate":"https:\/\/footdavant.fr\/actualites\/?s={search_term_string}"},"query-input":"required name=search_term_string"}],"inLanguage":"fr-FR"},{"@type":"Organization","@id":"https:\/\/footdavant.fr\/actualites\/#organization","name":"Foot d'avant","url":"https:\/\/footdavant.fr\/actualites\/","logo":{"@type":"ImageObject","inLanguage":"fr-FR","@id":"https:\/\/footdavant.fr\/actualites\/#\/schema\/logo\/image\/","url":"https:\/\/footdavant.fr\/actualites\/wp-content\/uploads\/2023\/09\/Copy-of-FootDavant-Logo.png","contentUrl":"https:\/\/footdavant.fr\/actualites\/wp-content\/uploads\/2023\/09\/Copy-of-FootDavant-Logo.png","width":936,"height":549,"caption":"Foot d'avant"},"image":{"@id":"https:\/\/footdavant.fr\/actualites\/#\/schema\/logo\/image\/"},"sameAs":["https:\/\/www.facebook.com\/Footdavant\/","https:\/\/twitter.com\/FootdavantFr","https:\/\/www.instagram.com\/footdavant.fr\/"]},{"@type":"Person","@id":"https:\/\/footdavant.fr\/actualites\/#\/schema\/person\/bc222566d95871b37e597b3ed3ba5e1d","name":"Cl\u00e9ment","image":{"@type":"ImageObject","inLanguage":"fr-FR","@id":"https:\/\/footdavant.fr\/actualites\/#\/schema\/person\/image\/","url":"https:\/\/secure.gravatar.com\/avatar\/7728b29aac2719421e1a9159b2254c44?s=96&d=mm&r=g","contentUrl":"https:\/\/secure.gravatar.com\/avatar\/7728b29aac2719421e1a9159b2254c44?s=96&d=mm&r=g","caption":"Cl\u00e9ment"},"sameAs":["https:\/\/footdavant.fr\/"]}]}},"_links":{"self":[{"href":"https:\/\/footdavant.fr\/actualites\/wp-json\/wp\/v2\/posts\/17085"}],"collection":[{"href":"https:\/\/footdavant.fr\/actualites\/wp-json\/wp\/v2\/posts"}],"about":[{"href":"https:\/\/footdavant.fr\/actualites\/wp-json\/wp\/v2\/types\/post"}],"author":[{"embeddable":true,"href":"https:\/\/footdavant.fr\/actualites\/wp-json\/wp\/v2\/users\/1"}],"replies":[{"embeddable":true,"href":"https:\/\/footdavant.fr\/actualites\/wp-json\/wp\/v2\/comments?post=17085"}],"version-history":[{"count":1,"href":"https:\/\/footdavant.fr\/actualites\/wp-json\/wp\/v2\/posts\/17085\/revisions"}],"predecessor-version":[{"id":17087,"href":"https:\/\/footdavant.fr\/actualites\/wp-json\/wp\/v2\/posts\/17085\/revisions\/17087"}],"wp:featuredmedia":[{"embeddable":true,"href":"https:\/\/footdavant.fr\/actualites\/wp-json\/wp\/v2\/media\/17086"}],"wp:attachment":[{"href":"https:\/\/footdavant.fr\/actualites\/wp-json\/wp\/v2\/media?parent=17085"}],"wp:term":[{"taxonomy":"category","embeddable":true,"href":"https:\/\/footdavant.fr\/actualites\/wp-json\/wp\/v2\/categories?post=17085"},{"taxonomy":"post_tag","embeddable":true,"href":"https:\/\/footdavant.fr\/actualites\/wp-json\/wp\/v2\/tags?post=17085"}],"curies":[{"name":"wp","href":"https:\/\/api.w.org\/{rel}","templated":true}]}}