{"id":17093,"date":"2024-12-06T10:49:51","date_gmt":"2024-12-06T09:49:51","guid":{"rendered":"https:\/\/footdavant.fr\/actualites\/composition-dipswich-contre-crystal-palace-xi-prevu-pour-la-confrontation-en-premier-league\/"},"modified":"2024-12-06T10:49:52","modified_gmt":"2024-12-06T09:49:52","slug":"composition-dipswich-contre-crystal-palace-xi-prevu-pour-la-confrontation-en-premier-league","status":"publish","type":"post","link":"https:\/\/footdavant.fr\/actualites\/composition-dipswich-contre-crystal-palace-xi-prevu-pour-la-confrontation-en-premier-league\/","title":{"rendered":"Composition d&#39;Ipswich contre Crystal Palace\u00a0: XI pr\u00e9vu pour la confrontation en Premier League"},"content":{"rendered":"<p>Sports Mole examine en profondeur comment Ipswich Town pourrait s&#39;aligner pour le choc de Premier League de mardi avec Crystal Palace.<\/p>\n<div id=\"article_body\" itemprop=\"articleBody\">\n<p class=\"firstPara\"><strong class=\"autotag\">La ville d&#39;Ipswich<\/strong> directeur <strong class=\"autotag\">Kieran McKenna<\/strong> est susceptible d&#39;apporter au moins quelques modifications pour la confrontation de mardi en Premier League avec <strong class=\"autotag\">Palais de Cristal<\/strong> \u00e0 Portman Road.<\/p>\n<p>Les Tractor Boys ont perdu leur s\u00e9quence de trois matchs sans d\u00e9faite dans un <strong>D\u00e9faite 1-0 contre Nottingham Forest<\/strong> samedi, o\u00f9 <strong class=\"autotag\">Axel Tuanzeb\u00e9<\/strong> a d\u00fb s&#39;\u00e9teindre dans les braises mourantes avec un probl\u00e8me aux ischio-jambiers.<\/p>\n<p>McKenna a maintenant confirm\u00e9 que le probl\u00e8me de Tuanzebe est grave et qu&#39;il le marginalisera \u00e0 long terme, tandis que <strong class=\"autotag\">Janoi Donacien<\/strong> (cheville), <strong class=\"autotag\">Georges Hirst<\/strong> (genou) et <strong class=\"autotag\">Chiedozie Ogb\u00e8ne<\/strong> (Achille) sont \u00e9galement absents.<\/p>\n<p><strong class=\"autotag\">Jacob Gr\u00e8ves<\/strong>. <strong class=\"autotag\">Kalvin Phillips<\/strong> et <strong class=\"autotag\">Ben Johnson<\/strong> &#8211; dont les deux derniers s&#39;entra\u00eenent \u00e0 nouveau &#8211; sont \u00e9galement confront\u00e9s \u00e0 des courses contre la montre pour prouver leur forme physique, bien que Johnson pourrait \u00eatre un \u00e9change direct contre Tuanzebe si on lui donne le feu vert.<\/p>\n<p>Cependant, <strong class=\"autotag\">Harry Clarke<\/strong> est un autre rempla\u00e7ant \u00e0 valeur \u00e9gale et a remplac\u00e9 Tuanzebe \u00e0 la fin du match de samedi, le joueur de 23 ans devrait donc obtenir le feu vert de McKenna pour s&#39;aligner contre les Eagles.<\/p>\n<p>Clarke pour Tuanzebe pourrait \u00eatre le seul changement apport\u00e9 \u00e0 une ligne arri\u00e8re autrement inchang\u00e9e. <strong class=\"autotag\">Cameron Burgess<\/strong>, <strong class=\"autotag\">Leif Davis<\/strong>, <strong class=\"autotag\">Arijanet Muric<\/strong> et <strong class=\"autotag\">Dara O&#39;Shea<\/strong>mais Greaves fera sans aucun doute pression pour d\u00e9placer Burgess s&#39;il parvient \u00e0 faire son propre retour apr\u00e8s une blessure.<\/p>\n<p>Pendant que Phillips se remet au courant, <strong class=\"autotag\">Jens Cajuste<\/strong> et <strong class=\"autotag\">Sam Morsi<\/strong> devraient reprendre leur partenariat au milieu de terrain, tandis que <strong class=\"autotag\">Omari Hutchinson<\/strong> et <strong class=\"autotag\">Liam Delap<\/strong>Les places attaqu\u00e9es ne sont pas non plus r\u00e9ellement menac\u00e9es.<\/p>\n<p>McKenna pourrait cependant \u00eatre tent\u00e9 d&#39;introduire de nouvelles jambes, car <strong class=\"autotag\">Wes Br\u00fble<\/strong> et <strong class=\"autotag\">Jack Clarke<\/strong> attendent dans les coulisses et pourraient se cogner <strong class=\"autotag\">Sammie Szmodics<\/strong> et <strong class=\"autotag\">Conor Chaplin<\/strong> jusqu&#39;au banc.<\/p>\n<p><strong>Composition de d\u00e9part possible d&#39;Ipswich Town\u00a0:<\/strong><br \/>Muric; H. Clarke, O&#39;Shea, Burgess, Davis\u00a0; Morsy, Cajuste; Br\u00fblures, Hutchinson, J. Clarke\u00a0; D\u00e9lap<\/p>\n<p><strong>> Cliquez ici pour voir comment Crystal Palace pourrait s&#39;aligner pour ce match<\/strong><\/p>\n<div class=\"author_box\">\n<div class=\"author_box_banner\">\n<\/div>\n<\/div>\n<\/div>\n","protected":false},"excerpt":{"rendered":"<p>Sports Mole examine en profondeur comment Ipswich Town pourrait s&#39;aligner pour le choc de Premier League de mardi avec Crystal Palace. La ville d&#39;Ipswich directeur<\/p>\n","protected":false},"author":1,"featured_media":17094,"comment_status":"closed","ping_status":"","sticky":false,"template":"","format":"standard","meta":{"footnotes":""},"categories":[5],"tags":[2291,3716,20,1008,6777,202,815,51,201,3924],"yoast_head":"<!-- This site is optimized with the Yoast SEO plugin v21.0 - https:\/\/yoast.com\/wordpress\/plugins\/seo\/ -->\n<title>Composition d&#039;Ipswich contre Crystal Palace\u00a0: XI pr\u00e9vu pour la confrontation en Premier League<\/title>\n<meta name=\"robots\" content=\"index, follow, max-snippet:-1, max-image-preview:large, max-video-preview:-1\" \/>\n<link rel=\"canonical\" href=\"https:\/\/footdavant.fr\/actualites\/composition-dipswich-contre-crystal-palace-xi-prevu-pour-la-confrontation-en-premier-league\/\" \/>\n<meta property=\"og:locale\" content=\"fr_FR\" \/>\n<meta property=\"og:type\" content=\"article\" \/>\n<meta property=\"og:title\" content=\"Composition d&#039;Ipswich contre Crystal Palace\u00a0: XI pr\u00e9vu pour la confrontation en Premier League\" \/>\n<meta property=\"og:description\" content=\"Sports Mole examine en profondeur comment Ipswich Town pourrait s&#039;aligner pour le choc de Premier League de mardi avec Crystal Palace. La ville d&#039;Ipswich directeur\" \/>\n<meta property=\"og:url\" content=\"https:\/\/footdavant.fr\/actualites\/composition-dipswich-contre-crystal-palace-xi-prevu-pour-la-confrontation-en-premier-league\/\" \/>\n<meta property=\"og:site_name\" content=\"Foot d&#039;avant\" \/>\n<meta property=\"article:publisher\" content=\"https:\/\/www.facebook.com\/Footdavant\/\" \/>\n<meta property=\"article:published_time\" content=\"2024-12-06T09:49:51+00:00\" \/>\n<meta property=\"article:modified_time\" content=\"2024-12-06T09:49:52+00:00\" \/>\n<meta property=\"og:image\" content=\"https:\/\/footdavant.fr\/actualites\/wp-content\/uploads\/2024\/12\/Composition-d39Ipswich-contre-Crystal-Palace-XI-prevu-pour-la-confrontation.jpg\" \/>\n\t<meta property=\"og:image:width\" content=\"100\" \/>\n\t<meta property=\"og:image:height\" content=\"120\" \/>\n\t<meta property=\"og:image:type\" content=\"image\/jpeg\" \/>\n<meta name=\"author\" content=\"Cl\u00e9ment\" \/>\n<meta name=\"twitter:card\" content=\"summary_large_image\" \/>\n<meta name=\"twitter:creator\" content=\"@FootdavantFr\" \/>\n<meta name=\"twitter:site\" content=\"@FootdavantFr\" \/>\n<meta name=\"twitter:label1\" content=\"\u00c9crit par\" \/>\n\t<meta name=\"twitter:data1\" content=\"Cl\u00e9ment\" \/>\n\t<meta name=\"twitter:label2\" content=\"Dur\u00e9e de lecture estim\u00e9e\" \/>\n\t<meta name=\"twitter:data2\" content=\"2 minutes\" \/>\n<script type=\"application\/ld+json\" class=\"yoast-schema-graph\">{\"@context\":\"https:\/\/schema.org\",\"@graph\":[{\"@type\":\"Article\",\"@id\":\"https:\/\/footdavant.fr\/actualites\/composition-dipswich-contre-crystal-palace-xi-prevu-pour-la-confrontation-en-premier-league\/#article\",\"isPartOf\":{\"@id\":\"https:\/\/footdavant.fr\/actualites\/composition-dipswich-contre-crystal-palace-xi-prevu-pour-la-confrontation-en-premier-league\/\"},\"author\":{\"name\":\"Cl\u00e9ment\",\"@id\":\"https:\/\/footdavant.fr\/actualites\/#\/schema\/person\/bc222566d95871b37e597b3ed3ba5e1d\"},\"headline\":\"Composition d&#39;Ipswich contre Crystal Palace\u00a0: XI pr\u00e9vu pour la confrontation en Premier League\",\"datePublished\":\"2024-12-06T09:49:51+00:00\",\"dateModified\":\"2024-12-06T09:49:52+00:00\",\"mainEntityOfPage\":{\"@id\":\"https:\/\/footdavant.fr\/actualites\/composition-dipswich-contre-crystal-palace-xi-prevu-pour-la-confrontation-en-premier-league\/\"},\"wordCount\":384,\"publisher\":{\"@id\":\"https:\/\/footdavant.fr\/actualites\/#organization\"},\"keywords\":[\"composition\",\"confrontation\",\"contre\",\"Crystal\",\"d39Ipswich\",\"League\",\"Palace\",\"pour\",\"Premier\",\"pr\u00e9vu\"],\"articleSection\":[\"Premier League\"],\"inLanguage\":\"fr-FR\"},{\"@type\":\"WebPage\",\"@id\":\"https:\/\/footdavant.fr\/actualites\/composition-dipswich-contre-crystal-palace-xi-prevu-pour-la-confrontation-en-premier-league\/\",\"url\":\"https:\/\/footdavant.fr\/actualites\/composition-dipswich-contre-crystal-palace-xi-prevu-pour-la-confrontation-en-premier-league\/\",\"name\":\"Composition d&#39;Ipswich contre Crystal Palace\u00a0: XI pr\u00e9vu pour la confrontation en Premier League\",\"isPartOf\":{\"@id\":\"https:\/\/footdavant.fr\/actualites\/#website\"},\"datePublished\":\"2024-12-06T09:49:51+00:00\",\"dateModified\":\"2024-12-06T09:49:52+00:00\",\"breadcrumb\":{\"@id\":\"https:\/\/footdavant.fr\/actualites\/composition-dipswich-contre-crystal-palace-xi-prevu-pour-la-confrontation-en-premier-league\/#breadcrumb\"},\"inLanguage\":\"fr-FR\",\"potentialAction\":[{\"@type\":\"ReadAction\",\"target\":[\"https:\/\/footdavant.fr\/actualites\/composition-dipswich-contre-crystal-palace-xi-prevu-pour-la-confrontation-en-premier-league\/\"]}]},{\"@type\":\"BreadcrumbList\",\"@id\":\"https:\/\/footdavant.fr\/actualites\/composition-dipswich-contre-crystal-palace-xi-prevu-pour-la-confrontation-en-premier-league\/#breadcrumb\",\"itemListElement\":[{\"@type\":\"ListItem\",\"position\":1,\"name\":\"Accueil\",\"item\":\"https:\/\/footdavant.fr\/actualites\/\"},{\"@type\":\"ListItem\",\"position\":2,\"name\":\"Composition d&#39;Ipswich contre Crystal Palace\u00a0: XI pr\u00e9vu pour la confrontation en Premier League\"}]},{\"@type\":\"WebSite\",\"@id\":\"https:\/\/footdavant.fr\/actualites\/#website\",\"url\":\"https:\/\/footdavant.fr\/actualites\/\",\"name\":\"Foot d'avant\",\"description\":\"\",\"publisher\":{\"@id\":\"https:\/\/footdavant.fr\/actualites\/#organization\"},\"potentialAction\":[{\"@type\":\"SearchAction\",\"target\":{\"@type\":\"EntryPoint\",\"urlTemplate\":\"https:\/\/footdavant.fr\/actualites\/?s={search_term_string}\"},\"query-input\":\"required name=search_term_string\"}],\"inLanguage\":\"fr-FR\"},{\"@type\":\"Organization\",\"@id\":\"https:\/\/footdavant.fr\/actualites\/#organization\",\"name\":\"Foot d'avant\",\"url\":\"https:\/\/footdavant.fr\/actualites\/\",\"logo\":{\"@type\":\"ImageObject\",\"inLanguage\":\"fr-FR\",\"@id\":\"https:\/\/footdavant.fr\/actualites\/#\/schema\/logo\/image\/\",\"url\":\"https:\/\/footdavant.fr\/actualites\/wp-content\/uploads\/2023\/09\/Copy-of-FootDavant-Logo.png\",\"contentUrl\":\"https:\/\/footdavant.fr\/actualites\/wp-content\/uploads\/2023\/09\/Copy-of-FootDavant-Logo.png\",\"width\":936,\"height\":549,\"caption\":\"Foot d'avant\"},\"image\":{\"@id\":\"https:\/\/footdavant.fr\/actualites\/#\/schema\/logo\/image\/\"},\"sameAs\":[\"https:\/\/www.facebook.com\/Footdavant\/\",\"https:\/\/twitter.com\/FootdavantFr\",\"https:\/\/www.instagram.com\/footdavant.fr\/\"]},{\"@type\":\"Person\",\"@id\":\"https:\/\/footdavant.fr\/actualites\/#\/schema\/person\/bc222566d95871b37e597b3ed3ba5e1d\",\"name\":\"Cl\u00e9ment\",\"image\":{\"@type\":\"ImageObject\",\"inLanguage\":\"fr-FR\",\"@id\":\"https:\/\/footdavant.fr\/actualites\/#\/schema\/person\/image\/\",\"url\":\"https:\/\/secure.gravatar.com\/avatar\/7728b29aac2719421e1a9159b2254c44?s=96&d=mm&r=g\",\"contentUrl\":\"https:\/\/secure.gravatar.com\/avatar\/7728b29aac2719421e1a9159b2254c44?s=96&d=mm&r=g\",\"caption\":\"Cl\u00e9ment\"},\"sameAs\":[\"https:\/\/footdavant.fr\/\"]}]}<\/script>\n<!-- \/ Yoast SEO plugin. -->","yoast_head_json":{"title":"Composition d&#39;Ipswich contre Crystal Palace\u00a0: XI pr\u00e9vu pour la confrontation en Premier League","robots":{"index":"index","follow":"follow","max-snippet":"max-snippet:-1","max-image-preview":"max-image-preview:large","max-video-preview":"max-video-preview:-1"},"canonical":"https:\/\/footdavant.fr\/actualites\/composition-dipswich-contre-crystal-palace-xi-prevu-pour-la-confrontation-en-premier-league\/","og_locale":"fr_FR","og_type":"article","og_title":"Composition d&#39;Ipswich contre Crystal Palace\u00a0: XI pr\u00e9vu pour la confrontation en Premier League","og_description":"Sports Mole examine en profondeur comment Ipswich Town pourrait s&#39;aligner pour le choc de Premier League de mardi avec Crystal Palace. La ville d&#39;Ipswich directeur","og_url":"https:\/\/footdavant.fr\/actualites\/composition-dipswich-contre-crystal-palace-xi-prevu-pour-la-confrontation-en-premier-league\/","og_site_name":"Foot d&#039;avant","article_publisher":"https:\/\/www.facebook.com\/Footdavant\/","article_published_time":"2024-12-06T09:49:51+00:00","article_modified_time":"2024-12-06T09:49:52+00:00","og_image":[{"width":100,"height":120,"url":"https:\/\/footdavant.fr\/actualites\/wp-content\/uploads\/2024\/12\/Composition-d39Ipswich-contre-Crystal-Palace-XI-prevu-pour-la-confrontation.jpg","type":"image\/jpeg"}],"author":"Cl\u00e9ment","twitter_card":"summary_large_image","twitter_creator":"@FootdavantFr","twitter_site":"@FootdavantFr","twitter_misc":{"\u00c9crit par":"Cl\u00e9ment","Dur\u00e9e de lecture estim\u00e9e":"2 minutes"},"schema":{"@context":"https:\/\/schema.org","@graph":[{"@type":"Article","@id":"https:\/\/footdavant.fr\/actualites\/composition-dipswich-contre-crystal-palace-xi-prevu-pour-la-confrontation-en-premier-league\/#article","isPartOf":{"@id":"https:\/\/footdavant.fr\/actualites\/composition-dipswich-contre-crystal-palace-xi-prevu-pour-la-confrontation-en-premier-league\/"},"author":{"name":"Cl\u00e9ment","@id":"https:\/\/footdavant.fr\/actualites\/#\/schema\/person\/bc222566d95871b37e597b3ed3ba5e1d"},"headline":"Composition d&#39;Ipswich contre Crystal Palace\u00a0: XI pr\u00e9vu pour la confrontation en Premier League","datePublished":"2024-12-06T09:49:51+00:00","dateModified":"2024-12-06T09:49:52+00:00","mainEntityOfPage":{"@id":"https:\/\/footdavant.fr\/actualites\/composition-dipswich-contre-crystal-palace-xi-prevu-pour-la-confrontation-en-premier-league\/"},"wordCount":384,"publisher":{"@id":"https:\/\/footdavant.fr\/actualites\/#organization"},"keywords":["composition","confrontation","contre","Crystal","d39Ipswich","League","Palace","pour","Premier","pr\u00e9vu"],"articleSection":["Premier League"],"inLanguage":"fr-FR"},{"@type":"WebPage","@id":"https:\/\/footdavant.fr\/actualites\/composition-dipswich-contre-crystal-palace-xi-prevu-pour-la-confrontation-en-premier-league\/","url":"https:\/\/footdavant.fr\/actualites\/composition-dipswich-contre-crystal-palace-xi-prevu-pour-la-confrontation-en-premier-league\/","name":"Composition d&#39;Ipswich contre Crystal Palace\u00a0: XI pr\u00e9vu pour la confrontation en Premier League","isPartOf":{"@id":"https:\/\/footdavant.fr\/actualites\/#website"},"datePublished":"2024-12-06T09:49:51+00:00","dateModified":"2024-12-06T09:49:52+00:00","breadcrumb":{"@id":"https:\/\/footdavant.fr\/actualites\/composition-dipswich-contre-crystal-palace-xi-prevu-pour-la-confrontation-en-premier-league\/#breadcrumb"},"inLanguage":"fr-FR","potentialAction":[{"@type":"ReadAction","target":["https:\/\/footdavant.fr\/actualites\/composition-dipswich-contre-crystal-palace-xi-prevu-pour-la-confrontation-en-premier-league\/"]}]},{"@type":"BreadcrumbList","@id":"https:\/\/footdavant.fr\/actualites\/composition-dipswich-contre-crystal-palace-xi-prevu-pour-la-confrontation-en-premier-league\/#breadcrumb","itemListElement":[{"@type":"ListItem","position":1,"name":"Accueil","item":"https:\/\/footdavant.fr\/actualites\/"},{"@type":"ListItem","position":2,"name":"Composition d&#39;Ipswich contre Crystal Palace\u00a0: XI pr\u00e9vu pour la confrontation en Premier League"}]},{"@type":"WebSite","@id":"https:\/\/footdavant.fr\/actualites\/#website","url":"https:\/\/footdavant.fr\/actualites\/","name":"Foot d'avant","description":"","publisher":{"@id":"https:\/\/footdavant.fr\/actualites\/#organization"},"potentialAction":[{"@type":"SearchAction","target":{"@type":"EntryPoint","urlTemplate":"https:\/\/footdavant.fr\/actualites\/?s={search_term_string}"},"query-input":"required name=search_term_string"}],"inLanguage":"fr-FR"},{"@type":"Organization","@id":"https:\/\/footdavant.fr\/actualites\/#organization","name":"Foot d'avant","url":"https:\/\/footdavant.fr\/actualites\/","logo":{"@type":"ImageObject","inLanguage":"fr-FR","@id":"https:\/\/footdavant.fr\/actualites\/#\/schema\/logo\/image\/","url":"https:\/\/footdavant.fr\/actualites\/wp-content\/uploads\/2023\/09\/Copy-of-FootDavant-Logo.png","contentUrl":"https:\/\/footdavant.fr\/actualites\/wp-content\/uploads\/2023\/09\/Copy-of-FootDavant-Logo.png","width":936,"height":549,"caption":"Foot d'avant"},"image":{"@id":"https:\/\/footdavant.fr\/actualites\/#\/schema\/logo\/image\/"},"sameAs":["https:\/\/www.facebook.com\/Footdavant\/","https:\/\/twitter.com\/FootdavantFr","https:\/\/www.instagram.com\/footdavant.fr\/"]},{"@type":"Person","@id":"https:\/\/footdavant.fr\/actualites\/#\/schema\/person\/bc222566d95871b37e597b3ed3ba5e1d","name":"Cl\u00e9ment","image":{"@type":"ImageObject","inLanguage":"fr-FR","@id":"https:\/\/footdavant.fr\/actualites\/#\/schema\/person\/image\/","url":"https:\/\/secure.gravatar.com\/avatar\/7728b29aac2719421e1a9159b2254c44?s=96&d=mm&r=g","contentUrl":"https:\/\/secure.gravatar.com\/avatar\/7728b29aac2719421e1a9159b2254c44?s=96&d=mm&r=g","caption":"Cl\u00e9ment"},"sameAs":["https:\/\/footdavant.fr\/"]}]}},"_links":{"self":[{"href":"https:\/\/footdavant.fr\/actualites\/wp-json\/wp\/v2\/posts\/17093"}],"collection":[{"href":"https:\/\/footdavant.fr\/actualites\/wp-json\/wp\/v2\/posts"}],"about":[{"href":"https:\/\/footdavant.fr\/actualites\/wp-json\/wp\/v2\/types\/post"}],"author":[{"embeddable":true,"href":"https:\/\/footdavant.fr\/actualites\/wp-json\/wp\/v2\/users\/1"}],"replies":[{"embeddable":true,"href":"https:\/\/footdavant.fr\/actualites\/wp-json\/wp\/v2\/comments?post=17093"}],"version-history":[{"count":1,"href":"https:\/\/footdavant.fr\/actualites\/wp-json\/wp\/v2\/posts\/17093\/revisions"}],"predecessor-version":[{"id":17095,"href":"https:\/\/footdavant.fr\/actualites\/wp-json\/wp\/v2\/posts\/17093\/revisions\/17095"}],"wp:featuredmedia":[{"embeddable":true,"href":"https:\/\/footdavant.fr\/actualites\/wp-json\/wp\/v2\/media\/17094"}],"wp:attachment":[{"href":"https:\/\/footdavant.fr\/actualites\/wp-json\/wp\/v2\/media?parent=17093"}],"wp:term":[{"taxonomy":"category","embeddable":true,"href":"https:\/\/footdavant.fr\/actualites\/wp-json\/wp\/v2\/categories?post=17093"},{"taxonomy":"post_tag","embeddable":true,"href":"https:\/\/footdavant.fr\/actualites\/wp-json\/wp\/v2\/tags?post=17093"}],"curies":[{"name":"wp","href":"https:\/\/api.w.org\/{rel}","templated":true}]}}