{"id":1710,"date":"2023-11-30T17:01:55","date_gmt":"2023-11-30T16:01:55","guid":{"rendered":"https:\/\/footdavant.fr\/actualites\/manchester-united-envisage-t-il-le-coup-de-thomas-muller\/"},"modified":"2023-11-30T17:01:56","modified_gmt":"2023-11-30T16:01:56","slug":"manchester-united-envisage-t-il-le-coup-de-thomas-muller","status":"publish","type":"post","link":"https:\/\/footdavant.fr\/actualites\/manchester-united-envisage-t-il-le-coup-de-thomas-muller\/","title":{"rendered":"Manchester United envisage-t-il le coup de Thomas Muller ?"},"content":{"rendered":"<p>Manchester United envisagerait de faire une d\u00e9marche pour l&rsquo;attaquant du Bayern Munich Thomas Muller en janvier.<\/p>\n<div id=\"article_body\" itemprop=\"articleBody\">\n<h3 class=\"firstPara\">\n<strong class=\"autotag\">Manchester United<\/strong> seraient ouverts \u00e0 la possibilit\u00e9 de signer <strong class=\"autotag\">Bayern Munich<\/strong> avant <strong class=\"autotag\">Thomas M\u00fcller<\/strong> lors du mercato de janvier.<\/h3>\n<p>\u00c0 un moment donn\u00e9 plus t\u00f4t cette saison, <strong class=\"autotag\">Erik Ten Hag<\/strong> On pensait qu&rsquo;il \u00e9tait sous pression \u00e0 Old Trafford, en partie \u00e0 cause du manque de buts du club.<\/p>\n<p>Cependant, United a d\u00e9sormais r\u00e9colt\u00e9 15 points lors de ses six derniers matches de Premier League, une victoire 3-0 \u00e0 Everton dimanche pla\u00e7ant le club \u00e0 deux points de Tottenham Hotspur, cinqui\u00e8me.<\/p>\n<p>En cons\u00e9quence, Ten Hag est dans une position o\u00f9 il peut se concentrer sur les affaires du club en janvier, m\u00eame si leur niveau est incertain en raison de la position du club avec FFP.<\/p>\n<p>Il existe un certain nombre de domaines que le N\u00e9erlandais pourrait envisager de renforcer, notamment le milieu de terrain central et sur les deux flancs, tandis que la d\u00e9fense centrale reste une source de pr\u00e9occupation malgr\u00e9 la feuille blanche \u00e0 Goodison Park.<\/p>\n<p class=\"imgI\">\n<p>N\u00e9anmoins, un nouvel attaquant, sous une forme ou une autre, semble \u00eatre une acquisition probable, United \u00e9tant li\u00e9 \u00e0 <strong class=\"autotag\">Antoine Griezmann<\/strong> avant que le polyvalent international fran\u00e7ais n&rsquo;indique qu&rsquo;il n&rsquo;\u00e9tait pas int\u00e9ress\u00e9 par un passage au Th\u00e9\u00e2tre des R\u00eaves.<\/p>\n<p>United et Ten Hag ont tout le temps de parcourir le march\u00e9 avant le d\u00e9but de l&rsquo;ann\u00e9e, mais il semble qu&rsquo;un joueur soit d\u00e9j\u00e0 sur leur liste restreinte.<\/p>\n<p>Selon <em>IMAGE<\/em>United pourrait chercher \u00e0 profiter de la situation de Muller \u00e0 l&rsquo;Allianz Arena.<\/p>\n<p>Bien qu&rsquo;il ait un statut de l\u00e9gende du club du Bayern, le temps de jeu de M\u00fcller est inf\u00e9rieur \u00e0 <strong class=\"autotag\">Thomas Tuchel<\/strong> a \u00e9t\u00e9 quelque peu restreint, pas aid\u00e9 par la forme de <strong class=\"autotag\">Harry Kane<\/strong>.<\/p>\n<p class=\"imgI\"><img decoding=\"async\" loading=\"lazy\" class=\"l\" src=\"https:\/\/footdavant.fr\/actualites\/wp-content\/uploads\/2023\/11\/Manchester-United-envisage-t-il-le-coup-de-Thomas-Muller.jpg\" title=\"Thomas Muller du Bayern Munich c\u00e9l\u00e8bre son troisi\u00e8me but avec ses co\u00e9quipiers le 1er avril 2023\" alt=\"Thomas Muller du Bayern Munich c\u00e9l\u00e8bre son troisi\u00e8me but avec ses co\u00e9quipiers le 1er avril 2023\" width=\"640\" height=\"480\"><\/p>\n<p>Le joueur de 34 ans n&rsquo;a effectu\u00e9 que quatre titularisations et neuf sorties de remplacement en Bundesliga et en Ligue des champions en 2023-24, contribuant un but et cinq passes d\u00e9cisives.<\/p>\n<p>Muller poss\u00e8de \u00e9galement un contrat jusqu&rsquo;\u00e0 la fin de la campagne seulement, ce qui place th\u00e9oriquement le Bayern dans une position o\u00f9 il pourrait \u00eatre pr\u00eat \u00e0 tirer profit de sa signature.<\/p>\n<p>Ten Hag serait pr\u00eat \u00e0 agir si la situation impliquant Muller se prolonge jusqu&rsquo;\u00e0 la nouvelle ann\u00e9e, son exp\u00e9rience ayant le potentiel d&rsquo;\u00eatre un atout pour le club.<\/p>\n<p>Depuis son entr\u00e9e dans les rangs seniors en 2008-09, Muller a contribu\u00e9 au nombre \u00e9tonnant de 237 buts et 261 passes d\u00e9cisives en 680 apparitions sous le maillot du Bayern.<\/p>\n<\/div>\n","protected":false},"excerpt":{"rendered":"<p>Manchester United envisagerait de faire une d\u00e9marche pour l&rsquo;attaquant du Bayern Munich Thomas Muller en janvier. Manchester United seraient ouverts \u00e0 la possibilit\u00e9 de signer<\/p>\n","protected":false},"author":1,"featured_media":1711,"comment_status":"closed","ping_status":"","sticky":false,"template":"","format":"standard","meta":{"footnotes":""},"categories":[5],"tags":[489,262,11,1756,235,13],"yoast_head":"<!-- This site is optimized with the Yoast SEO plugin v21.0 - https:\/\/yoast.com\/wordpress\/plugins\/seo\/ -->\n<title>Manchester United envisage-t-il le coup de Thomas Muller ?<\/title>\n<meta name=\"robots\" content=\"index, follow, max-snippet:-1, max-image-preview:large, max-video-preview:-1\" \/>\n<link rel=\"canonical\" href=\"https:\/\/footdavant.fr\/actualites\/manchester-united-envisage-t-il-le-coup-de-thomas-muller\/\" \/>\n<meta property=\"og:locale\" content=\"fr_FR\" \/>\n<meta property=\"og:type\" content=\"article\" \/>\n<meta property=\"og:title\" content=\"Manchester United envisage-t-il le coup de Thomas Muller ?\" \/>\n<meta property=\"og:description\" content=\"Manchester United envisagerait de faire une d\u00e9marche pour l&rsquo;attaquant du Bayern Munich Thomas Muller en janvier. Manchester United seraient ouverts \u00e0 la possibilit\u00e9 de signer\" \/>\n<meta property=\"og:url\" content=\"https:\/\/footdavant.fr\/actualites\/manchester-united-envisage-t-il-le-coup-de-thomas-muller\/\" \/>\n<meta property=\"og:site_name\" content=\"Foot d&#039;avant\" \/>\n<meta property=\"article:publisher\" content=\"https:\/\/www.facebook.com\/Footdavant\/\" \/>\n<meta property=\"article:published_time\" content=\"2023-11-30T16:01:55+00:00\" \/>\n<meta property=\"article:modified_time\" content=\"2023-11-30T16:01:56+00:00\" \/>\n<meta property=\"og:image\" content=\"https:\/\/footdavant.fr\/actualites\/wp-content\/uploads\/2023\/11\/Manchester-United-envisage-t-il-le-coup-de-Thomas-Muller.JPG\" \/>\n\t<meta property=\"og:image:width\" content=\"640\" \/>\n\t<meta property=\"og:image:height\" content=\"480\" \/>\n\t<meta property=\"og:image:type\" content=\"image\/jpeg\" \/>\n<meta name=\"author\" content=\"Cl\u00e9ment\" \/>\n<meta name=\"twitter:card\" content=\"summary_large_image\" \/>\n<meta name=\"twitter:creator\" content=\"@FootdavantFr\" \/>\n<meta name=\"twitter:site\" content=\"@FootdavantFr\" \/>\n<meta name=\"twitter:label1\" content=\"\u00c9crit par\" \/>\n\t<meta name=\"twitter:data1\" content=\"Cl\u00e9ment\" \/>\n\t<meta name=\"twitter:label2\" content=\"Dur\u00e9e de lecture estim\u00e9e\" \/>\n\t<meta name=\"twitter:data2\" content=\"2 minutes\" \/>\n<script type=\"application\/ld+json\" class=\"yoast-schema-graph\">{\"@context\":\"https:\/\/schema.org\",\"@graph\":[{\"@type\":\"Article\",\"@id\":\"https:\/\/footdavant.fr\/actualites\/manchester-united-envisage-t-il-le-coup-de-thomas-muller\/#article\",\"isPartOf\":{\"@id\":\"https:\/\/footdavant.fr\/actualites\/manchester-united-envisage-t-il-le-coup-de-thomas-muller\/\"},\"author\":{\"name\":\"Cl\u00e9ment\",\"@id\":\"https:\/\/footdavant.fr\/actualites\/#\/schema\/person\/bc222566d95871b37e597b3ed3ba5e1d\"},\"headline\":\"Manchester United envisage-t-il le coup de Thomas Muller ?\",\"datePublished\":\"2023-11-30T16:01:55+00:00\",\"dateModified\":\"2023-11-30T16:01:56+00:00\",\"mainEntityOfPage\":{\"@id\":\"https:\/\/footdavant.fr\/actualites\/manchester-united-envisage-t-il-le-coup-de-thomas-muller\/\"},\"wordCount\":435,\"publisher\":{\"@id\":\"https:\/\/footdavant.fr\/actualites\/#organization\"},\"keywords\":[\"coup\",\"envisagetil\",\"Manchester\",\"Muller\",\"Thomas\",\"United\"],\"articleSection\":[\"Premier League\"],\"inLanguage\":\"fr-FR\"},{\"@type\":\"WebPage\",\"@id\":\"https:\/\/footdavant.fr\/actualites\/manchester-united-envisage-t-il-le-coup-de-thomas-muller\/\",\"url\":\"https:\/\/footdavant.fr\/actualites\/manchester-united-envisage-t-il-le-coup-de-thomas-muller\/\",\"name\":\"Manchester United envisage-t-il le coup de Thomas Muller ?\",\"isPartOf\":{\"@id\":\"https:\/\/footdavant.fr\/actualites\/#website\"},\"datePublished\":\"2023-11-30T16:01:55+00:00\",\"dateModified\":\"2023-11-30T16:01:56+00:00\",\"breadcrumb\":{\"@id\":\"https:\/\/footdavant.fr\/actualites\/manchester-united-envisage-t-il-le-coup-de-thomas-muller\/#breadcrumb\"},\"inLanguage\":\"fr-FR\",\"potentialAction\":[{\"@type\":\"ReadAction\",\"target\":[\"https:\/\/footdavant.fr\/actualites\/manchester-united-envisage-t-il-le-coup-de-thomas-muller\/\"]}]},{\"@type\":\"BreadcrumbList\",\"@id\":\"https:\/\/footdavant.fr\/actualites\/manchester-united-envisage-t-il-le-coup-de-thomas-muller\/#breadcrumb\",\"itemListElement\":[{\"@type\":\"ListItem\",\"position\":1,\"name\":\"Accueil\",\"item\":\"https:\/\/footdavant.fr\/actualites\/\"},{\"@type\":\"ListItem\",\"position\":2,\"name\":\"Manchester United envisage-t-il le coup de Thomas Muller ?\"}]},{\"@type\":\"WebSite\",\"@id\":\"https:\/\/footdavant.fr\/actualites\/#website\",\"url\":\"https:\/\/footdavant.fr\/actualites\/\",\"name\":\"Foot d'avant\",\"description\":\"\",\"publisher\":{\"@id\":\"https:\/\/footdavant.fr\/actualites\/#organization\"},\"potentialAction\":[{\"@type\":\"SearchAction\",\"target\":{\"@type\":\"EntryPoint\",\"urlTemplate\":\"https:\/\/footdavant.fr\/actualites\/?s={search_term_string}\"},\"query-input\":\"required name=search_term_string\"}],\"inLanguage\":\"fr-FR\"},{\"@type\":\"Organization\",\"@id\":\"https:\/\/footdavant.fr\/actualites\/#organization\",\"name\":\"Foot d'avant\",\"url\":\"https:\/\/footdavant.fr\/actualites\/\",\"logo\":{\"@type\":\"ImageObject\",\"inLanguage\":\"fr-FR\",\"@id\":\"https:\/\/footdavant.fr\/actualites\/#\/schema\/logo\/image\/\",\"url\":\"https:\/\/footdavant.fr\/actualites\/wp-content\/uploads\/2023\/09\/Copy-of-FootDavant-Logo.png\",\"contentUrl\":\"https:\/\/footdavant.fr\/actualites\/wp-content\/uploads\/2023\/09\/Copy-of-FootDavant-Logo.png\",\"width\":936,\"height\":549,\"caption\":\"Foot d'avant\"},\"image\":{\"@id\":\"https:\/\/footdavant.fr\/actualites\/#\/schema\/logo\/image\/\"},\"sameAs\":[\"https:\/\/www.facebook.com\/Footdavant\/\",\"https:\/\/twitter.com\/FootdavantFr\",\"https:\/\/www.instagram.com\/footdavant.fr\/\"]},{\"@type\":\"Person\",\"@id\":\"https:\/\/footdavant.fr\/actualites\/#\/schema\/person\/bc222566d95871b37e597b3ed3ba5e1d\",\"name\":\"Cl\u00e9ment\",\"image\":{\"@type\":\"ImageObject\",\"inLanguage\":\"fr-FR\",\"@id\":\"https:\/\/footdavant.fr\/actualites\/#\/schema\/person\/image\/\",\"url\":\"https:\/\/secure.gravatar.com\/avatar\/7728b29aac2719421e1a9159b2254c44?s=96&d=mm&r=g\",\"contentUrl\":\"https:\/\/secure.gravatar.com\/avatar\/7728b29aac2719421e1a9159b2254c44?s=96&d=mm&r=g\",\"caption\":\"Cl\u00e9ment\"},\"sameAs\":[\"https:\/\/footdavant.fr\/\"]}]}<\/script>\n<!-- \/ Yoast SEO plugin. -->","yoast_head_json":{"title":"Manchester United envisage-t-il le coup de Thomas Muller ?","robots":{"index":"index","follow":"follow","max-snippet":"max-snippet:-1","max-image-preview":"max-image-preview:large","max-video-preview":"max-video-preview:-1"},"canonical":"https:\/\/footdavant.fr\/actualites\/manchester-united-envisage-t-il-le-coup-de-thomas-muller\/","og_locale":"fr_FR","og_type":"article","og_title":"Manchester United envisage-t-il le coup de Thomas Muller ?","og_description":"Manchester United envisagerait de faire une d\u00e9marche pour l&rsquo;attaquant du Bayern Munich Thomas Muller en janvier. Manchester United seraient ouverts \u00e0 la possibilit\u00e9 de signer","og_url":"https:\/\/footdavant.fr\/actualites\/manchester-united-envisage-t-il-le-coup-de-thomas-muller\/","og_site_name":"Foot d&#039;avant","article_publisher":"https:\/\/www.facebook.com\/Footdavant\/","article_published_time":"2023-11-30T16:01:55+00:00","article_modified_time":"2023-11-30T16:01:56+00:00","og_image":[{"width":640,"height":480,"url":"https:\/\/footdavant.fr\/actualites\/wp-content\/uploads\/2023\/11\/Manchester-United-envisage-t-il-le-coup-de-Thomas-Muller.JPG","type":"image\/jpeg"}],"author":"Cl\u00e9ment","twitter_card":"summary_large_image","twitter_creator":"@FootdavantFr","twitter_site":"@FootdavantFr","twitter_misc":{"\u00c9crit par":"Cl\u00e9ment","Dur\u00e9e de lecture estim\u00e9e":"2 minutes"},"schema":{"@context":"https:\/\/schema.org","@graph":[{"@type":"Article","@id":"https:\/\/footdavant.fr\/actualites\/manchester-united-envisage-t-il-le-coup-de-thomas-muller\/#article","isPartOf":{"@id":"https:\/\/footdavant.fr\/actualites\/manchester-united-envisage-t-il-le-coup-de-thomas-muller\/"},"author":{"name":"Cl\u00e9ment","@id":"https:\/\/footdavant.fr\/actualites\/#\/schema\/person\/bc222566d95871b37e597b3ed3ba5e1d"},"headline":"Manchester United envisage-t-il le coup de Thomas Muller ?","datePublished":"2023-11-30T16:01:55+00:00","dateModified":"2023-11-30T16:01:56+00:00","mainEntityOfPage":{"@id":"https:\/\/footdavant.fr\/actualites\/manchester-united-envisage-t-il-le-coup-de-thomas-muller\/"},"wordCount":435,"publisher":{"@id":"https:\/\/footdavant.fr\/actualites\/#organization"},"keywords":["coup","envisagetil","Manchester","Muller","Thomas","United"],"articleSection":["Premier League"],"inLanguage":"fr-FR"},{"@type":"WebPage","@id":"https:\/\/footdavant.fr\/actualites\/manchester-united-envisage-t-il-le-coup-de-thomas-muller\/","url":"https:\/\/footdavant.fr\/actualites\/manchester-united-envisage-t-il-le-coup-de-thomas-muller\/","name":"Manchester United envisage-t-il le coup de Thomas Muller ?","isPartOf":{"@id":"https:\/\/footdavant.fr\/actualites\/#website"},"datePublished":"2023-11-30T16:01:55+00:00","dateModified":"2023-11-30T16:01:56+00:00","breadcrumb":{"@id":"https:\/\/footdavant.fr\/actualites\/manchester-united-envisage-t-il-le-coup-de-thomas-muller\/#breadcrumb"},"inLanguage":"fr-FR","potentialAction":[{"@type":"ReadAction","target":["https:\/\/footdavant.fr\/actualites\/manchester-united-envisage-t-il-le-coup-de-thomas-muller\/"]}]},{"@type":"BreadcrumbList","@id":"https:\/\/footdavant.fr\/actualites\/manchester-united-envisage-t-il-le-coup-de-thomas-muller\/#breadcrumb","itemListElement":[{"@type":"ListItem","position":1,"name":"Accueil","item":"https:\/\/footdavant.fr\/actualites\/"},{"@type":"ListItem","position":2,"name":"Manchester United envisage-t-il le coup de Thomas Muller ?"}]},{"@type":"WebSite","@id":"https:\/\/footdavant.fr\/actualites\/#website","url":"https:\/\/footdavant.fr\/actualites\/","name":"Foot d'avant","description":"","publisher":{"@id":"https:\/\/footdavant.fr\/actualites\/#organization"},"potentialAction":[{"@type":"SearchAction","target":{"@type":"EntryPoint","urlTemplate":"https:\/\/footdavant.fr\/actualites\/?s={search_term_string}"},"query-input":"required name=search_term_string"}],"inLanguage":"fr-FR"},{"@type":"Organization","@id":"https:\/\/footdavant.fr\/actualites\/#organization","name":"Foot d'avant","url":"https:\/\/footdavant.fr\/actualites\/","logo":{"@type":"ImageObject","inLanguage":"fr-FR","@id":"https:\/\/footdavant.fr\/actualites\/#\/schema\/logo\/image\/","url":"https:\/\/footdavant.fr\/actualites\/wp-content\/uploads\/2023\/09\/Copy-of-FootDavant-Logo.png","contentUrl":"https:\/\/footdavant.fr\/actualites\/wp-content\/uploads\/2023\/09\/Copy-of-FootDavant-Logo.png","width":936,"height":549,"caption":"Foot d'avant"},"image":{"@id":"https:\/\/footdavant.fr\/actualites\/#\/schema\/logo\/image\/"},"sameAs":["https:\/\/www.facebook.com\/Footdavant\/","https:\/\/twitter.com\/FootdavantFr","https:\/\/www.instagram.com\/footdavant.fr\/"]},{"@type":"Person","@id":"https:\/\/footdavant.fr\/actualites\/#\/schema\/person\/bc222566d95871b37e597b3ed3ba5e1d","name":"Cl\u00e9ment","image":{"@type":"ImageObject","inLanguage":"fr-FR","@id":"https:\/\/footdavant.fr\/actualites\/#\/schema\/person\/image\/","url":"https:\/\/secure.gravatar.com\/avatar\/7728b29aac2719421e1a9159b2254c44?s=96&d=mm&r=g","contentUrl":"https:\/\/secure.gravatar.com\/avatar\/7728b29aac2719421e1a9159b2254c44?s=96&d=mm&r=g","caption":"Cl\u00e9ment"},"sameAs":["https:\/\/footdavant.fr\/"]}]}},"_links":{"self":[{"href":"https:\/\/footdavant.fr\/actualites\/wp-json\/wp\/v2\/posts\/1710"}],"collection":[{"href":"https:\/\/footdavant.fr\/actualites\/wp-json\/wp\/v2\/posts"}],"about":[{"href":"https:\/\/footdavant.fr\/actualites\/wp-json\/wp\/v2\/types\/post"}],"author":[{"embeddable":true,"href":"https:\/\/footdavant.fr\/actualites\/wp-json\/wp\/v2\/users\/1"}],"replies":[{"embeddable":true,"href":"https:\/\/footdavant.fr\/actualites\/wp-json\/wp\/v2\/comments?post=1710"}],"version-history":[{"count":1,"href":"https:\/\/footdavant.fr\/actualites\/wp-json\/wp\/v2\/posts\/1710\/revisions"}],"predecessor-version":[{"id":1712,"href":"https:\/\/footdavant.fr\/actualites\/wp-json\/wp\/v2\/posts\/1710\/revisions\/1712"}],"wp:featuredmedia":[{"embeddable":true,"href":"https:\/\/footdavant.fr\/actualites\/wp-json\/wp\/v2\/media\/1711"}],"wp:attachment":[{"href":"https:\/\/footdavant.fr\/actualites\/wp-json\/wp\/v2\/media?parent=1710"}],"wp:term":[{"taxonomy":"category","embeddable":true,"href":"https:\/\/footdavant.fr\/actualites\/wp-json\/wp\/v2\/categories?post=1710"},{"taxonomy":"post_tag","embeddable":true,"href":"https:\/\/footdavant.fr\/actualites\/wp-json\/wp\/v2\/tags?post=1710"}],"curies":[{"name":"wp","href":"https:\/\/api.w.org\/{rel}","templated":true}]}}