{"id":17102,"date":"2024-12-06T16:48:17","date_gmt":"2024-12-06T15:48:17","guid":{"rendered":"https:\/\/footdavant.fr\/actualites\/sean-dyche-confirme-combien-de-joueurs-deverton-manqueront-la-finale-du-derby\/"},"modified":"2024-12-06T16:48:22","modified_gmt":"2024-12-06T15:48:22","slug":"sean-dyche-confirme-combien-de-joueurs-deverton-manqueront-la-finale-du-derby","status":"publish","type":"post","link":"https:\/\/footdavant.fr\/actualites\/sean-dyche-confirme-combien-de-joueurs-deverton-manqueront-la-finale-du-derby\/","title":{"rendered":"Sean Dyche confirme combien de joueurs d&#39;Everton manqueront la finale du derby"},"content":{"rendered":"<div id=\"article-body\">\n<!-- Article Start --><\/p>\n<p>Liverpool et Everton devraient s&#39;affronter dans ce qui sera un match historique et Sean Dyche s&#39;est entretenu avec les m\u00e9dias avant la rencontre.<\/p>\n<p>Faisant le point sur les blessures des Toffees, leur manager a d\u00e9clar\u00e9 (via evertonfc.com)\u00a0:<\/p>\n<p>Faisant le point sur Armando Broja, l&#39;homme de 53 ans a ajout\u00e9 :<\/p>\n<\/p>\n<\/p>\n<p>Cela signifie donc qu&#39;il pourrait manquer jusqu&#39;\u00e0 cinq hommes pour le match, ainsi que l&#39;absence \u00e0 long terme de Dele Alli.<\/p>\n<h2>Everton a \u00e9t\u00e9 confront\u00e9 \u00e0 plusieurs probl\u00e8mes de blessures<\/h2>\n<figure id=\"attachment_265616\" aria-describedby=\"caption-attachment-265616\" style=\"width: 770px\" class=\"wp-caption alignnone\"><picture><source type=\"image\/webp\" data- data-><\/source><\/picture><\/figure>\n<p>Cela devrait \u00eatre une nouvelle positive pour nos supporters, car nous souhaitons qu&#39;une \u00e9quipe aussi faible que possible joue, afin de garantir que nous puissions enregistrer une victoire bien m\u00e9rit\u00e9e.<\/p>\n<p>Tout cela ne sera pertinent que si le jeu se d\u00e9roule effectivement, surtout compte tenu de l&#39;avertissement m\u00e9t\u00e9orologique actuellement en vigueur dans le Merseyside.<\/p>\n<p>Nous savons d\u00e9j\u00e0 qu&#39;Alexis Mac Allister sera absent pour les Reds car il a \u00e9cop\u00e9 d&#39;une suspension contre Newcastle, mais tel est le carambolage de matches \u00e0 cette p\u00e9riode de la saison, les blessures sont si fr\u00e9quentes.<\/p>\n<p>C&#39;est pourquoi il \u00e9tait d&#39;une importance vitale que nous prenions une grosse avance en d\u00e9cembre et apr\u00e8s avoir d\u00e9j\u00e0 perdu des points \u00e0 St. James&#39; Park, nous ne pouvons pas continuer ainsi.<\/p>\n<p>Il reste encore beaucoup de temps dans cette campagne, mais Arne Slot ne voudra pas voir nos premi\u00e8res chances de titre s&#39;envoler, ce qui signifie qu&#39;une victoire dans le derby final du Merseyside \u00e0 Goodison Park est cruciale.<\/p>\n<\/p>\n<p><!-- Article End -->\t\t\t\t<\/div>\n","protected":false},"excerpt":{"rendered":"<p>Liverpool et Everton devraient s&#39;affronter dans ce qui sera un match historique et Sean Dyche s&#39;est entretenu avec les m\u00e9dias avant la rencontre. Faisant le<\/p>\n","protected":false},"author":1,"featured_media":17103,"comment_status":"closed","ping_status":"","sticky":false,"template":"","format":"standard","meta":{"footnotes":""},"categories":[3],"tags":[1474,40,4282,203,796,897,220,4538,795],"yoast_head":"<!-- This site is optimized with the Yoast SEO plugin v21.0 - https:\/\/yoast.com\/wordpress\/plugins\/seo\/ -->\n<title>Sean Dyche confirme combien de joueurs d&#039;Everton manqueront la finale du derby<\/title>\n<meta name=\"robots\" content=\"index, follow, max-snippet:-1, max-image-preview:large, max-video-preview:-1\" \/>\n<link rel=\"canonical\" href=\"https:\/\/footdavant.fr\/actualites\/sean-dyche-confirme-combien-de-joueurs-deverton-manqueront-la-finale-du-derby\/\" \/>\n<meta property=\"og:locale\" content=\"fr_FR\" \/>\n<meta property=\"og:type\" content=\"article\" \/>\n<meta property=\"og:title\" content=\"Sean Dyche confirme combien de joueurs d&#039;Everton manqueront la finale du derby\" \/>\n<meta property=\"og:description\" content=\"Liverpool et Everton devraient s&#039;affronter dans ce qui sera un match historique et Sean Dyche s&#039;est entretenu avec les m\u00e9dias avant la rencontre. Faisant le\" \/>\n<meta property=\"og:url\" content=\"https:\/\/footdavant.fr\/actualites\/sean-dyche-confirme-combien-de-joueurs-deverton-manqueront-la-finale-du-derby\/\" \/>\n<meta property=\"og:site_name\" content=\"Foot d&#039;avant\" \/>\n<meta property=\"article:publisher\" content=\"https:\/\/www.facebook.com\/Footdavant\/\" \/>\n<meta property=\"article:published_time\" content=\"2024-12-06T15:48:17+00:00\" \/>\n<meta property=\"article:modified_time\" content=\"2024-12-06T15:48:22+00:00\" \/>\n<meta property=\"og:image\" content=\"https:\/\/footdavant.fr\/actualites\/wp-content\/uploads\/2024\/12\/1733500097_Sean-Dyche-confirme-combien-de-joueurs-d39Everton-manqueront-la-finale.jpg\" \/>\n\t<meta property=\"og:image:width\" content=\"1920\" \/>\n\t<meta property=\"og:image:height\" content=\"960\" \/>\n\t<meta property=\"og:image:type\" content=\"image\/jpeg\" \/>\n<meta name=\"author\" content=\"Cl\u00e9ment\" \/>\n<meta name=\"twitter:card\" content=\"summary_large_image\" \/>\n<meta name=\"twitter:creator\" content=\"@FootdavantFr\" \/>\n<meta name=\"twitter:site\" content=\"@FootdavantFr\" \/>\n<meta name=\"twitter:label1\" content=\"\u00c9crit par\" \/>\n\t<meta name=\"twitter:data1\" content=\"Cl\u00e9ment\" \/>\n\t<meta name=\"twitter:label2\" content=\"Dur\u00e9e de lecture estim\u00e9e\" \/>\n\t<meta name=\"twitter:data2\" content=\"1 minute\" \/>\n<script type=\"application\/ld+json\" class=\"yoast-schema-graph\">{\"@context\":\"https:\/\/schema.org\",\"@graph\":[{\"@type\":\"Article\",\"@id\":\"https:\/\/footdavant.fr\/actualites\/sean-dyche-confirme-combien-de-joueurs-deverton-manqueront-la-finale-du-derby\/#article\",\"isPartOf\":{\"@id\":\"https:\/\/footdavant.fr\/actualites\/sean-dyche-confirme-combien-de-joueurs-deverton-manqueront-la-finale-du-derby\/\"},\"author\":{\"name\":\"Cl\u00e9ment\",\"@id\":\"https:\/\/footdavant.fr\/actualites\/#\/schema\/person\/bc222566d95871b37e597b3ed3ba5e1d\"},\"headline\":\"Sean Dyche confirme combien de joueurs d&#39;Everton manqueront la finale du derby\",\"datePublished\":\"2024-12-06T15:48:17+00:00\",\"dateModified\":\"2024-12-06T15:48:22+00:00\",\"mainEntityOfPage\":{\"@id\":\"https:\/\/footdavant.fr\/actualites\/sean-dyche-confirme-combien-de-joueurs-deverton-manqueront-la-finale-du-derby\/\"},\"wordCount\":276,\"publisher\":{\"@id\":\"https:\/\/footdavant.fr\/actualites\/#organization\"},\"keywords\":[\"Combien\",\"confirme\",\"d39Everton\",\"derby\",\"Dyche\",\"finale\",\"joueurs\",\"manqueront\",\"Sean\"],\"articleSection\":[\"Football\"],\"inLanguage\":\"fr-FR\"},{\"@type\":\"WebPage\",\"@id\":\"https:\/\/footdavant.fr\/actualites\/sean-dyche-confirme-combien-de-joueurs-deverton-manqueront-la-finale-du-derby\/\",\"url\":\"https:\/\/footdavant.fr\/actualites\/sean-dyche-confirme-combien-de-joueurs-deverton-manqueront-la-finale-du-derby\/\",\"name\":\"Sean Dyche confirme combien de joueurs d&#39;Everton manqueront la finale du derby\",\"isPartOf\":{\"@id\":\"https:\/\/footdavant.fr\/actualites\/#website\"},\"datePublished\":\"2024-12-06T15:48:17+00:00\",\"dateModified\":\"2024-12-06T15:48:22+00:00\",\"breadcrumb\":{\"@id\":\"https:\/\/footdavant.fr\/actualites\/sean-dyche-confirme-combien-de-joueurs-deverton-manqueront-la-finale-du-derby\/#breadcrumb\"},\"inLanguage\":\"fr-FR\",\"potentialAction\":[{\"@type\":\"ReadAction\",\"target\":[\"https:\/\/footdavant.fr\/actualites\/sean-dyche-confirme-combien-de-joueurs-deverton-manqueront-la-finale-du-derby\/\"]}]},{\"@type\":\"BreadcrumbList\",\"@id\":\"https:\/\/footdavant.fr\/actualites\/sean-dyche-confirme-combien-de-joueurs-deverton-manqueront-la-finale-du-derby\/#breadcrumb\",\"itemListElement\":[{\"@type\":\"ListItem\",\"position\":1,\"name\":\"Accueil\",\"item\":\"https:\/\/footdavant.fr\/actualites\/\"},{\"@type\":\"ListItem\",\"position\":2,\"name\":\"Sean Dyche confirme combien de joueurs d&#39;Everton manqueront la finale du derby\"}]},{\"@type\":\"WebSite\",\"@id\":\"https:\/\/footdavant.fr\/actualites\/#website\",\"url\":\"https:\/\/footdavant.fr\/actualites\/\",\"name\":\"Foot d'avant\",\"description\":\"\",\"publisher\":{\"@id\":\"https:\/\/footdavant.fr\/actualites\/#organization\"},\"potentialAction\":[{\"@type\":\"SearchAction\",\"target\":{\"@type\":\"EntryPoint\",\"urlTemplate\":\"https:\/\/footdavant.fr\/actualites\/?s={search_term_string}\"},\"query-input\":\"required name=search_term_string\"}],\"inLanguage\":\"fr-FR\"},{\"@type\":\"Organization\",\"@id\":\"https:\/\/footdavant.fr\/actualites\/#organization\",\"name\":\"Foot d'avant\",\"url\":\"https:\/\/footdavant.fr\/actualites\/\",\"logo\":{\"@type\":\"ImageObject\",\"inLanguage\":\"fr-FR\",\"@id\":\"https:\/\/footdavant.fr\/actualites\/#\/schema\/logo\/image\/\",\"url\":\"https:\/\/footdavant.fr\/actualites\/wp-content\/uploads\/2023\/09\/Copy-of-FootDavant-Logo.png\",\"contentUrl\":\"https:\/\/footdavant.fr\/actualites\/wp-content\/uploads\/2023\/09\/Copy-of-FootDavant-Logo.png\",\"width\":936,\"height\":549,\"caption\":\"Foot d'avant\"},\"image\":{\"@id\":\"https:\/\/footdavant.fr\/actualites\/#\/schema\/logo\/image\/\"},\"sameAs\":[\"https:\/\/www.facebook.com\/Footdavant\/\",\"https:\/\/twitter.com\/FootdavantFr\",\"https:\/\/www.instagram.com\/footdavant.fr\/\"]},{\"@type\":\"Person\",\"@id\":\"https:\/\/footdavant.fr\/actualites\/#\/schema\/person\/bc222566d95871b37e597b3ed3ba5e1d\",\"name\":\"Cl\u00e9ment\",\"image\":{\"@type\":\"ImageObject\",\"inLanguage\":\"fr-FR\",\"@id\":\"https:\/\/footdavant.fr\/actualites\/#\/schema\/person\/image\/\",\"url\":\"https:\/\/secure.gravatar.com\/avatar\/7728b29aac2719421e1a9159b2254c44?s=96&d=mm&r=g\",\"contentUrl\":\"https:\/\/secure.gravatar.com\/avatar\/7728b29aac2719421e1a9159b2254c44?s=96&d=mm&r=g\",\"caption\":\"Cl\u00e9ment\"},\"sameAs\":[\"https:\/\/footdavant.fr\/\"]}]}<\/script>\n<!-- \/ Yoast SEO plugin. -->","yoast_head_json":{"title":"Sean Dyche confirme combien de joueurs d&#39;Everton manqueront la finale du derby","robots":{"index":"index","follow":"follow","max-snippet":"max-snippet:-1","max-image-preview":"max-image-preview:large","max-video-preview":"max-video-preview:-1"},"canonical":"https:\/\/footdavant.fr\/actualites\/sean-dyche-confirme-combien-de-joueurs-deverton-manqueront-la-finale-du-derby\/","og_locale":"fr_FR","og_type":"article","og_title":"Sean Dyche confirme combien de joueurs d&#39;Everton manqueront la finale du derby","og_description":"Liverpool et Everton devraient s&#39;affronter dans ce qui sera un match historique et Sean Dyche s&#39;est entretenu avec les m\u00e9dias avant la rencontre. Faisant le","og_url":"https:\/\/footdavant.fr\/actualites\/sean-dyche-confirme-combien-de-joueurs-deverton-manqueront-la-finale-du-derby\/","og_site_name":"Foot d&#039;avant","article_publisher":"https:\/\/www.facebook.com\/Footdavant\/","article_published_time":"2024-12-06T15:48:17+00:00","article_modified_time":"2024-12-06T15:48:22+00:00","og_image":[{"width":1920,"height":960,"url":"https:\/\/footdavant.fr\/actualites\/wp-content\/uploads\/2024\/12\/1733500097_Sean-Dyche-confirme-combien-de-joueurs-d39Everton-manqueront-la-finale.jpg","type":"image\/jpeg"}],"author":"Cl\u00e9ment","twitter_card":"summary_large_image","twitter_creator":"@FootdavantFr","twitter_site":"@FootdavantFr","twitter_misc":{"\u00c9crit par":"Cl\u00e9ment","Dur\u00e9e de lecture estim\u00e9e":"1 minute"},"schema":{"@context":"https:\/\/schema.org","@graph":[{"@type":"Article","@id":"https:\/\/footdavant.fr\/actualites\/sean-dyche-confirme-combien-de-joueurs-deverton-manqueront-la-finale-du-derby\/#article","isPartOf":{"@id":"https:\/\/footdavant.fr\/actualites\/sean-dyche-confirme-combien-de-joueurs-deverton-manqueront-la-finale-du-derby\/"},"author":{"name":"Cl\u00e9ment","@id":"https:\/\/footdavant.fr\/actualites\/#\/schema\/person\/bc222566d95871b37e597b3ed3ba5e1d"},"headline":"Sean Dyche confirme combien de joueurs d&#39;Everton manqueront la finale du derby","datePublished":"2024-12-06T15:48:17+00:00","dateModified":"2024-12-06T15:48:22+00:00","mainEntityOfPage":{"@id":"https:\/\/footdavant.fr\/actualites\/sean-dyche-confirme-combien-de-joueurs-deverton-manqueront-la-finale-du-derby\/"},"wordCount":276,"publisher":{"@id":"https:\/\/footdavant.fr\/actualites\/#organization"},"keywords":["Combien","confirme","d39Everton","derby","Dyche","finale","joueurs","manqueront","Sean"],"articleSection":["Football"],"inLanguage":"fr-FR"},{"@type":"WebPage","@id":"https:\/\/footdavant.fr\/actualites\/sean-dyche-confirme-combien-de-joueurs-deverton-manqueront-la-finale-du-derby\/","url":"https:\/\/footdavant.fr\/actualites\/sean-dyche-confirme-combien-de-joueurs-deverton-manqueront-la-finale-du-derby\/","name":"Sean Dyche confirme combien de joueurs d&#39;Everton manqueront la finale du derby","isPartOf":{"@id":"https:\/\/footdavant.fr\/actualites\/#website"},"datePublished":"2024-12-06T15:48:17+00:00","dateModified":"2024-12-06T15:48:22+00:00","breadcrumb":{"@id":"https:\/\/footdavant.fr\/actualites\/sean-dyche-confirme-combien-de-joueurs-deverton-manqueront-la-finale-du-derby\/#breadcrumb"},"inLanguage":"fr-FR","potentialAction":[{"@type":"ReadAction","target":["https:\/\/footdavant.fr\/actualites\/sean-dyche-confirme-combien-de-joueurs-deverton-manqueront-la-finale-du-derby\/"]}]},{"@type":"BreadcrumbList","@id":"https:\/\/footdavant.fr\/actualites\/sean-dyche-confirme-combien-de-joueurs-deverton-manqueront-la-finale-du-derby\/#breadcrumb","itemListElement":[{"@type":"ListItem","position":1,"name":"Accueil","item":"https:\/\/footdavant.fr\/actualites\/"},{"@type":"ListItem","position":2,"name":"Sean Dyche confirme combien de joueurs d&#39;Everton manqueront la finale du derby"}]},{"@type":"WebSite","@id":"https:\/\/footdavant.fr\/actualites\/#website","url":"https:\/\/footdavant.fr\/actualites\/","name":"Foot d'avant","description":"","publisher":{"@id":"https:\/\/footdavant.fr\/actualites\/#organization"},"potentialAction":[{"@type":"SearchAction","target":{"@type":"EntryPoint","urlTemplate":"https:\/\/footdavant.fr\/actualites\/?s={search_term_string}"},"query-input":"required name=search_term_string"}],"inLanguage":"fr-FR"},{"@type":"Organization","@id":"https:\/\/footdavant.fr\/actualites\/#organization","name":"Foot d'avant","url":"https:\/\/footdavant.fr\/actualites\/","logo":{"@type":"ImageObject","inLanguage":"fr-FR","@id":"https:\/\/footdavant.fr\/actualites\/#\/schema\/logo\/image\/","url":"https:\/\/footdavant.fr\/actualites\/wp-content\/uploads\/2023\/09\/Copy-of-FootDavant-Logo.png","contentUrl":"https:\/\/footdavant.fr\/actualites\/wp-content\/uploads\/2023\/09\/Copy-of-FootDavant-Logo.png","width":936,"height":549,"caption":"Foot d'avant"},"image":{"@id":"https:\/\/footdavant.fr\/actualites\/#\/schema\/logo\/image\/"},"sameAs":["https:\/\/www.facebook.com\/Footdavant\/","https:\/\/twitter.com\/FootdavantFr","https:\/\/www.instagram.com\/footdavant.fr\/"]},{"@type":"Person","@id":"https:\/\/footdavant.fr\/actualites\/#\/schema\/person\/bc222566d95871b37e597b3ed3ba5e1d","name":"Cl\u00e9ment","image":{"@type":"ImageObject","inLanguage":"fr-FR","@id":"https:\/\/footdavant.fr\/actualites\/#\/schema\/person\/image\/","url":"https:\/\/secure.gravatar.com\/avatar\/7728b29aac2719421e1a9159b2254c44?s=96&d=mm&r=g","contentUrl":"https:\/\/secure.gravatar.com\/avatar\/7728b29aac2719421e1a9159b2254c44?s=96&d=mm&r=g","caption":"Cl\u00e9ment"},"sameAs":["https:\/\/footdavant.fr\/"]}]}},"_links":{"self":[{"href":"https:\/\/footdavant.fr\/actualites\/wp-json\/wp\/v2\/posts\/17102"}],"collection":[{"href":"https:\/\/footdavant.fr\/actualites\/wp-json\/wp\/v2\/posts"}],"about":[{"href":"https:\/\/footdavant.fr\/actualites\/wp-json\/wp\/v2\/types\/post"}],"author":[{"embeddable":true,"href":"https:\/\/footdavant.fr\/actualites\/wp-json\/wp\/v2\/users\/1"}],"replies":[{"embeddable":true,"href":"https:\/\/footdavant.fr\/actualites\/wp-json\/wp\/v2\/comments?post=17102"}],"version-history":[{"count":1,"href":"https:\/\/footdavant.fr\/actualites\/wp-json\/wp\/v2\/posts\/17102\/revisions"}],"predecessor-version":[{"id":17104,"href":"https:\/\/footdavant.fr\/actualites\/wp-json\/wp\/v2\/posts\/17102\/revisions\/17104"}],"wp:featuredmedia":[{"embeddable":true,"href":"https:\/\/footdavant.fr\/actualites\/wp-json\/wp\/v2\/media\/17103"}],"wp:attachment":[{"href":"https:\/\/footdavant.fr\/actualites\/wp-json\/wp\/v2\/media?parent=17102"}],"wp:term":[{"taxonomy":"category","embeddable":true,"href":"https:\/\/footdavant.fr\/actualites\/wp-json\/wp\/v2\/categories?post=17102"},{"taxonomy":"post_tag","embeddable":true,"href":"https:\/\/footdavant.fr\/actualites\/wp-json\/wp\/v2\/tags?post=17102"}],"curies":[{"name":"wp","href":"https:\/\/api.w.org\/{rel}","templated":true}]}}