{"id":17141,"date":"2024-12-07T16:48:45","date_gmt":"2024-12-07T15:48:45","guid":{"rendered":"https:\/\/footdavant.fr\/actualites\/zack-martin-des-cowboys-a-besoin-dune-operation-a-la-cheville-pour-mettre-fin-a-sa-saison-et-envisage-serieusement-de-prendre-sa-retraite\/"},"modified":"2024-12-07T16:48:46","modified_gmt":"2024-12-07T15:48:46","slug":"zack-martin-des-cowboys-a-besoin-dune-operation-a-la-cheville-pour-mettre-fin-a-sa-saison-et-envisage-serieusement-de-prendre-sa-retraite","status":"publish","type":"post","link":"https:\/\/footdavant.fr\/actualites\/zack-martin-des-cowboys-a-besoin-dune-operation-a-la-cheville-pour-mettre-fin-a-sa-saison-et-envisage-serieusement-de-prendre-sa-retraite\/","title":{"rendered":"Zack Martin des Cowboys a besoin d&#39;une op\u00e9ration \u00e0 la cheville pour mettre fin \u00e0 sa saison et envisage s\u00e9rieusement de prendre sa retraite"},"content":{"rendered":"<div>\n<p>Pas id\u00e9al pour une \u00e9quipe de Dallas qui avait l&#39;intention de participer aux s\u00e9ries \u00e9liminatoires en 2024. Ian Rapoport du r\u00e9seau NFL a rapport\u00e9 que le garde All-Pro Zack Martin avait besoin d&#39;une op\u00e9ration \u00e0 la cheville pour mettre fin \u00e0 la saison. Martin a d\u00e9but\u00e9 10 matchs pour Dallas en 2024. On pense que le joueur de 34 ans envisagera s\u00e9rieusement de prendre sa retraite cette intersaison. Ce serait une perte \u00e9norme pour les Cowboys.<\/p>\n<h2>Zack Martin doit subir une op\u00e9ration \u00e0 la cheville pour mettre fin \u00e0 la saison<\/h2>\n<blockquote class=\"twitter-tweet\">\n<p dir=\"ltr\" lang=\"en\">Nous aurions peut-\u00eatre vu le dernier de Zack Martin dans un uniforme des Cowboys de Dallas.<\/p>\n<p>C&#39;est vraiment d\u00e9cevant. https:\/\/t.co\/EzUq66oyQO<\/p>\n<p>\u2013 RJ Ochoa (@rjochoa) <a rel=\"nofollow\" href=\"https:\/\/twitter.com\/rjochoa\/status\/1864723414004506879?ref_src=twsrc%5Etfw\">5 d\u00e9cembre 2024<\/a><\/p>\n<\/blockquote>\n<p>Les Cowboys de Dallas ont utilis\u00e9 le 16e choix au total pour recruter Zack Martin de Notre Dame en 2014. Martin a d\u00e9but\u00e9 les 162 matchs qu&#39;il a disput\u00e9s en 11 saisons avec l&#39;\u00e9quipe. Au cours de ces 11 ann\u00e9es \u00e0 Dallas, Martin a \u00e9t\u00e9 nomm\u00e9 au Pro Bowl neuf fois et a \u00e9t\u00e9 sept fois s\u00e9lectionn\u00e9 dans la premi\u00e8re \u00e9quipe All-Pro. De plus, il a \u00e9t\u00e9 nomm\u00e9 dans l&#39;\u00e9quipe HOF All-2010 et Martin aura une place \u00e0 Canton, Ohio une fois sa carri\u00e8re termin\u00e9e. Martin est entr\u00e9 dans la saison 2024 avec trois s\u00e9lections All-Pro cons\u00e9cutives dans la premi\u00e8re \u00e9quipe.<\/p>\n<p>Malheureusement, le grand homme a besoin d&#39;une op\u00e9ration \u00e0 la cheville et ce n&#39;est pas id\u00e9al pour Martin \u00e0 ce stade de sa carri\u00e8re. Il a \u00e9t\u00e9 un pilier de la garde au cours de la derni\u00e8re d\u00e9cennie \u00e0 Dallas, mais le temps des p\u00e8res vient pour chaque grand athl\u00e8te. En juin, Zack Martin a d\u00e9clar\u00e9 aux journalistes que la saison 2024 pourrait finir par \u00eatre sa derni\u00e8re. C&#39;\u00e9tait avant qu&#39;il ait besoin d&#39;une op\u00e9ration \u00e0 la cheville. Certains joueurs aiment sortir selon leurs propres conditions et d&#39;autres savent quand il est temps de raccrocher les crampons. Nous verrons ce que Zack Martin d\u00e9cide de faire et s&#39;il est pr\u00eat \u00e0 appeler cela une carri\u00e8re \u00e0 Dallas.<\/p>\n<\/p><\/div>\n<p><script async src=\"https:\/\/platform.twitter.com\/widgets.js\" charset=\"utf-8\"><\/script><\/p>\n","protected":false},"excerpt":{"rendered":"<p>Pas id\u00e9al pour une \u00e9quipe de Dallas qui avait l&#39;intention de participer aux s\u00e9ries \u00e9liminatoires en 2024. Ian Rapoport du r\u00e9seau NFL a rapport\u00e9 que<\/p>\n","protected":false},"author":1,"featured_media":17142,"comment_status":"closed","ping_status":"","sticky":false,"template":"","format":"standard","meta":{"footnotes":""},"categories":[3],"tags":[433,805,2063,4222,12,496,596,892,704,1764,51,2354,2460,482,2705,2157],"yoast_head":"<!-- This site is optimized with the Yoast SEO plugin v21.0 - https:\/\/yoast.com\/wordpress\/plugins\/seo\/ -->\n<title>Zack Martin des Cowboys a besoin d&#039;une op\u00e9ration \u00e0 la cheville pour mettre fin \u00e0 sa saison et envisage s\u00e9rieusement de prendre sa retraite<\/title>\n<meta name=\"robots\" content=\"index, follow, max-snippet:-1, max-image-preview:large, max-video-preview:-1\" \/>\n<link rel=\"canonical\" href=\"https:\/\/footdavant.fr\/actualites\/zack-martin-des-cowboys-a-besoin-dune-operation-a-la-cheville-pour-mettre-fin-a-sa-saison-et-envisage-serieusement-de-prendre-sa-retraite\/\" \/>\n<meta property=\"og:locale\" content=\"fr_FR\" \/>\n<meta property=\"og:type\" content=\"article\" \/>\n<meta property=\"og:title\" content=\"Zack Martin des Cowboys a besoin d&#039;une op\u00e9ration \u00e0 la cheville pour mettre fin \u00e0 sa saison et envisage s\u00e9rieusement de prendre sa retraite\" \/>\n<meta property=\"og:description\" content=\"Pas id\u00e9al pour une \u00e9quipe de Dallas qui avait l&#039;intention de participer aux s\u00e9ries \u00e9liminatoires en 2024. Ian Rapoport du r\u00e9seau NFL a rapport\u00e9 que\" \/>\n<meta property=\"og:url\" content=\"https:\/\/footdavant.fr\/actualites\/zack-martin-des-cowboys-a-besoin-dune-operation-a-la-cheville-pour-mettre-fin-a-sa-saison-et-envisage-serieusement-de-prendre-sa-retraite\/\" \/>\n<meta property=\"og:site_name\" content=\"Foot d&#039;avant\" \/>\n<meta property=\"article:publisher\" content=\"https:\/\/www.facebook.com\/Footdavant\/\" \/>\n<meta property=\"article:published_time\" content=\"2024-12-07T15:48:45+00:00\" \/>\n<meta property=\"article:modified_time\" content=\"2024-12-07T15:48:46+00:00\" \/>\n<meta property=\"og:image\" content=\"https:\/\/footdavant.fr\/actualites\/wp-content\/uploads\/2024\/12\/Zack-Martin-des-Cowboys-a-besoin-d39une-operation-a-la.jpg\" \/>\n\t<meta property=\"og:image:width\" content=\"696\" \/>\n\t<meta property=\"og:image:height\" content=\"464\" \/>\n\t<meta property=\"og:image:type\" content=\"image\/jpeg\" \/>\n<meta name=\"author\" content=\"Cl\u00e9ment\" \/>\n<meta name=\"twitter:card\" content=\"summary_large_image\" \/>\n<meta name=\"twitter:creator\" content=\"@FootdavantFr\" \/>\n<meta name=\"twitter:site\" content=\"@FootdavantFr\" \/>\n<meta name=\"twitter:label1\" content=\"\u00c9crit par\" \/>\n\t<meta name=\"twitter:data1\" content=\"Cl\u00e9ment\" \/>\n\t<meta name=\"twitter:label2\" content=\"Dur\u00e9e de lecture estim\u00e9e\" \/>\n\t<meta name=\"twitter:data2\" content=\"2 minutes\" \/>\n<script type=\"application\/ld+json\" class=\"yoast-schema-graph\">{\"@context\":\"https:\/\/schema.org\",\"@graph\":[{\"@type\":\"Article\",\"@id\":\"https:\/\/footdavant.fr\/actualites\/zack-martin-des-cowboys-a-besoin-dune-operation-a-la-cheville-pour-mettre-fin-a-sa-saison-et-envisage-serieusement-de-prendre-sa-retraite\/#article\",\"isPartOf\":{\"@id\":\"https:\/\/footdavant.fr\/actualites\/zack-martin-des-cowboys-a-besoin-dune-operation-a-la-cheville-pour-mettre-fin-a-sa-saison-et-envisage-serieusement-de-prendre-sa-retraite\/\"},\"author\":{\"name\":\"Cl\u00e9ment\",\"@id\":\"https:\/\/footdavant.fr\/actualites\/#\/schema\/person\/bc222566d95871b37e597b3ed3ba5e1d\"},\"headline\":\"Zack Martin des Cowboys a besoin d&#39;une op\u00e9ration \u00e0 la cheville pour mettre fin \u00e0 sa saison et envisage s\u00e9rieusement de prendre sa retraite\",\"datePublished\":\"2024-12-07T15:48:45+00:00\",\"dateModified\":\"2024-12-07T15:48:46+00:00\",\"mainEntityOfPage\":{\"@id\":\"https:\/\/footdavant.fr\/actualites\/zack-martin-des-cowboys-a-besoin-dune-operation-a-la-cheville-pour-mettre-fin-a-sa-saison-et-envisage-serieusement-de-prendre-sa-retraite\/\"},\"wordCount\":386,\"publisher\":{\"@id\":\"https:\/\/footdavant.fr\/actualites\/#organization\"},\"keywords\":[\"besoin\",\"cheville\",\"Cowboys\",\"d39une\",\"des\",\"envisage\",\"fin\",\"Martin\",\"mettre\",\"op\u00e9ration\",\"pour\",\"prendre\",\"retraite\",\"saison\",\"s\u00e9rieusement\",\"Zack\"],\"articleSection\":[\"Football\"],\"inLanguage\":\"fr-FR\"},{\"@type\":\"WebPage\",\"@id\":\"https:\/\/footdavant.fr\/actualites\/zack-martin-des-cowboys-a-besoin-dune-operation-a-la-cheville-pour-mettre-fin-a-sa-saison-et-envisage-serieusement-de-prendre-sa-retraite\/\",\"url\":\"https:\/\/footdavant.fr\/actualites\/zack-martin-des-cowboys-a-besoin-dune-operation-a-la-cheville-pour-mettre-fin-a-sa-saison-et-envisage-serieusement-de-prendre-sa-retraite\/\",\"name\":\"Zack Martin des Cowboys a besoin d&#39;une op\u00e9ration \u00e0 la cheville pour mettre fin \u00e0 sa saison et envisage s\u00e9rieusement de prendre sa retraite\",\"isPartOf\":{\"@id\":\"https:\/\/footdavant.fr\/actualites\/#website\"},\"datePublished\":\"2024-12-07T15:48:45+00:00\",\"dateModified\":\"2024-12-07T15:48:46+00:00\",\"breadcrumb\":{\"@id\":\"https:\/\/footdavant.fr\/actualites\/zack-martin-des-cowboys-a-besoin-dune-operation-a-la-cheville-pour-mettre-fin-a-sa-saison-et-envisage-serieusement-de-prendre-sa-retraite\/#breadcrumb\"},\"inLanguage\":\"fr-FR\",\"potentialAction\":[{\"@type\":\"ReadAction\",\"target\":[\"https:\/\/footdavant.fr\/actualites\/zack-martin-des-cowboys-a-besoin-dune-operation-a-la-cheville-pour-mettre-fin-a-sa-saison-et-envisage-serieusement-de-prendre-sa-retraite\/\"]}]},{\"@type\":\"BreadcrumbList\",\"@id\":\"https:\/\/footdavant.fr\/actualites\/zack-martin-des-cowboys-a-besoin-dune-operation-a-la-cheville-pour-mettre-fin-a-sa-saison-et-envisage-serieusement-de-prendre-sa-retraite\/#breadcrumb\",\"itemListElement\":[{\"@type\":\"ListItem\",\"position\":1,\"name\":\"Accueil\",\"item\":\"https:\/\/footdavant.fr\/actualites\/\"},{\"@type\":\"ListItem\",\"position\":2,\"name\":\"Zack Martin des Cowboys a besoin d&#39;une op\u00e9ration \u00e0 la cheville pour mettre fin \u00e0 sa saison et envisage s\u00e9rieusement de prendre sa retraite\"}]},{\"@type\":\"WebSite\",\"@id\":\"https:\/\/footdavant.fr\/actualites\/#website\",\"url\":\"https:\/\/footdavant.fr\/actualites\/\",\"name\":\"Foot d'avant\",\"description\":\"\",\"publisher\":{\"@id\":\"https:\/\/footdavant.fr\/actualites\/#organization\"},\"potentialAction\":[{\"@type\":\"SearchAction\",\"target\":{\"@type\":\"EntryPoint\",\"urlTemplate\":\"https:\/\/footdavant.fr\/actualites\/?s={search_term_string}\"},\"query-input\":\"required name=search_term_string\"}],\"inLanguage\":\"fr-FR\"},{\"@type\":\"Organization\",\"@id\":\"https:\/\/footdavant.fr\/actualites\/#organization\",\"name\":\"Foot d'avant\",\"url\":\"https:\/\/footdavant.fr\/actualites\/\",\"logo\":{\"@type\":\"ImageObject\",\"inLanguage\":\"fr-FR\",\"@id\":\"https:\/\/footdavant.fr\/actualites\/#\/schema\/logo\/image\/\",\"url\":\"https:\/\/footdavant.fr\/actualites\/wp-content\/uploads\/2023\/09\/Copy-of-FootDavant-Logo.png\",\"contentUrl\":\"https:\/\/footdavant.fr\/actualites\/wp-content\/uploads\/2023\/09\/Copy-of-FootDavant-Logo.png\",\"width\":936,\"height\":549,\"caption\":\"Foot d'avant\"},\"image\":{\"@id\":\"https:\/\/footdavant.fr\/actualites\/#\/schema\/logo\/image\/\"},\"sameAs\":[\"https:\/\/www.facebook.com\/Footdavant\/\",\"https:\/\/twitter.com\/FootdavantFr\",\"https:\/\/www.instagram.com\/footdavant.fr\/\"]},{\"@type\":\"Person\",\"@id\":\"https:\/\/footdavant.fr\/actualites\/#\/schema\/person\/bc222566d95871b37e597b3ed3ba5e1d\",\"name\":\"Cl\u00e9ment\",\"image\":{\"@type\":\"ImageObject\",\"inLanguage\":\"fr-FR\",\"@id\":\"https:\/\/footdavant.fr\/actualites\/#\/schema\/person\/image\/\",\"url\":\"https:\/\/secure.gravatar.com\/avatar\/7728b29aac2719421e1a9159b2254c44?s=96&d=mm&r=g\",\"contentUrl\":\"https:\/\/secure.gravatar.com\/avatar\/7728b29aac2719421e1a9159b2254c44?s=96&d=mm&r=g\",\"caption\":\"Cl\u00e9ment\"},\"sameAs\":[\"https:\/\/footdavant.fr\/\"]}]}<\/script>\n<!-- \/ Yoast SEO plugin. -->","yoast_head_json":{"title":"Zack Martin des Cowboys a besoin d&#39;une op\u00e9ration \u00e0 la cheville pour mettre fin \u00e0 sa saison et envisage s\u00e9rieusement de prendre sa retraite","robots":{"index":"index","follow":"follow","max-snippet":"max-snippet:-1","max-image-preview":"max-image-preview:large","max-video-preview":"max-video-preview:-1"},"canonical":"https:\/\/footdavant.fr\/actualites\/zack-martin-des-cowboys-a-besoin-dune-operation-a-la-cheville-pour-mettre-fin-a-sa-saison-et-envisage-serieusement-de-prendre-sa-retraite\/","og_locale":"fr_FR","og_type":"article","og_title":"Zack Martin des Cowboys a besoin d&#39;une op\u00e9ration \u00e0 la cheville pour mettre fin \u00e0 sa saison et envisage s\u00e9rieusement de prendre sa retraite","og_description":"Pas id\u00e9al pour une \u00e9quipe de Dallas qui avait l&#39;intention de participer aux s\u00e9ries \u00e9liminatoires en 2024. Ian Rapoport du r\u00e9seau NFL a rapport\u00e9 que","og_url":"https:\/\/footdavant.fr\/actualites\/zack-martin-des-cowboys-a-besoin-dune-operation-a-la-cheville-pour-mettre-fin-a-sa-saison-et-envisage-serieusement-de-prendre-sa-retraite\/","og_site_name":"Foot d&#039;avant","article_publisher":"https:\/\/www.facebook.com\/Footdavant\/","article_published_time":"2024-12-07T15:48:45+00:00","article_modified_time":"2024-12-07T15:48:46+00:00","og_image":[{"width":696,"height":464,"url":"https:\/\/footdavant.fr\/actualites\/wp-content\/uploads\/2024\/12\/Zack-Martin-des-Cowboys-a-besoin-d39une-operation-a-la.jpg","type":"image\/jpeg"}],"author":"Cl\u00e9ment","twitter_card":"summary_large_image","twitter_creator":"@FootdavantFr","twitter_site":"@FootdavantFr","twitter_misc":{"\u00c9crit par":"Cl\u00e9ment","Dur\u00e9e de lecture estim\u00e9e":"2 minutes"},"schema":{"@context":"https:\/\/schema.org","@graph":[{"@type":"Article","@id":"https:\/\/footdavant.fr\/actualites\/zack-martin-des-cowboys-a-besoin-dune-operation-a-la-cheville-pour-mettre-fin-a-sa-saison-et-envisage-serieusement-de-prendre-sa-retraite\/#article","isPartOf":{"@id":"https:\/\/footdavant.fr\/actualites\/zack-martin-des-cowboys-a-besoin-dune-operation-a-la-cheville-pour-mettre-fin-a-sa-saison-et-envisage-serieusement-de-prendre-sa-retraite\/"},"author":{"name":"Cl\u00e9ment","@id":"https:\/\/footdavant.fr\/actualites\/#\/schema\/person\/bc222566d95871b37e597b3ed3ba5e1d"},"headline":"Zack Martin des Cowboys a besoin d&#39;une op\u00e9ration \u00e0 la cheville pour mettre fin \u00e0 sa saison et envisage s\u00e9rieusement de prendre sa retraite","datePublished":"2024-12-07T15:48:45+00:00","dateModified":"2024-12-07T15:48:46+00:00","mainEntityOfPage":{"@id":"https:\/\/footdavant.fr\/actualites\/zack-martin-des-cowboys-a-besoin-dune-operation-a-la-cheville-pour-mettre-fin-a-sa-saison-et-envisage-serieusement-de-prendre-sa-retraite\/"},"wordCount":386,"publisher":{"@id":"https:\/\/footdavant.fr\/actualites\/#organization"},"keywords":["besoin","cheville","Cowboys","d39une","des","envisage","fin","Martin","mettre","op\u00e9ration","pour","prendre","retraite","saison","s\u00e9rieusement","Zack"],"articleSection":["Football"],"inLanguage":"fr-FR"},{"@type":"WebPage","@id":"https:\/\/footdavant.fr\/actualites\/zack-martin-des-cowboys-a-besoin-dune-operation-a-la-cheville-pour-mettre-fin-a-sa-saison-et-envisage-serieusement-de-prendre-sa-retraite\/","url":"https:\/\/footdavant.fr\/actualites\/zack-martin-des-cowboys-a-besoin-dune-operation-a-la-cheville-pour-mettre-fin-a-sa-saison-et-envisage-serieusement-de-prendre-sa-retraite\/","name":"Zack Martin des Cowboys a besoin d&#39;une op\u00e9ration \u00e0 la cheville pour mettre fin \u00e0 sa saison et envisage s\u00e9rieusement de prendre sa retraite","isPartOf":{"@id":"https:\/\/footdavant.fr\/actualites\/#website"},"datePublished":"2024-12-07T15:48:45+00:00","dateModified":"2024-12-07T15:48:46+00:00","breadcrumb":{"@id":"https:\/\/footdavant.fr\/actualites\/zack-martin-des-cowboys-a-besoin-dune-operation-a-la-cheville-pour-mettre-fin-a-sa-saison-et-envisage-serieusement-de-prendre-sa-retraite\/#breadcrumb"},"inLanguage":"fr-FR","potentialAction":[{"@type":"ReadAction","target":["https:\/\/footdavant.fr\/actualites\/zack-martin-des-cowboys-a-besoin-dune-operation-a-la-cheville-pour-mettre-fin-a-sa-saison-et-envisage-serieusement-de-prendre-sa-retraite\/"]}]},{"@type":"BreadcrumbList","@id":"https:\/\/footdavant.fr\/actualites\/zack-martin-des-cowboys-a-besoin-dune-operation-a-la-cheville-pour-mettre-fin-a-sa-saison-et-envisage-serieusement-de-prendre-sa-retraite\/#breadcrumb","itemListElement":[{"@type":"ListItem","position":1,"name":"Accueil","item":"https:\/\/footdavant.fr\/actualites\/"},{"@type":"ListItem","position":2,"name":"Zack Martin des Cowboys a besoin d&#39;une op\u00e9ration \u00e0 la cheville pour mettre fin \u00e0 sa saison et envisage s\u00e9rieusement de prendre sa retraite"}]},{"@type":"WebSite","@id":"https:\/\/footdavant.fr\/actualites\/#website","url":"https:\/\/footdavant.fr\/actualites\/","name":"Foot d'avant","description":"","publisher":{"@id":"https:\/\/footdavant.fr\/actualites\/#organization"},"potentialAction":[{"@type":"SearchAction","target":{"@type":"EntryPoint","urlTemplate":"https:\/\/footdavant.fr\/actualites\/?s={search_term_string}"},"query-input":"required name=search_term_string"}],"inLanguage":"fr-FR"},{"@type":"Organization","@id":"https:\/\/footdavant.fr\/actualites\/#organization","name":"Foot d'avant","url":"https:\/\/footdavant.fr\/actualites\/","logo":{"@type":"ImageObject","inLanguage":"fr-FR","@id":"https:\/\/footdavant.fr\/actualites\/#\/schema\/logo\/image\/","url":"https:\/\/footdavant.fr\/actualites\/wp-content\/uploads\/2023\/09\/Copy-of-FootDavant-Logo.png","contentUrl":"https:\/\/footdavant.fr\/actualites\/wp-content\/uploads\/2023\/09\/Copy-of-FootDavant-Logo.png","width":936,"height":549,"caption":"Foot d'avant"},"image":{"@id":"https:\/\/footdavant.fr\/actualites\/#\/schema\/logo\/image\/"},"sameAs":["https:\/\/www.facebook.com\/Footdavant\/","https:\/\/twitter.com\/FootdavantFr","https:\/\/www.instagram.com\/footdavant.fr\/"]},{"@type":"Person","@id":"https:\/\/footdavant.fr\/actualites\/#\/schema\/person\/bc222566d95871b37e597b3ed3ba5e1d","name":"Cl\u00e9ment","image":{"@type":"ImageObject","inLanguage":"fr-FR","@id":"https:\/\/footdavant.fr\/actualites\/#\/schema\/person\/image\/","url":"https:\/\/secure.gravatar.com\/avatar\/7728b29aac2719421e1a9159b2254c44?s=96&d=mm&r=g","contentUrl":"https:\/\/secure.gravatar.com\/avatar\/7728b29aac2719421e1a9159b2254c44?s=96&d=mm&r=g","caption":"Cl\u00e9ment"},"sameAs":["https:\/\/footdavant.fr\/"]}]}},"_links":{"self":[{"href":"https:\/\/footdavant.fr\/actualites\/wp-json\/wp\/v2\/posts\/17141"}],"collection":[{"href":"https:\/\/footdavant.fr\/actualites\/wp-json\/wp\/v2\/posts"}],"about":[{"href":"https:\/\/footdavant.fr\/actualites\/wp-json\/wp\/v2\/types\/post"}],"author":[{"embeddable":true,"href":"https:\/\/footdavant.fr\/actualites\/wp-json\/wp\/v2\/users\/1"}],"replies":[{"embeddable":true,"href":"https:\/\/footdavant.fr\/actualites\/wp-json\/wp\/v2\/comments?post=17141"}],"version-history":[{"count":1,"href":"https:\/\/footdavant.fr\/actualites\/wp-json\/wp\/v2\/posts\/17141\/revisions"}],"predecessor-version":[{"id":17143,"href":"https:\/\/footdavant.fr\/actualites\/wp-json\/wp\/v2\/posts\/17141\/revisions\/17143"}],"wp:featuredmedia":[{"embeddable":true,"href":"https:\/\/footdavant.fr\/actualites\/wp-json\/wp\/v2\/media\/17142"}],"wp:attachment":[{"href":"https:\/\/footdavant.fr\/actualites\/wp-json\/wp\/v2\/media?parent=17141"}],"wp:term":[{"taxonomy":"category","embeddable":true,"href":"https:\/\/footdavant.fr\/actualites\/wp-json\/wp\/v2\/categories?post=17141"},{"taxonomy":"post_tag","embeddable":true,"href":"https:\/\/footdavant.fr\/actualites\/wp-json\/wp\/v2\/tags?post=17141"}],"curies":[{"name":"wp","href":"https:\/\/api.w.org\/{rel}","templated":true}]}}