{"id":17191,"date":"2024-12-08T21:49:26","date_gmt":"2024-12-08T20:49:26","guid":{"rendered":"https:\/\/footdavant.fr\/actualites\/un-coup-de-pouce-majeur-pour-le-real-madrid-alors-que-lhomme-cle-sapprete-a-revenir-de-blessure-pour-la-confrontation-contre-latalanta\/"},"modified":"2024-12-08T21:49:27","modified_gmt":"2024-12-08T20:49:27","slug":"un-coup-de-pouce-majeur-pour-le-real-madrid-alors-que-lhomme-cle-sapprete-a-revenir-de-blessure-pour-la-confrontation-contre-latalanta","status":"publish","type":"post","link":"https:\/\/footdavant.fr\/actualites\/un-coup-de-pouce-majeur-pour-le-real-madrid-alors-que-lhomme-cle-sapprete-a-revenir-de-blessure-pour-la-confrontation-contre-latalanta\/","title":{"rendered":"Un coup de pouce majeur pour le Real Madrid alors que l&#39;homme cl\u00e9 s&#39;appr\u00eate \u00e0 revenir de blessure pour la confrontation contre l&#39;Atalanta"},"content":{"rendered":"<p>L&#39;attaquant du Real Madrid, Vinicius Junior, est sur le point de revenir d&#39;une blessure musculaire lors du choc de la Ligue des Champions la semaine prochaine contre l&#39;Atalanta BC.<\/p>\n<div id=\"article_body\" itemprop=\"articleBody\">\n<h3 class=\"firstPara\">\n<strong class=\"autotag\">R\u00e9al Madrid<\/strong> entra\u00eeneur-chef <strong class=\"autotag\">Carlo Ancelotti<\/strong> a r\u00e9v\u00e9l\u00e9 que <strong class=\"autotag\">Vinicius Junior<\/strong> est sur le point de revenir de blessure la semaine prochaine <strong class=\"autotag\">Ligue des champions<\/strong> entrer en conflit avec <strong class=\"autotag\">Atalante BC<\/strong> en Italie.<\/h3>\n<p>Vinicius a rat\u00e9 les trois derniers matches de son \u00e9quipe en raison d&#39;un probl\u00e8me musculaire, et il sera \u00e9galement absent pour le match de championnat de samedi avec <strong class=\"autotag\">G\u00e9rone<\/strong>mais l&#39;international br\u00e9silien est de retour \u00e0 l&#39;entra\u00eenement en \u00e9quipe premi\u00e8re beaucoup plus t\u00f4t que pr\u00e9vu.<\/p>\n<p>Ancelotti a d\u00e9clar\u00e9 vendredi que, sauf revers impr\u00e9vu, Vinicius serait disponible pour le match de Ligue des champions contre l&#39;Atalanta, qui est un match incontournable pour les champions d&#39;Europe.<\/p>\n<p>Le Real Madrid s&#39;accroche tout juste \u00e0 une place en s\u00e9ries \u00e9liminatoires. <strong>Tableau de la Ligue des Champions<\/strong>avec une campagne d\u00e9cevante \u00e0 ce jour, les voyant r\u00e9colter seulement six points sur leurs cinq matches pour se classer 24e.<\/p>\n<p>Ancelotti a \u00e9galement r\u00e9v\u00e9l\u00e9 que <strong class=\"autotag\">David Alaba<\/strong> est en passe de faire son retour d&#39;une grave blessure au genou en janvier.<\/p>\n<p class=\"imgI\">\n<h2 class=\"k3\">Ancelotti confirme le coup de pouce de Vinicius avant le match contre l&#39;Atalanta<\/h2>\n<p>\u00ab\u00a0C&#39;est une excellente nouvelle. Nous sommes encourag\u00e9s de voir \u00e0 quel point Vini Jr. s&#39;est bien remis de sa blessure. Il ne sera pas disponible demain mais il devrait \u00eatre pr\u00eat pour notre prochain match de Ligue des Champions\u00a0\u00bb, a d\u00e9clar\u00e9 l&#39;entra\u00eeneur-chef.<\/p>\n<p>\u00ab\u00a0Nous sommes \u00e9galement ravis de retrouver Alaba \u00e0 l&#39;entra\u00eenement. Il a besoin de tout le mois de d\u00e9cembre pour s&#39;assurer qu&#39;il est en forme et pr\u00eat \u00e0 rejouer en janvier. Il continuera \u00e0 travailler individuellement et nous le ram\u00e8nerons progressivement dans le groupe. Son retour est pr\u00e9vu pour l\u2019ann\u00e9e prochaine. \u00bb<\/p>\n<p><strong class=\"autotag\">Daniel Carvajal<\/strong> et <strong class=\"autotag\">Eder Militao<\/strong> sont absents pour la saison avec de graves blessures au genou, mais <strong class=\"autotag\">Eduardo Camavinga<\/strong> se rapproche \u00e9galement d&#39;un retour, le joueur de 22 ans, absent en raison d&#39;un probl\u00e8me \u00e0 la cheville, \u00e9tant susceptible d&#39;\u00eatre de retour avant les vacances d&#39;hiver.<\/p>\n<p>Le Real Madrid entrera dans le choc de samedi avec G\u00e9rone sur le dos d&#39;un <strong>D\u00e9faite 2-1 \u00e0 l&#39;Athletic Bilbao<\/strong>ce qui les place deuxi\u00e8mes du classement <strong>Tableau de la Liga<\/strong>quatre points derri\u00e8re le leader Barcelone avec un match en moins.<\/p>\n<p class=\"imgI\">\n<h2 class=\"k3\">Ancelotti \u00ab\u00a0l\u00e9g\u00e8rement pr\u00e9occup\u00e9\u00a0\u00bb par la mauvaise forme du Real Madrid<\/h2>\n<p>Le Real Madrid a perdu quatre de ses sept derniers matches toutes comp\u00e9titions confondues, mais Ancelotti a d\u00e9clar\u00e9 qu&#39;il n&#39;\u00e9tait que \u00ab\u00a0l\u00e9g\u00e8rement pr\u00e9occup\u00e9\u00a0\u00bb par les difficult\u00e9s de son \u00e9quipe ces derniers temps.<\/p>\n<p>\u00ab\u00a0Nous sommes toujours en lutte dans chaque comp\u00e9tition. Nous devons garder cet optimisme dont nous avons besoin, compte tenu des probl\u00e8mes que nous avons et de ceux que nous avons rencontr\u00e9s jusqu&#39;\u00e0 pr\u00e9sent. Nous sommes optimistes parce que nous avons un groupe courageux et de grande qualit\u00e9. \u00ab\u00a0Nous n&#39;avons pas montr\u00e9 notre meilleure forme jusqu&#39;\u00e0 pr\u00e9sent, mais nous sommes convaincus que nous y arriverons t\u00f4t ou tard. Je dirais que je suis juste l\u00e9g\u00e8rement inquiet\u00a0\u00bb, a-t-il ajout\u00e9.<\/p>\n<p>\u00ab\u00a0Le match de demain sera encore un match difficile. G\u00e9rone fait du bon travail, cette ann\u00e9e aussi, ils affrontent la Ligue des Champions, mais ils rivalisent toujours bien. Nous devons consid\u00e9rer cela comme une opportunit\u00e9 de retrouver le chemin de la victoire. , et reste dans le mix pour la Liga.<\/p>\n<p>\u00ab\u00a0Je dois les accepter (les critiques) parce que l&#39;\u00e9quipe n&#39;est pas \u00e0 son meilleur niveau. Comme toujours dans le football, la responsabilit\u00e9 en incombe \u00e0 l&#39;entra\u00eeneur, c&#39;est donc lui qui fait face aux plus grandes critiques. Cela dit, je pense que vous \u00eates \u00eatre un peu trop dur. Peut-\u00eatre que \u00e7a veut dire que tu en as marre de moi.<\/p>\n<p>\u00ab\u00a0Je ne suis pas fatigu\u00e9 de ce m\u00e9tier, malgr\u00e9 les critiques, je suis quand m\u00eame ravi de me pr\u00e9senter ici tous les jours. C&#39;est normal, je le comprends. Tout comme le stress, parfois les critiques contribuent \u00e0 alimenter le feu et poussent \u00e0 faire un meilleur travail.\u00a0\u00bb<\/p>\n<p>Le Real Madrid n&#39;a gagn\u00e9 que trois fois lors de ses d\u00e9placements toutes comp\u00e9titions confondues cette saison, subissant des d\u00e9faites lors de ses deux derni\u00e8res, et il rendra visite \u00e0 une \u00e9quipe de G\u00e9rone invaincue lors de ses quatre derniers matches de Liga.<\/p>\n<div class=\"author_box\">\n<div class=\"author_box_banner\">\n<\/div>\n<\/div>\n<\/div>\n","protected":false},"excerpt":{"rendered":"<p>L&#39;attaquant du Real Madrid, Vinicius Junior, est sur le point de revenir d&#39;une blessure musculaire lors du choc de la Ligue des Champions la semaine<\/p>\n","protected":false},"author":1,"featured_media":15075,"comment_status":"closed","ping_status":"","sticky":false,"template":"","format":"standard","meta":{"footnotes":""},"categories":[4],"tags":[318,15,443,3716,20,489,4547,4674,303,246,490,51,302,1037,4539],"yoast_head":"<!-- This site is optimized with the Yoast SEO plugin v21.0 - https:\/\/yoast.com\/wordpress\/plugins\/seo\/ -->\n<title>Un coup de pouce majeur pour le Real Madrid alors que l&#039;homme cl\u00e9 s&#039;appr\u00eate \u00e0 revenir de blessure pour la confrontation contre l&#039;Atalanta<\/title>\n<meta name=\"robots\" content=\"index, follow, max-snippet:-1, max-image-preview:large, max-video-preview:-1\" \/>\n<link rel=\"canonical\" href=\"https:\/\/footdavant.fr\/actualites\/un-coup-de-pouce-majeur-pour-le-real-madrid-alors-que-lhomme-cle-sapprete-a-revenir-de-blessure-pour-la-confrontation-contre-latalanta\/\" \/>\n<meta property=\"og:locale\" content=\"fr_FR\" \/>\n<meta property=\"og:type\" content=\"article\" \/>\n<meta property=\"og:title\" content=\"Un coup de pouce majeur pour le Real Madrid alors que l&#039;homme cl\u00e9 s&#039;appr\u00eate \u00e0 revenir de blessure pour la confrontation contre l&#039;Atalanta\" \/>\n<meta property=\"og:description\" content=\"L&#039;attaquant du Real Madrid, Vinicius Junior, est sur le point de revenir d&#039;une blessure musculaire lors du choc de la Ligue des Champions la semaine\" \/>\n<meta property=\"og:url\" content=\"https:\/\/footdavant.fr\/actualites\/un-coup-de-pouce-majeur-pour-le-real-madrid-alors-que-lhomme-cle-sapprete-a-revenir-de-blessure-pour-la-confrontation-contre-latalanta\/\" \/>\n<meta property=\"og:site_name\" content=\"Foot d&#039;avant\" \/>\n<meta property=\"article:publisher\" content=\"https:\/\/www.facebook.com\/Footdavant\/\" \/>\n<meta property=\"article:published_time\" content=\"2024-12-08T20:49:26+00:00\" \/>\n<meta property=\"article:modified_time\" content=\"2024-12-08T20:49:27+00:00\" \/>\n<meta property=\"og:image\" content=\"https:\/\/footdavant.fr\/actualites\/wp-content\/uploads\/2024\/10\/Apercu-Real-Madrid-contre-Borussia-Dortmund-\u2013-pronostics-actualites.jpg\" \/>\n\t<meta property=\"og:image:width\" content=\"1280\" \/>\n\t<meta property=\"og:image:height\" content=\"960\" \/>\n\t<meta property=\"og:image:type\" content=\"image\/jpeg\" \/>\n<meta name=\"author\" content=\"Cl\u00e9ment\" \/>\n<meta name=\"twitter:card\" content=\"summary_large_image\" \/>\n<meta name=\"twitter:creator\" content=\"@FootdavantFr\" \/>\n<meta name=\"twitter:site\" content=\"@FootdavantFr\" \/>\n<meta name=\"twitter:label1\" content=\"\u00c9crit par\" \/>\n\t<meta name=\"twitter:data1\" content=\"Cl\u00e9ment\" \/>\n\t<meta name=\"twitter:label2\" content=\"Dur\u00e9e de lecture estim\u00e9e\" \/>\n\t<meta name=\"twitter:data2\" content=\"4 minutes\" \/>\n<script type=\"application\/ld+json\" class=\"yoast-schema-graph\">{\"@context\":\"https:\/\/schema.org\",\"@graph\":[{\"@type\":\"Article\",\"@id\":\"https:\/\/footdavant.fr\/actualites\/un-coup-de-pouce-majeur-pour-le-real-madrid-alors-que-lhomme-cle-sapprete-a-revenir-de-blessure-pour-la-confrontation-contre-latalanta\/#article\",\"isPartOf\":{\"@id\":\"https:\/\/footdavant.fr\/actualites\/un-coup-de-pouce-majeur-pour-le-real-madrid-alors-que-lhomme-cle-sapprete-a-revenir-de-blessure-pour-la-confrontation-contre-latalanta\/\"},\"author\":{\"name\":\"Cl\u00e9ment\",\"@id\":\"https:\/\/footdavant.fr\/actualites\/#\/schema\/person\/bc222566d95871b37e597b3ed3ba5e1d\"},\"headline\":\"Un coup de pouce majeur pour le Real Madrid alors que l&#39;homme cl\u00e9 s&#39;appr\u00eate \u00e0 revenir de blessure pour la confrontation contre l&#39;Atalanta\",\"datePublished\":\"2024-12-08T20:49:26+00:00\",\"dateModified\":\"2024-12-08T20:49:27+00:00\",\"mainEntityOfPage\":{\"@id\":\"https:\/\/footdavant.fr\/actualites\/un-coup-de-pouce-majeur-pour-le-real-madrid-alors-que-lhomme-cle-sapprete-a-revenir-de-blessure-pour-la-confrontation-contre-latalanta\/\"},\"wordCount\":810,\"publisher\":{\"@id\":\"https:\/\/footdavant.fr\/actualites\/#organization\"},\"keywords\":[\"alors\",\"Blessure\",\"cl\u00e9..\",\"confrontation\",\"contre\",\"coup\",\"l39Atalanta\",\"L39homme\",\"Madrid\",\"majeur\",\"pouce\",\"pour\",\"Real\",\"revenir\",\"s39appr\u00eate\"],\"articleSection\":[\"Champions League\"],\"inLanguage\":\"fr-FR\"},{\"@type\":\"WebPage\",\"@id\":\"https:\/\/footdavant.fr\/actualites\/un-coup-de-pouce-majeur-pour-le-real-madrid-alors-que-lhomme-cle-sapprete-a-revenir-de-blessure-pour-la-confrontation-contre-latalanta\/\",\"url\":\"https:\/\/footdavant.fr\/actualites\/un-coup-de-pouce-majeur-pour-le-real-madrid-alors-que-lhomme-cle-sapprete-a-revenir-de-blessure-pour-la-confrontation-contre-latalanta\/\",\"name\":\"Un coup de pouce majeur pour le Real Madrid alors que l&#39;homme cl\u00e9 s&#39;appr\u00eate \u00e0 revenir de blessure pour la confrontation contre l&#39;Atalanta\",\"isPartOf\":{\"@id\":\"https:\/\/footdavant.fr\/actualites\/#website\"},\"datePublished\":\"2024-12-08T20:49:26+00:00\",\"dateModified\":\"2024-12-08T20:49:27+00:00\",\"breadcrumb\":{\"@id\":\"https:\/\/footdavant.fr\/actualites\/un-coup-de-pouce-majeur-pour-le-real-madrid-alors-que-lhomme-cle-sapprete-a-revenir-de-blessure-pour-la-confrontation-contre-latalanta\/#breadcrumb\"},\"inLanguage\":\"fr-FR\",\"potentialAction\":[{\"@type\":\"ReadAction\",\"target\":[\"https:\/\/footdavant.fr\/actualites\/un-coup-de-pouce-majeur-pour-le-real-madrid-alors-que-lhomme-cle-sapprete-a-revenir-de-blessure-pour-la-confrontation-contre-latalanta\/\"]}]},{\"@type\":\"BreadcrumbList\",\"@id\":\"https:\/\/footdavant.fr\/actualites\/un-coup-de-pouce-majeur-pour-le-real-madrid-alors-que-lhomme-cle-sapprete-a-revenir-de-blessure-pour-la-confrontation-contre-latalanta\/#breadcrumb\",\"itemListElement\":[{\"@type\":\"ListItem\",\"position\":1,\"name\":\"Accueil\",\"item\":\"https:\/\/footdavant.fr\/actualites\/\"},{\"@type\":\"ListItem\",\"position\":2,\"name\":\"Un coup de pouce majeur pour le Real Madrid alors que l&#39;homme cl\u00e9 s&#39;appr\u00eate \u00e0 revenir de blessure pour la confrontation contre l&#39;Atalanta\"}]},{\"@type\":\"WebSite\",\"@id\":\"https:\/\/footdavant.fr\/actualites\/#website\",\"url\":\"https:\/\/footdavant.fr\/actualites\/\",\"name\":\"Foot d'avant\",\"description\":\"\",\"publisher\":{\"@id\":\"https:\/\/footdavant.fr\/actualites\/#organization\"},\"potentialAction\":[{\"@type\":\"SearchAction\",\"target\":{\"@type\":\"EntryPoint\",\"urlTemplate\":\"https:\/\/footdavant.fr\/actualites\/?s={search_term_string}\"},\"query-input\":\"required name=search_term_string\"}],\"inLanguage\":\"fr-FR\"},{\"@type\":\"Organization\",\"@id\":\"https:\/\/footdavant.fr\/actualites\/#organization\",\"name\":\"Foot d'avant\",\"url\":\"https:\/\/footdavant.fr\/actualites\/\",\"logo\":{\"@type\":\"ImageObject\",\"inLanguage\":\"fr-FR\",\"@id\":\"https:\/\/footdavant.fr\/actualites\/#\/schema\/logo\/image\/\",\"url\":\"https:\/\/footdavant.fr\/actualites\/wp-content\/uploads\/2023\/09\/Copy-of-FootDavant-Logo.png\",\"contentUrl\":\"https:\/\/footdavant.fr\/actualites\/wp-content\/uploads\/2023\/09\/Copy-of-FootDavant-Logo.png\",\"width\":936,\"height\":549,\"caption\":\"Foot d'avant\"},\"image\":{\"@id\":\"https:\/\/footdavant.fr\/actualites\/#\/schema\/logo\/image\/\"},\"sameAs\":[\"https:\/\/www.facebook.com\/Footdavant\/\",\"https:\/\/twitter.com\/FootdavantFr\",\"https:\/\/www.instagram.com\/footdavant.fr\/\"]},{\"@type\":\"Person\",\"@id\":\"https:\/\/footdavant.fr\/actualites\/#\/schema\/person\/bc222566d95871b37e597b3ed3ba5e1d\",\"name\":\"Cl\u00e9ment\",\"image\":{\"@type\":\"ImageObject\",\"inLanguage\":\"fr-FR\",\"@id\":\"https:\/\/footdavant.fr\/actualites\/#\/schema\/person\/image\/\",\"url\":\"https:\/\/secure.gravatar.com\/avatar\/7728b29aac2719421e1a9159b2254c44?s=96&d=mm&r=g\",\"contentUrl\":\"https:\/\/secure.gravatar.com\/avatar\/7728b29aac2719421e1a9159b2254c44?s=96&d=mm&r=g\",\"caption\":\"Cl\u00e9ment\"},\"sameAs\":[\"https:\/\/footdavant.fr\/\"]}]}<\/script>\n<!-- \/ Yoast SEO plugin. -->","yoast_head_json":{"title":"Un coup de pouce majeur pour le Real Madrid alors que l&#39;homme cl\u00e9 s&#39;appr\u00eate \u00e0 revenir de blessure pour la confrontation contre l&#39;Atalanta","robots":{"index":"index","follow":"follow","max-snippet":"max-snippet:-1","max-image-preview":"max-image-preview:large","max-video-preview":"max-video-preview:-1"},"canonical":"https:\/\/footdavant.fr\/actualites\/un-coup-de-pouce-majeur-pour-le-real-madrid-alors-que-lhomme-cle-sapprete-a-revenir-de-blessure-pour-la-confrontation-contre-latalanta\/","og_locale":"fr_FR","og_type":"article","og_title":"Un coup de pouce majeur pour le Real Madrid alors que l&#39;homme cl\u00e9 s&#39;appr\u00eate \u00e0 revenir de blessure pour la confrontation contre l&#39;Atalanta","og_description":"L&#39;attaquant du Real Madrid, Vinicius Junior, est sur le point de revenir d&#39;une blessure musculaire lors du choc de la Ligue des Champions la semaine","og_url":"https:\/\/footdavant.fr\/actualites\/un-coup-de-pouce-majeur-pour-le-real-madrid-alors-que-lhomme-cle-sapprete-a-revenir-de-blessure-pour-la-confrontation-contre-latalanta\/","og_site_name":"Foot d&#039;avant","article_publisher":"https:\/\/www.facebook.com\/Footdavant\/","article_published_time":"2024-12-08T20:49:26+00:00","article_modified_time":"2024-12-08T20:49:27+00:00","og_image":[{"width":1280,"height":960,"url":"https:\/\/footdavant.fr\/actualites\/wp-content\/uploads\/2024\/10\/Apercu-Real-Madrid-contre-Borussia-Dortmund-\u2013-pronostics-actualites.jpg","type":"image\/jpeg"}],"author":"Cl\u00e9ment","twitter_card":"summary_large_image","twitter_creator":"@FootdavantFr","twitter_site":"@FootdavantFr","twitter_misc":{"\u00c9crit par":"Cl\u00e9ment","Dur\u00e9e de lecture estim\u00e9e":"4 minutes"},"schema":{"@context":"https:\/\/schema.org","@graph":[{"@type":"Article","@id":"https:\/\/footdavant.fr\/actualites\/un-coup-de-pouce-majeur-pour-le-real-madrid-alors-que-lhomme-cle-sapprete-a-revenir-de-blessure-pour-la-confrontation-contre-latalanta\/#article","isPartOf":{"@id":"https:\/\/footdavant.fr\/actualites\/un-coup-de-pouce-majeur-pour-le-real-madrid-alors-que-lhomme-cle-sapprete-a-revenir-de-blessure-pour-la-confrontation-contre-latalanta\/"},"author":{"name":"Cl\u00e9ment","@id":"https:\/\/footdavant.fr\/actualites\/#\/schema\/person\/bc222566d95871b37e597b3ed3ba5e1d"},"headline":"Un coup de pouce majeur pour le Real Madrid alors que l&#39;homme cl\u00e9 s&#39;appr\u00eate \u00e0 revenir de blessure pour la confrontation contre l&#39;Atalanta","datePublished":"2024-12-08T20:49:26+00:00","dateModified":"2024-12-08T20:49:27+00:00","mainEntityOfPage":{"@id":"https:\/\/footdavant.fr\/actualites\/un-coup-de-pouce-majeur-pour-le-real-madrid-alors-que-lhomme-cle-sapprete-a-revenir-de-blessure-pour-la-confrontation-contre-latalanta\/"},"wordCount":810,"publisher":{"@id":"https:\/\/footdavant.fr\/actualites\/#organization"},"keywords":["alors","Blessure","cl\u00e9..","confrontation","contre","coup","l39Atalanta","L39homme","Madrid","majeur","pouce","pour","Real","revenir","s39appr\u00eate"],"articleSection":["Champions League"],"inLanguage":"fr-FR"},{"@type":"WebPage","@id":"https:\/\/footdavant.fr\/actualites\/un-coup-de-pouce-majeur-pour-le-real-madrid-alors-que-lhomme-cle-sapprete-a-revenir-de-blessure-pour-la-confrontation-contre-latalanta\/","url":"https:\/\/footdavant.fr\/actualites\/un-coup-de-pouce-majeur-pour-le-real-madrid-alors-que-lhomme-cle-sapprete-a-revenir-de-blessure-pour-la-confrontation-contre-latalanta\/","name":"Un coup de pouce majeur pour le Real Madrid alors que l&#39;homme cl\u00e9 s&#39;appr\u00eate \u00e0 revenir de blessure pour la confrontation contre l&#39;Atalanta","isPartOf":{"@id":"https:\/\/footdavant.fr\/actualites\/#website"},"datePublished":"2024-12-08T20:49:26+00:00","dateModified":"2024-12-08T20:49:27+00:00","breadcrumb":{"@id":"https:\/\/footdavant.fr\/actualites\/un-coup-de-pouce-majeur-pour-le-real-madrid-alors-que-lhomme-cle-sapprete-a-revenir-de-blessure-pour-la-confrontation-contre-latalanta\/#breadcrumb"},"inLanguage":"fr-FR","potentialAction":[{"@type":"ReadAction","target":["https:\/\/footdavant.fr\/actualites\/un-coup-de-pouce-majeur-pour-le-real-madrid-alors-que-lhomme-cle-sapprete-a-revenir-de-blessure-pour-la-confrontation-contre-latalanta\/"]}]},{"@type":"BreadcrumbList","@id":"https:\/\/footdavant.fr\/actualites\/un-coup-de-pouce-majeur-pour-le-real-madrid-alors-que-lhomme-cle-sapprete-a-revenir-de-blessure-pour-la-confrontation-contre-latalanta\/#breadcrumb","itemListElement":[{"@type":"ListItem","position":1,"name":"Accueil","item":"https:\/\/footdavant.fr\/actualites\/"},{"@type":"ListItem","position":2,"name":"Un coup de pouce majeur pour le Real Madrid alors que l&#39;homme cl\u00e9 s&#39;appr\u00eate \u00e0 revenir de blessure pour la confrontation contre l&#39;Atalanta"}]},{"@type":"WebSite","@id":"https:\/\/footdavant.fr\/actualites\/#website","url":"https:\/\/footdavant.fr\/actualites\/","name":"Foot d'avant","description":"","publisher":{"@id":"https:\/\/footdavant.fr\/actualites\/#organization"},"potentialAction":[{"@type":"SearchAction","target":{"@type":"EntryPoint","urlTemplate":"https:\/\/footdavant.fr\/actualites\/?s={search_term_string}"},"query-input":"required name=search_term_string"}],"inLanguage":"fr-FR"},{"@type":"Organization","@id":"https:\/\/footdavant.fr\/actualites\/#organization","name":"Foot d'avant","url":"https:\/\/footdavant.fr\/actualites\/","logo":{"@type":"ImageObject","inLanguage":"fr-FR","@id":"https:\/\/footdavant.fr\/actualites\/#\/schema\/logo\/image\/","url":"https:\/\/footdavant.fr\/actualites\/wp-content\/uploads\/2023\/09\/Copy-of-FootDavant-Logo.png","contentUrl":"https:\/\/footdavant.fr\/actualites\/wp-content\/uploads\/2023\/09\/Copy-of-FootDavant-Logo.png","width":936,"height":549,"caption":"Foot d'avant"},"image":{"@id":"https:\/\/footdavant.fr\/actualites\/#\/schema\/logo\/image\/"},"sameAs":["https:\/\/www.facebook.com\/Footdavant\/","https:\/\/twitter.com\/FootdavantFr","https:\/\/www.instagram.com\/footdavant.fr\/"]},{"@type":"Person","@id":"https:\/\/footdavant.fr\/actualites\/#\/schema\/person\/bc222566d95871b37e597b3ed3ba5e1d","name":"Cl\u00e9ment","image":{"@type":"ImageObject","inLanguage":"fr-FR","@id":"https:\/\/footdavant.fr\/actualites\/#\/schema\/person\/image\/","url":"https:\/\/secure.gravatar.com\/avatar\/7728b29aac2719421e1a9159b2254c44?s=96&d=mm&r=g","contentUrl":"https:\/\/secure.gravatar.com\/avatar\/7728b29aac2719421e1a9159b2254c44?s=96&d=mm&r=g","caption":"Cl\u00e9ment"},"sameAs":["https:\/\/footdavant.fr\/"]}]}},"_links":{"self":[{"href":"https:\/\/footdavant.fr\/actualites\/wp-json\/wp\/v2\/posts\/17191"}],"collection":[{"href":"https:\/\/footdavant.fr\/actualites\/wp-json\/wp\/v2\/posts"}],"about":[{"href":"https:\/\/footdavant.fr\/actualites\/wp-json\/wp\/v2\/types\/post"}],"author":[{"embeddable":true,"href":"https:\/\/footdavant.fr\/actualites\/wp-json\/wp\/v2\/users\/1"}],"replies":[{"embeddable":true,"href":"https:\/\/footdavant.fr\/actualites\/wp-json\/wp\/v2\/comments?post=17191"}],"version-history":[{"count":1,"href":"https:\/\/footdavant.fr\/actualites\/wp-json\/wp\/v2\/posts\/17191\/revisions"}],"predecessor-version":[{"id":17192,"href":"https:\/\/footdavant.fr\/actualites\/wp-json\/wp\/v2\/posts\/17191\/revisions\/17192"}],"wp:featuredmedia":[{"embeddable":true,"href":"https:\/\/footdavant.fr\/actualites\/wp-json\/wp\/v2\/media\/15075"}],"wp:attachment":[{"href":"https:\/\/footdavant.fr\/actualites\/wp-json\/wp\/v2\/media?parent=17191"}],"wp:term":[{"taxonomy":"category","embeddable":true,"href":"https:\/\/footdavant.fr\/actualites\/wp-json\/wp\/v2\/categories?post=17191"},{"taxonomy":"post_tag","embeddable":true,"href":"https:\/\/footdavant.fr\/actualites\/wp-json\/wp\/v2\/tags?post=17191"}],"curies":[{"name":"wp","href":"https:\/\/api.w.org\/{rel}","templated":true}]}}