{"id":17379,"date":"2024-12-12T16:48:25","date_gmt":"2024-12-12T15:48:25","guid":{"rendered":"https:\/\/footdavant.fr\/actualites\/le-proprietaire-des-wolves-jeff-shi-soutient-publiquement-le-patron-assiege-et-declare-que-le-club-est-uni-pour-le-soutenir\/"},"modified":"2024-12-12T16:48:27","modified_gmt":"2024-12-12T15:48:27","slug":"le-proprietaire-des-wolves-jeff-shi-soutient-publiquement-le-patron-assiege-et-declare-que-le-club-est-uni-pour-le-soutenir","status":"publish","type":"post","link":"https:\/\/footdavant.fr\/actualites\/le-proprietaire-des-wolves-jeff-shi-soutient-publiquement-le-patron-assiege-et-declare-que-le-club-est-uni-pour-le-soutenir\/","title":{"rendered":"Le propri\u00e9taire des Wolves, Jeff Shi, soutient publiquement le patron assi\u00e9g\u00e9 et d\u00e9clare que le club est \u00ab uni \u00bb pour le soutenir"},"content":{"rendered":"<div>\n<p>Le pr\u00e9sident des Wolves, Jeff Shi, a publiquement soutenu le manager Gary O&#39;Neil, affirmant que le club est \u00ab uni \u00bb pour soutenir le patron sous pression.<\/p>\n<p>Le club des Midlands est 19e de Premier League apr\u00e8s avoir remport\u00e9 seulement deux de ses 15 matches de championnat cette saison et a perdu chacun de ses trois derniers contre Bournemouth, Everton et West Ham.<\/p>\n<p>La d\u00e9faite 2-1 de lundi au London Stadium a conduit beaucoup \u00e0 imaginer le pire pour O&#39;Neil alors que les supporters commencent \u00e0 se retourner contre le joueur de 41 ans, mais Shi insiste sur le fait que les chefs de club sont toujours derri\u00e8re lui.<\/p>\n<p>Dans sa chronique pour l&#39;Express et le Star, il a d\u00e9clar\u00e9 : \u00ab Je n&#39;ai pas besoin de familiariser les supporters avec ce qui s&#39;est pass\u00e9 ensuite \u00e0 l&#39;\u00e9t\u00e9 2023, ils le savent tous.<\/p>\n<p>\u00ab\u00a0Mais \u00e0 cause de cela, le destin de Gary O&#39;Neil et des Wolves s&#39;est rencontr\u00e9 \u00e0 un moment inattendu, et je reste reconnaissant envers Gary de s&#39;\u00eatre retrouv\u00e9 dans une situation aussi exigeante quelques jours seulement avant le d\u00e9but d&#39;une nouvelle saison, et pour son engagement envers le club tous les jours depuis.<\/p>\n<p>\u00ab\u00a0Bien qu&#39;il sache qu&#39;am\u00e9liorer rapidement nos r\u00e9sultats est essentiel pour toutes les personnes associ\u00e9es au club de football, nous sommes unis pour le soutenir alors que nous nous effor\u00e7ons tous de r\u00e9aliser ces progr\u00e8s.<\/p>\n<p>\u00ab\u00a0M\u00eame dans ce que je crois \u00eatre la meilleure d\u00e9cennie des Wolves depuis un demi-si\u00e8cle, des moments difficiles sont in\u00e9vitables. Le succ\u00e8s ne consiste pas \u00e0 \u00e9viter les d\u00e9fis ; il s&#39;agit de la fa\u00e7on dont nous y r\u00e9pondons.<\/p>\n<p>Le groupe de propri\u00e9t\u00e9 des Wolves, Fosun, a \u00e9galement \u00e9t\u00e9 critiqu\u00e9 par ses supporters apr\u00e8s avoir vendu des stars cl\u00e9s telles que Ruben Neves, Matheus Nunes et Max Kilman et un manque de r\u00e9investissement dans l&#39;\u00e9quipe.<\/p>\n<p>Mais Shi a pris la d\u00e9fense de la hi\u00e9rarchie du club, insistant sur le fait que l&#39;acquisition de Fosun a co\u00efncid\u00e9 avec l&#39;un des plus grands succ\u00e8s de l&#39;histoire du club.<\/p>\n<p>Il a ajout\u00e9 : \u00ab Je crois fermement que nous vivons l&#39;une des p\u00e9riodes les plus comp\u00e9titives et les plus r\u00e9ussies de l&#39;histoire du club.<\/p>\n<p>\u00ab Au cours des neuf derni\u00e8res ann\u00e9es, depuis que Fosun a commenc\u00e9 \u00e0 devenir propri\u00e9taire en 2016, les Wolves ont connu des sommets incroyables et ont endur\u00e9 des creux difficiles.<\/p>\n<p>\u00ab Tout au long de cette p\u00e9riode, le succ\u00e8s ou l\u2019\u00e9chec n\u2019a jamais \u00e9t\u00e9 le fait d\u2019un seul individu \u2013 il a toujours \u00e9t\u00e9 une question de collectif.<\/p>\n<p>\u00ab Le football est, \u00e0 la base, un sport d\u2019\u00e9quipe, et ce principe s\u2019\u00e9tend au-del\u00e0 du terrain. Les propri\u00e9taires font bien s\u00fbr partie de l\u2019\u00e9quipe, tout comme les fans. Il n\u2019est pas raisonnable d\u2019attribuer les victoires uniquement \u00e0 ceux qui sont sur le terrain ou de rejeter enti\u00e8rement les frustrations sur ceux qui travaillent dans les coulisses, ou vice versa.<\/p>\n<p>\u00ab Nous partageons \u00e9galement les succ\u00e8s et les d\u00e9fis. Le sens des affaires joue un r\u00f4le cl\u00e9 dans toutes nos d\u00e9cisions, notre strat\u00e9gie et nos op\u00e9rations \u00e9voluant constamment pour s\u2019adapter \u00e0 l\u2019industrie du football et au paysage mondial en constante \u00e9volution.<\/p>\n<\/p><\/div>\n","protected":false},"excerpt":{"rendered":"<p>Le pr\u00e9sident des Wolves, Jeff Shi, a publiquement soutenu le manager Gary O&#39;Neil, affirmant que le club est \u00ab uni \u00bb pour soutenir le patron<\/p>\n","protected":false},"author":1,"featured_media":17380,"comment_status":"closed","ping_status":"","sticky":false,"template":"","format":"standard","meta":{"footnotes":""},"categories":[3],"tags":[7328,333,1279,12,217,1909,231,51,2901,3804,7327,4783,477,7329,1454],"yoast_head":"<!-- This site is optimized with the Yoast SEO plugin v21.0 - https:\/\/yoast.com\/wordpress\/plugins\/seo\/ -->\n<title>Le propri\u00e9taire des Wolves, Jeff Shi, soutient publiquement le patron assi\u00e9g\u00e9 et d\u00e9clare que le club est \u00ab uni \u00bb pour le soutenir<\/title>\n<meta name=\"robots\" content=\"index, follow, max-snippet:-1, max-image-preview:large, max-video-preview:-1\" \/>\n<link rel=\"canonical\" href=\"https:\/\/footdavant.fr\/actualites\/le-proprietaire-des-wolves-jeff-shi-soutient-publiquement-le-patron-assiege-et-declare-que-le-club-est-uni-pour-le-soutenir\/\" \/>\n<meta property=\"og:locale\" content=\"fr_FR\" \/>\n<meta property=\"og:type\" content=\"article\" \/>\n<meta property=\"og:title\" content=\"Le propri\u00e9taire des Wolves, Jeff Shi, soutient publiquement le patron assi\u00e9g\u00e9 et d\u00e9clare que le club est \u00ab uni \u00bb pour le soutenir\" \/>\n<meta property=\"og:description\" content=\"Le pr\u00e9sident des Wolves, Jeff Shi, a publiquement soutenu le manager Gary O&#039;Neil, affirmant que le club est \u00ab uni \u00bb pour soutenir le patron\" \/>\n<meta property=\"og:url\" content=\"https:\/\/footdavant.fr\/actualites\/le-proprietaire-des-wolves-jeff-shi-soutient-publiquement-le-patron-assiege-et-declare-que-le-club-est-uni-pour-le-soutenir\/\" \/>\n<meta property=\"og:site_name\" content=\"Foot d&#039;avant\" \/>\n<meta property=\"article:publisher\" content=\"https:\/\/www.facebook.com\/Footdavant\/\" \/>\n<meta property=\"article:published_time\" content=\"2024-12-12T15:48:25+00:00\" \/>\n<meta property=\"article:modified_time\" content=\"2024-12-12T15:48:27+00:00\" \/>\n<meta property=\"og:image\" content=\"https:\/\/footdavant.fr\/actualites\/wp-content\/uploads\/2024\/12\/Le-proprietaire-des-Wolves-Jeff-Shi-soutient-publiquement-le-patron.jpg\" \/>\n\t<meta property=\"og:image:width\" content=\"1200\" \/>\n\t<meta property=\"og:image:height\" content=\"675\" \/>\n\t<meta property=\"og:image:type\" content=\"image\/jpeg\" \/>\n<meta name=\"author\" content=\"Cl\u00e9ment\" \/>\n<meta name=\"twitter:card\" content=\"summary_large_image\" \/>\n<meta name=\"twitter:creator\" content=\"@FootdavantFr\" \/>\n<meta name=\"twitter:site\" content=\"@FootdavantFr\" \/>\n<meta name=\"twitter:label1\" content=\"\u00c9crit par\" \/>\n\t<meta name=\"twitter:data1\" content=\"Cl\u00e9ment\" \/>\n\t<meta name=\"twitter:label2\" content=\"Dur\u00e9e de lecture estim\u00e9e\" \/>\n\t<meta name=\"twitter:data2\" content=\"3 minutes\" \/>\n<script type=\"application\/ld+json\" class=\"yoast-schema-graph\">{\"@context\":\"https:\/\/schema.org\",\"@graph\":[{\"@type\":\"Article\",\"@id\":\"https:\/\/footdavant.fr\/actualites\/le-proprietaire-des-wolves-jeff-shi-soutient-publiquement-le-patron-assiege-et-declare-que-le-club-est-uni-pour-le-soutenir\/#article\",\"isPartOf\":{\"@id\":\"https:\/\/footdavant.fr\/actualites\/le-proprietaire-des-wolves-jeff-shi-soutient-publiquement-le-patron-assiege-et-declare-que-le-club-est-uni-pour-le-soutenir\/\"},\"author\":{\"name\":\"Cl\u00e9ment\",\"@id\":\"https:\/\/footdavant.fr\/actualites\/#\/schema\/person\/bc222566d95871b37e597b3ed3ba5e1d\"},\"headline\":\"Le propri\u00e9taire des Wolves, Jeff Shi, soutient publiquement le patron assi\u00e9g\u00e9 et d\u00e9clare que le club est \u00ab uni \u00bb pour le soutenir\",\"datePublished\":\"2024-12-12T15:48:25+00:00\",\"dateModified\":\"2024-12-12T15:48:27+00:00\",\"mainEntityOfPage\":{\"@id\":\"https:\/\/footdavant.fr\/actualites\/le-proprietaire-des-wolves-jeff-shi-soutient-publiquement-le-patron-assiege-et-declare-que-le-club-est-uni-pour-le-soutenir\/\"},\"wordCount\":592,\"publisher\":{\"@id\":\"https:\/\/footdavant.fr\/actualites\/#organization\"},\"keywords\":[\"assi\u00e9g\u00e9\",\"club\",\"d\u00e9clar\u00e9\",\"des\",\"est\",\"Jeff\",\"patron\",\"pour\",\"propri\u00e9taire\",\"publiquement\",\"Shi\",\"soutenir\",\"soutient\",\"uni\",\"Wolves\"],\"articleSection\":[\"Football\"],\"inLanguage\":\"fr-FR\"},{\"@type\":\"WebPage\",\"@id\":\"https:\/\/footdavant.fr\/actualites\/le-proprietaire-des-wolves-jeff-shi-soutient-publiquement-le-patron-assiege-et-declare-que-le-club-est-uni-pour-le-soutenir\/\",\"url\":\"https:\/\/footdavant.fr\/actualites\/le-proprietaire-des-wolves-jeff-shi-soutient-publiquement-le-patron-assiege-et-declare-que-le-club-est-uni-pour-le-soutenir\/\",\"name\":\"Le propri\u00e9taire des Wolves, Jeff Shi, soutient publiquement le patron assi\u00e9g\u00e9 et d\u00e9clare que le club est \u00ab uni \u00bb pour le soutenir\",\"isPartOf\":{\"@id\":\"https:\/\/footdavant.fr\/actualites\/#website\"},\"datePublished\":\"2024-12-12T15:48:25+00:00\",\"dateModified\":\"2024-12-12T15:48:27+00:00\",\"breadcrumb\":{\"@id\":\"https:\/\/footdavant.fr\/actualites\/le-proprietaire-des-wolves-jeff-shi-soutient-publiquement-le-patron-assiege-et-declare-que-le-club-est-uni-pour-le-soutenir\/#breadcrumb\"},\"inLanguage\":\"fr-FR\",\"potentialAction\":[{\"@type\":\"ReadAction\",\"target\":[\"https:\/\/footdavant.fr\/actualites\/le-proprietaire-des-wolves-jeff-shi-soutient-publiquement-le-patron-assiege-et-declare-que-le-club-est-uni-pour-le-soutenir\/\"]}]},{\"@type\":\"BreadcrumbList\",\"@id\":\"https:\/\/footdavant.fr\/actualites\/le-proprietaire-des-wolves-jeff-shi-soutient-publiquement-le-patron-assiege-et-declare-que-le-club-est-uni-pour-le-soutenir\/#breadcrumb\",\"itemListElement\":[{\"@type\":\"ListItem\",\"position\":1,\"name\":\"Accueil\",\"item\":\"https:\/\/footdavant.fr\/actualites\/\"},{\"@type\":\"ListItem\",\"position\":2,\"name\":\"Le propri\u00e9taire des Wolves, Jeff Shi, soutient publiquement le patron assi\u00e9g\u00e9 et d\u00e9clare que le club est \u00ab uni \u00bb pour le soutenir\"}]},{\"@type\":\"WebSite\",\"@id\":\"https:\/\/footdavant.fr\/actualites\/#website\",\"url\":\"https:\/\/footdavant.fr\/actualites\/\",\"name\":\"Foot d'avant\",\"description\":\"\",\"publisher\":{\"@id\":\"https:\/\/footdavant.fr\/actualites\/#organization\"},\"potentialAction\":[{\"@type\":\"SearchAction\",\"target\":{\"@type\":\"EntryPoint\",\"urlTemplate\":\"https:\/\/footdavant.fr\/actualites\/?s={search_term_string}\"},\"query-input\":\"required name=search_term_string\"}],\"inLanguage\":\"fr-FR\"},{\"@type\":\"Organization\",\"@id\":\"https:\/\/footdavant.fr\/actualites\/#organization\",\"name\":\"Foot d'avant\",\"url\":\"https:\/\/footdavant.fr\/actualites\/\",\"logo\":{\"@type\":\"ImageObject\",\"inLanguage\":\"fr-FR\",\"@id\":\"https:\/\/footdavant.fr\/actualites\/#\/schema\/logo\/image\/\",\"url\":\"https:\/\/footdavant.fr\/actualites\/wp-content\/uploads\/2023\/09\/Copy-of-FootDavant-Logo.png\",\"contentUrl\":\"https:\/\/footdavant.fr\/actualites\/wp-content\/uploads\/2023\/09\/Copy-of-FootDavant-Logo.png\",\"width\":936,\"height\":549,\"caption\":\"Foot d'avant\"},\"image\":{\"@id\":\"https:\/\/footdavant.fr\/actualites\/#\/schema\/logo\/image\/\"},\"sameAs\":[\"https:\/\/www.facebook.com\/Footdavant\/\",\"https:\/\/twitter.com\/FootdavantFr\",\"https:\/\/www.instagram.com\/footdavant.fr\/\"]},{\"@type\":\"Person\",\"@id\":\"https:\/\/footdavant.fr\/actualites\/#\/schema\/person\/bc222566d95871b37e597b3ed3ba5e1d\",\"name\":\"Cl\u00e9ment\",\"image\":{\"@type\":\"ImageObject\",\"inLanguage\":\"fr-FR\",\"@id\":\"https:\/\/footdavant.fr\/actualites\/#\/schema\/person\/image\/\",\"url\":\"https:\/\/secure.gravatar.com\/avatar\/7728b29aac2719421e1a9159b2254c44?s=96&d=mm&r=g\",\"contentUrl\":\"https:\/\/secure.gravatar.com\/avatar\/7728b29aac2719421e1a9159b2254c44?s=96&d=mm&r=g\",\"caption\":\"Cl\u00e9ment\"},\"sameAs\":[\"https:\/\/footdavant.fr\/\"]}]}<\/script>\n<!-- \/ Yoast SEO plugin. -->","yoast_head_json":{"title":"Le propri\u00e9taire des Wolves, Jeff Shi, soutient publiquement le patron assi\u00e9g\u00e9 et d\u00e9clare que le club est \u00ab uni \u00bb pour le soutenir","robots":{"index":"index","follow":"follow","max-snippet":"max-snippet:-1","max-image-preview":"max-image-preview:large","max-video-preview":"max-video-preview:-1"},"canonical":"https:\/\/footdavant.fr\/actualites\/le-proprietaire-des-wolves-jeff-shi-soutient-publiquement-le-patron-assiege-et-declare-que-le-club-est-uni-pour-le-soutenir\/","og_locale":"fr_FR","og_type":"article","og_title":"Le propri\u00e9taire des Wolves, Jeff Shi, soutient publiquement le patron assi\u00e9g\u00e9 et d\u00e9clare que le club est \u00ab uni \u00bb pour le soutenir","og_description":"Le pr\u00e9sident des Wolves, Jeff Shi, a publiquement soutenu le manager Gary O&#39;Neil, affirmant que le club est \u00ab uni \u00bb pour soutenir le patron","og_url":"https:\/\/footdavant.fr\/actualites\/le-proprietaire-des-wolves-jeff-shi-soutient-publiquement-le-patron-assiege-et-declare-que-le-club-est-uni-pour-le-soutenir\/","og_site_name":"Foot d&#039;avant","article_publisher":"https:\/\/www.facebook.com\/Footdavant\/","article_published_time":"2024-12-12T15:48:25+00:00","article_modified_time":"2024-12-12T15:48:27+00:00","og_image":[{"width":1200,"height":675,"url":"https:\/\/footdavant.fr\/actualites\/wp-content\/uploads\/2024\/12\/Le-proprietaire-des-Wolves-Jeff-Shi-soutient-publiquement-le-patron.jpg","type":"image\/jpeg"}],"author":"Cl\u00e9ment","twitter_card":"summary_large_image","twitter_creator":"@FootdavantFr","twitter_site":"@FootdavantFr","twitter_misc":{"\u00c9crit par":"Cl\u00e9ment","Dur\u00e9e de lecture estim\u00e9e":"3 minutes"},"schema":{"@context":"https:\/\/schema.org","@graph":[{"@type":"Article","@id":"https:\/\/footdavant.fr\/actualites\/le-proprietaire-des-wolves-jeff-shi-soutient-publiquement-le-patron-assiege-et-declare-que-le-club-est-uni-pour-le-soutenir\/#article","isPartOf":{"@id":"https:\/\/footdavant.fr\/actualites\/le-proprietaire-des-wolves-jeff-shi-soutient-publiquement-le-patron-assiege-et-declare-que-le-club-est-uni-pour-le-soutenir\/"},"author":{"name":"Cl\u00e9ment","@id":"https:\/\/footdavant.fr\/actualites\/#\/schema\/person\/bc222566d95871b37e597b3ed3ba5e1d"},"headline":"Le propri\u00e9taire des Wolves, Jeff Shi, soutient publiquement le patron assi\u00e9g\u00e9 et d\u00e9clare que le club est \u00ab uni \u00bb pour le soutenir","datePublished":"2024-12-12T15:48:25+00:00","dateModified":"2024-12-12T15:48:27+00:00","mainEntityOfPage":{"@id":"https:\/\/footdavant.fr\/actualites\/le-proprietaire-des-wolves-jeff-shi-soutient-publiquement-le-patron-assiege-et-declare-que-le-club-est-uni-pour-le-soutenir\/"},"wordCount":592,"publisher":{"@id":"https:\/\/footdavant.fr\/actualites\/#organization"},"keywords":["assi\u00e9g\u00e9","club","d\u00e9clar\u00e9","des","est","Jeff","patron","pour","propri\u00e9taire","publiquement","Shi","soutenir","soutient","uni","Wolves"],"articleSection":["Football"],"inLanguage":"fr-FR"},{"@type":"WebPage","@id":"https:\/\/footdavant.fr\/actualites\/le-proprietaire-des-wolves-jeff-shi-soutient-publiquement-le-patron-assiege-et-declare-que-le-club-est-uni-pour-le-soutenir\/","url":"https:\/\/footdavant.fr\/actualites\/le-proprietaire-des-wolves-jeff-shi-soutient-publiquement-le-patron-assiege-et-declare-que-le-club-est-uni-pour-le-soutenir\/","name":"Le propri\u00e9taire des Wolves, Jeff Shi, soutient publiquement le patron assi\u00e9g\u00e9 et d\u00e9clare que le club est \u00ab uni \u00bb pour le soutenir","isPartOf":{"@id":"https:\/\/footdavant.fr\/actualites\/#website"},"datePublished":"2024-12-12T15:48:25+00:00","dateModified":"2024-12-12T15:48:27+00:00","breadcrumb":{"@id":"https:\/\/footdavant.fr\/actualites\/le-proprietaire-des-wolves-jeff-shi-soutient-publiquement-le-patron-assiege-et-declare-que-le-club-est-uni-pour-le-soutenir\/#breadcrumb"},"inLanguage":"fr-FR","potentialAction":[{"@type":"ReadAction","target":["https:\/\/footdavant.fr\/actualites\/le-proprietaire-des-wolves-jeff-shi-soutient-publiquement-le-patron-assiege-et-declare-que-le-club-est-uni-pour-le-soutenir\/"]}]},{"@type":"BreadcrumbList","@id":"https:\/\/footdavant.fr\/actualites\/le-proprietaire-des-wolves-jeff-shi-soutient-publiquement-le-patron-assiege-et-declare-que-le-club-est-uni-pour-le-soutenir\/#breadcrumb","itemListElement":[{"@type":"ListItem","position":1,"name":"Accueil","item":"https:\/\/footdavant.fr\/actualites\/"},{"@type":"ListItem","position":2,"name":"Le propri\u00e9taire des Wolves, Jeff Shi, soutient publiquement le patron assi\u00e9g\u00e9 et d\u00e9clare que le club est \u00ab uni \u00bb pour le soutenir"}]},{"@type":"WebSite","@id":"https:\/\/footdavant.fr\/actualites\/#website","url":"https:\/\/footdavant.fr\/actualites\/","name":"Foot d'avant","description":"","publisher":{"@id":"https:\/\/footdavant.fr\/actualites\/#organization"},"potentialAction":[{"@type":"SearchAction","target":{"@type":"EntryPoint","urlTemplate":"https:\/\/footdavant.fr\/actualites\/?s={search_term_string}"},"query-input":"required name=search_term_string"}],"inLanguage":"fr-FR"},{"@type":"Organization","@id":"https:\/\/footdavant.fr\/actualites\/#organization","name":"Foot d'avant","url":"https:\/\/footdavant.fr\/actualites\/","logo":{"@type":"ImageObject","inLanguage":"fr-FR","@id":"https:\/\/footdavant.fr\/actualites\/#\/schema\/logo\/image\/","url":"https:\/\/footdavant.fr\/actualites\/wp-content\/uploads\/2023\/09\/Copy-of-FootDavant-Logo.png","contentUrl":"https:\/\/footdavant.fr\/actualites\/wp-content\/uploads\/2023\/09\/Copy-of-FootDavant-Logo.png","width":936,"height":549,"caption":"Foot d'avant"},"image":{"@id":"https:\/\/footdavant.fr\/actualites\/#\/schema\/logo\/image\/"},"sameAs":["https:\/\/www.facebook.com\/Footdavant\/","https:\/\/twitter.com\/FootdavantFr","https:\/\/www.instagram.com\/footdavant.fr\/"]},{"@type":"Person","@id":"https:\/\/footdavant.fr\/actualites\/#\/schema\/person\/bc222566d95871b37e597b3ed3ba5e1d","name":"Cl\u00e9ment","image":{"@type":"ImageObject","inLanguage":"fr-FR","@id":"https:\/\/footdavant.fr\/actualites\/#\/schema\/person\/image\/","url":"https:\/\/secure.gravatar.com\/avatar\/7728b29aac2719421e1a9159b2254c44?s=96&d=mm&r=g","contentUrl":"https:\/\/secure.gravatar.com\/avatar\/7728b29aac2719421e1a9159b2254c44?s=96&d=mm&r=g","caption":"Cl\u00e9ment"},"sameAs":["https:\/\/footdavant.fr\/"]}]}},"_links":{"self":[{"href":"https:\/\/footdavant.fr\/actualites\/wp-json\/wp\/v2\/posts\/17379"}],"collection":[{"href":"https:\/\/footdavant.fr\/actualites\/wp-json\/wp\/v2\/posts"}],"about":[{"href":"https:\/\/footdavant.fr\/actualites\/wp-json\/wp\/v2\/types\/post"}],"author":[{"embeddable":true,"href":"https:\/\/footdavant.fr\/actualites\/wp-json\/wp\/v2\/users\/1"}],"replies":[{"embeddable":true,"href":"https:\/\/footdavant.fr\/actualites\/wp-json\/wp\/v2\/comments?post=17379"}],"version-history":[{"count":1,"href":"https:\/\/footdavant.fr\/actualites\/wp-json\/wp\/v2\/posts\/17379\/revisions"}],"predecessor-version":[{"id":17381,"href":"https:\/\/footdavant.fr\/actualites\/wp-json\/wp\/v2\/posts\/17379\/revisions\/17381"}],"wp:featuredmedia":[{"embeddable":true,"href":"https:\/\/footdavant.fr\/actualites\/wp-json\/wp\/v2\/media\/17380"}],"wp:attachment":[{"href":"https:\/\/footdavant.fr\/actualites\/wp-json\/wp\/v2\/media?parent=17379"}],"wp:term":[{"taxonomy":"category","embeddable":true,"href":"https:\/\/footdavant.fr\/actualites\/wp-json\/wp\/v2\/categories?post=17379"},{"taxonomy":"post_tag","embeddable":true,"href":"https:\/\/footdavant.fr\/actualites\/wp-json\/wp\/v2\/tags?post=17379"}],"curies":[{"name":"wp","href":"https:\/\/api.w.org\/{rel}","templated":true}]}}