{"id":17382,"date":"2024-12-12T17:48:03","date_gmt":"2024-12-12T16:48:03","guid":{"rendered":"https:\/\/footdavant.fr\/actualites\/arsenal-contre-monaco-mikel-arteta-doit-eviter-une-erreur-defensive-perturbatrice-lors-du-choc-de-la-ligue-des-champions\/"},"modified":"2024-12-12T17:48:12","modified_gmt":"2024-12-12T16:48:12","slug":"arsenal-contre-monaco-mikel-arteta-doit-eviter-une-erreur-defensive-perturbatrice-lors-du-choc-de-la-ligue-des-champions","status":"publish","type":"post","link":"https:\/\/footdavant.fr\/actualites\/arsenal-contre-monaco-mikel-arteta-doit-eviter-une-erreur-defensive-perturbatrice-lors-du-choc-de-la-ligue-des-champions\/","title":{"rendered":"Arsenal contre Monaco : Mikel Arteta doit \u00e9viter une erreur d\u00e9fensive \u00ab perturbatrice \u00bb lors du choc de la Ligue des champions"},"content":{"rendered":"<p>L&#39;expert d&#39;Arsenal, Charles Watts, avertit Mikel Arteta d&#39;\u00e9viter une erreur sp\u00e9cifique qu&#39;il a commise contre Fulham lors de la visite de Monaco aux Emirats. lors du match nul de mercredi en Ligue des champions.<\/p>\n<div id=\"article_body\" itemprop=\"articleBody\">\n<h3 class=\"firstPara\">\n<strong class=\"autotag\">Arsenal<\/strong> entra\u00eeneur-chef <strong class=\"autotag\">Mikel Arteta<\/strong> doivent \u00e9viter de r\u00e9p\u00e9ter une erreur particuli\u00e8re si les Gunners veulent prendre le dessus sur <strong class=\"autotag\">Monaco<\/strong> dans l&#39;\u00e9mission \u00ab\u00a0vraiment, vraiment cruciale\u00a0\u00bb de mercredi <strong class=\"autotag\">Ligue des Champions<\/strong> affrontement aux Emirats.<\/h3>\n<p>C&#39;est l&#39;avis d&#39;un expert <strong class=\"autotag\">Charles Watts<\/strong>qui s&#39;attend \u00e0 une bataille passionnante entre deux clubs avec une grande histoire commune en termes de personnel, comme <strong class=\"autotag\">Ars\u00e8ne Wenger<\/strong>, <strong class=\"autotag\">Thierry Henri<\/strong> et actuel attaquant mon\u00e9gasque <strong class=\"autotag\">Folarin Balogun<\/strong> ont tous \u00e9t\u00e9 employ\u00e9s par les deux groupes.<\/p>\n<p>Arsenal et Monaco ont pris 10 points lors de leurs cinq premiers matchs de la saison en UCL pour s&#39;asseoir dans le groupe. <strong>les huit premi\u00e8res places du tableau des 36 \u00e9quipes<\/strong>ce qui leur permettrait d&#39;obtenir un billet pour les huiti\u00e8mes de finale sans avoir besoin de s\u00e9ries \u00e9liminatoires aller-retour au cours des deuxi\u00e8me et troisi\u00e8me semaines de f\u00e9vrier.<\/p>\n<p>\u00ab\u00a0Cela en dit long sur le calendrier, n&#39;est-ce pas, que la carotte d&#39;avoir deux matchs de moins semble \u00eatre plus importante que de se qualifier directement pour un quart de finale en Ligue des champions ! Nous ne voulons pas jouer autant jeux, mais c&#39;est un gros probl\u00e8me\u00a0\u00bb, a d\u00e9clar\u00e9 Watts <strong>Taupe de sport<\/strong>.<\/p>\n<p>\u00ab\u00a0Je pense que la victoire au Sporting a \u00e9t\u00e9 \u00e9norme pour Arsenal en ce qui concerne la fa\u00e7on dont ces trois derniers matchs de la Ligue des champions se d\u00e9roulent. Si ce r\u00e9sultat n&#39;avait pas \u00e9t\u00e9 positif au Portugal, le top huit aurait probablement sembl\u00e9 assez irr\u00e9aliste, mais maintenant ils ont J&#39;ai eu une vraie opportunit\u00e9, surtout avec les deux prochains matchs \u00e0 domicile. C&#39;est sans aucun doute le plus difficile des trois derniers. <\/p>\n<h2 class=\"k3\">\u00ab\u00a0Arsenal a une sacr\u00e9e chance de terminer parmi les huit premiers\u00a0\u00bb<\/h2>\n<p><iframe loading=\"lazy\" title=\"Arsenal vs. Monaco preview | @CharlesWattsAFCnews looks ahead to &quot;crucial&quot; Champions League tie\" width=\"1200\" height=\"675\" src=\"https:\/\/www.youtube.com\/embed\/p8H37NdyNzk?feature=oembed\" frameborder=\"0\" allow=\"accelerometer; autoplay; clipboard-write; encrypted-media; gyroscope; picture-in-picture; web-share\" referrerpolicy=\"strict-origin-when-cross-origin\" allowfullscreen><\/iframe><\/p>\n<p>\u00ab\u00a0Monaco a fait une bonne saison, a fait un bon d\u00e9but en Ligue des champions, mais si Arsenal pouvait gagner demain et que vous disputez ensuite ces deux derniers matchs, ils ont de grandes chances de se garantir le top huit. C&#39;est donc un match vraiment, vraiment crucial en termes de Ligue des champions pour Arsenal, Mikel Arteta le prendra absolument tr\u00e8s, tr\u00e8s au s\u00e9rieux. <\/p>\n<p>\u00ab\u00a0Je ne le vois pas faire de changements ou reposer ses joueurs pour le week-end, par exemple. Il pourrait y en avoir quelques-uns, mais \u00e0 part \u00e7a, je pense que ce sera une \u00e9quipe tr\u00e8s forte qu&#39;Arteta pr\u00e9sentera. Il voudra gagner ce match. Il voudra avoir deux matchs de moins au d\u00e9but de 2025. <\/p>\n<p>\u00ab\u00a0Vraiment, un tr\u00e8s gros match pour Arsenal. J&#39;ai h\u00e2te d&#39;y \u00eatre, en fait. Je pense que Monaco joue de bonnes choses et a obtenu de bons r\u00e9sultats. Cela devrait donc \u00eatre une soir\u00e9e d\u00e9cente \u00e0 l&#39;Emirates. Un gros, gros match.\u00a0\u00bb<\/p>\n<p>L&#39;\u00e9quipe d&#39;Arteta reprend ses fonctions europ\u00e9ennes gr\u00e2ce \u00e0 un <strong>nul d\u00e9courageant 1-1 en Premier League contre Fulham<\/strong>ce qui leur a laiss\u00e9 six points de retard sur le leader Liverpool en t\u00eate du classement apr\u00e8s avoir jou\u00e9 un match de plus de <strong class=\"autotag\">Machine \u00e0 sous Arne<\/strong>du c\u00f4t\u00e9.<\/p>\n<p>Les Gunners ont re\u00e7u un coup d\u00e9vastateur avant le coup d&#39;envoi \u00e0 Craven Cottage, alors que <strong class=\"autotag\">Alexandre Zinchenko<\/strong> rejoint d&#39;autres d\u00e9fenseurs <strong class=\"autotag\">Ben Blanc<\/strong>, <strong class=\"autotag\">Riccardo Calafiori<\/strong>, <strong class=\"autotag\">Gabriel Magalhaes<\/strong> et <strong class=\"autotag\">Takehiro Tomiyasu<\/strong> en marge d&#39;un probl\u00e8me inconnu, qui menace \u00e9galement sa disponibilit\u00e9 pour la visite de Monaco.<\/p>\n<p>Au lieu de faire confiance <strong class=\"autotag\">Myles Lewis-Skelly<\/strong> ou <strong class=\"autotag\">Kieran Tierney<\/strong> \u00e0 l&#39;arri\u00e8re gauche, Arteta a chang\u00e9 <strong class=\"autotag\">Jurrien Bois<\/strong> vers son flanc le moins favoris\u00e9 et l\u00e2ch\u00e9 <strong class=\"autotag\">Thomas Partey<\/strong> dans la fente d&#39;arri\u00e8re droit, un changement qui, selon Watts, s&#39;est av\u00e9r\u00e9 \u00ab\u00a0trop \u200b\u200bperturbateur\u00a0\u00bb alors qu&#39;Arsenal a perdu deux points cruciaux dans la course au titre.<\/p>\n<h2 class=\"k3\">Arteta invit\u00e9 \u00e0 faire un changement d&#39;arri\u00e8re lat\u00e9ral lors de la confrontation \u00e0 Monaco<\/h2>\n<p class=\"imgI\">\n<p>\u00ab\u00a0Je pense toujours que le gros probl\u00e8me d&#39;Arsenal en ce moment, qui semble fou dans la mesure o\u00f9 ils ne cr\u00e9ent pas autant \u00e0 partir du jeu ouvert, est la d\u00e9fense\u00a0\u00bb, a ajout\u00e9 Watts. \u00ab\u00a0La d\u00e9fense est tellement perturb\u00e9e chaque semaine. Ce sont juste des choses diff\u00e9rentes qui se produisent. Encore une fois, il a fait quelque chose que je n&#39;ai pas aim\u00e9 contre Fulham. Il a fait quelque chose que je sais que beaucoup de gens n&#39;ont pas aim\u00e9 contre Fulham. <\/p>\n<p>\u00ab\u00a0Quand il n&#39;y avait pas de Zinchenko, Timber \u00e9tait sur la gauche et Partey revenait en arri\u00e8re et le faisait sortir du milieu de terrain. C&#39;\u00e9tait tout simplement trop perturb\u00e9. D\u00e8s que j&#39;ai vu que Zinchenko ne descendait pas de l&#39;entra\u00eeneur, j&#39;ai J&#39;ai imm\u00e9diatement eu peur que ce soit ce qu&#39;il allait faire. Et il l&#39;a fait. <\/p>\n<p>\u00ab\u00a0Tous les deux ont bien jou\u00e9. Timber a bien jou\u00e9. Partey a bien jou\u00e9. Ils peuvent donc jouer dans ces positions. Mais cela enl\u00e8ve tellement de choses, en particulier sur le c\u00f4t\u00e9 droit en termes d&#39;intention offensive d&#39;Arsenal, de ne pas avoir Timber l\u00e0-bas. parce que Partey ne se d\u00e9place pas vers les zones centrales, ce qui est compr\u00e9hensible, et cela encombre encore plus cette zone centrale. Mais quand Timber est l\u00e0, il \u00e9loigne les joueurs. Saka. donne \u00e0 Saka plus d&#39;espace \u00e0 exploiter. <\/p>\n<p>Tierney n&#39;a pas encore jou\u00e9 une seule minute pour Arsenal cette saison apr\u00e8s sa blessure aux ischio-jambiers lors de l&#39;Euro 2024, et il est largement admis qu&#39;il sera en mouvement l&#39;ann\u00e9e prochaine, tandis que l&#39;adolescent Lewis-Skelly n&#39;a d\u00e9but\u00e9 qu&#39;un seul match contre Bolton Wanderers dans le Coupe EFL.<\/p>\n<p>Cependant, Watts &#8211; parlant avant qu&#39;il ne soit r\u00e9v\u00e9l\u00e9 que <strong>Partey et Timber \u00e9taient \u00e9galement incertains pour le concours<\/strong> &#8211; aimerait voir Arteta aligner l&#39;un des duo du c\u00f4t\u00e9 gauche contre Monaco, expliquant : \u00ab\u00a0Vous avez Tierney sur le banc, vous avez m\u00eame Myles Lewis-Skelly sur le banc. \u00c0 qui dois-je le dire Mikel Arteta, que faire ? Il est \u00e9videmment beaucoup plus exp\u00e9riment\u00e9 que moi. Mais cela lui semblait une option beaucoup plus facile de jouer l&#39;un des deux joueurs qu&#39;il consid\u00e8re comme un arri\u00e8re gauche.<\/p>\n<p>\u00ab\u00a0Gardez Timber \u00e0 l&#39;arri\u00e8re droit. Gardez Partey au milieu de terrain. Et vous aurez simplement une meilleure apparence en tant que force offensive. J&#39;aimerais donc le voir changer cela contre Monaco. S&#39;il n&#39;y a pas de Calafiori, s&#39;il n&#39;y a pas de Zinchenko, J&#39;aimerais le voir accorder un peu de confiance \u00e0 Lewis-Skelly ou \u00e0 Tierney s&#39;ils sont jug\u00e9s suffisamment en forme pour commencer et garder Timber sur le c\u00f4t\u00e9 droit. Je pense que cela ferait une grande diff\u00e9rence dans la fa\u00e7on dont Arsenal se comportera. consid\u00e9rez-vous comme une \u00e9quipe offensive.\u00a0\u00bb<\/p>\n<h2 class=\"k3\">Arsenal aura-t-il des joueurs bless\u00e9s de retour pour le choc contre Monaco ?<\/h2>\n<p class=\"imgI\">\n<p>Arsenal sera d\u00e9finitivement priv\u00e9 de White et Tomiyasu, victimes de longue date du genou, pour la visite \u00e0 Monaco, tandis qu&#39;aucun de Gabriel, Zinchenko ou Calafiori n&#39;a \u00e9t\u00e9 aper\u00e7u \u00e0 l&#39;entra\u00eenement de l&#39;\u00e9quipe mardi, ce qui sugg\u00e8re qu&#39;ils ne seront pas non plus aptes \u00e0 la comp\u00e9tition.<\/p>\n<p>Comme si Arsenal n&#39;avait pas assez de difficult\u00e9s en d\u00e9fense, Timber et Partey \u00e9taient \u00e9galement absents de la s\u00e9ance de mardi, ce qui signifie qu&#39;Arteta pourrait \u00eatre contraint d&#39;aligner soit <strong class=\"autotag\">Josh Nichols<\/strong> ou un autre dipl\u00f4m\u00e9 de l&#39;acad\u00e9mie <strong class=\"autotag\">Josh Robinson<\/strong> \u00e0 l&#39;arri\u00e8re droit mercredi.<\/p>\n<p>\u00ab\u00a0C&#39;est juste l&#39;histoire de la saison, n&#39;est-ce pas ? Une semaine, vous r\u00e9cup\u00e9rez soudainement certains joueurs. Vous pensez que \u00e7a s&#39;annonce bien. Et maintenant vous vous retrouvez sans Gabriel, Calafiuri et Zinchenko en un clin d&#39;\u0153il\u00a0\u00bb, a ajout\u00e9 Watts. . <\/p>\n<p>\u00ab\u00a0Mikel a \u00e9t\u00e9 interrog\u00e9 \u00e0 ce sujet lors de la conf\u00e9rence de presse apr\u00e8s le match contre Fulham et il n&#39;a pas vraiment r\u00e9v\u00e9l\u00e9 quoi que ce soit. Il ne l&#39;a jamais fait. Il a dit qu&#39;il esp\u00e9rait qu&#39;ils reviendraient, mais c&#39;\u00e9tait plut\u00f4t une question pour les m\u00e9decins. Celui de Zinchenko est frustrant parce qu&#39;il est revenu, il avait l&#39;air plut\u00f4t bien, il est revenu dans l&#39;\u00e9quipe et puis une autre blessure musculaire est apparue pour Zinchenko et ce n&#39;est tout simplement pas id\u00e9al pour lui. C&#39;est une histoire famili\u00e8re en termes de lui. carri\u00e8re \u00e0 Arsenal jusqu&#39;\u00e0 pr\u00e9sent.\u00a0\u00bb<\/p>\n<p>Arsenal et Monaco s&#39;affronteront pour la troisi\u00e8me fois seulement dans un match de comp\u00e9tition lorsqu&#39;ils s&#39;affronteront mercredi soir, pr\u00e8s de 10 ans apr\u00e8s. <strong>l&#39;\u00e9limination des Gunners en huiti\u00e8mes de finale de la Ligue des champions 2014-15<\/strong> aux Mon\u00e9gasques.<\/p>\n<p>Cependant, l&#39;\u00e9quipe fran\u00e7aise sera priv\u00e9e de l&#39;ancien attaquant d&#39;Arsenal Balogun, bless\u00e9 \u00e0 l&#39;\u00e9paule, tandis que les d\u00e9fenseurs <strong class=\"autotag\">Christian Mawissa<\/strong> et <strong class=\"autotag\">Wilfried Singo<\/strong> sont tous deux suspendus.<\/p>\n<div class=\"author_box\">\n<div class=\"author_box_banner\">\n<\/div>\n<\/div>\n<\/div>\n","protected":false},"excerpt":{"rendered":"<p>L&#39;expert d&#39;Arsenal, Charles Watts, avertit Mikel Arteta d&#39;\u00e9viter une erreur sp\u00e9cifique qu&#39;il a commise contre Fulham lors de la visite de Monaco aux Emirats. lors<\/p>\n","protected":false},"author":1,"featured_media":17383,"comment_status":"closed","ping_status":"","sticky":false,"template":"","format":"standard","meta":{"footnotes":""},"categories":[4],"tags":[67,211,31,332,20,3539,12,578,1453,2384,30,64,210,2808,7330,92],"yoast_head":"<!-- This site is optimized with the Yoast SEO plugin v21.0 - https:\/\/yoast.com\/wordpress\/plugins\/seo\/ -->\n<title>Arsenal contre Monaco : Mikel Arteta doit \u00e9viter une erreur d\u00e9fensive \u00ab perturbatrice \u00bb lors du choc de la Ligue des champions<\/title>\n<meta name=\"robots\" content=\"index, follow, max-snippet:-1, max-image-preview:large, max-video-preview:-1\" \/>\n<link rel=\"canonical\" href=\"https:\/\/footdavant.fr\/actualites\/arsenal-contre-monaco-mikel-arteta-doit-eviter-une-erreur-defensive-perturbatrice-lors-du-choc-de-la-ligue-des-champions\/\" \/>\n<meta property=\"og:locale\" content=\"fr_FR\" \/>\n<meta property=\"og:type\" content=\"article\" \/>\n<meta property=\"og:title\" content=\"Arsenal contre Monaco : Mikel Arteta doit \u00e9viter une erreur d\u00e9fensive \u00ab perturbatrice \u00bb lors du choc de la Ligue des champions\" \/>\n<meta property=\"og:description\" content=\"L&#039;expert d&#039;Arsenal, Charles Watts, avertit Mikel Arteta d&#039;\u00e9viter une erreur sp\u00e9cifique qu&#039;il a commise contre Fulham lors de la visite de Monaco aux Emirats. lors\" \/>\n<meta property=\"og:url\" content=\"https:\/\/footdavant.fr\/actualites\/arsenal-contre-monaco-mikel-arteta-doit-eviter-une-erreur-defensive-perturbatrice-lors-du-choc-de-la-ligue-des-champions\/\" \/>\n<meta property=\"og:site_name\" content=\"Foot d&#039;avant\" \/>\n<meta property=\"article:publisher\" content=\"https:\/\/www.facebook.com\/Footdavant\/\" \/>\n<meta property=\"article:published_time\" content=\"2024-12-12T16:48:03+00:00\" \/>\n<meta property=\"article:modified_time\" content=\"2024-12-12T16:48:12+00:00\" \/>\n<meta property=\"og:image\" content=\"https:\/\/footdavant.fr\/actualites\/wp-content\/uploads\/2024\/12\/Arsenal-contre-Monaco-Mikel-Arteta-doit-eviter-une-erreur.png\" \/>\n\t<meta property=\"og:image:width\" content=\"1280\" \/>\n\t<meta property=\"og:image:height\" content=\"960\" \/>\n\t<meta property=\"og:image:type\" content=\"image\/png\" \/>\n<meta name=\"author\" content=\"Cl\u00e9ment\" \/>\n<meta name=\"twitter:card\" content=\"summary_large_image\" \/>\n<meta name=\"twitter:creator\" content=\"@FootdavantFr\" \/>\n<meta name=\"twitter:site\" content=\"@FootdavantFr\" \/>\n<meta name=\"twitter:label1\" content=\"\u00c9crit par\" \/>\n\t<meta name=\"twitter:data1\" content=\"Cl\u00e9ment\" \/>\n\t<meta name=\"twitter:label2\" content=\"Dur\u00e9e de lecture estim\u00e9e\" \/>\n\t<meta name=\"twitter:data2\" content=\"8 minutes\" \/>\n<script type=\"application\/ld+json\" class=\"yoast-schema-graph\">{\"@context\":\"https:\/\/schema.org\",\"@graph\":[{\"@type\":\"Article\",\"@id\":\"https:\/\/footdavant.fr\/actualites\/arsenal-contre-monaco-mikel-arteta-doit-eviter-une-erreur-defensive-perturbatrice-lors-du-choc-de-la-ligue-des-champions\/#article\",\"isPartOf\":{\"@id\":\"https:\/\/footdavant.fr\/actualites\/arsenal-contre-monaco-mikel-arteta-doit-eviter-une-erreur-defensive-perturbatrice-lors-du-choc-de-la-ligue-des-champions\/\"},\"author\":{\"name\":\"Cl\u00e9ment\",\"@id\":\"https:\/\/footdavant.fr\/actualites\/#\/schema\/person\/bc222566d95871b37e597b3ed3ba5e1d\"},\"headline\":\"Arsenal contre Monaco : Mikel Arteta doit \u00e9viter une erreur d\u00e9fensive \u00ab perturbatrice \u00bb lors du choc de la Ligue des champions\",\"datePublished\":\"2024-12-12T16:48:03+00:00\",\"dateModified\":\"2024-12-12T16:48:12+00:00\",\"mainEntityOfPage\":{\"@id\":\"https:\/\/footdavant.fr\/actualites\/arsenal-contre-monaco-mikel-arteta-doit-eviter-une-erreur-defensive-perturbatrice-lors-du-choc-de-la-ligue-des-champions\/\"},\"wordCount\":1590,\"publisher\":{\"@id\":\"https:\/\/footdavant.fr\/actualites\/#organization\"},\"keywords\":[\"Arsenal\",\"Arteta\",\"champions\",\"choc\",\"contre\",\"d\u00e9fensive\",\"des\",\"doit\",\"erreur\",\"\u00e9viter\",\"Ligue\",\"lors\",\"Mikel\",\"Monaco\",\"perturbatrice\",\"une\"],\"articleSection\":[\"Champions League\"],\"inLanguage\":\"fr-FR\"},{\"@type\":\"WebPage\",\"@id\":\"https:\/\/footdavant.fr\/actualites\/arsenal-contre-monaco-mikel-arteta-doit-eviter-une-erreur-defensive-perturbatrice-lors-du-choc-de-la-ligue-des-champions\/\",\"url\":\"https:\/\/footdavant.fr\/actualites\/arsenal-contre-monaco-mikel-arteta-doit-eviter-une-erreur-defensive-perturbatrice-lors-du-choc-de-la-ligue-des-champions\/\",\"name\":\"Arsenal contre Monaco : Mikel Arteta doit \u00e9viter une erreur d\u00e9fensive \u00ab perturbatrice \u00bb lors du choc de la Ligue des champions\",\"isPartOf\":{\"@id\":\"https:\/\/footdavant.fr\/actualites\/#website\"},\"datePublished\":\"2024-12-12T16:48:03+00:00\",\"dateModified\":\"2024-12-12T16:48:12+00:00\",\"breadcrumb\":{\"@id\":\"https:\/\/footdavant.fr\/actualites\/arsenal-contre-monaco-mikel-arteta-doit-eviter-une-erreur-defensive-perturbatrice-lors-du-choc-de-la-ligue-des-champions\/#breadcrumb\"},\"inLanguage\":\"fr-FR\",\"potentialAction\":[{\"@type\":\"ReadAction\",\"target\":[\"https:\/\/footdavant.fr\/actualites\/arsenal-contre-monaco-mikel-arteta-doit-eviter-une-erreur-defensive-perturbatrice-lors-du-choc-de-la-ligue-des-champions\/\"]}]},{\"@type\":\"BreadcrumbList\",\"@id\":\"https:\/\/footdavant.fr\/actualites\/arsenal-contre-monaco-mikel-arteta-doit-eviter-une-erreur-defensive-perturbatrice-lors-du-choc-de-la-ligue-des-champions\/#breadcrumb\",\"itemListElement\":[{\"@type\":\"ListItem\",\"position\":1,\"name\":\"Accueil\",\"item\":\"https:\/\/footdavant.fr\/actualites\/\"},{\"@type\":\"ListItem\",\"position\":2,\"name\":\"Arsenal contre Monaco : Mikel Arteta doit \u00e9viter une erreur d\u00e9fensive \u00ab perturbatrice \u00bb lors du choc de la Ligue des champions\"}]},{\"@type\":\"WebSite\",\"@id\":\"https:\/\/footdavant.fr\/actualites\/#website\",\"url\":\"https:\/\/footdavant.fr\/actualites\/\",\"name\":\"Foot d'avant\",\"description\":\"\",\"publisher\":{\"@id\":\"https:\/\/footdavant.fr\/actualites\/#organization\"},\"potentialAction\":[{\"@type\":\"SearchAction\",\"target\":{\"@type\":\"EntryPoint\",\"urlTemplate\":\"https:\/\/footdavant.fr\/actualites\/?s={search_term_string}\"},\"query-input\":\"required name=search_term_string\"}],\"inLanguage\":\"fr-FR\"},{\"@type\":\"Organization\",\"@id\":\"https:\/\/footdavant.fr\/actualites\/#organization\",\"name\":\"Foot d'avant\",\"url\":\"https:\/\/footdavant.fr\/actualites\/\",\"logo\":{\"@type\":\"ImageObject\",\"inLanguage\":\"fr-FR\",\"@id\":\"https:\/\/footdavant.fr\/actualites\/#\/schema\/logo\/image\/\",\"url\":\"https:\/\/footdavant.fr\/actualites\/wp-content\/uploads\/2023\/09\/Copy-of-FootDavant-Logo.png\",\"contentUrl\":\"https:\/\/footdavant.fr\/actualites\/wp-content\/uploads\/2023\/09\/Copy-of-FootDavant-Logo.png\",\"width\":936,\"height\":549,\"caption\":\"Foot d'avant\"},\"image\":{\"@id\":\"https:\/\/footdavant.fr\/actualites\/#\/schema\/logo\/image\/\"},\"sameAs\":[\"https:\/\/www.facebook.com\/Footdavant\/\",\"https:\/\/twitter.com\/FootdavantFr\",\"https:\/\/www.instagram.com\/footdavant.fr\/\"]},{\"@type\":\"Person\",\"@id\":\"https:\/\/footdavant.fr\/actualites\/#\/schema\/person\/bc222566d95871b37e597b3ed3ba5e1d\",\"name\":\"Cl\u00e9ment\",\"image\":{\"@type\":\"ImageObject\",\"inLanguage\":\"fr-FR\",\"@id\":\"https:\/\/footdavant.fr\/actualites\/#\/schema\/person\/image\/\",\"url\":\"https:\/\/secure.gravatar.com\/avatar\/7728b29aac2719421e1a9159b2254c44?s=96&d=mm&r=g\",\"contentUrl\":\"https:\/\/secure.gravatar.com\/avatar\/7728b29aac2719421e1a9159b2254c44?s=96&d=mm&r=g\",\"caption\":\"Cl\u00e9ment\"},\"sameAs\":[\"https:\/\/footdavant.fr\/\"]}]}<\/script>\n<!-- \/ Yoast SEO plugin. -->","yoast_head_json":{"title":"Arsenal contre Monaco : Mikel Arteta doit \u00e9viter une erreur d\u00e9fensive \u00ab perturbatrice \u00bb lors du choc de la Ligue des champions","robots":{"index":"index","follow":"follow","max-snippet":"max-snippet:-1","max-image-preview":"max-image-preview:large","max-video-preview":"max-video-preview:-1"},"canonical":"https:\/\/footdavant.fr\/actualites\/arsenal-contre-monaco-mikel-arteta-doit-eviter-une-erreur-defensive-perturbatrice-lors-du-choc-de-la-ligue-des-champions\/","og_locale":"fr_FR","og_type":"article","og_title":"Arsenal contre Monaco : Mikel Arteta doit \u00e9viter une erreur d\u00e9fensive \u00ab perturbatrice \u00bb lors du choc de la Ligue des champions","og_description":"L&#39;expert d&#39;Arsenal, Charles Watts, avertit Mikel Arteta d&#39;\u00e9viter une erreur sp\u00e9cifique qu&#39;il a commise contre Fulham lors de la visite de Monaco aux Emirats. lors","og_url":"https:\/\/footdavant.fr\/actualites\/arsenal-contre-monaco-mikel-arteta-doit-eviter-une-erreur-defensive-perturbatrice-lors-du-choc-de-la-ligue-des-champions\/","og_site_name":"Foot d&#039;avant","article_publisher":"https:\/\/www.facebook.com\/Footdavant\/","article_published_time":"2024-12-12T16:48:03+00:00","article_modified_time":"2024-12-12T16:48:12+00:00","og_image":[{"width":1280,"height":960,"url":"https:\/\/footdavant.fr\/actualites\/wp-content\/uploads\/2024\/12\/Arsenal-contre-Monaco-Mikel-Arteta-doit-eviter-une-erreur.png","type":"image\/png"}],"author":"Cl\u00e9ment","twitter_card":"summary_large_image","twitter_creator":"@FootdavantFr","twitter_site":"@FootdavantFr","twitter_misc":{"\u00c9crit par":"Cl\u00e9ment","Dur\u00e9e de lecture estim\u00e9e":"8 minutes"},"schema":{"@context":"https:\/\/schema.org","@graph":[{"@type":"Article","@id":"https:\/\/footdavant.fr\/actualites\/arsenal-contre-monaco-mikel-arteta-doit-eviter-une-erreur-defensive-perturbatrice-lors-du-choc-de-la-ligue-des-champions\/#article","isPartOf":{"@id":"https:\/\/footdavant.fr\/actualites\/arsenal-contre-monaco-mikel-arteta-doit-eviter-une-erreur-defensive-perturbatrice-lors-du-choc-de-la-ligue-des-champions\/"},"author":{"name":"Cl\u00e9ment","@id":"https:\/\/footdavant.fr\/actualites\/#\/schema\/person\/bc222566d95871b37e597b3ed3ba5e1d"},"headline":"Arsenal contre Monaco : Mikel Arteta doit \u00e9viter une erreur d\u00e9fensive \u00ab perturbatrice \u00bb lors du choc de la Ligue des champions","datePublished":"2024-12-12T16:48:03+00:00","dateModified":"2024-12-12T16:48:12+00:00","mainEntityOfPage":{"@id":"https:\/\/footdavant.fr\/actualites\/arsenal-contre-monaco-mikel-arteta-doit-eviter-une-erreur-defensive-perturbatrice-lors-du-choc-de-la-ligue-des-champions\/"},"wordCount":1590,"publisher":{"@id":"https:\/\/footdavant.fr\/actualites\/#organization"},"keywords":["Arsenal","Arteta","champions","choc","contre","d\u00e9fensive","des","doit","erreur","\u00e9viter","Ligue","lors","Mikel","Monaco","perturbatrice","une"],"articleSection":["Champions League"],"inLanguage":"fr-FR"},{"@type":"WebPage","@id":"https:\/\/footdavant.fr\/actualites\/arsenal-contre-monaco-mikel-arteta-doit-eviter-une-erreur-defensive-perturbatrice-lors-du-choc-de-la-ligue-des-champions\/","url":"https:\/\/footdavant.fr\/actualites\/arsenal-contre-monaco-mikel-arteta-doit-eviter-une-erreur-defensive-perturbatrice-lors-du-choc-de-la-ligue-des-champions\/","name":"Arsenal contre Monaco : Mikel Arteta doit \u00e9viter une erreur d\u00e9fensive \u00ab perturbatrice \u00bb lors du choc de la Ligue des champions","isPartOf":{"@id":"https:\/\/footdavant.fr\/actualites\/#website"},"datePublished":"2024-12-12T16:48:03+00:00","dateModified":"2024-12-12T16:48:12+00:00","breadcrumb":{"@id":"https:\/\/footdavant.fr\/actualites\/arsenal-contre-monaco-mikel-arteta-doit-eviter-une-erreur-defensive-perturbatrice-lors-du-choc-de-la-ligue-des-champions\/#breadcrumb"},"inLanguage":"fr-FR","potentialAction":[{"@type":"ReadAction","target":["https:\/\/footdavant.fr\/actualites\/arsenal-contre-monaco-mikel-arteta-doit-eviter-une-erreur-defensive-perturbatrice-lors-du-choc-de-la-ligue-des-champions\/"]}]},{"@type":"BreadcrumbList","@id":"https:\/\/footdavant.fr\/actualites\/arsenal-contre-monaco-mikel-arteta-doit-eviter-une-erreur-defensive-perturbatrice-lors-du-choc-de-la-ligue-des-champions\/#breadcrumb","itemListElement":[{"@type":"ListItem","position":1,"name":"Accueil","item":"https:\/\/footdavant.fr\/actualites\/"},{"@type":"ListItem","position":2,"name":"Arsenal contre Monaco : Mikel Arteta doit \u00e9viter une erreur d\u00e9fensive \u00ab perturbatrice \u00bb lors du choc de la Ligue des champions"}]},{"@type":"WebSite","@id":"https:\/\/footdavant.fr\/actualites\/#website","url":"https:\/\/footdavant.fr\/actualites\/","name":"Foot d'avant","description":"","publisher":{"@id":"https:\/\/footdavant.fr\/actualites\/#organization"},"potentialAction":[{"@type":"SearchAction","target":{"@type":"EntryPoint","urlTemplate":"https:\/\/footdavant.fr\/actualites\/?s={search_term_string}"},"query-input":"required name=search_term_string"}],"inLanguage":"fr-FR"},{"@type":"Organization","@id":"https:\/\/footdavant.fr\/actualites\/#organization","name":"Foot d'avant","url":"https:\/\/footdavant.fr\/actualites\/","logo":{"@type":"ImageObject","inLanguage":"fr-FR","@id":"https:\/\/footdavant.fr\/actualites\/#\/schema\/logo\/image\/","url":"https:\/\/footdavant.fr\/actualites\/wp-content\/uploads\/2023\/09\/Copy-of-FootDavant-Logo.png","contentUrl":"https:\/\/footdavant.fr\/actualites\/wp-content\/uploads\/2023\/09\/Copy-of-FootDavant-Logo.png","width":936,"height":549,"caption":"Foot d'avant"},"image":{"@id":"https:\/\/footdavant.fr\/actualites\/#\/schema\/logo\/image\/"},"sameAs":["https:\/\/www.facebook.com\/Footdavant\/","https:\/\/twitter.com\/FootdavantFr","https:\/\/www.instagram.com\/footdavant.fr\/"]},{"@type":"Person","@id":"https:\/\/footdavant.fr\/actualites\/#\/schema\/person\/bc222566d95871b37e597b3ed3ba5e1d","name":"Cl\u00e9ment","image":{"@type":"ImageObject","inLanguage":"fr-FR","@id":"https:\/\/footdavant.fr\/actualites\/#\/schema\/person\/image\/","url":"https:\/\/secure.gravatar.com\/avatar\/7728b29aac2719421e1a9159b2254c44?s=96&d=mm&r=g","contentUrl":"https:\/\/secure.gravatar.com\/avatar\/7728b29aac2719421e1a9159b2254c44?s=96&d=mm&r=g","caption":"Cl\u00e9ment"},"sameAs":["https:\/\/footdavant.fr\/"]}]}},"_links":{"self":[{"href":"https:\/\/footdavant.fr\/actualites\/wp-json\/wp\/v2\/posts\/17382"}],"collection":[{"href":"https:\/\/footdavant.fr\/actualites\/wp-json\/wp\/v2\/posts"}],"about":[{"href":"https:\/\/footdavant.fr\/actualites\/wp-json\/wp\/v2\/types\/post"}],"author":[{"embeddable":true,"href":"https:\/\/footdavant.fr\/actualites\/wp-json\/wp\/v2\/users\/1"}],"replies":[{"embeddable":true,"href":"https:\/\/footdavant.fr\/actualites\/wp-json\/wp\/v2\/comments?post=17382"}],"version-history":[{"count":1,"href":"https:\/\/footdavant.fr\/actualites\/wp-json\/wp\/v2\/posts\/17382\/revisions"}],"predecessor-version":[{"id":17384,"href":"https:\/\/footdavant.fr\/actualites\/wp-json\/wp\/v2\/posts\/17382\/revisions\/17384"}],"wp:featuredmedia":[{"embeddable":true,"href":"https:\/\/footdavant.fr\/actualites\/wp-json\/wp\/v2\/media\/17383"}],"wp:attachment":[{"href":"https:\/\/footdavant.fr\/actualites\/wp-json\/wp\/v2\/media?parent=17382"}],"wp:term":[{"taxonomy":"category","embeddable":true,"href":"https:\/\/footdavant.fr\/actualites\/wp-json\/wp\/v2\/categories?post=17382"},{"taxonomy":"post_tag","embeddable":true,"href":"https:\/\/footdavant.fr\/actualites\/wp-json\/wp\/v2\/tags?post=17382"}],"curies":[{"name":"wp","href":"https:\/\/api.w.org\/{rel}","templated":true}]}}