{"id":1742,"date":"2023-12-01T04:52:13","date_gmt":"2023-12-01T03:52:13","guid":{"rendered":"https:\/\/footdavant.fr\/actualites\/il-est-peu-probable-quarsenal-remplace-ivan-toney-en-janvier\/"},"modified":"2023-12-01T04:52:13","modified_gmt":"2023-12-01T03:52:13","slug":"il-est-peu-probable-quarsenal-remplace-ivan-toney-en-janvier","status":"publish","type":"post","link":"https:\/\/footdavant.fr\/actualites\/il-est-peu-probable-quarsenal-remplace-ivan-toney-en-janvier\/","title":{"rendered":"Il est peu probable qu&rsquo;Arsenal remplace Ivan Toney en janvier"},"content":{"rendered":"<p>Il est peu probable qu&rsquo;Arsenal conclue un accord pour recruter l&rsquo;attaquant de Brentford Ivan Toney lors du mercato de janvier. <\/p>\n<div id=\"article_body\" itemprop=\"articleBody\">\n<h3 class=\"firstPara\">\n<strong class=\"autotag\">Arsenal<\/strong> il serait peu probable qu&rsquo;ils concluent un accord <strong class=\"autotag\">Brentford<\/strong> le buteur <strong class=\"autotag\">Ivan Toney<\/strong> lors du mercato de janvier.<\/h3>\n<p>L&rsquo;homme de Brentford purge actuellement une interdiction de jeu de huit mois, ce qui l&#8217;emp\u00eache de jouer au football de comp\u00e9tition depuis mai.<\/p>\n<p>M\u00eame s&rsquo;il a d\u00fb passer une longue p\u00e9riode \u00e0 l&rsquo;\u00e9cart, il y a d\u00e9sormais de la lumi\u00e8re au bout du tunnel, son interdiction devant prendre fin \u00e0 la mi-janvier. <\/p>\n<p>L&rsquo;inactivit\u00e9 de l&rsquo;attaquant ne l&rsquo;a pas emp\u00each\u00e9 d&rsquo;\u00eatre li\u00e9 \u00e0 un d\u00e9part lors du mercato hivernal. <\/p>\n<p>Arsenal fait partie des nombreux clubs qui ont \u00e9t\u00e9 \u00e9voqu\u00e9s comme destination potentielle pour le joueur de 27 ans, qui est sous contrat jusqu&rsquo;\u00e0 l&rsquo;\u00e9t\u00e9 2025.<\/p>\n<p class=\"imgI\">\n<p>Cependant, selon <em>Le t\u00e9l\u00e9graphe<\/em>Arsenal h\u00e9site \u00e0 d\u00e9penser une somme d\u2019argent importante pour un nouvel avant-centre en janvier.<\/p>\n<p>En cons\u00e9quence, il est peu probable qu&rsquo;ils concluent un accord pour Toney, qui aurait \u00e9t\u00e9 \u00e9valu\u00e9 \u00e0 environ 100 millions de livres sterling par <strong class=\"autotag\">Thomas Franck<\/strong>du c\u00f4t\u00e9.<\/p>\n<p>Les Gunners ont d\u00e9pens\u00e9 une part importante de leur budget cet \u00e9t\u00e9, d\u00e9pensant 200 millions de livres sterling pour recruter. <strong class=\"autotag\">Declan Riz<\/strong>, <strong class=\"autotag\">Kai Havertz<\/strong> et <strong class=\"autotag\">Jurrien Bois<\/strong>.<\/p>\n<p>Ils sont \u00e9galement attentifs aux r\u00e9glementations du fair-play financier, qui ont \u00e9t\u00e9 un facteur cl\u00e9 dans la signature du gardien de but. <strong class=\"autotag\">David Raya<\/strong> sur un premier accord de pr\u00eat avec Brentford cet \u00e9t\u00e9. <\/p>\n<p>Au lieu d&rsquo;un attaquant, les Gunners semblent donner la priorit\u00e9 \u00e0 un nouveau milieu de terrain, avec <strong class=\"autotag\">Thomas Partey<\/strong> exclu jusqu&rsquo;\u00e0 la nouvelle ann\u00e9e en raison d&rsquo;une blessure.<\/p>\n<p class=\"imgI\"><img decoding=\"async\" loading=\"lazy\" class=\"l\" src=\"https:\/\/footdavant.fr\/actualites\/wp-content\/uploads\/2023\/12\/Il-est-peu-probable-quArsenal-remplace-Ivan-Toney-en-janvier.JPG\" title=\"Thomas Frank et Ivan Toney c\u00e9l\u00e8brent la victoire de Brentford sur Manchester City le 12 novembre 2022.\" alt=\"Thomas Frank et Ivan Toney c\u00e9l\u00e8brent la victoire de Brentford sur Manchester City le 12 novembre 2022.\" width=\"640\" height=\"480\"><\/p>\n<p>Pendant ce temps, Brentford est \u00e9galement r\u00e9ticent \u00e0 sanctionner un d\u00e9part en janvier, Frank pr\u00e9voyant que Toney m\u00e8ne la ligne dans la seconde moiti\u00e9 de la saison.<\/p>\n<p>Les services de Toney seront particuli\u00e8rement cruciaux de mi-janvier \u00e0 mi-f\u00e9vrier, avec le Cameroun <strong class=\"autotag\">Bryan Mbuemo<\/strong> et de la RD Congo <strong class=\"autotag\">Yoan\u00e9 Wissa<\/strong> pr\u00eats \u00e0 repr\u00e9senter leur pays \u00e0 la Coupe d\u2019Afrique des Nations.<\/p>\n<p>En cons\u00e9quence, il semble plus probable que Brentford recevra des offres l\u2019\u00e9t\u00e9 prochain alors qu\u2019il lui reste un an sur son contrat actuel.<\/p>\n<p>Cela dit, il y a eu des sp\u00e9culations sur un nouveau contrat, mais Toney ne signera un nouvel accord que s&rsquo;il contient une clause de sortie \u00ab raisonnable \u00bb. <\/p>\n<p>Au cours de ses trois ann\u00e9es d&rsquo;association avec les Bees, il a inscrit 68 buts et 21 passes d\u00e9cisives en 124 apparitions toutes comp\u00e9titions confondues.<\/p>\n<\/div>\n","protected":false},"excerpt":{"rendered":"<p>Il est peu probable qu&rsquo;Arsenal conclue un accord pour recruter l&rsquo;attaquant de Brentford Ivan Toney lors du mercato de janvier. Arsenal il serait peu probable<\/p>\n","protected":false},"author":1,"featured_media":1743,"comment_status":"closed","ping_status":"","sticky":false,"template":"","format":"standard","meta":{"footnotes":""},"categories":[5],"tags":[217,76,166,1776,1777,889,1778,77],"yoast_head":"<!-- This site is optimized with the Yoast SEO plugin v21.0 - https:\/\/yoast.com\/wordpress\/plugins\/seo\/ -->\n<title>Il est peu probable qu&#039;Arsenal remplace Ivan Toney en janvier<\/title>\n<meta name=\"robots\" content=\"index, follow, max-snippet:-1, max-image-preview:large, max-video-preview:-1\" \/>\n<link rel=\"canonical\" href=\"https:\/\/footdavant.fr\/actualites\/il-est-peu-probable-quarsenal-remplace-ivan-toney-en-janvier\/\" \/>\n<meta property=\"og:locale\" content=\"fr_FR\" \/>\n<meta property=\"og:type\" content=\"article\" \/>\n<meta property=\"og:title\" content=\"Il est peu probable qu&#039;Arsenal remplace Ivan Toney en janvier\" \/>\n<meta property=\"og:description\" content=\"Il est peu probable qu&rsquo;Arsenal conclue un accord pour recruter l&rsquo;attaquant de Brentford Ivan Toney lors du mercato de janvier. Arsenal il serait peu probable\" \/>\n<meta property=\"og:url\" content=\"https:\/\/footdavant.fr\/actualites\/il-est-peu-probable-quarsenal-remplace-ivan-toney-en-janvier\/\" \/>\n<meta property=\"og:site_name\" content=\"Foot d&#039;avant\" \/>\n<meta property=\"article:publisher\" content=\"https:\/\/www.facebook.com\/Footdavant\/\" \/>\n<meta property=\"article:published_time\" content=\"2023-12-01T03:52:13+00:00\" \/>\n<meta property=\"og:image\" content=\"https:\/\/footdavant.fr\/actualites\/wp-content\/uploads\/2023\/12\/Il-est-peu-probable-quArsenal-remplace-Ivan-Toney-en-janvier.jpg\" \/>\n\t<meta property=\"og:image:width\" content=\"640\" \/>\n\t<meta property=\"og:image:height\" content=\"480\" \/>\n\t<meta property=\"og:image:type\" content=\"image\/jpeg\" \/>\n<meta name=\"author\" content=\"Cl\u00e9ment\" \/>\n<meta name=\"twitter:card\" content=\"summary_large_image\" \/>\n<meta name=\"twitter:creator\" content=\"@FootdavantFr\" \/>\n<meta name=\"twitter:site\" content=\"@FootdavantFr\" \/>\n<meta name=\"twitter:label1\" content=\"\u00c9crit par\" \/>\n\t<meta name=\"twitter:data1\" content=\"Cl\u00e9ment\" \/>\n\t<meta name=\"twitter:label2\" content=\"Dur\u00e9e de lecture estim\u00e9e\" \/>\n\t<meta name=\"twitter:data2\" content=\"2 minutes\" \/>\n<script type=\"application\/ld+json\" class=\"yoast-schema-graph\">{\"@context\":\"https:\/\/schema.org\",\"@graph\":[{\"@type\":\"Article\",\"@id\":\"https:\/\/footdavant.fr\/actualites\/il-est-peu-probable-quarsenal-remplace-ivan-toney-en-janvier\/#article\",\"isPartOf\":{\"@id\":\"https:\/\/footdavant.fr\/actualites\/il-est-peu-probable-quarsenal-remplace-ivan-toney-en-janvier\/\"},\"author\":{\"name\":\"Cl\u00e9ment\",\"@id\":\"https:\/\/footdavant.fr\/actualites\/#\/schema\/person\/bc222566d95871b37e597b3ed3ba5e1d\"},\"headline\":\"Il est peu probable qu&rsquo;Arsenal remplace Ivan Toney en janvier\",\"datePublished\":\"2023-12-01T03:52:13+00:00\",\"dateModified\":\"2023-12-01T03:52:13+00:00\",\"mainEntityOfPage\":{\"@id\":\"https:\/\/footdavant.fr\/actualites\/il-est-peu-probable-quarsenal-remplace-ivan-toney-en-janvier\/\"},\"wordCount\":435,\"publisher\":{\"@id\":\"https:\/\/footdavant.fr\/actualites\/#organization\"},\"keywords\":[\"est\",\"Ivan\",\"janvier\",\"peu\",\"probable\",\"quArsenal\",\"remplace\",\"Toney\"],\"articleSection\":[\"Premier League\"],\"inLanguage\":\"fr-FR\"},{\"@type\":\"WebPage\",\"@id\":\"https:\/\/footdavant.fr\/actualites\/il-est-peu-probable-quarsenal-remplace-ivan-toney-en-janvier\/\",\"url\":\"https:\/\/footdavant.fr\/actualites\/il-est-peu-probable-quarsenal-remplace-ivan-toney-en-janvier\/\",\"name\":\"Il est peu probable qu'Arsenal remplace Ivan Toney en janvier\",\"isPartOf\":{\"@id\":\"https:\/\/footdavant.fr\/actualites\/#website\"},\"datePublished\":\"2023-12-01T03:52:13+00:00\",\"dateModified\":\"2023-12-01T03:52:13+00:00\",\"breadcrumb\":{\"@id\":\"https:\/\/footdavant.fr\/actualites\/il-est-peu-probable-quarsenal-remplace-ivan-toney-en-janvier\/#breadcrumb\"},\"inLanguage\":\"fr-FR\",\"potentialAction\":[{\"@type\":\"ReadAction\",\"target\":[\"https:\/\/footdavant.fr\/actualites\/il-est-peu-probable-quarsenal-remplace-ivan-toney-en-janvier\/\"]}]},{\"@type\":\"BreadcrumbList\",\"@id\":\"https:\/\/footdavant.fr\/actualites\/il-est-peu-probable-quarsenal-remplace-ivan-toney-en-janvier\/#breadcrumb\",\"itemListElement\":[{\"@type\":\"ListItem\",\"position\":1,\"name\":\"Accueil\",\"item\":\"https:\/\/footdavant.fr\/actualites\/\"},{\"@type\":\"ListItem\",\"position\":2,\"name\":\"Il est peu probable qu&rsquo;Arsenal remplace Ivan Toney en janvier\"}]},{\"@type\":\"WebSite\",\"@id\":\"https:\/\/footdavant.fr\/actualites\/#website\",\"url\":\"https:\/\/footdavant.fr\/actualites\/\",\"name\":\"Foot d'avant\",\"description\":\"\",\"publisher\":{\"@id\":\"https:\/\/footdavant.fr\/actualites\/#organization\"},\"potentialAction\":[{\"@type\":\"SearchAction\",\"target\":{\"@type\":\"EntryPoint\",\"urlTemplate\":\"https:\/\/footdavant.fr\/actualites\/?s={search_term_string}\"},\"query-input\":\"required name=search_term_string\"}],\"inLanguage\":\"fr-FR\"},{\"@type\":\"Organization\",\"@id\":\"https:\/\/footdavant.fr\/actualites\/#organization\",\"name\":\"Foot d'avant\",\"url\":\"https:\/\/footdavant.fr\/actualites\/\",\"logo\":{\"@type\":\"ImageObject\",\"inLanguage\":\"fr-FR\",\"@id\":\"https:\/\/footdavant.fr\/actualites\/#\/schema\/logo\/image\/\",\"url\":\"https:\/\/footdavant.fr\/actualites\/wp-content\/uploads\/2023\/09\/Copy-of-FootDavant-Logo.png\",\"contentUrl\":\"https:\/\/footdavant.fr\/actualites\/wp-content\/uploads\/2023\/09\/Copy-of-FootDavant-Logo.png\",\"width\":936,\"height\":549,\"caption\":\"Foot d'avant\"},\"image\":{\"@id\":\"https:\/\/footdavant.fr\/actualites\/#\/schema\/logo\/image\/\"},\"sameAs\":[\"https:\/\/www.facebook.com\/Footdavant\/\",\"https:\/\/twitter.com\/FootdavantFr\",\"https:\/\/www.instagram.com\/footdavant.fr\/\"]},{\"@type\":\"Person\",\"@id\":\"https:\/\/footdavant.fr\/actualites\/#\/schema\/person\/bc222566d95871b37e597b3ed3ba5e1d\",\"name\":\"Cl\u00e9ment\",\"image\":{\"@type\":\"ImageObject\",\"inLanguage\":\"fr-FR\",\"@id\":\"https:\/\/footdavant.fr\/actualites\/#\/schema\/person\/image\/\",\"url\":\"https:\/\/secure.gravatar.com\/avatar\/7728b29aac2719421e1a9159b2254c44?s=96&d=mm&r=g\",\"contentUrl\":\"https:\/\/secure.gravatar.com\/avatar\/7728b29aac2719421e1a9159b2254c44?s=96&d=mm&r=g\",\"caption\":\"Cl\u00e9ment\"},\"sameAs\":[\"https:\/\/footdavant.fr\/\"]}]}<\/script>\n<!-- \/ Yoast SEO plugin. -->","yoast_head_json":{"title":"Il est peu probable qu'Arsenal remplace Ivan Toney en janvier","robots":{"index":"index","follow":"follow","max-snippet":"max-snippet:-1","max-image-preview":"max-image-preview:large","max-video-preview":"max-video-preview:-1"},"canonical":"https:\/\/footdavant.fr\/actualites\/il-est-peu-probable-quarsenal-remplace-ivan-toney-en-janvier\/","og_locale":"fr_FR","og_type":"article","og_title":"Il est peu probable qu'Arsenal remplace Ivan Toney en janvier","og_description":"Il est peu probable qu&rsquo;Arsenal conclue un accord pour recruter l&rsquo;attaquant de Brentford Ivan Toney lors du mercato de janvier. Arsenal il serait peu probable","og_url":"https:\/\/footdavant.fr\/actualites\/il-est-peu-probable-quarsenal-remplace-ivan-toney-en-janvier\/","og_site_name":"Foot d&#039;avant","article_publisher":"https:\/\/www.facebook.com\/Footdavant\/","article_published_time":"2023-12-01T03:52:13+00:00","og_image":[{"width":640,"height":480,"url":"https:\/\/footdavant.fr\/actualites\/wp-content\/uploads\/2023\/12\/Il-est-peu-probable-quArsenal-remplace-Ivan-Toney-en-janvier.jpg","type":"image\/jpeg"}],"author":"Cl\u00e9ment","twitter_card":"summary_large_image","twitter_creator":"@FootdavantFr","twitter_site":"@FootdavantFr","twitter_misc":{"\u00c9crit par":"Cl\u00e9ment","Dur\u00e9e de lecture estim\u00e9e":"2 minutes"},"schema":{"@context":"https:\/\/schema.org","@graph":[{"@type":"Article","@id":"https:\/\/footdavant.fr\/actualites\/il-est-peu-probable-quarsenal-remplace-ivan-toney-en-janvier\/#article","isPartOf":{"@id":"https:\/\/footdavant.fr\/actualites\/il-est-peu-probable-quarsenal-remplace-ivan-toney-en-janvier\/"},"author":{"name":"Cl\u00e9ment","@id":"https:\/\/footdavant.fr\/actualites\/#\/schema\/person\/bc222566d95871b37e597b3ed3ba5e1d"},"headline":"Il est peu probable qu&rsquo;Arsenal remplace Ivan Toney en janvier","datePublished":"2023-12-01T03:52:13+00:00","dateModified":"2023-12-01T03:52:13+00:00","mainEntityOfPage":{"@id":"https:\/\/footdavant.fr\/actualites\/il-est-peu-probable-quarsenal-remplace-ivan-toney-en-janvier\/"},"wordCount":435,"publisher":{"@id":"https:\/\/footdavant.fr\/actualites\/#organization"},"keywords":["est","Ivan","janvier","peu","probable","quArsenal","remplace","Toney"],"articleSection":["Premier League"],"inLanguage":"fr-FR"},{"@type":"WebPage","@id":"https:\/\/footdavant.fr\/actualites\/il-est-peu-probable-quarsenal-remplace-ivan-toney-en-janvier\/","url":"https:\/\/footdavant.fr\/actualites\/il-est-peu-probable-quarsenal-remplace-ivan-toney-en-janvier\/","name":"Il est peu probable qu'Arsenal remplace Ivan Toney en janvier","isPartOf":{"@id":"https:\/\/footdavant.fr\/actualites\/#website"},"datePublished":"2023-12-01T03:52:13+00:00","dateModified":"2023-12-01T03:52:13+00:00","breadcrumb":{"@id":"https:\/\/footdavant.fr\/actualites\/il-est-peu-probable-quarsenal-remplace-ivan-toney-en-janvier\/#breadcrumb"},"inLanguage":"fr-FR","potentialAction":[{"@type":"ReadAction","target":["https:\/\/footdavant.fr\/actualites\/il-est-peu-probable-quarsenal-remplace-ivan-toney-en-janvier\/"]}]},{"@type":"BreadcrumbList","@id":"https:\/\/footdavant.fr\/actualites\/il-est-peu-probable-quarsenal-remplace-ivan-toney-en-janvier\/#breadcrumb","itemListElement":[{"@type":"ListItem","position":1,"name":"Accueil","item":"https:\/\/footdavant.fr\/actualites\/"},{"@type":"ListItem","position":2,"name":"Il est peu probable qu&rsquo;Arsenal remplace Ivan Toney en janvier"}]},{"@type":"WebSite","@id":"https:\/\/footdavant.fr\/actualites\/#website","url":"https:\/\/footdavant.fr\/actualites\/","name":"Foot d'avant","description":"","publisher":{"@id":"https:\/\/footdavant.fr\/actualites\/#organization"},"potentialAction":[{"@type":"SearchAction","target":{"@type":"EntryPoint","urlTemplate":"https:\/\/footdavant.fr\/actualites\/?s={search_term_string}"},"query-input":"required name=search_term_string"}],"inLanguage":"fr-FR"},{"@type":"Organization","@id":"https:\/\/footdavant.fr\/actualites\/#organization","name":"Foot d'avant","url":"https:\/\/footdavant.fr\/actualites\/","logo":{"@type":"ImageObject","inLanguage":"fr-FR","@id":"https:\/\/footdavant.fr\/actualites\/#\/schema\/logo\/image\/","url":"https:\/\/footdavant.fr\/actualites\/wp-content\/uploads\/2023\/09\/Copy-of-FootDavant-Logo.png","contentUrl":"https:\/\/footdavant.fr\/actualites\/wp-content\/uploads\/2023\/09\/Copy-of-FootDavant-Logo.png","width":936,"height":549,"caption":"Foot d'avant"},"image":{"@id":"https:\/\/footdavant.fr\/actualites\/#\/schema\/logo\/image\/"},"sameAs":["https:\/\/www.facebook.com\/Footdavant\/","https:\/\/twitter.com\/FootdavantFr","https:\/\/www.instagram.com\/footdavant.fr\/"]},{"@type":"Person","@id":"https:\/\/footdavant.fr\/actualites\/#\/schema\/person\/bc222566d95871b37e597b3ed3ba5e1d","name":"Cl\u00e9ment","image":{"@type":"ImageObject","inLanguage":"fr-FR","@id":"https:\/\/footdavant.fr\/actualites\/#\/schema\/person\/image\/","url":"https:\/\/secure.gravatar.com\/avatar\/7728b29aac2719421e1a9159b2254c44?s=96&d=mm&r=g","contentUrl":"https:\/\/secure.gravatar.com\/avatar\/7728b29aac2719421e1a9159b2254c44?s=96&d=mm&r=g","caption":"Cl\u00e9ment"},"sameAs":["https:\/\/footdavant.fr\/"]}]}},"_links":{"self":[{"href":"https:\/\/footdavant.fr\/actualites\/wp-json\/wp\/v2\/posts\/1742"}],"collection":[{"href":"https:\/\/footdavant.fr\/actualites\/wp-json\/wp\/v2\/posts"}],"about":[{"href":"https:\/\/footdavant.fr\/actualites\/wp-json\/wp\/v2\/types\/post"}],"author":[{"embeddable":true,"href":"https:\/\/footdavant.fr\/actualites\/wp-json\/wp\/v2\/users\/1"}],"replies":[{"embeddable":true,"href":"https:\/\/footdavant.fr\/actualites\/wp-json\/wp\/v2\/comments?post=1742"}],"version-history":[{"count":1,"href":"https:\/\/footdavant.fr\/actualites\/wp-json\/wp\/v2\/posts\/1742\/revisions"}],"predecessor-version":[{"id":1744,"href":"https:\/\/footdavant.fr\/actualites\/wp-json\/wp\/v2\/posts\/1742\/revisions\/1744"}],"wp:featuredmedia":[{"embeddable":true,"href":"https:\/\/footdavant.fr\/actualites\/wp-json\/wp\/v2\/media\/1743"}],"wp:attachment":[{"href":"https:\/\/footdavant.fr\/actualites\/wp-json\/wp\/v2\/media?parent=1742"}],"wp:term":[{"taxonomy":"category","embeddable":true,"href":"https:\/\/footdavant.fr\/actualites\/wp-json\/wp\/v2\/categories?post=1742"},{"taxonomy":"post_tag","embeddable":true,"href":"https:\/\/footdavant.fr\/actualites\/wp-json\/wp\/v2\/tags?post=1742"}],"curies":[{"name":"wp","href":"https:\/\/api.w.org\/{rel}","templated":true}]}}