{"id":17441,"date":"2024-12-13T21:48:08","date_gmt":"2024-12-13T20:48:08","guid":{"rendered":"https:\/\/footdavant.fr\/actualites\/apercu-ac-milan-contre-etoile-rouge-de-belgrade-pronostics-actualites-de-lequipe-compositions\/"},"modified":"2024-12-13T21:48:11","modified_gmt":"2024-12-13T20:48:11","slug":"apercu-ac-milan-contre-etoile-rouge-de-belgrade-pronostics-actualites-de-lequipe-compositions","status":"publish","type":"post","link":"https:\/\/footdavant.fr\/actualites\/apercu-ac-milan-contre-etoile-rouge-de-belgrade-pronostics-actualites-de-lequipe-compositions\/","title":{"rendered":"Aper\u00e7u : AC Milan contre \u00c9toile Rouge de Belgrade \u2013 pronostics, actualit\u00e9s de l&#39;\u00e9quipe, compositions"},"content":{"rendered":"<p>Sports Mole pr\u00e9sente un aper\u00e7u du choc de la Ligue des champions de mercredi entre l&#39;AC Milan et l&#39;\u00c9toile rouge de Belgrade, y compris les pronostics, les nouvelles de l&#39;\u00e9quipe et les compositions possibles.<\/p>\n<div id=\"article_body\" itemprop=\"articleBody\">\n<p class=\"firstPara\">\u00c0 la recherche d&#39;un quatri\u00e8me <strong class=\"autotag\">Ligue des Champions<\/strong> gagner sur le spin, r\u00e9surgir <strong class=\"autotag\">Milan AC<\/strong> accueillera <strong class=\"autotag\">\u00c9toile rouge de Belgrade<\/strong> le mercredi soir.<\/p>\n<p>Les champions de Serbie reviennent \u00e0 San Siro &#8211; apr\u00e8s avoir \u00e9t\u00e9 battus 4-0 par l&#39;Inter Milan plus t\u00f4t cette saison &#8211; apr\u00e8s une victoire tant attendue la derni\u00e8re fois.<\/p>\n<h2>Aper\u00e7u du match<\/h2>\n<p class=\"imgI\">\n<p>Bien que Milan ait perdu ses deux premiers matches de phase de championnat &#8211; contre les champions d&#39;Allemagne et l&#39;actuel leader de la Premier League &#8211; ils ont depuis remport\u00e9 chacun des trois derniers tout en trouvant librement le chemin des filets.<\/p>\n<p>Le mois dernier, les Rossoneri ont encha\u00een\u00e9 avec leur victoire \u00e0 l&#39;ext\u00e9rieur contre le Real Madrid en battant le Slovan Bratislava, avec une victoire 3-2 dans la capitale slovaque. <strong>d\u00e9gag\u00e9 des lieux d&#39;\u00e9limination<\/strong>.<\/p>\n<p>Entra\u00eeneur-chef <strong class=\"autotag\">Paulo Fonseca<\/strong> a ensuite d\u00e9clar\u00e9 sa r\u00e9ticence \u00e0 se contenter d&#39;une place en s\u00e9ries \u00e9liminatoires &#8211; attribu\u00e9e aux \u00e9quipes class\u00e9es de la neuvi\u00e8me \u00e0 la 24e place apr\u00e8s huit matches &#8211; et a plut\u00f4t cibl\u00e9 la qualification automatique pour les huiti\u00e8mes de finale. <\/p>\n<p>Son \u00e9quipe a marqu\u00e9 trois buts lors de ses trois derniers matches de Ligue des Champions &#8211; ce qui repr\u00e9sente le meilleur parcours de Milan dans la plus grande comp\u00e9tition de clubs d&#39;Europe depuis 35 ans &#8211; avec <strong class=\"autotag\">Christian Pulisic<\/strong> et <strong class=\"autotag\">Tijjani Reijnders<\/strong> tous deux trouvant le net plus d\u2019une fois.<\/p>\n<p>Profitant de sa meilleure forme depuis son arriv\u00e9e en Italie, un doubl\u00e9 de Reijnders a r\u00e9cemment obtenu le maximum de points contre Empoli en Serie A, et la dynamo du milieu de terrain n\u00e9erlandais a ensuite tir\u00e9 depuis l&#39;ext\u00e9rieur de la surface lors d&#39;un succ\u00e8s retentissant 6-1 en Coppa Italia contre Sassuolo. <\/p>\n<p>Cependant, quelques jours apr\u00e8s avoir r\u00e9serv\u00e9 sa place pour les quarts de finale de la coupe, Milan a ensuite perdu 2-1 face \u00e0 son rival local, l&#39;Atalanta BC, en championnat, mettant ainsi fin \u00e0 une s\u00e9quence de sept matches sans d\u00e9faite toutes comp\u00e9titions confondues.<\/p>\n<p>Maintenant <strong>12 points \u00e0 la d\u00e9rive<\/strong> de La Dea, qui occupe la premi\u00e8re place de l&#39;\u00e9lite italienne, l&#39;\u00e9quipe de Fonseca s&#39;appuiera tr\u00e8s probablement sur les comp\u00e9titions de coupe dans sa recherche de troph\u00e9es.<\/p>\n<p>Invaincu en six rencontres avec son compatriote Red Star, vainqueur de la Coupe d&#39;Europe, Milan peut s&#39;attendre \u00e0 continuer dans cette veine mercredi et \u00e0 faire un pas de plus vers la phase \u00e0 \u00e9limination directe.<\/p>\n<p class=\"imgI\">\n<p>Bien s\u00fbr, l&#39;\u00e9quipe serbe aura des id\u00e9es tr\u00e8s diff\u00e9rentes, apr\u00e8s avoir produit un renversement de fortune stup\u00e9fiant lors du match \u00e0 domicile du mois dernier contre Stuttgart.<\/p>\n<p>Mettant fin \u00e0 une s\u00e9rie de 14 matches cons\u00e9cutifs de Ligue des Champions sans victoire &#8211; avec pas moins de 13 d\u00e9faites &#8211; l&#39;\u00c9toile Rouge a remport\u00e9 avec style ses premiers points de la phase de championnat au c\u00e9l\u00e8bre Marakana de Belgrade. <\/p>\n<p>Apr\u00e8s que leurs visiteurs allemands aient pris l&#39;avantage, il semblait qu&#39;une histoire famili\u00e8re allait se d\u00e9rouler, mais l&#39;\u00e9quipe locale a ensuite ravi ses supporters en marquant cinq fois, dont un doubl\u00e9 tardif pour <strong class=\"autotag\">Nemanja Radonjic<\/strong>.<\/p>\n<p>Entra\u00eeneur <strong class=\"autotag\">Vladan Milojevic<\/strong> a finalement vu son \u00e9quipe traduire sa forme nationale en comp\u00e9tition continentale, apr\u00e8s avoir subi quatre d\u00e9faites pour commencer la campagne &#8211; s&#39;effondrant notamment dans la seconde moiti\u00e9 d&#39;une d\u00e9faite en octobre contre l&#39;Inter. <\/p>\n<p>Alors que le Red Star a tenu Milan \u00e0 deux nuls lors de sa derni\u00e8re rencontre \u2013 un match nul en Ligue Europa en 2021 \u2013 ils n&#39;ont remport\u00e9 que deux des 24 matches de l&#39;UEFA contre une opposition italienne au total, les chances d&#39;am\u00e9liorer leur lamentable bilan sur la route semblent donc minces.<\/p>\n<p>Apr\u00e8s avoir perdu l&#39;int\u00e9gralit\u00e9 de ses 10 derniers matches \u00e0 l&#39;ext\u00e9rieur en Europe, un retour dans la deuxi\u00e8me ville italienne fera s\u00fbrement peur \u00e0 un club qui, en revanche, domine totalement la SuperLiga serbe.<\/p>\n<p>Apr\u00e8s avoir remport\u00e9 leur septi\u00e8me titre cons\u00e9cutif la saison derni\u00e8re, ils ont remport\u00e9 tous leurs matches de championnat sauf un cette saison, marquant 55 buts et n&#39;en encaissant que neuf ; Gagnants 6-0 samedi, quand <strong class=\"autotag\">Luka Ilic<\/strong> S&#39;\u00e9tant servi de quatre, le Red Star se dirigera vers San Siro avec cinq victoires successives derri\u00e8re lui.<\/p>\n<p>Forme de la Ligue des Champions de l&#39;AC Milan :<\/p>\n<p>Forme AC Milan (toutes comp\u00e9titions) :<\/p>\n<p>Forme de la Ligue des Champions de l&#39;\u00c9toile Rouge de Belgrade :<\/p>\n<p>Forme \u00c9toile Rouge de Belgrade (toutes comp\u00e9titions) :<\/p>\n<h2>Nouvelles de l&#39;\u00e9quipe<\/h2>\n<p class=\"imgI\">\n<p>Milan manquera l&#39;un de ses joueurs cl\u00e9s mercredi soir, Christian Pulisic ayant subi une blessure au mollet qui pourrait maintenir l&#39;attaquant am\u00e9ricain \u00e0 l&#39;\u00e9cart jusqu&#39;\u00e0 No\u00ebl. <\/p>\n<p>Pulisic a inscrit quatre buts et une passe d\u00e9cisive lors de ses six derni\u00e8res apparitions europ\u00e9ennes, donc <strong class=\"autotag\">Rafael L\u00e9\u00e3o<\/strong>, <strong class=\"autotag\">\u00c1lvaro Morata<\/strong> et d&#39;autres devront prendre le relais. Depuis le d\u00e9but de la saison derni\u00e8re, Leao est en t\u00eate du classement de Milan pour les buts et passes d\u00e9cisives combin\u00e9s en Ligue des champions, les tirs tent\u00e9s, les dribbles et la distance de port\u00e9e du ballon.<\/p>\n<p>Arrivant souvent en retard du milieu de terrain, Tijjani Reijnders a trouv\u00e9 le chemin des filets sept fois toutes comp\u00e9titions confondues cette saison &#8211; \u00e9galant d\u00e9j\u00e0 son record personnel sur une seule campagne &#8211; et il devrait \u00e9galement figurer dans le onze de d\u00e9part des h\u00f4tes.<\/p>\n<p>Outre Pulisic, <strong class=\"autotag\">Isma\u00ebl Bennacer<\/strong>, <strong class=\"autotag\">Noah Okafor<\/strong> et <strong class=\"autotag\">Alessandro Florenzi<\/strong> sont absents en raison d&#39;une blessure\u00a0; <strong class=\"autotag\">Luka Jovic<\/strong> &#8211; toujours aux prises avec un probl\u00e8me \u00e0 l&#39;aine &#8211; n&#39;\u00e9tait pas inscrit sur la liste de l&#39;UEFA de Milan.<\/p>\n<p>Pendant ce temps, Red Star sera priv\u00e9 <strong class=\"autotag\">Peter Olayinka<\/strong> (Achille) et gardien de premier choix <strong class=\"autotag\">Omri Glazer<\/strong> (adducteur); <strong class=\"autotag\">Ivan Gutesa<\/strong> devrait suppl\u00e9er ce dernier.<\/p>\n<p>\u00c0 l&#39;avant, <strong class=\"autotag\">Ch\u00e9rif Ndiaye<\/strong> est le meilleur buteur de l&#39;\u00c9toile Rouge en championnat cette saison avec 10 buts, tandis que Stuttgart est pr\u00eat\u00e9 <strong class=\"autotag\">Silas<\/strong> a marqu\u00e9 lors de ses deux derni\u00e8res apparitions en Ligue des Champions.<\/p>\n<p>Un visage familier des supporters milanais figurera au milieu de terrain : <strong class=\"autotag\">Rade Kruni\u0107<\/strong> a jou\u00e9 101 matchs pour les Rossoneri entre 2019 et 2024 et a remport\u00e9 le Scudetto avec le club.<\/p>\n<p>Une star de 17 ans devrait-elle <strong class=\"autotag\">Andrija Maksimovic<\/strong> sera \u00e0 nouveau s\u00e9lectionn\u00e9, il deviendra le plus jeune joueur de l&#39;histoire de la Ligue des Champions \u00e0 effectuer cinq titularisations cons\u00e9cutives &#8211; un record d\u00e9tenu auparavant par <strong class=\"autotag\">Vincent Kompany<\/strong> pour Anderlecht.<\/p>\n<p><strong>Onze de d\u00e9part possible de l&#39;AC Milan :<\/strong><br \/>Maignan; Calabre, Gabbia, Thiaw, Hern\u00e1ndez\u00a0; Fofana, Reijnders; Musah, Loftus-Cheek, Leao\u00a0; Morata<\/p>\n<p><strong>Onze de d\u00e9part possible de l&#39;\u00c9toile rouge de Belgrade :<\/strong><br \/>Gutesa\u00a0; Mimovic, Spajic, Djiga, Seol\u00a0; Krunic, Elsnik; Silas, Maksimovic, Milson\u00a0; Ndiaye<\/p>\n<p class=\"sm_center\">\n<h2 class=\"sm_center\">Nous disons : AC Milan 2-0 \u00c9toile Rouge Belgrade<\/h2>\n<p>Apr\u00e8s quelques difficult\u00e9s initiales suite \u00e0 la nomination de Paulo Fonseca &#8211; et certains fans ne sont toujours pas convaincus &#8211; Milan a gard\u00e9 sa cage inviol\u00e9e lors de cinq de ses sept premiers matchs \u00e0 domicile de Serie A pour la premi\u00e8re fois depuis 2002.<\/p>\n<p>Le bilan du Red Star sur la route europ\u00e9enne est \u00e9pouvantable, et ils pourraient conna\u00eetre le go\u00fbt familier de la d\u00e9faite en Ligue des champions. <\/p>\n<p>Pour l&#39;analyse des donn\u00e9es des r\u00e9sultats les plus probables, des scores et plus encore pour ce match <strong>s&#39;il vous pla\u00eet cliquez ici<\/strong>.<\/p>\n<div class=\"author_box\">\n<div class=\"author_box_banner\">\n<\/div>\n<\/div>\n<h2>Aper\u00e7us par email<\/h2>\n<div>Cliquez ici pour obtenir <strong>Taupe de sport<\/strong>L&#39;e-mail quotidien d&#39;avant-premi\u00e8res et de pronostics pour chaque jeu majeur\u00a0!<\/div>\n<p><\/div>\n","protected":false},"excerpt":{"rendered":"<p>Sports Mole pr\u00e9sente un aper\u00e7u du choc de la Ligue des champions de mercredi entre l&#39;AC Milan et l&#39;\u00c9toile rouge de Belgrade, y compris les<\/p>\n","protected":false},"author":1,"featured_media":17442,"comment_status":"closed","ping_status":"","sticky":false,"template":"","format":"standard","meta":{"footnotes":""},"categories":[4],"tags":[7,284,437,383,20,435,4219,250,382,436],"yoast_head":"<!-- This site is optimized with the Yoast SEO plugin v21.0 - https:\/\/yoast.com\/wordpress\/plugins\/seo\/ -->\n<title>Aper\u00e7u : AC Milan contre \u00c9toile Rouge de Belgrade \u2013 pronostics, actualit\u00e9s de l&#039;\u00e9quipe, compositions<\/title>\n<meta name=\"robots\" content=\"index, follow, max-snippet:-1, max-image-preview:large, max-video-preview:-1\" \/>\n<link rel=\"canonical\" href=\"https:\/\/footdavant.fr\/actualites\/apercu-ac-milan-contre-etoile-rouge-de-belgrade-pronostics-actualites-de-lequipe-compositions\/\" \/>\n<meta property=\"og:locale\" content=\"fr_FR\" \/>\n<meta property=\"og:type\" content=\"article\" \/>\n<meta property=\"og:title\" content=\"Aper\u00e7u : AC Milan contre \u00c9toile Rouge de Belgrade \u2013 pronostics, actualit\u00e9s de l&#039;\u00e9quipe, compositions\" \/>\n<meta property=\"og:description\" content=\"Sports Mole pr\u00e9sente un aper\u00e7u du choc de la Ligue des champions de mercredi entre l&#039;AC Milan et l&#039;\u00c9toile rouge de Belgrade, y compris les\" \/>\n<meta property=\"og:url\" content=\"https:\/\/footdavant.fr\/actualites\/apercu-ac-milan-contre-etoile-rouge-de-belgrade-pronostics-actualites-de-lequipe-compositions\/\" \/>\n<meta property=\"og:site_name\" content=\"Foot d&#039;avant\" \/>\n<meta property=\"article:publisher\" content=\"https:\/\/www.facebook.com\/Footdavant\/\" \/>\n<meta property=\"article:published_time\" content=\"2024-12-13T20:48:08+00:00\" \/>\n<meta property=\"article:modified_time\" content=\"2024-12-13T20:48:11+00:00\" \/>\n<meta property=\"og:image\" content=\"https:\/\/footdavant.fr\/actualites\/wp-content\/uploads\/2024\/12\/1734122888_Apercu-AC-Milan-contre-Etoile-Rouge-de-Belgrade-\u2013.jpg\" \/>\n\t<meta property=\"og:image:width\" content=\"1280\" \/>\n\t<meta property=\"og:image:height\" content=\"960\" \/>\n\t<meta property=\"og:image:type\" content=\"image\/jpeg\" \/>\n<meta name=\"author\" content=\"Cl\u00e9ment\" \/>\n<meta name=\"twitter:card\" content=\"summary_large_image\" \/>\n<meta name=\"twitter:creator\" content=\"@FootdavantFr\" \/>\n<meta name=\"twitter:site\" content=\"@FootdavantFr\" \/>\n<meta name=\"twitter:label1\" content=\"\u00c9crit par\" \/>\n\t<meta name=\"twitter:data1\" content=\"Cl\u00e9ment\" \/>\n\t<meta name=\"twitter:label2\" content=\"Dur\u00e9e de lecture estim\u00e9e\" \/>\n\t<meta name=\"twitter:data2\" content=\"7 minutes\" \/>\n<script type=\"application\/ld+json\" class=\"yoast-schema-graph\">{\"@context\":\"https:\/\/schema.org\",\"@graph\":[{\"@type\":\"Article\",\"@id\":\"https:\/\/footdavant.fr\/actualites\/apercu-ac-milan-contre-etoile-rouge-de-belgrade-pronostics-actualites-de-lequipe-compositions\/#article\",\"isPartOf\":{\"@id\":\"https:\/\/footdavant.fr\/actualites\/apercu-ac-milan-contre-etoile-rouge-de-belgrade-pronostics-actualites-de-lequipe-compositions\/\"},\"author\":{\"name\":\"Cl\u00e9ment\",\"@id\":\"https:\/\/footdavant.fr\/actualites\/#\/schema\/person\/bc222566d95871b37e597b3ed3ba5e1d\"},\"headline\":\"Aper\u00e7u : AC Milan contre \u00c9toile Rouge de Belgrade \u2013 pronostics, actualit\u00e9s de l&#39;\u00e9quipe, compositions\",\"datePublished\":\"2024-12-13T20:48:08+00:00\",\"dateModified\":\"2024-12-13T20:48:11+00:00\",\"mainEntityOfPage\":{\"@id\":\"https:\/\/footdavant.fr\/actualites\/apercu-ac-milan-contre-etoile-rouge-de-belgrade-pronostics-actualites-de-lequipe-compositions\/\"},\"wordCount\":1354,\"publisher\":{\"@id\":\"https:\/\/footdavant.fr\/actualites\/#organization\"},\"keywords\":[\"Actualit\u00e9s\",\"Aper\u00e7u\",\"Belgrade\",\"compositions\",\"contre\",\"\u00c9toile\",\"l39\u00e9quipe\",\"Milan\",\"pronostics\",\"rouge\"],\"articleSection\":[\"Champions League\"],\"inLanguage\":\"fr-FR\"},{\"@type\":\"WebPage\",\"@id\":\"https:\/\/footdavant.fr\/actualites\/apercu-ac-milan-contre-etoile-rouge-de-belgrade-pronostics-actualites-de-lequipe-compositions\/\",\"url\":\"https:\/\/footdavant.fr\/actualites\/apercu-ac-milan-contre-etoile-rouge-de-belgrade-pronostics-actualites-de-lequipe-compositions\/\",\"name\":\"Aper\u00e7u : AC Milan contre \u00c9toile Rouge de Belgrade \u2013 pronostics, actualit\u00e9s de l&#39;\u00e9quipe, compositions\",\"isPartOf\":{\"@id\":\"https:\/\/footdavant.fr\/actualites\/#website\"},\"datePublished\":\"2024-12-13T20:48:08+00:00\",\"dateModified\":\"2024-12-13T20:48:11+00:00\",\"breadcrumb\":{\"@id\":\"https:\/\/footdavant.fr\/actualites\/apercu-ac-milan-contre-etoile-rouge-de-belgrade-pronostics-actualites-de-lequipe-compositions\/#breadcrumb\"},\"inLanguage\":\"fr-FR\",\"potentialAction\":[{\"@type\":\"ReadAction\",\"target\":[\"https:\/\/footdavant.fr\/actualites\/apercu-ac-milan-contre-etoile-rouge-de-belgrade-pronostics-actualites-de-lequipe-compositions\/\"]}]},{\"@type\":\"BreadcrumbList\",\"@id\":\"https:\/\/footdavant.fr\/actualites\/apercu-ac-milan-contre-etoile-rouge-de-belgrade-pronostics-actualites-de-lequipe-compositions\/#breadcrumb\",\"itemListElement\":[{\"@type\":\"ListItem\",\"position\":1,\"name\":\"Accueil\",\"item\":\"https:\/\/footdavant.fr\/actualites\/\"},{\"@type\":\"ListItem\",\"position\":2,\"name\":\"Aper\u00e7u : AC Milan contre \u00c9toile Rouge de Belgrade \u2013 pronostics, actualit\u00e9s de l&#39;\u00e9quipe, compositions\"}]},{\"@type\":\"WebSite\",\"@id\":\"https:\/\/footdavant.fr\/actualites\/#website\",\"url\":\"https:\/\/footdavant.fr\/actualites\/\",\"name\":\"Foot d'avant\",\"description\":\"\",\"publisher\":{\"@id\":\"https:\/\/footdavant.fr\/actualites\/#organization\"},\"potentialAction\":[{\"@type\":\"SearchAction\",\"target\":{\"@type\":\"EntryPoint\",\"urlTemplate\":\"https:\/\/footdavant.fr\/actualites\/?s={search_term_string}\"},\"query-input\":\"required name=search_term_string\"}],\"inLanguage\":\"fr-FR\"},{\"@type\":\"Organization\",\"@id\":\"https:\/\/footdavant.fr\/actualites\/#organization\",\"name\":\"Foot d'avant\",\"url\":\"https:\/\/footdavant.fr\/actualites\/\",\"logo\":{\"@type\":\"ImageObject\",\"inLanguage\":\"fr-FR\",\"@id\":\"https:\/\/footdavant.fr\/actualites\/#\/schema\/logo\/image\/\",\"url\":\"https:\/\/footdavant.fr\/actualites\/wp-content\/uploads\/2023\/09\/Copy-of-FootDavant-Logo.png\",\"contentUrl\":\"https:\/\/footdavant.fr\/actualites\/wp-content\/uploads\/2023\/09\/Copy-of-FootDavant-Logo.png\",\"width\":936,\"height\":549,\"caption\":\"Foot d'avant\"},\"image\":{\"@id\":\"https:\/\/footdavant.fr\/actualites\/#\/schema\/logo\/image\/\"},\"sameAs\":[\"https:\/\/www.facebook.com\/Footdavant\/\",\"https:\/\/twitter.com\/FootdavantFr\",\"https:\/\/www.instagram.com\/footdavant.fr\/\"]},{\"@type\":\"Person\",\"@id\":\"https:\/\/footdavant.fr\/actualites\/#\/schema\/person\/bc222566d95871b37e597b3ed3ba5e1d\",\"name\":\"Cl\u00e9ment\",\"image\":{\"@type\":\"ImageObject\",\"inLanguage\":\"fr-FR\",\"@id\":\"https:\/\/footdavant.fr\/actualites\/#\/schema\/person\/image\/\",\"url\":\"https:\/\/secure.gravatar.com\/avatar\/7728b29aac2719421e1a9159b2254c44?s=96&d=mm&r=g\",\"contentUrl\":\"https:\/\/secure.gravatar.com\/avatar\/7728b29aac2719421e1a9159b2254c44?s=96&d=mm&r=g\",\"caption\":\"Cl\u00e9ment\"},\"sameAs\":[\"https:\/\/footdavant.fr\/\"]}]}<\/script>\n<!-- \/ Yoast SEO plugin. -->","yoast_head_json":{"title":"Aper\u00e7u : AC Milan contre \u00c9toile Rouge de Belgrade \u2013 pronostics, actualit\u00e9s de l&#39;\u00e9quipe, compositions","robots":{"index":"index","follow":"follow","max-snippet":"max-snippet:-1","max-image-preview":"max-image-preview:large","max-video-preview":"max-video-preview:-1"},"canonical":"https:\/\/footdavant.fr\/actualites\/apercu-ac-milan-contre-etoile-rouge-de-belgrade-pronostics-actualites-de-lequipe-compositions\/","og_locale":"fr_FR","og_type":"article","og_title":"Aper\u00e7u : AC Milan contre \u00c9toile Rouge de Belgrade \u2013 pronostics, actualit\u00e9s de l&#39;\u00e9quipe, compositions","og_description":"Sports Mole pr\u00e9sente un aper\u00e7u du choc de la Ligue des champions de mercredi entre l&#39;AC Milan et l&#39;\u00c9toile rouge de Belgrade, y compris les","og_url":"https:\/\/footdavant.fr\/actualites\/apercu-ac-milan-contre-etoile-rouge-de-belgrade-pronostics-actualites-de-lequipe-compositions\/","og_site_name":"Foot d&#039;avant","article_publisher":"https:\/\/www.facebook.com\/Footdavant\/","article_published_time":"2024-12-13T20:48:08+00:00","article_modified_time":"2024-12-13T20:48:11+00:00","og_image":[{"width":1280,"height":960,"url":"https:\/\/footdavant.fr\/actualites\/wp-content\/uploads\/2024\/12\/1734122888_Apercu-AC-Milan-contre-Etoile-Rouge-de-Belgrade-\u2013.jpg","type":"image\/jpeg"}],"author":"Cl\u00e9ment","twitter_card":"summary_large_image","twitter_creator":"@FootdavantFr","twitter_site":"@FootdavantFr","twitter_misc":{"\u00c9crit par":"Cl\u00e9ment","Dur\u00e9e de lecture estim\u00e9e":"7 minutes"},"schema":{"@context":"https:\/\/schema.org","@graph":[{"@type":"Article","@id":"https:\/\/footdavant.fr\/actualites\/apercu-ac-milan-contre-etoile-rouge-de-belgrade-pronostics-actualites-de-lequipe-compositions\/#article","isPartOf":{"@id":"https:\/\/footdavant.fr\/actualites\/apercu-ac-milan-contre-etoile-rouge-de-belgrade-pronostics-actualites-de-lequipe-compositions\/"},"author":{"name":"Cl\u00e9ment","@id":"https:\/\/footdavant.fr\/actualites\/#\/schema\/person\/bc222566d95871b37e597b3ed3ba5e1d"},"headline":"Aper\u00e7u : AC Milan contre \u00c9toile Rouge de Belgrade \u2013 pronostics, actualit\u00e9s de l&#39;\u00e9quipe, compositions","datePublished":"2024-12-13T20:48:08+00:00","dateModified":"2024-12-13T20:48:11+00:00","mainEntityOfPage":{"@id":"https:\/\/footdavant.fr\/actualites\/apercu-ac-milan-contre-etoile-rouge-de-belgrade-pronostics-actualites-de-lequipe-compositions\/"},"wordCount":1354,"publisher":{"@id":"https:\/\/footdavant.fr\/actualites\/#organization"},"keywords":["Actualit\u00e9s","Aper\u00e7u","Belgrade","compositions","contre","\u00c9toile","l39\u00e9quipe","Milan","pronostics","rouge"],"articleSection":["Champions League"],"inLanguage":"fr-FR"},{"@type":"WebPage","@id":"https:\/\/footdavant.fr\/actualites\/apercu-ac-milan-contre-etoile-rouge-de-belgrade-pronostics-actualites-de-lequipe-compositions\/","url":"https:\/\/footdavant.fr\/actualites\/apercu-ac-milan-contre-etoile-rouge-de-belgrade-pronostics-actualites-de-lequipe-compositions\/","name":"Aper\u00e7u : AC Milan contre \u00c9toile Rouge de Belgrade \u2013 pronostics, actualit\u00e9s de l&#39;\u00e9quipe, compositions","isPartOf":{"@id":"https:\/\/footdavant.fr\/actualites\/#website"},"datePublished":"2024-12-13T20:48:08+00:00","dateModified":"2024-12-13T20:48:11+00:00","breadcrumb":{"@id":"https:\/\/footdavant.fr\/actualites\/apercu-ac-milan-contre-etoile-rouge-de-belgrade-pronostics-actualites-de-lequipe-compositions\/#breadcrumb"},"inLanguage":"fr-FR","potentialAction":[{"@type":"ReadAction","target":["https:\/\/footdavant.fr\/actualites\/apercu-ac-milan-contre-etoile-rouge-de-belgrade-pronostics-actualites-de-lequipe-compositions\/"]}]},{"@type":"BreadcrumbList","@id":"https:\/\/footdavant.fr\/actualites\/apercu-ac-milan-contre-etoile-rouge-de-belgrade-pronostics-actualites-de-lequipe-compositions\/#breadcrumb","itemListElement":[{"@type":"ListItem","position":1,"name":"Accueil","item":"https:\/\/footdavant.fr\/actualites\/"},{"@type":"ListItem","position":2,"name":"Aper\u00e7u : AC Milan contre \u00c9toile Rouge de Belgrade \u2013 pronostics, actualit\u00e9s de l&#39;\u00e9quipe, compositions"}]},{"@type":"WebSite","@id":"https:\/\/footdavant.fr\/actualites\/#website","url":"https:\/\/footdavant.fr\/actualites\/","name":"Foot d'avant","description":"","publisher":{"@id":"https:\/\/footdavant.fr\/actualites\/#organization"},"potentialAction":[{"@type":"SearchAction","target":{"@type":"EntryPoint","urlTemplate":"https:\/\/footdavant.fr\/actualites\/?s={search_term_string}"},"query-input":"required name=search_term_string"}],"inLanguage":"fr-FR"},{"@type":"Organization","@id":"https:\/\/footdavant.fr\/actualites\/#organization","name":"Foot d'avant","url":"https:\/\/footdavant.fr\/actualites\/","logo":{"@type":"ImageObject","inLanguage":"fr-FR","@id":"https:\/\/footdavant.fr\/actualites\/#\/schema\/logo\/image\/","url":"https:\/\/footdavant.fr\/actualites\/wp-content\/uploads\/2023\/09\/Copy-of-FootDavant-Logo.png","contentUrl":"https:\/\/footdavant.fr\/actualites\/wp-content\/uploads\/2023\/09\/Copy-of-FootDavant-Logo.png","width":936,"height":549,"caption":"Foot d'avant"},"image":{"@id":"https:\/\/footdavant.fr\/actualites\/#\/schema\/logo\/image\/"},"sameAs":["https:\/\/www.facebook.com\/Footdavant\/","https:\/\/twitter.com\/FootdavantFr","https:\/\/www.instagram.com\/footdavant.fr\/"]},{"@type":"Person","@id":"https:\/\/footdavant.fr\/actualites\/#\/schema\/person\/bc222566d95871b37e597b3ed3ba5e1d","name":"Cl\u00e9ment","image":{"@type":"ImageObject","inLanguage":"fr-FR","@id":"https:\/\/footdavant.fr\/actualites\/#\/schema\/person\/image\/","url":"https:\/\/secure.gravatar.com\/avatar\/7728b29aac2719421e1a9159b2254c44?s=96&d=mm&r=g","contentUrl":"https:\/\/secure.gravatar.com\/avatar\/7728b29aac2719421e1a9159b2254c44?s=96&d=mm&r=g","caption":"Cl\u00e9ment"},"sameAs":["https:\/\/footdavant.fr\/"]}]}},"_links":{"self":[{"href":"https:\/\/footdavant.fr\/actualites\/wp-json\/wp\/v2\/posts\/17441"}],"collection":[{"href":"https:\/\/footdavant.fr\/actualites\/wp-json\/wp\/v2\/posts"}],"about":[{"href":"https:\/\/footdavant.fr\/actualites\/wp-json\/wp\/v2\/types\/post"}],"author":[{"embeddable":true,"href":"https:\/\/footdavant.fr\/actualites\/wp-json\/wp\/v2\/users\/1"}],"replies":[{"embeddable":true,"href":"https:\/\/footdavant.fr\/actualites\/wp-json\/wp\/v2\/comments?post=17441"}],"version-history":[{"count":1,"href":"https:\/\/footdavant.fr\/actualites\/wp-json\/wp\/v2\/posts\/17441\/revisions"}],"predecessor-version":[{"id":17443,"href":"https:\/\/footdavant.fr\/actualites\/wp-json\/wp\/v2\/posts\/17441\/revisions\/17443"}],"wp:featuredmedia":[{"embeddable":true,"href":"https:\/\/footdavant.fr\/actualites\/wp-json\/wp\/v2\/media\/17442"}],"wp:attachment":[{"href":"https:\/\/footdavant.fr\/actualites\/wp-json\/wp\/v2\/media?parent=17441"}],"wp:term":[{"taxonomy":"category","embeddable":true,"href":"https:\/\/footdavant.fr\/actualites\/wp-json\/wp\/v2\/categories?post=17441"},{"taxonomy":"post_tag","embeddable":true,"href":"https:\/\/footdavant.fr\/actualites\/wp-json\/wp\/v2\/tags?post=17441"}],"curies":[{"name":"wp","href":"https:\/\/api.w.org\/{rel}","templated":true}]}}