{"id":1745,"date":"2023-12-01T05:51:53","date_gmt":"2023-12-01T04:51:53","guid":{"rendered":"https:\/\/footdavant.fr\/actualites\/andrew-wiggins-a-rate-le-match-des-warriors-a-cause-dun-doigt-dans-la-portiere-de-la-voiture\/"},"modified":"2023-12-01T05:51:53","modified_gmt":"2023-12-01T04:51:53","slug":"andrew-wiggins-a-rate-le-match-des-warriors-a-cause-dun-doigt-dans-la-portiere-de-la-voiture","status":"publish","type":"post","link":"https:\/\/footdavant.fr\/actualites\/andrew-wiggins-a-rate-le-match-des-warriors-a-cause-dun-doigt-dans-la-portiere-de-la-voiture\/","title":{"rendered":"Andrew Wiggins a rat\u00e9 le match des Warriors \u00e0 cause d&rsquo;un doigt dans la porti\u00e8re de la voiture"},"content":{"rendered":"<div>\n<p>Les montagnes russes sauvages du d\u00e9but de saison des Golden State Warriors ont pris une autre tournure jeudi alors que l&rsquo;\u00e9quipe se pr\u00e9parait pour son match contre les Los Angeles Clippers.  En plus de Chris Paul et Gary Payton II qui ont subi des blessures lors du dernier match de l&rsquo;\u00e9quipe contre les Kings, Andrew Wiggins a rat\u00e9 l&rsquo;action de jeudi en raison d&rsquo;une maladie \u00e0 un doigt.<\/p>\n<h2>Warriors\u00a0:\u00a0Wiggins subit une blessure obscure, sorti ce soir<\/h2>\n<blockquote class=\"twitter-tweet\">\n<p dir=\"ltr\" lang=\"en\">Andrew Wiggins a claqu\u00e9 la porti\u00e8re d&rsquo;une voiture avec son index droit ce matin.  J&rsquo;ai eu du mal \u00e0 tirer ce matin.  Dehors ce soir.  Steve Kerr pense que ce sera \u00e0 court terme.<\/p>\n<p>-Anthony Slater (@anthonyVslater) <a rel=\"nofollow\" href=\"https:\/\/twitter.com\/anthonyVslater\/status\/1730396518765707392?ref_src=twsrc%5Etfw\">1 d\u00e9cembre 2023<\/a><\/p>\n<\/blockquote>\n<p>Mais ce n\u2019est pas quelque chose qu\u2019il a subi sur le terrain.  Wiggins a apparemment claqu\u00e9 une porti\u00e8re de voiture avec son index droit ce matin.  Lors des tirs du matin, il a eu des probl\u00e8mes avec son tir et a \u00e9t\u00e9 arr\u00eat\u00e9 pour le match de la nuit.  Selon l&rsquo;entra\u00eeneur-chef Steve Kerr, cela ne semble pas \u00eatre un probl\u00e8me \u00e0 long terme.<\/p>\n<p>Cependant, cela laissera certainement les Warriors en d\u00e9savantage num\u00e9rique ce soir.  Jonathan Kuminga rejoindra la formation de d\u00e9part, et m\u00eame si Draymond Green est de retour de suspension, sa pr\u00e9sence n&rsquo;a pas vraiment aid\u00e9 Golden State lors de son quatri\u00e8me quart-temps contre Sacramento.  Ils seront tr\u00e8s minces aux postes de garde avec Payton et Paul absents, et nous verrons probablement des doses constantes de Cory Joseph et Brandin Podziemski en remplacement de Steph Curry et Klay Thompson.<\/p>\n<h2>Golden State doit bient\u00f4t remporter des victoires<\/h2>\n<blockquote class=\"twitter-tweet\">\n<p dir=\"ltr\" lang=\"en\">Certains membres de l&rsquo;organisation de Golden State ont \u00e9t\u00e9 \u00ab ennuy\u00e9s \u00bb par le manque de condition physique d&rsquo;Andrew Wiggins, selon <a rel=\"nofollow\" href=\"https:\/\/twitter.com\/kendra__andrews?ref_src=twsrc%5Etfw\">@kendra__andrews<\/a><\/p>\n<p>\u00ab\u00a0Des sources ont d\u00e9clar\u00e9 \u00e0 ESPN qu&rsquo;apr\u00e8s avoir manqu\u00e9 deux mois la saison derni\u00e8re pour une affaire personnelle encore non divulgu\u00e9e, il n&rsquo;avait pas pris le temps n\u00e9cessaire&#8230; <a rel=\"nofollow\" href=\"https:\/\/t.co\/G6SCjasIGy\">pic.twitter.com\/G6SCjasIGy<\/a><\/p>\n<p>\u2013 NBACentral (@TheDunkCentral) <a rel=\"nofollow\" href=\"https:\/\/twitter.com\/TheDunkCentral\/status\/1729586674189922355?ref_src=twsrc%5Etfw\">28 novembre 2023<\/a><\/p>\n<\/blockquote>\n<p>L&rsquo;obscure blessure d&rsquo;Andrew Wiggins fait suite \u00e0 un rapport selon lequel certaines personnes de l&rsquo;organisation des Warriors \u00e9taient m\u00e9contentes de sa condition physique et qu&rsquo;il n&rsquo;avait pas pris le temps de se remettre en forme apr\u00e8s avoir rat\u00e9 deux mois la saison derni\u00e8re avec un affaire personnelle.<\/p>\n<p>Golden State aura besoin de toute l\u2019aide possible pour remporter quelques victoires dans un avenir proche.  Ils sont actuellement \u00e0 deux matchs sous .500 avant la conclusion du match de jeudi et occupent actuellement la 11e place dans la tr\u00e8s comp\u00e9titive Conf\u00e9rence Ouest.<\/p>\n<p>Essentiellement, tout le monde dans l&rsquo;\u00e9quipe a connu des difficult\u00e9s jusqu&rsquo;\u00e0 pr\u00e9sent cette ann\u00e9e, \u00e0 l&rsquo;exception de Steph Curry, qui a lui-m\u00eame rat\u00e9 quelques matchs plus t\u00f4t dans la saison.  Les acteurs de soutien de Green et Thompson n&rsquo;ont pas \u00e9t\u00e9 aussi productifs et fiables que nous l&rsquo;avons vu au cours de la saison pass\u00e9e, et cela pourrait \u00eatre l&rsquo;une des rotations les plus faibles que nous ayons vues de la part d&rsquo;une \u00e9quipe de Golden State au cours de leur dynastie.<\/p>\n<\/p><\/div>\n<p><script async src=\"https:\/\/platform.twitter.com\/widgets.js\" charset=\"utf-8\"><\/script><\/p>\n","protected":false},"excerpt":{"rendered":"<p>Les montagnes russes sauvages du d\u00e9but de saison des Golden State Warriors ont pris une autre tournure jeudi alors que l&rsquo;\u00e9quipe se pr\u00e9parait pour son<\/p>\n","protected":false},"author":1,"featured_media":1746,"comment_status":"closed","ping_status":"","sticky":false,"template":"","format":"standard","meta":{"footnotes":""},"categories":[3],"tags":[1779,19,12,1782,164,257,1783,1060,1784,1781,1780],"yoast_head":"<!-- This site is optimized with the Yoast SEO plugin v21.0 - https:\/\/yoast.com\/wordpress\/plugins\/seo\/ -->\n<title>Andrew Wiggins a rat\u00e9 le match des Warriors \u00e0 cause d&#039;un doigt dans la porti\u00e8re de la voiture<\/title>\n<meta name=\"robots\" content=\"index, follow, max-snippet:-1, max-image-preview:large, max-video-preview:-1\" \/>\n<link rel=\"canonical\" href=\"https:\/\/footdavant.fr\/actualites\/andrew-wiggins-a-rate-le-match-des-warriors-a-cause-dun-doigt-dans-la-portiere-de-la-voiture\/\" \/>\n<meta property=\"og:locale\" content=\"fr_FR\" \/>\n<meta property=\"og:type\" content=\"article\" \/>\n<meta property=\"og:title\" content=\"Andrew Wiggins a rat\u00e9 le match des Warriors \u00e0 cause d&#039;un doigt dans la porti\u00e8re de la voiture\" \/>\n<meta property=\"og:description\" content=\"Les montagnes russes sauvages du d\u00e9but de saison des Golden State Warriors ont pris une autre tournure jeudi alors que l&rsquo;\u00e9quipe se pr\u00e9parait pour son\" \/>\n<meta property=\"og:url\" content=\"https:\/\/footdavant.fr\/actualites\/andrew-wiggins-a-rate-le-match-des-warriors-a-cause-dun-doigt-dans-la-portiere-de-la-voiture\/\" \/>\n<meta property=\"og:site_name\" content=\"Foot d&#039;avant\" \/>\n<meta property=\"article:publisher\" content=\"https:\/\/www.facebook.com\/Footdavant\/\" \/>\n<meta property=\"article:published_time\" content=\"2023-12-01T04:51:53+00:00\" \/>\n<meta property=\"og:image\" content=\"https:\/\/footdavant.fr\/actualites\/wp-content\/uploads\/2023\/12\/Andrew-Wiggins-a-rate-le-match-des-Warriors-a-cause.jpeg\" \/>\n\t<meta property=\"og:image:width\" content=\"650\" \/>\n\t<meta property=\"og:image:height\" content=\"433\" \/>\n\t<meta property=\"og:image:type\" content=\"image\/jpeg\" \/>\n<meta name=\"author\" content=\"Cl\u00e9ment\" \/>\n<meta name=\"twitter:card\" content=\"summary_large_image\" \/>\n<meta name=\"twitter:creator\" content=\"@FootdavantFr\" \/>\n<meta name=\"twitter:site\" content=\"@FootdavantFr\" \/>\n<meta name=\"twitter:label1\" content=\"\u00c9crit par\" \/>\n\t<meta name=\"twitter:data1\" content=\"Cl\u00e9ment\" \/>\n\t<meta name=\"twitter:label2\" content=\"Dur\u00e9e de lecture estim\u00e9e\" \/>\n\t<meta name=\"twitter:data2\" content=\"3 minutes\" \/>\n<script type=\"application\/ld+json\" class=\"yoast-schema-graph\">{\"@context\":\"https:\/\/schema.org\",\"@graph\":[{\"@type\":\"Article\",\"@id\":\"https:\/\/footdavant.fr\/actualites\/andrew-wiggins-a-rate-le-match-des-warriors-a-cause-dun-doigt-dans-la-portiere-de-la-voiture\/#article\",\"isPartOf\":{\"@id\":\"https:\/\/footdavant.fr\/actualites\/andrew-wiggins-a-rate-le-match-des-warriors-a-cause-dun-doigt-dans-la-portiere-de-la-voiture\/\"},\"author\":{\"name\":\"Cl\u00e9ment\",\"@id\":\"https:\/\/footdavant.fr\/actualites\/#\/schema\/person\/bc222566d95871b37e597b3ed3ba5e1d\"},\"headline\":\"Andrew Wiggins a rat\u00e9 le match des Warriors \u00e0 cause d&rsquo;un doigt dans la porti\u00e8re de la voiture\",\"datePublished\":\"2023-12-01T04:51:53+00:00\",\"dateModified\":\"2023-12-01T04:51:53+00:00\",\"mainEntityOfPage\":{\"@id\":\"https:\/\/footdavant.fr\/actualites\/andrew-wiggins-a-rate-le-match-des-warriors-a-cause-dun-doigt-dans-la-portiere-de-la-voiture\/\"},\"wordCount\":541,\"publisher\":{\"@id\":\"https:\/\/footdavant.fr\/actualites\/#organization\"},\"keywords\":[\"Andrew\",\"dans\",\"des\",\"doigt\",\"dun\",\"match\",\"porti\u00e8re\",\"rat\u00e9\",\"voiture\",\"Warriors\",\"Wiggins\"],\"articleSection\":[\"Football\"],\"inLanguage\":\"fr-FR\"},{\"@type\":\"WebPage\",\"@id\":\"https:\/\/footdavant.fr\/actualites\/andrew-wiggins-a-rate-le-match-des-warriors-a-cause-dun-doigt-dans-la-portiere-de-la-voiture\/\",\"url\":\"https:\/\/footdavant.fr\/actualites\/andrew-wiggins-a-rate-le-match-des-warriors-a-cause-dun-doigt-dans-la-portiere-de-la-voiture\/\",\"name\":\"Andrew Wiggins a rat\u00e9 le match des Warriors \u00e0 cause d'un doigt dans la porti\u00e8re de la voiture\",\"isPartOf\":{\"@id\":\"https:\/\/footdavant.fr\/actualites\/#website\"},\"datePublished\":\"2023-12-01T04:51:53+00:00\",\"dateModified\":\"2023-12-01T04:51:53+00:00\",\"breadcrumb\":{\"@id\":\"https:\/\/footdavant.fr\/actualites\/andrew-wiggins-a-rate-le-match-des-warriors-a-cause-dun-doigt-dans-la-portiere-de-la-voiture\/#breadcrumb\"},\"inLanguage\":\"fr-FR\",\"potentialAction\":[{\"@type\":\"ReadAction\",\"target\":[\"https:\/\/footdavant.fr\/actualites\/andrew-wiggins-a-rate-le-match-des-warriors-a-cause-dun-doigt-dans-la-portiere-de-la-voiture\/\"]}]},{\"@type\":\"BreadcrumbList\",\"@id\":\"https:\/\/footdavant.fr\/actualites\/andrew-wiggins-a-rate-le-match-des-warriors-a-cause-dun-doigt-dans-la-portiere-de-la-voiture\/#breadcrumb\",\"itemListElement\":[{\"@type\":\"ListItem\",\"position\":1,\"name\":\"Accueil\",\"item\":\"https:\/\/footdavant.fr\/actualites\/\"},{\"@type\":\"ListItem\",\"position\":2,\"name\":\"Andrew Wiggins a rat\u00e9 le match des Warriors \u00e0 cause d&rsquo;un doigt dans la porti\u00e8re de la voiture\"}]},{\"@type\":\"WebSite\",\"@id\":\"https:\/\/footdavant.fr\/actualites\/#website\",\"url\":\"https:\/\/footdavant.fr\/actualites\/\",\"name\":\"Foot d'avant\",\"description\":\"\",\"publisher\":{\"@id\":\"https:\/\/footdavant.fr\/actualites\/#organization\"},\"potentialAction\":[{\"@type\":\"SearchAction\",\"target\":{\"@type\":\"EntryPoint\",\"urlTemplate\":\"https:\/\/footdavant.fr\/actualites\/?s={search_term_string}\"},\"query-input\":\"required name=search_term_string\"}],\"inLanguage\":\"fr-FR\"},{\"@type\":\"Organization\",\"@id\":\"https:\/\/footdavant.fr\/actualites\/#organization\",\"name\":\"Foot d'avant\",\"url\":\"https:\/\/footdavant.fr\/actualites\/\",\"logo\":{\"@type\":\"ImageObject\",\"inLanguage\":\"fr-FR\",\"@id\":\"https:\/\/footdavant.fr\/actualites\/#\/schema\/logo\/image\/\",\"url\":\"https:\/\/footdavant.fr\/actualites\/wp-content\/uploads\/2023\/09\/Copy-of-FootDavant-Logo.png\",\"contentUrl\":\"https:\/\/footdavant.fr\/actualites\/wp-content\/uploads\/2023\/09\/Copy-of-FootDavant-Logo.png\",\"width\":936,\"height\":549,\"caption\":\"Foot d'avant\"},\"image\":{\"@id\":\"https:\/\/footdavant.fr\/actualites\/#\/schema\/logo\/image\/\"},\"sameAs\":[\"https:\/\/www.facebook.com\/Footdavant\/\",\"https:\/\/twitter.com\/FootdavantFr\",\"https:\/\/www.instagram.com\/footdavant.fr\/\"]},{\"@type\":\"Person\",\"@id\":\"https:\/\/footdavant.fr\/actualites\/#\/schema\/person\/bc222566d95871b37e597b3ed3ba5e1d\",\"name\":\"Cl\u00e9ment\",\"image\":{\"@type\":\"ImageObject\",\"inLanguage\":\"fr-FR\",\"@id\":\"https:\/\/footdavant.fr\/actualites\/#\/schema\/person\/image\/\",\"url\":\"https:\/\/secure.gravatar.com\/avatar\/7728b29aac2719421e1a9159b2254c44?s=96&d=mm&r=g\",\"contentUrl\":\"https:\/\/secure.gravatar.com\/avatar\/7728b29aac2719421e1a9159b2254c44?s=96&d=mm&r=g\",\"caption\":\"Cl\u00e9ment\"},\"sameAs\":[\"https:\/\/footdavant.fr\/\"]}]}<\/script>\n<!-- \/ Yoast SEO plugin. -->","yoast_head_json":{"title":"Andrew Wiggins a rat\u00e9 le match des Warriors \u00e0 cause d'un doigt dans la porti\u00e8re de la voiture","robots":{"index":"index","follow":"follow","max-snippet":"max-snippet:-1","max-image-preview":"max-image-preview:large","max-video-preview":"max-video-preview:-1"},"canonical":"https:\/\/footdavant.fr\/actualites\/andrew-wiggins-a-rate-le-match-des-warriors-a-cause-dun-doigt-dans-la-portiere-de-la-voiture\/","og_locale":"fr_FR","og_type":"article","og_title":"Andrew Wiggins a rat\u00e9 le match des Warriors \u00e0 cause d'un doigt dans la porti\u00e8re de la voiture","og_description":"Les montagnes russes sauvages du d\u00e9but de saison des Golden State Warriors ont pris une autre tournure jeudi alors que l&rsquo;\u00e9quipe se pr\u00e9parait pour son","og_url":"https:\/\/footdavant.fr\/actualites\/andrew-wiggins-a-rate-le-match-des-warriors-a-cause-dun-doigt-dans-la-portiere-de-la-voiture\/","og_site_name":"Foot d&#039;avant","article_publisher":"https:\/\/www.facebook.com\/Footdavant\/","article_published_time":"2023-12-01T04:51:53+00:00","og_image":[{"width":650,"height":433,"url":"https:\/\/footdavant.fr\/actualites\/wp-content\/uploads\/2023\/12\/Andrew-Wiggins-a-rate-le-match-des-Warriors-a-cause.jpeg","type":"image\/jpeg"}],"author":"Cl\u00e9ment","twitter_card":"summary_large_image","twitter_creator":"@FootdavantFr","twitter_site":"@FootdavantFr","twitter_misc":{"\u00c9crit par":"Cl\u00e9ment","Dur\u00e9e de lecture estim\u00e9e":"3 minutes"},"schema":{"@context":"https:\/\/schema.org","@graph":[{"@type":"Article","@id":"https:\/\/footdavant.fr\/actualites\/andrew-wiggins-a-rate-le-match-des-warriors-a-cause-dun-doigt-dans-la-portiere-de-la-voiture\/#article","isPartOf":{"@id":"https:\/\/footdavant.fr\/actualites\/andrew-wiggins-a-rate-le-match-des-warriors-a-cause-dun-doigt-dans-la-portiere-de-la-voiture\/"},"author":{"name":"Cl\u00e9ment","@id":"https:\/\/footdavant.fr\/actualites\/#\/schema\/person\/bc222566d95871b37e597b3ed3ba5e1d"},"headline":"Andrew Wiggins a rat\u00e9 le match des Warriors \u00e0 cause d&rsquo;un doigt dans la porti\u00e8re de la voiture","datePublished":"2023-12-01T04:51:53+00:00","dateModified":"2023-12-01T04:51:53+00:00","mainEntityOfPage":{"@id":"https:\/\/footdavant.fr\/actualites\/andrew-wiggins-a-rate-le-match-des-warriors-a-cause-dun-doigt-dans-la-portiere-de-la-voiture\/"},"wordCount":541,"publisher":{"@id":"https:\/\/footdavant.fr\/actualites\/#organization"},"keywords":["Andrew","dans","des","doigt","dun","match","porti\u00e8re","rat\u00e9","voiture","Warriors","Wiggins"],"articleSection":["Football"],"inLanguage":"fr-FR"},{"@type":"WebPage","@id":"https:\/\/footdavant.fr\/actualites\/andrew-wiggins-a-rate-le-match-des-warriors-a-cause-dun-doigt-dans-la-portiere-de-la-voiture\/","url":"https:\/\/footdavant.fr\/actualites\/andrew-wiggins-a-rate-le-match-des-warriors-a-cause-dun-doigt-dans-la-portiere-de-la-voiture\/","name":"Andrew Wiggins a rat\u00e9 le match des Warriors \u00e0 cause d'un doigt dans la porti\u00e8re de la voiture","isPartOf":{"@id":"https:\/\/footdavant.fr\/actualites\/#website"},"datePublished":"2023-12-01T04:51:53+00:00","dateModified":"2023-12-01T04:51:53+00:00","breadcrumb":{"@id":"https:\/\/footdavant.fr\/actualites\/andrew-wiggins-a-rate-le-match-des-warriors-a-cause-dun-doigt-dans-la-portiere-de-la-voiture\/#breadcrumb"},"inLanguage":"fr-FR","potentialAction":[{"@type":"ReadAction","target":["https:\/\/footdavant.fr\/actualites\/andrew-wiggins-a-rate-le-match-des-warriors-a-cause-dun-doigt-dans-la-portiere-de-la-voiture\/"]}]},{"@type":"BreadcrumbList","@id":"https:\/\/footdavant.fr\/actualites\/andrew-wiggins-a-rate-le-match-des-warriors-a-cause-dun-doigt-dans-la-portiere-de-la-voiture\/#breadcrumb","itemListElement":[{"@type":"ListItem","position":1,"name":"Accueil","item":"https:\/\/footdavant.fr\/actualites\/"},{"@type":"ListItem","position":2,"name":"Andrew Wiggins a rat\u00e9 le match des Warriors \u00e0 cause d&rsquo;un doigt dans la porti\u00e8re de la voiture"}]},{"@type":"WebSite","@id":"https:\/\/footdavant.fr\/actualites\/#website","url":"https:\/\/footdavant.fr\/actualites\/","name":"Foot d'avant","description":"","publisher":{"@id":"https:\/\/footdavant.fr\/actualites\/#organization"},"potentialAction":[{"@type":"SearchAction","target":{"@type":"EntryPoint","urlTemplate":"https:\/\/footdavant.fr\/actualites\/?s={search_term_string}"},"query-input":"required name=search_term_string"}],"inLanguage":"fr-FR"},{"@type":"Organization","@id":"https:\/\/footdavant.fr\/actualites\/#organization","name":"Foot d'avant","url":"https:\/\/footdavant.fr\/actualites\/","logo":{"@type":"ImageObject","inLanguage":"fr-FR","@id":"https:\/\/footdavant.fr\/actualites\/#\/schema\/logo\/image\/","url":"https:\/\/footdavant.fr\/actualites\/wp-content\/uploads\/2023\/09\/Copy-of-FootDavant-Logo.png","contentUrl":"https:\/\/footdavant.fr\/actualites\/wp-content\/uploads\/2023\/09\/Copy-of-FootDavant-Logo.png","width":936,"height":549,"caption":"Foot d'avant"},"image":{"@id":"https:\/\/footdavant.fr\/actualites\/#\/schema\/logo\/image\/"},"sameAs":["https:\/\/www.facebook.com\/Footdavant\/","https:\/\/twitter.com\/FootdavantFr","https:\/\/www.instagram.com\/footdavant.fr\/"]},{"@type":"Person","@id":"https:\/\/footdavant.fr\/actualites\/#\/schema\/person\/bc222566d95871b37e597b3ed3ba5e1d","name":"Cl\u00e9ment","image":{"@type":"ImageObject","inLanguage":"fr-FR","@id":"https:\/\/footdavant.fr\/actualites\/#\/schema\/person\/image\/","url":"https:\/\/secure.gravatar.com\/avatar\/7728b29aac2719421e1a9159b2254c44?s=96&d=mm&r=g","contentUrl":"https:\/\/secure.gravatar.com\/avatar\/7728b29aac2719421e1a9159b2254c44?s=96&d=mm&r=g","caption":"Cl\u00e9ment"},"sameAs":["https:\/\/footdavant.fr\/"]}]}},"_links":{"self":[{"href":"https:\/\/footdavant.fr\/actualites\/wp-json\/wp\/v2\/posts\/1745"}],"collection":[{"href":"https:\/\/footdavant.fr\/actualites\/wp-json\/wp\/v2\/posts"}],"about":[{"href":"https:\/\/footdavant.fr\/actualites\/wp-json\/wp\/v2\/types\/post"}],"author":[{"embeddable":true,"href":"https:\/\/footdavant.fr\/actualites\/wp-json\/wp\/v2\/users\/1"}],"replies":[{"embeddable":true,"href":"https:\/\/footdavant.fr\/actualites\/wp-json\/wp\/v2\/comments?post=1745"}],"version-history":[{"count":1,"href":"https:\/\/footdavant.fr\/actualites\/wp-json\/wp\/v2\/posts\/1745\/revisions"}],"predecessor-version":[{"id":1747,"href":"https:\/\/footdavant.fr\/actualites\/wp-json\/wp\/v2\/posts\/1745\/revisions\/1747"}],"wp:featuredmedia":[{"embeddable":true,"href":"https:\/\/footdavant.fr\/actualites\/wp-json\/wp\/v2\/media\/1746"}],"wp:attachment":[{"href":"https:\/\/footdavant.fr\/actualites\/wp-json\/wp\/v2\/media?parent=1745"}],"wp:term":[{"taxonomy":"category","embeddable":true,"href":"https:\/\/footdavant.fr\/actualites\/wp-json\/wp\/v2\/categories?post=1745"},{"taxonomy":"post_tag","embeddable":true,"href":"https:\/\/footdavant.fr\/actualites\/wp-json\/wp\/v2\/tags?post=1745"}],"curies":[{"name":"wp","href":"https:\/\/api.w.org\/{rel}","templated":true}]}}