{"id":17558,"date":"2024-12-16T05:48:17","date_gmt":"2024-12-16T04:48:17","guid":{"rendered":"https:\/\/footdavant.fr\/actualites\/composition-de-monaco-contre-arsenal-xi-prevu-pour-le-choc-de-la-ligue-des-champions-alors-que-folarin-balogun-a-refuse-les-retrouvailles\/"},"modified":"2024-12-16T05:48:18","modified_gmt":"2024-12-16T04:48:18","slug":"composition-de-monaco-contre-arsenal-xi-prevu-pour-le-choc-de-la-ligue-des-champions-alors-que-folarin-balogun-a-refuse-les-retrouvailles","status":"publish","type":"post","link":"https:\/\/footdavant.fr\/actualites\/composition-de-monaco-contre-arsenal-xi-prevu-pour-le-choc-de-la-ligue-des-champions-alors-que-folarin-balogun-a-refuse-les-retrouvailles\/","title":{"rendered":"Composition de Monaco contre Arsenal\u00a0: XI pr\u00e9vu pour le choc de la Ligue des champions alors que Folarin Balogun a refus\u00e9 les retrouvailles"},"content":{"rendered":"<p>Sports Mole examine en profondeur la fa\u00e7on dont Monaco pourrait s&#39;aligner pour le choc de la Ligue des champions de mercredi avec Arsenal \u00e0 l&#39;Emirates Stadium.<\/p>\n<div id=\"article_body\" itemprop=\"articleBody\">\n<p class=\"firstPara\"><strong class=\"autotag\">Monaco<\/strong> gr\u00e9viste <strong class=\"autotag\">Folarin Balogun<\/strong> ne retrouvera pas ses anciens employeurs lors de la rencontre entre l&#39;\u00e9quipe de Ligue 1 <strong class=\"autotag\">Arsenal<\/strong> dans <strong>Affrontement de la phase de championnat de la Ligue des champions mercredi<\/strong> \u00e0 l&#39;Emirates Stadium.<\/p>\n<p>L&#39;international am\u00e9ricain est pass\u00e9 par le r\u00e9seau de jeunes des Gunners avant d&#39;\u00eatre vendu aux Mon\u00e9gasques en 2023, mais il se remet d&#39;une blessure \u00e0 l&#39;\u00e9paule et se verra donc refuser une r\u00e9union dans le nord de Londres.<\/p>\n<p>Balogun est l&#39;un des six hommes de Monaco <strong class=\"autotag\">Adi Hutter<\/strong>La liste indisponible de <strong class=\"autotag\">Denis Zakaria<\/strong> (ind\u00e9termin\u00e9), <strong class=\"autotag\">Kr\u00e9pin Diatta<\/strong> (muscle) et <strong class=\"autotag\">\u00c9dan Diop<\/strong> (pied) sont \u00e9galement touch\u00e9s, tandis que les d\u00e9fenseurs <strong class=\"autotag\">Christian Mawissa<\/strong> et <strong class=\"autotag\">Wilfried Singo<\/strong> sont tous deux interdits.<\/p>\n<p>Singo a \u00e9t\u00e9 expuls\u00e9 pour deux fautes susceptibles d&#39;\u00eatre r\u00e9serv\u00e9es lors de la d\u00e9faite 3-2 de Monaco contre Benfica lors de la cinqui\u00e8me journ\u00e9e, tandis que Mawissa a \u00e9cop\u00e9 de son troisi\u00e8me carton jaune de la comp\u00e9tition. <strong class=\"autotag\">Ligue des Champions<\/strong> saison dans ce match et purge sa propre suspension d&#39;un match.<\/p>\n<p>En cons\u00e9quence, l&#39;ancien duo de Premier League <strong class=\"autotag\">Thilo Kehrer<\/strong> et <strong class=\"autotag\">Mohammed Salisu<\/strong> devrait s&#39;aligner devant le gardien de but <strong class=\"autotag\">Radoslaw Majecki<\/strong>tandis que la paire br\u00e9silienne <strong class=\"autotag\">Vanderson<\/strong> et <strong class=\"autotag\">Caio Henrique<\/strong> bombardez les flancs.<\/p>\n<p>Alors que Zakaria, ancien joueur de Chelsea, est absent, <strong class=\"autotag\">Eliot Matazo<\/strong> ancre le milieu de terrain mon\u00e9gasque avec <strong class=\"autotag\">Mohamed Camara<\/strong>; juste devant eux, 19 ans <strong class=\"autotag\">Eliesse Ben Seghir<\/strong> pourrait devenir le deuxi\u00e8me adolescent apr\u00e8s <strong class=\"autotag\">Kylian Mbapp\u00e9<\/strong> marquer lors des matchs successifs de l&#39;UCL pour Monaco.<\/p>\n<p>Le jeune devrait repr\u00e9senter 25% d&#39;un quatuor offensif comprenant \u00e9galement <strong class=\"autotag\">Maghn\u00e8s Akliouche<\/strong>, <strong class=\"autotag\">Alexandre Golovine<\/strong> et <strong class=\"autotag\">Breel Embolo<\/strong>en tant qu&#39;ancien homme de Liverpool <strong class=\"autotag\">Takumi Minamino<\/strong> cherche \u00e0 avoir un impact depuis le banc.<\/p>\n<p><strong>Onze de d\u00e9part possibles \u00e0 Monaco :<\/strong><br \/>Majecki\u00a0; Vanderson, Salisu, Kehrer, Henrique\u00a0; Matazo, C\u00e2mara; Akliouche, Ben Seghir, Golovine ; Embolo<\/p>\n<p><strong>> Cliquez ici pour voir comment Arsenal pourrait s&#39;aligner pour cet affrontement<\/strong><\/p>\n<div class=\"author_box\">\n<div class=\"author_box_banner\">\n<\/div>\n<\/div>\n<\/div>\n","protected":false},"excerpt":{"rendered":"<p>Sports Mole examine en profondeur la fa\u00e7on dont Monaco pourrait s&#39;aligner pour le choc de la Ligue des champions de mercredi avec Arsenal \u00e0 l&#39;Emirates<\/p>\n","protected":false},"author":1,"featured_media":15414,"comment_status":"closed","ping_status":"","sticky":false,"template":"","format":"standard","meta":{"footnotes":""},"categories":[4],"tags":[318,67,7380,31,332,2291,20,12,7379,93,30,2808,51,3924,2110,2417],"yoast_head":"<!-- This site is optimized with the Yoast SEO plugin v21.0 - https:\/\/yoast.com\/wordpress\/plugins\/seo\/ -->\n<title>Composition de Monaco contre Arsenal\u00a0: XI pr\u00e9vu pour le choc de la Ligue des champions alors que Folarin Balogun a refus\u00e9 les retrouvailles<\/title>\n<meta name=\"robots\" content=\"index, follow, max-snippet:-1, max-image-preview:large, max-video-preview:-1\" \/>\n<link rel=\"canonical\" href=\"https:\/\/footdavant.fr\/actualites\/composition-de-monaco-contre-arsenal-xi-prevu-pour-le-choc-de-la-ligue-des-champions-alors-que-folarin-balogun-a-refuse-les-retrouvailles\/\" \/>\n<meta property=\"og:locale\" content=\"fr_FR\" \/>\n<meta property=\"og:type\" content=\"article\" \/>\n<meta property=\"og:title\" content=\"Composition de Monaco contre Arsenal\u00a0: XI pr\u00e9vu pour le choc de la Ligue des champions alors que Folarin Balogun a refus\u00e9 les retrouvailles\" \/>\n<meta property=\"og:description\" content=\"Sports Mole examine en profondeur la fa\u00e7on dont Monaco pourrait s&#039;aligner pour le choc de la Ligue des champions de mercredi avec Arsenal \u00e0 l&#039;Emirates\" \/>\n<meta property=\"og:url\" content=\"https:\/\/footdavant.fr\/actualites\/composition-de-monaco-contre-arsenal-xi-prevu-pour-le-choc-de-la-ligue-des-champions-alors-que-folarin-balogun-a-refuse-les-retrouvailles\/\" \/>\n<meta property=\"og:site_name\" content=\"Foot d&#039;avant\" \/>\n<meta property=\"article:publisher\" content=\"https:\/\/www.facebook.com\/Footdavant\/\" \/>\n<meta property=\"article:published_time\" content=\"2024-12-16T04:48:17+00:00\" \/>\n<meta property=\"article:modified_time\" content=\"2024-12-16T04:48:18+00:00\" \/>\n<meta property=\"og:image\" content=\"https:\/\/footdavant.fr\/actualites\/wp-content\/uploads\/2024\/10\/1730134083_Equipe-de-la-semaine-de-la-Ligue-des-champions-de.jpg\" \/>\n\t<meta property=\"og:image:width\" content=\"1280\" \/>\n\t<meta property=\"og:image:height\" content=\"960\" \/>\n\t<meta property=\"og:image:type\" content=\"image\/jpeg\" \/>\n<meta name=\"author\" content=\"Cl\u00e9ment\" \/>\n<meta name=\"twitter:card\" content=\"summary_large_image\" \/>\n<meta name=\"twitter:creator\" content=\"@FootdavantFr\" \/>\n<meta name=\"twitter:site\" content=\"@FootdavantFr\" \/>\n<meta name=\"twitter:label1\" content=\"\u00c9crit par\" \/>\n\t<meta name=\"twitter:data1\" content=\"Cl\u00e9ment\" \/>\n\t<meta name=\"twitter:label2\" content=\"Dur\u00e9e de lecture estim\u00e9e\" \/>\n\t<meta name=\"twitter:data2\" content=\"2 minutes\" \/>\n<script type=\"application\/ld+json\" class=\"yoast-schema-graph\">{\"@context\":\"https:\/\/schema.org\",\"@graph\":[{\"@type\":\"Article\",\"@id\":\"https:\/\/footdavant.fr\/actualites\/composition-de-monaco-contre-arsenal-xi-prevu-pour-le-choc-de-la-ligue-des-champions-alors-que-folarin-balogun-a-refuse-les-retrouvailles\/#article\",\"isPartOf\":{\"@id\":\"https:\/\/footdavant.fr\/actualites\/composition-de-monaco-contre-arsenal-xi-prevu-pour-le-choc-de-la-ligue-des-champions-alors-que-folarin-balogun-a-refuse-les-retrouvailles\/\"},\"author\":{\"name\":\"Cl\u00e9ment\",\"@id\":\"https:\/\/footdavant.fr\/actualites\/#\/schema\/person\/bc222566d95871b37e597b3ed3ba5e1d\"},\"headline\":\"Composition de Monaco contre Arsenal\u00a0: XI pr\u00e9vu pour le choc de la Ligue des champions alors que Folarin Balogun a refus\u00e9 les retrouvailles\",\"datePublished\":\"2024-12-16T04:48:17+00:00\",\"dateModified\":\"2024-12-16T04:48:18+00:00\",\"mainEntityOfPage\":{\"@id\":\"https:\/\/footdavant.fr\/actualites\/composition-de-monaco-contre-arsenal-xi-prevu-pour-le-choc-de-la-ligue-des-champions-alors-que-folarin-balogun-a-refuse-les-retrouvailles\/\"},\"wordCount\":386,\"publisher\":{\"@id\":\"https:\/\/footdavant.fr\/actualites\/#organization\"},\"keywords\":[\"alors\",\"Arsenal\",\"Balogun\",\"champions\",\"choc\",\"composition\",\"contre\",\"des\",\"Folarin\",\"les\",\"Ligue\",\"Monaco\",\"pour\",\"pr\u00e9vu\",\"refuse\",\"retrouvailles\"],\"articleSection\":[\"Champions League\"],\"inLanguage\":\"fr-FR\"},{\"@type\":\"WebPage\",\"@id\":\"https:\/\/footdavant.fr\/actualites\/composition-de-monaco-contre-arsenal-xi-prevu-pour-le-choc-de-la-ligue-des-champions-alors-que-folarin-balogun-a-refuse-les-retrouvailles\/\",\"url\":\"https:\/\/footdavant.fr\/actualites\/composition-de-monaco-contre-arsenal-xi-prevu-pour-le-choc-de-la-ligue-des-champions-alors-que-folarin-balogun-a-refuse-les-retrouvailles\/\",\"name\":\"Composition de Monaco contre Arsenal\u00a0: XI pr\u00e9vu pour le choc de la Ligue des champions alors que Folarin Balogun a refus\u00e9 les retrouvailles\",\"isPartOf\":{\"@id\":\"https:\/\/footdavant.fr\/actualites\/#website\"},\"datePublished\":\"2024-12-16T04:48:17+00:00\",\"dateModified\":\"2024-12-16T04:48:18+00:00\",\"breadcrumb\":{\"@id\":\"https:\/\/footdavant.fr\/actualites\/composition-de-monaco-contre-arsenal-xi-prevu-pour-le-choc-de-la-ligue-des-champions-alors-que-folarin-balogun-a-refuse-les-retrouvailles\/#breadcrumb\"},\"inLanguage\":\"fr-FR\",\"potentialAction\":[{\"@type\":\"ReadAction\",\"target\":[\"https:\/\/footdavant.fr\/actualites\/composition-de-monaco-contre-arsenal-xi-prevu-pour-le-choc-de-la-ligue-des-champions-alors-que-folarin-balogun-a-refuse-les-retrouvailles\/\"]}]},{\"@type\":\"BreadcrumbList\",\"@id\":\"https:\/\/footdavant.fr\/actualites\/composition-de-monaco-contre-arsenal-xi-prevu-pour-le-choc-de-la-ligue-des-champions-alors-que-folarin-balogun-a-refuse-les-retrouvailles\/#breadcrumb\",\"itemListElement\":[{\"@type\":\"ListItem\",\"position\":1,\"name\":\"Accueil\",\"item\":\"https:\/\/footdavant.fr\/actualites\/\"},{\"@type\":\"ListItem\",\"position\":2,\"name\":\"Composition de Monaco contre Arsenal\u00a0: XI pr\u00e9vu pour le choc de la Ligue des champions alors que Folarin Balogun a refus\u00e9 les retrouvailles\"}]},{\"@type\":\"WebSite\",\"@id\":\"https:\/\/footdavant.fr\/actualites\/#website\",\"url\":\"https:\/\/footdavant.fr\/actualites\/\",\"name\":\"Foot d'avant\",\"description\":\"\",\"publisher\":{\"@id\":\"https:\/\/footdavant.fr\/actualites\/#organization\"},\"potentialAction\":[{\"@type\":\"SearchAction\",\"target\":{\"@type\":\"EntryPoint\",\"urlTemplate\":\"https:\/\/footdavant.fr\/actualites\/?s={search_term_string}\"},\"query-input\":\"required name=search_term_string\"}],\"inLanguage\":\"fr-FR\"},{\"@type\":\"Organization\",\"@id\":\"https:\/\/footdavant.fr\/actualites\/#organization\",\"name\":\"Foot d'avant\",\"url\":\"https:\/\/footdavant.fr\/actualites\/\",\"logo\":{\"@type\":\"ImageObject\",\"inLanguage\":\"fr-FR\",\"@id\":\"https:\/\/footdavant.fr\/actualites\/#\/schema\/logo\/image\/\",\"url\":\"https:\/\/footdavant.fr\/actualites\/wp-content\/uploads\/2023\/09\/Copy-of-FootDavant-Logo.png\",\"contentUrl\":\"https:\/\/footdavant.fr\/actualites\/wp-content\/uploads\/2023\/09\/Copy-of-FootDavant-Logo.png\",\"width\":936,\"height\":549,\"caption\":\"Foot d'avant\"},\"image\":{\"@id\":\"https:\/\/footdavant.fr\/actualites\/#\/schema\/logo\/image\/\"},\"sameAs\":[\"https:\/\/www.facebook.com\/Footdavant\/\",\"https:\/\/twitter.com\/FootdavantFr\",\"https:\/\/www.instagram.com\/footdavant.fr\/\"]},{\"@type\":\"Person\",\"@id\":\"https:\/\/footdavant.fr\/actualites\/#\/schema\/person\/bc222566d95871b37e597b3ed3ba5e1d\",\"name\":\"Cl\u00e9ment\",\"image\":{\"@type\":\"ImageObject\",\"inLanguage\":\"fr-FR\",\"@id\":\"https:\/\/footdavant.fr\/actualites\/#\/schema\/person\/image\/\",\"url\":\"https:\/\/secure.gravatar.com\/avatar\/7728b29aac2719421e1a9159b2254c44?s=96&d=mm&r=g\",\"contentUrl\":\"https:\/\/secure.gravatar.com\/avatar\/7728b29aac2719421e1a9159b2254c44?s=96&d=mm&r=g\",\"caption\":\"Cl\u00e9ment\"},\"sameAs\":[\"https:\/\/footdavant.fr\/\"]}]}<\/script>\n<!-- \/ Yoast SEO plugin. -->","yoast_head_json":{"title":"Composition de Monaco contre Arsenal\u00a0: XI pr\u00e9vu pour le choc de la Ligue des champions alors que Folarin Balogun a refus\u00e9 les retrouvailles","robots":{"index":"index","follow":"follow","max-snippet":"max-snippet:-1","max-image-preview":"max-image-preview:large","max-video-preview":"max-video-preview:-1"},"canonical":"https:\/\/footdavant.fr\/actualites\/composition-de-monaco-contre-arsenal-xi-prevu-pour-le-choc-de-la-ligue-des-champions-alors-que-folarin-balogun-a-refuse-les-retrouvailles\/","og_locale":"fr_FR","og_type":"article","og_title":"Composition de Monaco contre Arsenal\u00a0: XI pr\u00e9vu pour le choc de la Ligue des champions alors que Folarin Balogun a refus\u00e9 les retrouvailles","og_description":"Sports Mole examine en profondeur la fa\u00e7on dont Monaco pourrait s&#39;aligner pour le choc de la Ligue des champions de mercredi avec Arsenal \u00e0 l&#39;Emirates","og_url":"https:\/\/footdavant.fr\/actualites\/composition-de-monaco-contre-arsenal-xi-prevu-pour-le-choc-de-la-ligue-des-champions-alors-que-folarin-balogun-a-refuse-les-retrouvailles\/","og_site_name":"Foot d&#039;avant","article_publisher":"https:\/\/www.facebook.com\/Footdavant\/","article_published_time":"2024-12-16T04:48:17+00:00","article_modified_time":"2024-12-16T04:48:18+00:00","og_image":[{"width":1280,"height":960,"url":"https:\/\/footdavant.fr\/actualites\/wp-content\/uploads\/2024\/10\/1730134083_Equipe-de-la-semaine-de-la-Ligue-des-champions-de.jpg","type":"image\/jpeg"}],"author":"Cl\u00e9ment","twitter_card":"summary_large_image","twitter_creator":"@FootdavantFr","twitter_site":"@FootdavantFr","twitter_misc":{"\u00c9crit par":"Cl\u00e9ment","Dur\u00e9e de lecture estim\u00e9e":"2 minutes"},"schema":{"@context":"https:\/\/schema.org","@graph":[{"@type":"Article","@id":"https:\/\/footdavant.fr\/actualites\/composition-de-monaco-contre-arsenal-xi-prevu-pour-le-choc-de-la-ligue-des-champions-alors-que-folarin-balogun-a-refuse-les-retrouvailles\/#article","isPartOf":{"@id":"https:\/\/footdavant.fr\/actualites\/composition-de-monaco-contre-arsenal-xi-prevu-pour-le-choc-de-la-ligue-des-champions-alors-que-folarin-balogun-a-refuse-les-retrouvailles\/"},"author":{"name":"Cl\u00e9ment","@id":"https:\/\/footdavant.fr\/actualites\/#\/schema\/person\/bc222566d95871b37e597b3ed3ba5e1d"},"headline":"Composition de Monaco contre Arsenal\u00a0: XI pr\u00e9vu pour le choc de la Ligue des champions alors que Folarin Balogun a refus\u00e9 les retrouvailles","datePublished":"2024-12-16T04:48:17+00:00","dateModified":"2024-12-16T04:48:18+00:00","mainEntityOfPage":{"@id":"https:\/\/footdavant.fr\/actualites\/composition-de-monaco-contre-arsenal-xi-prevu-pour-le-choc-de-la-ligue-des-champions-alors-que-folarin-balogun-a-refuse-les-retrouvailles\/"},"wordCount":386,"publisher":{"@id":"https:\/\/footdavant.fr\/actualites\/#organization"},"keywords":["alors","Arsenal","Balogun","champions","choc","composition","contre","des","Folarin","les","Ligue","Monaco","pour","pr\u00e9vu","refuse","retrouvailles"],"articleSection":["Champions League"],"inLanguage":"fr-FR"},{"@type":"WebPage","@id":"https:\/\/footdavant.fr\/actualites\/composition-de-monaco-contre-arsenal-xi-prevu-pour-le-choc-de-la-ligue-des-champions-alors-que-folarin-balogun-a-refuse-les-retrouvailles\/","url":"https:\/\/footdavant.fr\/actualites\/composition-de-monaco-contre-arsenal-xi-prevu-pour-le-choc-de-la-ligue-des-champions-alors-que-folarin-balogun-a-refuse-les-retrouvailles\/","name":"Composition de Monaco contre Arsenal\u00a0: XI pr\u00e9vu pour le choc de la Ligue des champions alors que Folarin Balogun a refus\u00e9 les retrouvailles","isPartOf":{"@id":"https:\/\/footdavant.fr\/actualites\/#website"},"datePublished":"2024-12-16T04:48:17+00:00","dateModified":"2024-12-16T04:48:18+00:00","breadcrumb":{"@id":"https:\/\/footdavant.fr\/actualites\/composition-de-monaco-contre-arsenal-xi-prevu-pour-le-choc-de-la-ligue-des-champions-alors-que-folarin-balogun-a-refuse-les-retrouvailles\/#breadcrumb"},"inLanguage":"fr-FR","potentialAction":[{"@type":"ReadAction","target":["https:\/\/footdavant.fr\/actualites\/composition-de-monaco-contre-arsenal-xi-prevu-pour-le-choc-de-la-ligue-des-champions-alors-que-folarin-balogun-a-refuse-les-retrouvailles\/"]}]},{"@type":"BreadcrumbList","@id":"https:\/\/footdavant.fr\/actualites\/composition-de-monaco-contre-arsenal-xi-prevu-pour-le-choc-de-la-ligue-des-champions-alors-que-folarin-balogun-a-refuse-les-retrouvailles\/#breadcrumb","itemListElement":[{"@type":"ListItem","position":1,"name":"Accueil","item":"https:\/\/footdavant.fr\/actualites\/"},{"@type":"ListItem","position":2,"name":"Composition de Monaco contre Arsenal\u00a0: XI pr\u00e9vu pour le choc de la Ligue des champions alors que Folarin Balogun a refus\u00e9 les retrouvailles"}]},{"@type":"WebSite","@id":"https:\/\/footdavant.fr\/actualites\/#website","url":"https:\/\/footdavant.fr\/actualites\/","name":"Foot d'avant","description":"","publisher":{"@id":"https:\/\/footdavant.fr\/actualites\/#organization"},"potentialAction":[{"@type":"SearchAction","target":{"@type":"EntryPoint","urlTemplate":"https:\/\/footdavant.fr\/actualites\/?s={search_term_string}"},"query-input":"required name=search_term_string"}],"inLanguage":"fr-FR"},{"@type":"Organization","@id":"https:\/\/footdavant.fr\/actualites\/#organization","name":"Foot d'avant","url":"https:\/\/footdavant.fr\/actualites\/","logo":{"@type":"ImageObject","inLanguage":"fr-FR","@id":"https:\/\/footdavant.fr\/actualites\/#\/schema\/logo\/image\/","url":"https:\/\/footdavant.fr\/actualites\/wp-content\/uploads\/2023\/09\/Copy-of-FootDavant-Logo.png","contentUrl":"https:\/\/footdavant.fr\/actualites\/wp-content\/uploads\/2023\/09\/Copy-of-FootDavant-Logo.png","width":936,"height":549,"caption":"Foot d'avant"},"image":{"@id":"https:\/\/footdavant.fr\/actualites\/#\/schema\/logo\/image\/"},"sameAs":["https:\/\/www.facebook.com\/Footdavant\/","https:\/\/twitter.com\/FootdavantFr","https:\/\/www.instagram.com\/footdavant.fr\/"]},{"@type":"Person","@id":"https:\/\/footdavant.fr\/actualites\/#\/schema\/person\/bc222566d95871b37e597b3ed3ba5e1d","name":"Cl\u00e9ment","image":{"@type":"ImageObject","inLanguage":"fr-FR","@id":"https:\/\/footdavant.fr\/actualites\/#\/schema\/person\/image\/","url":"https:\/\/secure.gravatar.com\/avatar\/7728b29aac2719421e1a9159b2254c44?s=96&d=mm&r=g","contentUrl":"https:\/\/secure.gravatar.com\/avatar\/7728b29aac2719421e1a9159b2254c44?s=96&d=mm&r=g","caption":"Cl\u00e9ment"},"sameAs":["https:\/\/footdavant.fr\/"]}]}},"_links":{"self":[{"href":"https:\/\/footdavant.fr\/actualites\/wp-json\/wp\/v2\/posts\/17558"}],"collection":[{"href":"https:\/\/footdavant.fr\/actualites\/wp-json\/wp\/v2\/posts"}],"about":[{"href":"https:\/\/footdavant.fr\/actualites\/wp-json\/wp\/v2\/types\/post"}],"author":[{"embeddable":true,"href":"https:\/\/footdavant.fr\/actualites\/wp-json\/wp\/v2\/users\/1"}],"replies":[{"embeddable":true,"href":"https:\/\/footdavant.fr\/actualites\/wp-json\/wp\/v2\/comments?post=17558"}],"version-history":[{"count":1,"href":"https:\/\/footdavant.fr\/actualites\/wp-json\/wp\/v2\/posts\/17558\/revisions"}],"predecessor-version":[{"id":17559,"href":"https:\/\/footdavant.fr\/actualites\/wp-json\/wp\/v2\/posts\/17558\/revisions\/17559"}],"wp:featuredmedia":[{"embeddable":true,"href":"https:\/\/footdavant.fr\/actualites\/wp-json\/wp\/v2\/media\/15414"}],"wp:attachment":[{"href":"https:\/\/footdavant.fr\/actualites\/wp-json\/wp\/v2\/media?parent=17558"}],"wp:term":[{"taxonomy":"category","embeddable":true,"href":"https:\/\/footdavant.fr\/actualites\/wp-json\/wp\/v2\/categories?post=17558"},{"taxonomy":"post_tag","embeddable":true,"href":"https:\/\/footdavant.fr\/actualites\/wp-json\/wp\/v2\/tags?post=17558"}],"curies":[{"name":"wp","href":"https:\/\/api.w.org\/{rel}","templated":true}]}}