{"id":17560,"date":"2024-12-16T06:48:32","date_gmt":"2024-12-16T05:48:32","guid":{"rendered":"https:\/\/footdavant.fr\/actualites\/nouvelles-de-lequipe-blessure-de-brighton-hove-albion-contre-crystal-palace-liste-de-suspension-xi-prevus\/"},"modified":"2024-12-16T06:48:33","modified_gmt":"2024-12-16T05:48:33","slug":"nouvelles-de-lequipe-blessure-de-brighton-hove-albion-contre-crystal-palace-liste-de-suspension-xi-prevus","status":"publish","type":"post","link":"https:\/\/footdavant.fr\/actualites\/nouvelles-de-lequipe-blessure-de-brighton-hove-albion-contre-crystal-palace-liste-de-suspension-xi-prevus\/","title":{"rendered":"Nouvelles de l&#39;\u00e9quipe : blessure de Brighton &#038; Hove Albion contre Crystal Palace, liste de suspension, XI pr\u00e9vus"},"content":{"rendered":"<p>Sports Mole rassemble toutes les derni\u00e8res nouvelles sur les blessures et les suspensions avant le choc de dimanche en Premier League entre Brighton &#038; Hove Albion et Crystal Palace.<\/p>\n<div id=\"article_body\" itemprop=\"articleBody\">\n<p class=\"firstPara\"><strong class=\"autotag\">Brighton et Hove Albion<\/strong> et <strong class=\"autotag\">Palais de Cristal<\/strong> affrontement lors de la 142\u00e8me tranche du derby A23 \u00e0 l&#39;Amex de Premier League dimanche apr\u00e8s-midi.<\/p>\n<p>Les Seagulls ont gagn\u00e9 le droit de se vanter lors de ce match avec une victoire 4-1 la saison derni\u00e8re, mais entament la semaine sur une s\u00e9rie de trois matchs sans victoire, tandis que Palace n&#39;a perdu qu&#39;un seul de ses huit derniers matchs.<\/p>\n<hr>\n<p class=\"imgI\">\n<h2>BRIGHTON &#038; HOVE-ALBION<\/h2>\n<p><strong>Dehors:<\/strong> <strong class=\"autotag\">Adam Webster<\/strong> (tendon), <strong class=\"autotag\">Solly mars<\/strong> (genou)<br \/><strong>Douteux:<\/strong> <strong class=\"autotag\">Jo\u00ebl Veltman<\/strong> (muscle), <strong class=\"autotag\">Ferdi Kadioglu<\/strong> (pied), <strong class=\"autotag\">Jack Hinshelwood<\/strong> (genou), <strong class=\"autotag\">James Milner<\/strong> (cuisse)<\/p>\n<p><strong>Le XI pr\u00e9dit par Sports Mole\u00a0:<\/strong> Verbruggen; Lamptey, Van Hecke, Dunk, Estupinan\u00a0; Baleba, Ayari ; Minteh, Jo\u00e3o Pedro, Mitoma ; Welbeck<\/p>\n<h2>PALAIS DE CRISTAL<\/h2>\n<p><strong>Dehors:<\/strong> <strong class=\"autotag\">Matheus Franca<\/strong> (aine), <strong class=\"autotag\">Rob Holding<\/strong> (raisons personnelles)<br \/><strong>Douteux:<\/strong> <strong class=\"autotag\">Adam Wharton<\/strong> (aine), <strong class=\"autotag\">Jo\u00ebl Ward<\/strong> (veau), <strong class=\"autotag\">Riad Tchadi<\/strong> (genou)<\/p>\n<p><strong>Le XI pr\u00e9dit par Sports Mole\u00a0:<\/strong> Henderson\u00a0; Chalobah, Lacroix, Gu\u00e9hi ; Munoz, Hughes, Lerma, Mitchell ; Sarr, Mateta, \u00c8ze<\/p>\n<hr>\n<p>Pour l&#39;analyse des donn\u00e9es des r\u00e9sultats les plus probables, des scores et plus encore pour ce match <strong>s&#39;il vous pla\u00eet cliquez ici<\/strong>.<\/p>\n<hr class=\"divide\">\n<div class=\"author_box\">\n<div class=\"author_box_banner\">\n<img decoding=\"async\" class=\"author_img\" src=\"https:\/\/footdavant.fr\/actualites\/wp-content\/uploads\/2024\/12\/Nouvelles-de-l39equipe-blessure-de-Brighton-Hove-Albion.jpeg\"><\/p>\n<\/div>\n<\/div>\n<\/div>\n","protected":false},"excerpt":{"rendered":"<p>Sports Mole rassemble toutes les derni\u00e8res nouvelles sur les blessures et les suspensions avant le choc de dimanche en Premier League entre Brighton &#038; Hove<\/p>\n","protected":false},"author":1,"featured_media":17561,"comment_status":"closed","ping_status":"","sticky":false,"template":"","format":"standard","meta":{"footnotes":""},"categories":[5],"tags":[351,15,349,20,1008,350,4219,17,461,815,468,18],"yoast_head":"<!-- This site is optimized with the Yoast SEO plugin v21.0 - https:\/\/yoast.com\/wordpress\/plugins\/seo\/ -->\n<title>Nouvelles de l&#039;\u00e9quipe : blessure de Brighton &amp; Hove Albion contre Crystal Palace, liste de suspension, XI pr\u00e9vus<\/title>\n<meta name=\"robots\" content=\"index, follow, max-snippet:-1, max-image-preview:large, max-video-preview:-1\" \/>\n<link rel=\"canonical\" href=\"https:\/\/footdavant.fr\/actualites\/nouvelles-de-lequipe-blessure-de-brighton-hove-albion-contre-crystal-palace-liste-de-suspension-xi-prevus\/\" \/>\n<meta property=\"og:locale\" content=\"fr_FR\" \/>\n<meta property=\"og:type\" content=\"article\" \/>\n<meta property=\"og:title\" content=\"Nouvelles de l&#039;\u00e9quipe : blessure de Brighton &amp; Hove Albion contre Crystal Palace, liste de suspension, XI pr\u00e9vus\" \/>\n<meta property=\"og:description\" content=\"Sports Mole rassemble toutes les derni\u00e8res nouvelles sur les blessures et les suspensions avant le choc de dimanche en Premier League entre Brighton &#038; Hove\" \/>\n<meta property=\"og:url\" content=\"https:\/\/footdavant.fr\/actualites\/nouvelles-de-lequipe-blessure-de-brighton-hove-albion-contre-crystal-palace-liste-de-suspension-xi-prevus\/\" \/>\n<meta property=\"og:site_name\" content=\"Foot d&#039;avant\" \/>\n<meta property=\"article:publisher\" content=\"https:\/\/www.facebook.com\/Footdavant\/\" \/>\n<meta property=\"article:published_time\" content=\"2024-12-16T05:48:32+00:00\" \/>\n<meta property=\"article:modified_time\" content=\"2024-12-16T05:48:33+00:00\" \/>\n<meta property=\"og:image\" content=\"https:\/\/footdavant.fr\/actualites\/wp-content\/uploads\/2024\/12\/Nouvelles-de-l39equipe-blessure-de-Brighton-Hove-Albion.jpg\" \/>\n\t<meta property=\"og:image:width\" content=\"640\" \/>\n\t<meta property=\"og:image:height\" content=\"480\" \/>\n\t<meta property=\"og:image:type\" content=\"image\/jpeg\" \/>\n<meta name=\"author\" content=\"Cl\u00e9ment\" \/>\n<meta name=\"twitter:card\" content=\"summary_large_image\" \/>\n<meta name=\"twitter:creator\" content=\"@FootdavantFr\" \/>\n<meta name=\"twitter:site\" content=\"@FootdavantFr\" \/>\n<meta name=\"twitter:label1\" content=\"\u00c9crit par\" \/>\n\t<meta name=\"twitter:data1\" content=\"Cl\u00e9ment\" \/>\n\t<meta name=\"twitter:label2\" content=\"Dur\u00e9e de lecture estim\u00e9e\" \/>\n\t<meta name=\"twitter:data2\" content=\"1 minute\" \/>\n<script type=\"application\/ld+json\" class=\"yoast-schema-graph\">{\"@context\":\"https:\/\/schema.org\",\"@graph\":[{\"@type\":\"Article\",\"@id\":\"https:\/\/footdavant.fr\/actualites\/nouvelles-de-lequipe-blessure-de-brighton-hove-albion-contre-crystal-palace-liste-de-suspension-xi-prevus\/#article\",\"isPartOf\":{\"@id\":\"https:\/\/footdavant.fr\/actualites\/nouvelles-de-lequipe-blessure-de-brighton-hove-albion-contre-crystal-palace-liste-de-suspension-xi-prevus\/\"},\"author\":{\"name\":\"Cl\u00e9ment\",\"@id\":\"https:\/\/footdavant.fr\/actualites\/#\/schema\/person\/bc222566d95871b37e597b3ed3ba5e1d\"},\"headline\":\"Nouvelles de l&#39;\u00e9quipe : blessure de Brighton &#038; Hove Albion contre Crystal Palace, liste de suspension, XI pr\u00e9vus\",\"datePublished\":\"2024-12-16T05:48:32+00:00\",\"dateModified\":\"2024-12-16T05:48:33+00:00\",\"mainEntityOfPage\":{\"@id\":\"https:\/\/footdavant.fr\/actualites\/nouvelles-de-lequipe-blessure-de-brighton-hove-albion-contre-crystal-palace-liste-de-suspension-xi-prevus\/\"},\"wordCount\":232,\"publisher\":{\"@id\":\"https:\/\/footdavant.fr\/actualites\/#organization\"},\"keywords\":[\"Albion\",\"Blessure\",\"Brighton\",\"contre\",\"Crystal\",\"Hove\",\"l39\u00e9quipe\",\"liste\",\"Nouvelles\",\"Palace\",\"pr\u00e9vus\",\"suspension\"],\"articleSection\":[\"Premier League\"],\"inLanguage\":\"fr-FR\"},{\"@type\":\"WebPage\",\"@id\":\"https:\/\/footdavant.fr\/actualites\/nouvelles-de-lequipe-blessure-de-brighton-hove-albion-contre-crystal-palace-liste-de-suspension-xi-prevus\/\",\"url\":\"https:\/\/footdavant.fr\/actualites\/nouvelles-de-lequipe-blessure-de-brighton-hove-albion-contre-crystal-palace-liste-de-suspension-xi-prevus\/\",\"name\":\"Nouvelles de l&#39;\u00e9quipe : blessure de Brighton & Hove Albion contre Crystal Palace, liste de suspension, XI pr\u00e9vus\",\"isPartOf\":{\"@id\":\"https:\/\/footdavant.fr\/actualites\/#website\"},\"datePublished\":\"2024-12-16T05:48:32+00:00\",\"dateModified\":\"2024-12-16T05:48:33+00:00\",\"breadcrumb\":{\"@id\":\"https:\/\/footdavant.fr\/actualites\/nouvelles-de-lequipe-blessure-de-brighton-hove-albion-contre-crystal-palace-liste-de-suspension-xi-prevus\/#breadcrumb\"},\"inLanguage\":\"fr-FR\",\"potentialAction\":[{\"@type\":\"ReadAction\",\"target\":[\"https:\/\/footdavant.fr\/actualites\/nouvelles-de-lequipe-blessure-de-brighton-hove-albion-contre-crystal-palace-liste-de-suspension-xi-prevus\/\"]}]},{\"@type\":\"BreadcrumbList\",\"@id\":\"https:\/\/footdavant.fr\/actualites\/nouvelles-de-lequipe-blessure-de-brighton-hove-albion-contre-crystal-palace-liste-de-suspension-xi-prevus\/#breadcrumb\",\"itemListElement\":[{\"@type\":\"ListItem\",\"position\":1,\"name\":\"Accueil\",\"item\":\"https:\/\/footdavant.fr\/actualites\/\"},{\"@type\":\"ListItem\",\"position\":2,\"name\":\"Nouvelles de l&#39;\u00e9quipe : blessure de Brighton &#038; Hove Albion contre Crystal Palace, liste de suspension, XI pr\u00e9vus\"}]},{\"@type\":\"WebSite\",\"@id\":\"https:\/\/footdavant.fr\/actualites\/#website\",\"url\":\"https:\/\/footdavant.fr\/actualites\/\",\"name\":\"Foot d'avant\",\"description\":\"\",\"publisher\":{\"@id\":\"https:\/\/footdavant.fr\/actualites\/#organization\"},\"potentialAction\":[{\"@type\":\"SearchAction\",\"target\":{\"@type\":\"EntryPoint\",\"urlTemplate\":\"https:\/\/footdavant.fr\/actualites\/?s={search_term_string}\"},\"query-input\":\"required name=search_term_string\"}],\"inLanguage\":\"fr-FR\"},{\"@type\":\"Organization\",\"@id\":\"https:\/\/footdavant.fr\/actualites\/#organization\",\"name\":\"Foot d'avant\",\"url\":\"https:\/\/footdavant.fr\/actualites\/\",\"logo\":{\"@type\":\"ImageObject\",\"inLanguage\":\"fr-FR\",\"@id\":\"https:\/\/footdavant.fr\/actualites\/#\/schema\/logo\/image\/\",\"url\":\"https:\/\/footdavant.fr\/actualites\/wp-content\/uploads\/2023\/09\/Copy-of-FootDavant-Logo.png\",\"contentUrl\":\"https:\/\/footdavant.fr\/actualites\/wp-content\/uploads\/2023\/09\/Copy-of-FootDavant-Logo.png\",\"width\":936,\"height\":549,\"caption\":\"Foot d'avant\"},\"image\":{\"@id\":\"https:\/\/footdavant.fr\/actualites\/#\/schema\/logo\/image\/\"},\"sameAs\":[\"https:\/\/www.facebook.com\/Footdavant\/\",\"https:\/\/twitter.com\/FootdavantFr\",\"https:\/\/www.instagram.com\/footdavant.fr\/\"]},{\"@type\":\"Person\",\"@id\":\"https:\/\/footdavant.fr\/actualites\/#\/schema\/person\/bc222566d95871b37e597b3ed3ba5e1d\",\"name\":\"Cl\u00e9ment\",\"image\":{\"@type\":\"ImageObject\",\"inLanguage\":\"fr-FR\",\"@id\":\"https:\/\/footdavant.fr\/actualites\/#\/schema\/person\/image\/\",\"url\":\"https:\/\/secure.gravatar.com\/avatar\/7728b29aac2719421e1a9159b2254c44?s=96&d=mm&r=g\",\"contentUrl\":\"https:\/\/secure.gravatar.com\/avatar\/7728b29aac2719421e1a9159b2254c44?s=96&d=mm&r=g\",\"caption\":\"Cl\u00e9ment\"},\"sameAs\":[\"https:\/\/footdavant.fr\/\"]}]}<\/script>\n<!-- \/ Yoast SEO plugin. -->","yoast_head_json":{"title":"Nouvelles de l&#39;\u00e9quipe : blessure de Brighton & Hove Albion contre Crystal Palace, liste de suspension, XI pr\u00e9vus","robots":{"index":"index","follow":"follow","max-snippet":"max-snippet:-1","max-image-preview":"max-image-preview:large","max-video-preview":"max-video-preview:-1"},"canonical":"https:\/\/footdavant.fr\/actualites\/nouvelles-de-lequipe-blessure-de-brighton-hove-albion-contre-crystal-palace-liste-de-suspension-xi-prevus\/","og_locale":"fr_FR","og_type":"article","og_title":"Nouvelles de l&#39;\u00e9quipe : blessure de Brighton & Hove Albion contre Crystal Palace, liste de suspension, XI pr\u00e9vus","og_description":"Sports Mole rassemble toutes les derni\u00e8res nouvelles sur les blessures et les suspensions avant le choc de dimanche en Premier League entre Brighton &#038; Hove","og_url":"https:\/\/footdavant.fr\/actualites\/nouvelles-de-lequipe-blessure-de-brighton-hove-albion-contre-crystal-palace-liste-de-suspension-xi-prevus\/","og_site_name":"Foot d&#039;avant","article_publisher":"https:\/\/www.facebook.com\/Footdavant\/","article_published_time":"2024-12-16T05:48:32+00:00","article_modified_time":"2024-12-16T05:48:33+00:00","og_image":[{"width":640,"height":480,"url":"https:\/\/footdavant.fr\/actualites\/wp-content\/uploads\/2024\/12\/Nouvelles-de-l39equipe-blessure-de-Brighton-Hove-Albion.jpg","type":"image\/jpeg"}],"author":"Cl\u00e9ment","twitter_card":"summary_large_image","twitter_creator":"@FootdavantFr","twitter_site":"@FootdavantFr","twitter_misc":{"\u00c9crit par":"Cl\u00e9ment","Dur\u00e9e de lecture estim\u00e9e":"1 minute"},"schema":{"@context":"https:\/\/schema.org","@graph":[{"@type":"Article","@id":"https:\/\/footdavant.fr\/actualites\/nouvelles-de-lequipe-blessure-de-brighton-hove-albion-contre-crystal-palace-liste-de-suspension-xi-prevus\/#article","isPartOf":{"@id":"https:\/\/footdavant.fr\/actualites\/nouvelles-de-lequipe-blessure-de-brighton-hove-albion-contre-crystal-palace-liste-de-suspension-xi-prevus\/"},"author":{"name":"Cl\u00e9ment","@id":"https:\/\/footdavant.fr\/actualites\/#\/schema\/person\/bc222566d95871b37e597b3ed3ba5e1d"},"headline":"Nouvelles de l&#39;\u00e9quipe : blessure de Brighton &#038; Hove Albion contre Crystal Palace, liste de suspension, XI pr\u00e9vus","datePublished":"2024-12-16T05:48:32+00:00","dateModified":"2024-12-16T05:48:33+00:00","mainEntityOfPage":{"@id":"https:\/\/footdavant.fr\/actualites\/nouvelles-de-lequipe-blessure-de-brighton-hove-albion-contre-crystal-palace-liste-de-suspension-xi-prevus\/"},"wordCount":232,"publisher":{"@id":"https:\/\/footdavant.fr\/actualites\/#organization"},"keywords":["Albion","Blessure","Brighton","contre","Crystal","Hove","l39\u00e9quipe","liste","Nouvelles","Palace","pr\u00e9vus","suspension"],"articleSection":["Premier League"],"inLanguage":"fr-FR"},{"@type":"WebPage","@id":"https:\/\/footdavant.fr\/actualites\/nouvelles-de-lequipe-blessure-de-brighton-hove-albion-contre-crystal-palace-liste-de-suspension-xi-prevus\/","url":"https:\/\/footdavant.fr\/actualites\/nouvelles-de-lequipe-blessure-de-brighton-hove-albion-contre-crystal-palace-liste-de-suspension-xi-prevus\/","name":"Nouvelles de l&#39;\u00e9quipe : blessure de Brighton & Hove Albion contre Crystal Palace, liste de suspension, XI pr\u00e9vus","isPartOf":{"@id":"https:\/\/footdavant.fr\/actualites\/#website"},"datePublished":"2024-12-16T05:48:32+00:00","dateModified":"2024-12-16T05:48:33+00:00","breadcrumb":{"@id":"https:\/\/footdavant.fr\/actualites\/nouvelles-de-lequipe-blessure-de-brighton-hove-albion-contre-crystal-palace-liste-de-suspension-xi-prevus\/#breadcrumb"},"inLanguage":"fr-FR","potentialAction":[{"@type":"ReadAction","target":["https:\/\/footdavant.fr\/actualites\/nouvelles-de-lequipe-blessure-de-brighton-hove-albion-contre-crystal-palace-liste-de-suspension-xi-prevus\/"]}]},{"@type":"BreadcrumbList","@id":"https:\/\/footdavant.fr\/actualites\/nouvelles-de-lequipe-blessure-de-brighton-hove-albion-contre-crystal-palace-liste-de-suspension-xi-prevus\/#breadcrumb","itemListElement":[{"@type":"ListItem","position":1,"name":"Accueil","item":"https:\/\/footdavant.fr\/actualites\/"},{"@type":"ListItem","position":2,"name":"Nouvelles de l&#39;\u00e9quipe : blessure de Brighton &#038; Hove Albion contre Crystal Palace, liste de suspension, XI pr\u00e9vus"}]},{"@type":"WebSite","@id":"https:\/\/footdavant.fr\/actualites\/#website","url":"https:\/\/footdavant.fr\/actualites\/","name":"Foot d'avant","description":"","publisher":{"@id":"https:\/\/footdavant.fr\/actualites\/#organization"},"potentialAction":[{"@type":"SearchAction","target":{"@type":"EntryPoint","urlTemplate":"https:\/\/footdavant.fr\/actualites\/?s={search_term_string}"},"query-input":"required name=search_term_string"}],"inLanguage":"fr-FR"},{"@type":"Organization","@id":"https:\/\/footdavant.fr\/actualites\/#organization","name":"Foot d'avant","url":"https:\/\/footdavant.fr\/actualites\/","logo":{"@type":"ImageObject","inLanguage":"fr-FR","@id":"https:\/\/footdavant.fr\/actualites\/#\/schema\/logo\/image\/","url":"https:\/\/footdavant.fr\/actualites\/wp-content\/uploads\/2023\/09\/Copy-of-FootDavant-Logo.png","contentUrl":"https:\/\/footdavant.fr\/actualites\/wp-content\/uploads\/2023\/09\/Copy-of-FootDavant-Logo.png","width":936,"height":549,"caption":"Foot d'avant"},"image":{"@id":"https:\/\/footdavant.fr\/actualites\/#\/schema\/logo\/image\/"},"sameAs":["https:\/\/www.facebook.com\/Footdavant\/","https:\/\/twitter.com\/FootdavantFr","https:\/\/www.instagram.com\/footdavant.fr\/"]},{"@type":"Person","@id":"https:\/\/footdavant.fr\/actualites\/#\/schema\/person\/bc222566d95871b37e597b3ed3ba5e1d","name":"Cl\u00e9ment","image":{"@type":"ImageObject","inLanguage":"fr-FR","@id":"https:\/\/footdavant.fr\/actualites\/#\/schema\/person\/image\/","url":"https:\/\/secure.gravatar.com\/avatar\/7728b29aac2719421e1a9159b2254c44?s=96&d=mm&r=g","contentUrl":"https:\/\/secure.gravatar.com\/avatar\/7728b29aac2719421e1a9159b2254c44?s=96&d=mm&r=g","caption":"Cl\u00e9ment"},"sameAs":["https:\/\/footdavant.fr\/"]}]}},"_links":{"self":[{"href":"https:\/\/footdavant.fr\/actualites\/wp-json\/wp\/v2\/posts\/17560"}],"collection":[{"href":"https:\/\/footdavant.fr\/actualites\/wp-json\/wp\/v2\/posts"}],"about":[{"href":"https:\/\/footdavant.fr\/actualites\/wp-json\/wp\/v2\/types\/post"}],"author":[{"embeddable":true,"href":"https:\/\/footdavant.fr\/actualites\/wp-json\/wp\/v2\/users\/1"}],"replies":[{"embeddable":true,"href":"https:\/\/footdavant.fr\/actualites\/wp-json\/wp\/v2\/comments?post=17560"}],"version-history":[{"count":1,"href":"https:\/\/footdavant.fr\/actualites\/wp-json\/wp\/v2\/posts\/17560\/revisions"}],"predecessor-version":[{"id":17562,"href":"https:\/\/footdavant.fr\/actualites\/wp-json\/wp\/v2\/posts\/17560\/revisions\/17562"}],"wp:featuredmedia":[{"embeddable":true,"href":"https:\/\/footdavant.fr\/actualites\/wp-json\/wp\/v2\/media\/17561"}],"wp:attachment":[{"href":"https:\/\/footdavant.fr\/actualites\/wp-json\/wp\/v2\/media?parent=17560"}],"wp:term":[{"taxonomy":"category","embeddable":true,"href":"https:\/\/footdavant.fr\/actualites\/wp-json\/wp\/v2\/categories?post=17560"},{"taxonomy":"post_tag","embeddable":true,"href":"https:\/\/footdavant.fr\/actualites\/wp-json\/wp\/v2\/tags?post=17560"}],"curies":[{"name":"wp","href":"https:\/\/api.w.org\/{rel}","templated":true}]}}