{"id":17566,"date":"2024-12-16T09:48:19","date_gmt":"2024-12-16T08:48:19","guid":{"rendered":"https:\/\/footdavant.fr\/actualites\/composition-darsenal-contre-monaco-xi-prevu-pour-le-choc-de-la-ligue-des-champions-alors-que-mikel-arteta-fait-un-appel-defensif-choc\/"},"modified":"2024-12-16T09:48:22","modified_gmt":"2024-12-16T08:48:22","slug":"composition-darsenal-contre-monaco-xi-prevu-pour-le-choc-de-la-ligue-des-champions-alors-que-mikel-arteta-fait-un-appel-defensif-choc","status":"publish","type":"post","link":"https:\/\/footdavant.fr\/actualites\/composition-darsenal-contre-monaco-xi-prevu-pour-le-choc-de-la-ligue-des-champions-alors-que-mikel-arteta-fait-un-appel-defensif-choc\/","title":{"rendered":"Composition d&#39;Arsenal contre Monaco\u00a0: XI pr\u00e9vu pour le choc de la Ligue des champions alors que Mikel Arteta fait un appel d\u00e9fensif choc"},"content":{"rendered":"<p>Sports Mole examine en profondeur la fa\u00e7on dont Arsenal pourrait s&#39;aligner pour le choc de la Ligue des champions de mercredi avec Monaco \u00e0 l&#39;Emirates Stadium.<\/p>\n<div id=\"article_body\" itemprop=\"articleBody\">\n<p class=\"firstPara\"><strong class=\"autotag\">Arsenal<\/strong> directeur <strong class=\"autotag\">Mikel Arteta<\/strong> devra peut-\u00eatre se battre sans six d\u00e9fenseurs et un milieu de terrain pour le match de mercredi. <strong class=\"autotag\">Ligue des Champions<\/strong> se battre avec <strong class=\"autotag\">Monaco<\/strong> \u00e0 l&#39;Emirates Stadium.<\/p>\n<p>Les Gunners ont perdu <strong class=\"autotag\">Alexandre Zinchenko<\/strong> \u00e0 une blessure inconnue avant le <strong>Match nul 1-1 en Premier League contre Fulham<\/strong> dimanche, une \u00e9galit\u00e9 qui <strong class=\"autotag\">Riccardo Calafiori<\/strong>, <strong class=\"autotag\">Gabriel Magalhaes<\/strong>, <strong class=\"autotag\">Ben Blanc<\/strong> et <strong class=\"autotag\">Takehiro Tomiyasu<\/strong> \u00e9galement manqu\u00e9.<\/p>\n<p><strong class=\"autotag\">Thomas Partey<\/strong> et <strong class=\"autotag\">Jurrien Bois<\/strong> dimanche, ils ont d\u00e9but\u00e9 respectivement \u00e0 l&#39;arri\u00e8re droit et \u00e0 l&#39;arri\u00e8re gauche, mais les deux hommes \u00e9taient \u00e9galement <strong>pas pu s&#39;entra\u00eener avec l&#39;\u00e9quipe mardi pour des raisons inexpliqu\u00e9es<\/strong> et constituent \u00e9galement des doutes majeurs pour la bataille en milieu de semaine.<\/p>\n<p>Arteta a refus\u00e9 de trop en dire lors de sa conf\u00e9rence de presse d&#39;avant-match, mais sa main sera probablement forc\u00e9e \u00e0 l&#39;arri\u00e8re, o\u00f9 l&#39;un des deux dipl\u00f4m\u00e9s de l&#39;acad\u00e9mie de <strong class=\"autotag\">Josh Robinson<\/strong> ou <strong class=\"autotag\">Josh Nichols<\/strong> pourrait suppl\u00e9er \u00e0 l\u2019arri\u00e8re droit.<\/p>\n<p><strong class=\"autotag\">Kieran Tierney<\/strong> a \u00e9t\u00e9 limit\u00e9 \u00e0 une p\u00e9riode de surveillance jusqu&#39;\u00e0 pr\u00e9sent cette saison, mais devrait d\u00e9sormais \u00eatre un v\u00e9ritable pr\u00e9tendant \u00e0 d\u00e9buter sur le c\u00f4t\u00e9 gauche, tandis que <strong class=\"autotag\">Jakub Kiwior<\/strong> et <strong class=\"autotag\">William Saliba<\/strong> sont des incontournables dans les zones centrales.<\/p>\n<p>Quelle que soit la forme physique de Partey, Arteta devrait donner lieu \u00e0 une modification au milieu de terrain, comme <strong class=\"autotag\">Mikel M\u00e9rinos<\/strong> pourrait cogner <strong class=\"autotag\">Jorginho<\/strong> jusqu&#39;au banc alors que <strong class=\"autotag\">Declan Riz<\/strong> et <strong class=\"autotag\">Martin Odegaard<\/strong> reprendre leurs r\u00f4les.<\/p>\n<p><strong class=\"autotag\">L\u00e9andro Trossard<\/strong> n&#39;a pas r\u00e9ussi \u00e0 avoir un impact majeur en tant que titulaire une fois de plus lors du match nul contre Fulham, donc <strong class=\"autotag\">Gabriel Martinelli<\/strong> devrait \u00eatre promu pour celui-ci, m\u00eame s&#39;il \u00e9tait inutilement hors-jeu pendant <strong class=\"autotag\">Bukayo Saka<\/strong>Le gagnant refus\u00e9 \u00e0 Craven Cottage.<\/p>\n<p><strong>Composition de d\u00e9part possible d\u2019Arsenal :<\/strong><br \/>Raya\u00a0; Robinson, Saliba, Kiwior, Tierney; Odegaard, riz, m\u00e9rinos\u00a0; Saka, Havertz, Martinelli<\/p>\n<p><strong>> Cliquez ici pour voir comment Monaco pourrait s&#39;aligner pour ce choc<\/strong><\/p>\n<div class=\"author_box\">\n<div class=\"author_box_banner\">\n<\/div>\n<\/div>\n<\/div>\n","protected":false},"excerpt":{"rendered":"<p>Sports Mole examine en profondeur la fa\u00e7on dont Arsenal pourrait s&#39;aligner pour le choc de la Ligue des champions de mercredi avec Monaco \u00e0 l&#39;Emirates<\/p>\n","protected":false},"author":1,"featured_media":17567,"comment_status":"closed","ping_status":"","sticky":false,"template":"","format":"standard","meta":{"footnotes":""},"categories":[4],"tags":[318,724,211,31,332,2291,20,4221,2285,12,152,30,210,2808,51,3924],"yoast_head":"<!-- This site is optimized with the Yoast SEO plugin v21.0 - https:\/\/yoast.com\/wordpress\/plugins\/seo\/ -->\n<title>Composition d&#039;Arsenal contre Monaco\u00a0: XI pr\u00e9vu pour le choc de la Ligue des champions alors que Mikel Arteta fait un appel d\u00e9fensif choc<\/title>\n<meta name=\"robots\" content=\"index, follow, max-snippet:-1, max-image-preview:large, max-video-preview:-1\" \/>\n<link rel=\"canonical\" href=\"https:\/\/footdavant.fr\/actualites\/composition-darsenal-contre-monaco-xi-prevu-pour-le-choc-de-la-ligue-des-champions-alors-que-mikel-arteta-fait-un-appel-defensif-choc\/\" \/>\n<meta property=\"og:locale\" content=\"fr_FR\" \/>\n<meta property=\"og:type\" content=\"article\" \/>\n<meta property=\"og:title\" content=\"Composition d&#039;Arsenal contre Monaco\u00a0: XI pr\u00e9vu pour le choc de la Ligue des champions alors que Mikel Arteta fait un appel d\u00e9fensif choc\" \/>\n<meta property=\"og:description\" content=\"Sports Mole examine en profondeur la fa\u00e7on dont Arsenal pourrait s&#039;aligner pour le choc de la Ligue des champions de mercredi avec Monaco \u00e0 l&#039;Emirates\" \/>\n<meta property=\"og:url\" content=\"https:\/\/footdavant.fr\/actualites\/composition-darsenal-contre-monaco-xi-prevu-pour-le-choc-de-la-ligue-des-champions-alors-que-mikel-arteta-fait-un-appel-defensif-choc\/\" \/>\n<meta property=\"og:site_name\" content=\"Foot d&#039;avant\" \/>\n<meta property=\"article:publisher\" content=\"https:\/\/www.facebook.com\/Footdavant\/\" \/>\n<meta property=\"article:published_time\" content=\"2024-12-16T08:48:19+00:00\" \/>\n<meta property=\"article:modified_time\" content=\"2024-12-16T08:48:22+00:00\" \/>\n<meta property=\"og:image\" content=\"https:\/\/footdavant.fr\/actualites\/wp-content\/uploads\/2024\/12\/1734338900_Composition-d39Arsenal-contre-Monaco-XI-prevu-pour-le-choc-de.jpg\" \/>\n\t<meta property=\"og:image:width\" content=\"1280\" \/>\n\t<meta property=\"og:image:height\" content=\"960\" \/>\n\t<meta property=\"og:image:type\" content=\"image\/jpeg\" \/>\n<meta name=\"author\" content=\"Cl\u00e9ment\" \/>\n<meta name=\"twitter:card\" content=\"summary_large_image\" \/>\n<meta name=\"twitter:creator\" content=\"@FootdavantFr\" \/>\n<meta name=\"twitter:site\" content=\"@FootdavantFr\" \/>\n<meta name=\"twitter:label1\" content=\"\u00c9crit par\" \/>\n\t<meta name=\"twitter:data1\" content=\"Cl\u00e9ment\" \/>\n\t<meta name=\"twitter:label2\" content=\"Dur\u00e9e de lecture estim\u00e9e\" \/>\n\t<meta name=\"twitter:data2\" content=\"2 minutes\" \/>\n<script type=\"application\/ld+json\" class=\"yoast-schema-graph\">{\"@context\":\"https:\/\/schema.org\",\"@graph\":[{\"@type\":\"Article\",\"@id\":\"https:\/\/footdavant.fr\/actualites\/composition-darsenal-contre-monaco-xi-prevu-pour-le-choc-de-la-ligue-des-champions-alors-que-mikel-arteta-fait-un-appel-defensif-choc\/#article\",\"isPartOf\":{\"@id\":\"https:\/\/footdavant.fr\/actualites\/composition-darsenal-contre-monaco-xi-prevu-pour-le-choc-de-la-ligue-des-champions-alors-que-mikel-arteta-fait-un-appel-defensif-choc\/\"},\"author\":{\"name\":\"Cl\u00e9ment\",\"@id\":\"https:\/\/footdavant.fr\/actualites\/#\/schema\/person\/bc222566d95871b37e597b3ed3ba5e1d\"},\"headline\":\"Composition d&#39;Arsenal contre Monaco\u00a0: XI pr\u00e9vu pour le choc de la Ligue des champions alors que Mikel Arteta fait un appel d\u00e9fensif choc\",\"datePublished\":\"2024-12-16T08:48:19+00:00\",\"dateModified\":\"2024-12-16T08:48:22+00:00\",\"mainEntityOfPage\":{\"@id\":\"https:\/\/footdavant.fr\/actualites\/composition-darsenal-contre-monaco-xi-prevu-pour-le-choc-de-la-ligue-des-champions-alors-que-mikel-arteta-fait-un-appel-defensif-choc\/\"},\"wordCount\":389,\"publisher\":{\"@id\":\"https:\/\/footdavant.fr\/actualites\/#organization\"},\"keywords\":[\"alors\",\"appel\",\"Arteta\",\"champions\",\"choc\",\"composition\",\"contre\",\"d39Arsenal\",\"d\u00e9fensif\",\"des\",\"fait\",\"Ligue\",\"Mikel\",\"Monaco\",\"pour\",\"pr\u00e9vu\"],\"articleSection\":[\"Champions League\"],\"inLanguage\":\"fr-FR\"},{\"@type\":\"WebPage\",\"@id\":\"https:\/\/footdavant.fr\/actualites\/composition-darsenal-contre-monaco-xi-prevu-pour-le-choc-de-la-ligue-des-champions-alors-que-mikel-arteta-fait-un-appel-defensif-choc\/\",\"url\":\"https:\/\/footdavant.fr\/actualites\/composition-darsenal-contre-monaco-xi-prevu-pour-le-choc-de-la-ligue-des-champions-alors-que-mikel-arteta-fait-un-appel-defensif-choc\/\",\"name\":\"Composition d&#39;Arsenal contre Monaco\u00a0: XI pr\u00e9vu pour le choc de la Ligue des champions alors que Mikel Arteta fait un appel d\u00e9fensif choc\",\"isPartOf\":{\"@id\":\"https:\/\/footdavant.fr\/actualites\/#website\"},\"datePublished\":\"2024-12-16T08:48:19+00:00\",\"dateModified\":\"2024-12-16T08:48:22+00:00\",\"breadcrumb\":{\"@id\":\"https:\/\/footdavant.fr\/actualites\/composition-darsenal-contre-monaco-xi-prevu-pour-le-choc-de-la-ligue-des-champions-alors-que-mikel-arteta-fait-un-appel-defensif-choc\/#breadcrumb\"},\"inLanguage\":\"fr-FR\",\"potentialAction\":[{\"@type\":\"ReadAction\",\"target\":[\"https:\/\/footdavant.fr\/actualites\/composition-darsenal-contre-monaco-xi-prevu-pour-le-choc-de-la-ligue-des-champions-alors-que-mikel-arteta-fait-un-appel-defensif-choc\/\"]}]},{\"@type\":\"BreadcrumbList\",\"@id\":\"https:\/\/footdavant.fr\/actualites\/composition-darsenal-contre-monaco-xi-prevu-pour-le-choc-de-la-ligue-des-champions-alors-que-mikel-arteta-fait-un-appel-defensif-choc\/#breadcrumb\",\"itemListElement\":[{\"@type\":\"ListItem\",\"position\":1,\"name\":\"Accueil\",\"item\":\"https:\/\/footdavant.fr\/actualites\/\"},{\"@type\":\"ListItem\",\"position\":2,\"name\":\"Composition d&#39;Arsenal contre Monaco\u00a0: XI pr\u00e9vu pour le choc de la Ligue des champions alors que Mikel Arteta fait un appel d\u00e9fensif choc\"}]},{\"@type\":\"WebSite\",\"@id\":\"https:\/\/footdavant.fr\/actualites\/#website\",\"url\":\"https:\/\/footdavant.fr\/actualites\/\",\"name\":\"Foot d'avant\",\"description\":\"\",\"publisher\":{\"@id\":\"https:\/\/footdavant.fr\/actualites\/#organization\"},\"potentialAction\":[{\"@type\":\"SearchAction\",\"target\":{\"@type\":\"EntryPoint\",\"urlTemplate\":\"https:\/\/footdavant.fr\/actualites\/?s={search_term_string}\"},\"query-input\":\"required name=search_term_string\"}],\"inLanguage\":\"fr-FR\"},{\"@type\":\"Organization\",\"@id\":\"https:\/\/footdavant.fr\/actualites\/#organization\",\"name\":\"Foot d'avant\",\"url\":\"https:\/\/footdavant.fr\/actualites\/\",\"logo\":{\"@type\":\"ImageObject\",\"inLanguage\":\"fr-FR\",\"@id\":\"https:\/\/footdavant.fr\/actualites\/#\/schema\/logo\/image\/\",\"url\":\"https:\/\/footdavant.fr\/actualites\/wp-content\/uploads\/2023\/09\/Copy-of-FootDavant-Logo.png\",\"contentUrl\":\"https:\/\/footdavant.fr\/actualites\/wp-content\/uploads\/2023\/09\/Copy-of-FootDavant-Logo.png\",\"width\":936,\"height\":549,\"caption\":\"Foot d'avant\"},\"image\":{\"@id\":\"https:\/\/footdavant.fr\/actualites\/#\/schema\/logo\/image\/\"},\"sameAs\":[\"https:\/\/www.facebook.com\/Footdavant\/\",\"https:\/\/twitter.com\/FootdavantFr\",\"https:\/\/www.instagram.com\/footdavant.fr\/\"]},{\"@type\":\"Person\",\"@id\":\"https:\/\/footdavant.fr\/actualites\/#\/schema\/person\/bc222566d95871b37e597b3ed3ba5e1d\",\"name\":\"Cl\u00e9ment\",\"image\":{\"@type\":\"ImageObject\",\"inLanguage\":\"fr-FR\",\"@id\":\"https:\/\/footdavant.fr\/actualites\/#\/schema\/person\/image\/\",\"url\":\"https:\/\/secure.gravatar.com\/avatar\/7728b29aac2719421e1a9159b2254c44?s=96&d=mm&r=g\",\"contentUrl\":\"https:\/\/secure.gravatar.com\/avatar\/7728b29aac2719421e1a9159b2254c44?s=96&d=mm&r=g\",\"caption\":\"Cl\u00e9ment\"},\"sameAs\":[\"https:\/\/footdavant.fr\/\"]}]}<\/script>\n<!-- \/ Yoast SEO plugin. -->","yoast_head_json":{"title":"Composition d&#39;Arsenal contre Monaco\u00a0: XI pr\u00e9vu pour le choc de la Ligue des champions alors que Mikel Arteta fait un appel d\u00e9fensif choc","robots":{"index":"index","follow":"follow","max-snippet":"max-snippet:-1","max-image-preview":"max-image-preview:large","max-video-preview":"max-video-preview:-1"},"canonical":"https:\/\/footdavant.fr\/actualites\/composition-darsenal-contre-monaco-xi-prevu-pour-le-choc-de-la-ligue-des-champions-alors-que-mikel-arteta-fait-un-appel-defensif-choc\/","og_locale":"fr_FR","og_type":"article","og_title":"Composition d&#39;Arsenal contre Monaco\u00a0: XI pr\u00e9vu pour le choc de la Ligue des champions alors que Mikel Arteta fait un appel d\u00e9fensif choc","og_description":"Sports Mole examine en profondeur la fa\u00e7on dont Arsenal pourrait s&#39;aligner pour le choc de la Ligue des champions de mercredi avec Monaco \u00e0 l&#39;Emirates","og_url":"https:\/\/footdavant.fr\/actualites\/composition-darsenal-contre-monaco-xi-prevu-pour-le-choc-de-la-ligue-des-champions-alors-que-mikel-arteta-fait-un-appel-defensif-choc\/","og_site_name":"Foot d&#039;avant","article_publisher":"https:\/\/www.facebook.com\/Footdavant\/","article_published_time":"2024-12-16T08:48:19+00:00","article_modified_time":"2024-12-16T08:48:22+00:00","og_image":[{"width":1280,"height":960,"url":"https:\/\/footdavant.fr\/actualites\/wp-content\/uploads\/2024\/12\/1734338900_Composition-d39Arsenal-contre-Monaco-XI-prevu-pour-le-choc-de.jpg","type":"image\/jpeg"}],"author":"Cl\u00e9ment","twitter_card":"summary_large_image","twitter_creator":"@FootdavantFr","twitter_site":"@FootdavantFr","twitter_misc":{"\u00c9crit par":"Cl\u00e9ment","Dur\u00e9e de lecture estim\u00e9e":"2 minutes"},"schema":{"@context":"https:\/\/schema.org","@graph":[{"@type":"Article","@id":"https:\/\/footdavant.fr\/actualites\/composition-darsenal-contre-monaco-xi-prevu-pour-le-choc-de-la-ligue-des-champions-alors-que-mikel-arteta-fait-un-appel-defensif-choc\/#article","isPartOf":{"@id":"https:\/\/footdavant.fr\/actualites\/composition-darsenal-contre-monaco-xi-prevu-pour-le-choc-de-la-ligue-des-champions-alors-que-mikel-arteta-fait-un-appel-defensif-choc\/"},"author":{"name":"Cl\u00e9ment","@id":"https:\/\/footdavant.fr\/actualites\/#\/schema\/person\/bc222566d95871b37e597b3ed3ba5e1d"},"headline":"Composition d&#39;Arsenal contre Monaco\u00a0: XI pr\u00e9vu pour le choc de la Ligue des champions alors que Mikel Arteta fait un appel d\u00e9fensif choc","datePublished":"2024-12-16T08:48:19+00:00","dateModified":"2024-12-16T08:48:22+00:00","mainEntityOfPage":{"@id":"https:\/\/footdavant.fr\/actualites\/composition-darsenal-contre-monaco-xi-prevu-pour-le-choc-de-la-ligue-des-champions-alors-que-mikel-arteta-fait-un-appel-defensif-choc\/"},"wordCount":389,"publisher":{"@id":"https:\/\/footdavant.fr\/actualites\/#organization"},"keywords":["alors","appel","Arteta","champions","choc","composition","contre","d39Arsenal","d\u00e9fensif","des","fait","Ligue","Mikel","Monaco","pour","pr\u00e9vu"],"articleSection":["Champions League"],"inLanguage":"fr-FR"},{"@type":"WebPage","@id":"https:\/\/footdavant.fr\/actualites\/composition-darsenal-contre-monaco-xi-prevu-pour-le-choc-de-la-ligue-des-champions-alors-que-mikel-arteta-fait-un-appel-defensif-choc\/","url":"https:\/\/footdavant.fr\/actualites\/composition-darsenal-contre-monaco-xi-prevu-pour-le-choc-de-la-ligue-des-champions-alors-que-mikel-arteta-fait-un-appel-defensif-choc\/","name":"Composition d&#39;Arsenal contre Monaco\u00a0: XI pr\u00e9vu pour le choc de la Ligue des champions alors que Mikel Arteta fait un appel d\u00e9fensif choc","isPartOf":{"@id":"https:\/\/footdavant.fr\/actualites\/#website"},"datePublished":"2024-12-16T08:48:19+00:00","dateModified":"2024-12-16T08:48:22+00:00","breadcrumb":{"@id":"https:\/\/footdavant.fr\/actualites\/composition-darsenal-contre-monaco-xi-prevu-pour-le-choc-de-la-ligue-des-champions-alors-que-mikel-arteta-fait-un-appel-defensif-choc\/#breadcrumb"},"inLanguage":"fr-FR","potentialAction":[{"@type":"ReadAction","target":["https:\/\/footdavant.fr\/actualites\/composition-darsenal-contre-monaco-xi-prevu-pour-le-choc-de-la-ligue-des-champions-alors-que-mikel-arteta-fait-un-appel-defensif-choc\/"]}]},{"@type":"BreadcrumbList","@id":"https:\/\/footdavant.fr\/actualites\/composition-darsenal-contre-monaco-xi-prevu-pour-le-choc-de-la-ligue-des-champions-alors-que-mikel-arteta-fait-un-appel-defensif-choc\/#breadcrumb","itemListElement":[{"@type":"ListItem","position":1,"name":"Accueil","item":"https:\/\/footdavant.fr\/actualites\/"},{"@type":"ListItem","position":2,"name":"Composition d&#39;Arsenal contre Monaco\u00a0: XI pr\u00e9vu pour le choc de la Ligue des champions alors que Mikel Arteta fait un appel d\u00e9fensif choc"}]},{"@type":"WebSite","@id":"https:\/\/footdavant.fr\/actualites\/#website","url":"https:\/\/footdavant.fr\/actualites\/","name":"Foot d'avant","description":"","publisher":{"@id":"https:\/\/footdavant.fr\/actualites\/#organization"},"potentialAction":[{"@type":"SearchAction","target":{"@type":"EntryPoint","urlTemplate":"https:\/\/footdavant.fr\/actualites\/?s={search_term_string}"},"query-input":"required name=search_term_string"}],"inLanguage":"fr-FR"},{"@type":"Organization","@id":"https:\/\/footdavant.fr\/actualites\/#organization","name":"Foot d'avant","url":"https:\/\/footdavant.fr\/actualites\/","logo":{"@type":"ImageObject","inLanguage":"fr-FR","@id":"https:\/\/footdavant.fr\/actualites\/#\/schema\/logo\/image\/","url":"https:\/\/footdavant.fr\/actualites\/wp-content\/uploads\/2023\/09\/Copy-of-FootDavant-Logo.png","contentUrl":"https:\/\/footdavant.fr\/actualites\/wp-content\/uploads\/2023\/09\/Copy-of-FootDavant-Logo.png","width":936,"height":549,"caption":"Foot d'avant"},"image":{"@id":"https:\/\/footdavant.fr\/actualites\/#\/schema\/logo\/image\/"},"sameAs":["https:\/\/www.facebook.com\/Footdavant\/","https:\/\/twitter.com\/FootdavantFr","https:\/\/www.instagram.com\/footdavant.fr\/"]},{"@type":"Person","@id":"https:\/\/footdavant.fr\/actualites\/#\/schema\/person\/bc222566d95871b37e597b3ed3ba5e1d","name":"Cl\u00e9ment","image":{"@type":"ImageObject","inLanguage":"fr-FR","@id":"https:\/\/footdavant.fr\/actualites\/#\/schema\/person\/image\/","url":"https:\/\/secure.gravatar.com\/avatar\/7728b29aac2719421e1a9159b2254c44?s=96&d=mm&r=g","contentUrl":"https:\/\/secure.gravatar.com\/avatar\/7728b29aac2719421e1a9159b2254c44?s=96&d=mm&r=g","caption":"Cl\u00e9ment"},"sameAs":["https:\/\/footdavant.fr\/"]}]}},"_links":{"self":[{"href":"https:\/\/footdavant.fr\/actualites\/wp-json\/wp\/v2\/posts\/17566"}],"collection":[{"href":"https:\/\/footdavant.fr\/actualites\/wp-json\/wp\/v2\/posts"}],"about":[{"href":"https:\/\/footdavant.fr\/actualites\/wp-json\/wp\/v2\/types\/post"}],"author":[{"embeddable":true,"href":"https:\/\/footdavant.fr\/actualites\/wp-json\/wp\/v2\/users\/1"}],"replies":[{"embeddable":true,"href":"https:\/\/footdavant.fr\/actualites\/wp-json\/wp\/v2\/comments?post=17566"}],"version-history":[{"count":1,"href":"https:\/\/footdavant.fr\/actualites\/wp-json\/wp\/v2\/posts\/17566\/revisions"}],"predecessor-version":[{"id":17568,"href":"https:\/\/footdavant.fr\/actualites\/wp-json\/wp\/v2\/posts\/17566\/revisions\/17568"}],"wp:featuredmedia":[{"embeddable":true,"href":"https:\/\/footdavant.fr\/actualites\/wp-json\/wp\/v2\/media\/17567"}],"wp:attachment":[{"href":"https:\/\/footdavant.fr\/actualites\/wp-json\/wp\/v2\/media?parent=17566"}],"wp:term":[{"taxonomy":"category","embeddable":true,"href":"https:\/\/footdavant.fr\/actualites\/wp-json\/wp\/v2\/categories?post=17566"},{"taxonomy":"post_tag","embeddable":true,"href":"https:\/\/footdavant.fr\/actualites\/wp-json\/wp\/v2\/tags?post=17566"}],"curies":[{"name":"wp","href":"https:\/\/api.w.org\/{rel}","templated":true}]}}