{"id":17685,"date":"2024-12-18T20:48:09","date_gmt":"2024-12-18T19:48:09","guid":{"rendered":"https:\/\/footdavant.fr\/actualites\/une-certaine-rotation-mais-du-serieux-pour-la-coupe-du-palais\/"},"modified":"2024-12-18T20:48:13","modified_gmt":"2024-12-18T19:48:13","slug":"une-certaine-rotation-mais-du-serieux-pour-la-coupe-du-palais","status":"publish","type":"post","link":"https:\/\/footdavant.fr\/actualites\/une-certaine-rotation-mais-du-serieux-pour-la-coupe-du-palais\/","title":{"rendered":"Une certaine rotation, mais du s\u00e9rieux, pour la Coupe du Palais"},"content":{"rendered":"<div>\n<p>Bonjour \u00e0 tous. C&#39;est \u00e0 nouveau maintenant \ud83d\ude09<\/p>\n<p>Nous sommes en quart de finale de la Coupe Carabao ce soir, accueillant Crystal Palace pour une place en demi-finale. Il n&#39;y a pas grand chose de nouvelles sur l&#39;\u00e9quipe, \u00e0 part la confirmation que nous resterons sans Riccardo Calafiori et Oleksandr Zinchenko, tandis qu&#39;une d\u00e9cision sera prise sur la forme physique de Declan Rice avant le coup d&#39;envoi.<\/p>\n<p>A ce stade de la comp\u00e9tition, je pense qu&#39;il y aura encore des changements sur le c\u00f4t\u00e9, mais je m&#39;attends \u00e0 ce qu&#39;ils soient plus avanc\u00e9s qu&#39;\u00e0 l&#39;arri\u00e8re o\u00f9 les options sont limit\u00e9es. Nous connaissons la situation de l&#39;arri\u00e8re droit, et le seul moyen r\u00e9aliste de reposer William Saliba est de faire jouer Jurrien Timber en d\u00e9fense centrale, c&#39;est donc une complication. Jakub Kiwior pourrait entrer, et c&#39;\u00e9tait s\u00fbrement un match que Myles Lewis-Skelly avait r\u00e9serv\u00e9 pour un d\u00e9part \u2013 mais la situation des blessures signifie qu&#39;il a \u00e9galement \u00e9t\u00e9 n\u00e9cessaire d\u00e8s le d\u00e9part lors des deux derniers matchs. Kieran Tierney pourrait-il m\u00eame entrer dans l\u2019\u00e9quation ?<\/p>\n<p>Au milieu de terrain, on pourrait voir Jorginho, et tout comme son jeune co\u00e9quipier, Ethan Nwaneri cherchera \u00e0 avoir sa chance dans celui-ci. Ses deux derni\u00e8res apparitions sur le banc n&#39;ont pas eu autant d&#39;impact qu&#39;il (et nous) aurions pu le souhaiter, mais il a tendance \u00e0 \u00eatre plus efficace lorsqu&#39;il commence. Dans les trois premiers, si nous ne pouvons pas jouer Raheem Sterling dans celui-ci, quand pourrons-nous le jouer ? Je pense qu&#39;il remplacera Saka \u00e0 droite, ce sera probablement Leandro Trossard \u00e0 gauche, avec Gabriel Jesus devant.<\/p>\n<p>Cela repr\u00e9sente beaucoup d&#39;exp\u00e9rience, mais le rendement est faible ces derniers temps. Trossard compte 4 buts et 2 passes d\u00e9cisives en 22 apparitions cette saison ; Sterling a un but et 2 passes d\u00e9cisives en 10 apparitions pour la plupart \u00e9ph\u00e9m\u00e8res, et sa seule frappe sous un maillot d&#39;Arsenal a eu lieu dans cette comp\u00e9tition contre un adversaire de ligue inf\u00e9rieure ; tandis que le seul but de Jesus lors de ses 34 derniers matchs est survenu lors du dernier tour contre Preston. \u00c0 propos du Br\u00e9silien, Arteta a clairement indiqu\u00e9 que m\u00eame s&#39;il n&#39;a aucun probl\u00e8me avec sa fa\u00e7on de travailler, il doit produire devant le but :<\/p>\n<blockquote>\n<p>Je ne sais pas si c&#39;est de la confiance, mais \u00e9videmment, il a cette volont\u00e9 que le ballon aille au fond des filets et il commence \u00e0 avoir un certain \u00e9lan par rapport \u00e0 cela. Parce qu&#39;\u00e0 la fin, il joue \u00e0 des postes o\u00f9 il doit livrer ces moments, et il essaie vraiment.<\/p>\n<\/blockquote>\n<p>Ce soir serait une tr\u00e8s bonne nuit pour retrouver ses bottes de tir. Malgr\u00e9 toutes les analyses, discussions et discussions tactiques sur les raisons pour lesquelles nous ne frappons pas le fond des filets aussi souvent que nous le souhaiterions, avoir un groupe de joueurs qui ne marquent pas de buts de mani\u00e8re constante est \u2013 pour moi en tout cas \u2013 en fin de compte le principal probl\u00e8me. raison. En attendant que nous puissions faire quelque chose \u00e0 ce sujet, que ce soit en janvier ou au-del\u00e0, c&#39;est le travail du manager de tirer le meilleur parti de ces gars-l\u00e0. Et je lui souhaite bonne chance pour cela.<\/p>\n<p>Quant \u00e0 Palace, ils ont retrouv\u00e9 une certaine forme apr\u00e8s un d\u00e9but de saison incertain, et entrent dans celle-ci gr\u00e2ce \u00e0 une bonne victoire en Premier League contre Brighton. Nous savons o\u00f9 ils sont dangereux, et dans une situation de match nul en coupe, on pourrait esp\u00e9rer que ce soit un match de football plus ouvert que les deux derniers auxquels nous avons jou\u00e9. Esp\u00e9rons que nous puissions faire face \u00e0 leur menace et utiliser l\u2019espace pour cr\u00e9er notre propre danger.<\/p>\n<p>Quant \u00e0 cette comp\u00e9tition, je ne pense pas qu&#39;il soit possible d&#39;en faire du snobisme. Est-ce le moins important des quatre ? \u00c9videmment oui. Voulons-nous gagner davantage la Premier League ou la Ligue des Champions ? Encore une fois, c&#39;est \u00e9vident. Mais cela ne veut pas dire que nous ne devrions pas essayer de gagner celui-ci \u00e9galement. Nous avons b\u00e2ti une tr\u00e8s bonne \u00e9quipe ces derni\u00e8res ann\u00e9es, mais nous avons aussi besoin de troph\u00e9es. Les d\u00e9fis pour le titre \u00e9taient grands, mais les joueurs veulent des m\u00e9dailles et les supporters veulent des troph\u00e9es. Cette comp\u00e9tition est une comp\u00e9tition que nous devrions prendre au s\u00e9rieux, d&#39;autant plus que vous \u00eates tout pr\u00e8s d&#39;une finale si vous gagnez ce soir, alors croisez les doigts.<\/p>\n<p>Bon, je vais en rester l\u00e0 pour l&#39;instant. Rejoignez-nous plus tard pour une couverture du blog en direct, et vous obtiendrez le rapport du match, les clips des buts, les r\u00e9actions, les notes des joueurs et bien plus encore sur Arseblog News.<\/p>\n<p>Jusque-l\u00e0.<\/p>\n<\/div>\n","protected":false},"excerpt":{"rendered":"<p>Bonjour \u00e0 tous. C&#39;est \u00e0 nouveau maintenant \ud83d\ude09 Nous sommes en quart de finale de la Coupe Carabao ce soir, accueillant Crystal Palace pour une<\/p>\n","protected":false},"author":1,"featured_media":17686,"comment_status":"closed","ping_status":"","sticky":false,"template":"","format":"standard","meta":{"footnotes":""},"categories":[3],"tags":[7419,1946,365,7420,51,290,1261,92],"yoast_head":"<!-- This site is optimized with the Yoast SEO plugin v21.0 - https:\/\/yoast.com\/wordpress\/plugins\/seo\/ -->\n<title>Une certaine rotation, mais du s\u00e9rieux, pour la Coupe du Palais<\/title>\n<meta name=\"robots\" content=\"index, follow, max-snippet:-1, max-image-preview:large, max-video-preview:-1\" \/>\n<link rel=\"canonical\" href=\"https:\/\/footdavant.fr\/actualites\/une-certaine-rotation-mais-du-serieux-pour-la-coupe-du-palais\/\" \/>\n<meta property=\"og:locale\" content=\"fr_FR\" \/>\n<meta property=\"og:type\" content=\"article\" \/>\n<meta property=\"og:title\" content=\"Une certaine rotation, mais du s\u00e9rieux, pour la Coupe du Palais\" \/>\n<meta property=\"og:description\" content=\"Bonjour \u00e0 tous. C&#039;est \u00e0 nouveau maintenant \ud83d\ude09 Nous sommes en quart de finale de la Coupe Carabao ce soir, accueillant Crystal Palace pour une\" \/>\n<meta property=\"og:url\" content=\"https:\/\/footdavant.fr\/actualites\/une-certaine-rotation-mais-du-serieux-pour-la-coupe-du-palais\/\" \/>\n<meta property=\"og:site_name\" content=\"Foot d&#039;avant\" \/>\n<meta property=\"article:publisher\" content=\"https:\/\/www.facebook.com\/Footdavant\/\" \/>\n<meta property=\"article:published_time\" content=\"2024-12-18T19:48:09+00:00\" \/>\n<meta property=\"article:modified_time\" content=\"2024-12-18T19:48:13+00:00\" \/>\n<meta property=\"og:image\" content=\"https:\/\/footdavant.fr\/actualites\/wp-content\/uploads\/2024\/12\/Une-certaine-rotation-mais-du-serieux-pour-la-Coupe-du.jpg\" \/>\n\t<meta property=\"og:image:width\" content=\"1500\" \/>\n\t<meta property=\"og:image:height\" content=\"750\" \/>\n\t<meta property=\"og:image:type\" content=\"image\/jpeg\" \/>\n<meta name=\"author\" content=\"Cl\u00e9ment\" \/>\n<meta name=\"twitter:card\" content=\"summary_large_image\" \/>\n<meta name=\"twitter:creator\" content=\"@FootdavantFr\" \/>\n<meta name=\"twitter:site\" content=\"@FootdavantFr\" \/>\n<meta name=\"twitter:label1\" content=\"\u00c9crit par\" \/>\n\t<meta name=\"twitter:data1\" content=\"Cl\u00e9ment\" \/>\n\t<meta name=\"twitter:label2\" content=\"Dur\u00e9e de lecture estim\u00e9e\" \/>\n\t<meta name=\"twitter:data2\" content=\"4 minutes\" \/>\n<script type=\"application\/ld+json\" class=\"yoast-schema-graph\">{\"@context\":\"https:\/\/schema.org\",\"@graph\":[{\"@type\":\"Article\",\"@id\":\"https:\/\/footdavant.fr\/actualites\/une-certaine-rotation-mais-du-serieux-pour-la-coupe-du-palais\/#article\",\"isPartOf\":{\"@id\":\"https:\/\/footdavant.fr\/actualites\/une-certaine-rotation-mais-du-serieux-pour-la-coupe-du-palais\/\"},\"author\":{\"name\":\"Cl\u00e9ment\",\"@id\":\"https:\/\/footdavant.fr\/actualites\/#\/schema\/person\/bc222566d95871b37e597b3ed3ba5e1d\"},\"headline\":\"Une certaine rotation, mais du s\u00e9rieux, pour la Coupe du Palais\",\"datePublished\":\"2024-12-18T19:48:09+00:00\",\"dateModified\":\"2024-12-18T19:48:13+00:00\",\"mainEntityOfPage\":{\"@id\":\"https:\/\/footdavant.fr\/actualites\/une-certaine-rotation-mais-du-serieux-pour-la-coupe-du-palais\/\"},\"wordCount\":844,\"publisher\":{\"@id\":\"https:\/\/footdavant.fr\/actualites\/#organization\"},\"keywords\":[\"certaine\",\"Coupe\",\"mais\",\"Palais\",\"pour\",\"rotation\",\"s\u00e9rieux\",\"une\"],\"articleSection\":[\"Football\"],\"inLanguage\":\"fr-FR\"},{\"@type\":\"WebPage\",\"@id\":\"https:\/\/footdavant.fr\/actualites\/une-certaine-rotation-mais-du-serieux-pour-la-coupe-du-palais\/\",\"url\":\"https:\/\/footdavant.fr\/actualites\/une-certaine-rotation-mais-du-serieux-pour-la-coupe-du-palais\/\",\"name\":\"Une certaine rotation, mais du s\u00e9rieux, pour la Coupe du Palais\",\"isPartOf\":{\"@id\":\"https:\/\/footdavant.fr\/actualites\/#website\"},\"datePublished\":\"2024-12-18T19:48:09+00:00\",\"dateModified\":\"2024-12-18T19:48:13+00:00\",\"breadcrumb\":{\"@id\":\"https:\/\/footdavant.fr\/actualites\/une-certaine-rotation-mais-du-serieux-pour-la-coupe-du-palais\/#breadcrumb\"},\"inLanguage\":\"fr-FR\",\"potentialAction\":[{\"@type\":\"ReadAction\",\"target\":[\"https:\/\/footdavant.fr\/actualites\/une-certaine-rotation-mais-du-serieux-pour-la-coupe-du-palais\/\"]}]},{\"@type\":\"BreadcrumbList\",\"@id\":\"https:\/\/footdavant.fr\/actualites\/une-certaine-rotation-mais-du-serieux-pour-la-coupe-du-palais\/#breadcrumb\",\"itemListElement\":[{\"@type\":\"ListItem\",\"position\":1,\"name\":\"Accueil\",\"item\":\"https:\/\/footdavant.fr\/actualites\/\"},{\"@type\":\"ListItem\",\"position\":2,\"name\":\"Une certaine rotation, mais du s\u00e9rieux, pour la Coupe du Palais\"}]},{\"@type\":\"WebSite\",\"@id\":\"https:\/\/footdavant.fr\/actualites\/#website\",\"url\":\"https:\/\/footdavant.fr\/actualites\/\",\"name\":\"Foot d'avant\",\"description\":\"\",\"publisher\":{\"@id\":\"https:\/\/footdavant.fr\/actualites\/#organization\"},\"potentialAction\":[{\"@type\":\"SearchAction\",\"target\":{\"@type\":\"EntryPoint\",\"urlTemplate\":\"https:\/\/footdavant.fr\/actualites\/?s={search_term_string}\"},\"query-input\":\"required name=search_term_string\"}],\"inLanguage\":\"fr-FR\"},{\"@type\":\"Organization\",\"@id\":\"https:\/\/footdavant.fr\/actualites\/#organization\",\"name\":\"Foot d'avant\",\"url\":\"https:\/\/footdavant.fr\/actualites\/\",\"logo\":{\"@type\":\"ImageObject\",\"inLanguage\":\"fr-FR\",\"@id\":\"https:\/\/footdavant.fr\/actualites\/#\/schema\/logo\/image\/\",\"url\":\"https:\/\/footdavant.fr\/actualites\/wp-content\/uploads\/2023\/09\/Copy-of-FootDavant-Logo.png\",\"contentUrl\":\"https:\/\/footdavant.fr\/actualites\/wp-content\/uploads\/2023\/09\/Copy-of-FootDavant-Logo.png\",\"width\":936,\"height\":549,\"caption\":\"Foot d'avant\"},\"image\":{\"@id\":\"https:\/\/footdavant.fr\/actualites\/#\/schema\/logo\/image\/\"},\"sameAs\":[\"https:\/\/www.facebook.com\/Footdavant\/\",\"https:\/\/twitter.com\/FootdavantFr\",\"https:\/\/www.instagram.com\/footdavant.fr\/\"]},{\"@type\":\"Person\",\"@id\":\"https:\/\/footdavant.fr\/actualites\/#\/schema\/person\/bc222566d95871b37e597b3ed3ba5e1d\",\"name\":\"Cl\u00e9ment\",\"image\":{\"@type\":\"ImageObject\",\"inLanguage\":\"fr-FR\",\"@id\":\"https:\/\/footdavant.fr\/actualites\/#\/schema\/person\/image\/\",\"url\":\"https:\/\/secure.gravatar.com\/avatar\/7728b29aac2719421e1a9159b2254c44?s=96&d=mm&r=g\",\"contentUrl\":\"https:\/\/secure.gravatar.com\/avatar\/7728b29aac2719421e1a9159b2254c44?s=96&d=mm&r=g\",\"caption\":\"Cl\u00e9ment\"},\"sameAs\":[\"https:\/\/footdavant.fr\/\"]}]}<\/script>\n<!-- \/ Yoast SEO plugin. -->","yoast_head_json":{"title":"Une certaine rotation, mais du s\u00e9rieux, pour la Coupe du Palais","robots":{"index":"index","follow":"follow","max-snippet":"max-snippet:-1","max-image-preview":"max-image-preview:large","max-video-preview":"max-video-preview:-1"},"canonical":"https:\/\/footdavant.fr\/actualites\/une-certaine-rotation-mais-du-serieux-pour-la-coupe-du-palais\/","og_locale":"fr_FR","og_type":"article","og_title":"Une certaine rotation, mais du s\u00e9rieux, pour la Coupe du Palais","og_description":"Bonjour \u00e0 tous. C&#39;est \u00e0 nouveau maintenant \ud83d\ude09 Nous sommes en quart de finale de la Coupe Carabao ce soir, accueillant Crystal Palace pour une","og_url":"https:\/\/footdavant.fr\/actualites\/une-certaine-rotation-mais-du-serieux-pour-la-coupe-du-palais\/","og_site_name":"Foot d&#039;avant","article_publisher":"https:\/\/www.facebook.com\/Footdavant\/","article_published_time":"2024-12-18T19:48:09+00:00","article_modified_time":"2024-12-18T19:48:13+00:00","og_image":[{"width":1500,"height":750,"url":"https:\/\/footdavant.fr\/actualites\/wp-content\/uploads\/2024\/12\/Une-certaine-rotation-mais-du-serieux-pour-la-Coupe-du.jpg","type":"image\/jpeg"}],"author":"Cl\u00e9ment","twitter_card":"summary_large_image","twitter_creator":"@FootdavantFr","twitter_site":"@FootdavantFr","twitter_misc":{"\u00c9crit par":"Cl\u00e9ment","Dur\u00e9e de lecture estim\u00e9e":"4 minutes"},"schema":{"@context":"https:\/\/schema.org","@graph":[{"@type":"Article","@id":"https:\/\/footdavant.fr\/actualites\/une-certaine-rotation-mais-du-serieux-pour-la-coupe-du-palais\/#article","isPartOf":{"@id":"https:\/\/footdavant.fr\/actualites\/une-certaine-rotation-mais-du-serieux-pour-la-coupe-du-palais\/"},"author":{"name":"Cl\u00e9ment","@id":"https:\/\/footdavant.fr\/actualites\/#\/schema\/person\/bc222566d95871b37e597b3ed3ba5e1d"},"headline":"Une certaine rotation, mais du s\u00e9rieux, pour la Coupe du Palais","datePublished":"2024-12-18T19:48:09+00:00","dateModified":"2024-12-18T19:48:13+00:00","mainEntityOfPage":{"@id":"https:\/\/footdavant.fr\/actualites\/une-certaine-rotation-mais-du-serieux-pour-la-coupe-du-palais\/"},"wordCount":844,"publisher":{"@id":"https:\/\/footdavant.fr\/actualites\/#organization"},"keywords":["certaine","Coupe","mais","Palais","pour","rotation","s\u00e9rieux","une"],"articleSection":["Football"],"inLanguage":"fr-FR"},{"@type":"WebPage","@id":"https:\/\/footdavant.fr\/actualites\/une-certaine-rotation-mais-du-serieux-pour-la-coupe-du-palais\/","url":"https:\/\/footdavant.fr\/actualites\/une-certaine-rotation-mais-du-serieux-pour-la-coupe-du-palais\/","name":"Une certaine rotation, mais du s\u00e9rieux, pour la Coupe du Palais","isPartOf":{"@id":"https:\/\/footdavant.fr\/actualites\/#website"},"datePublished":"2024-12-18T19:48:09+00:00","dateModified":"2024-12-18T19:48:13+00:00","breadcrumb":{"@id":"https:\/\/footdavant.fr\/actualites\/une-certaine-rotation-mais-du-serieux-pour-la-coupe-du-palais\/#breadcrumb"},"inLanguage":"fr-FR","potentialAction":[{"@type":"ReadAction","target":["https:\/\/footdavant.fr\/actualites\/une-certaine-rotation-mais-du-serieux-pour-la-coupe-du-palais\/"]}]},{"@type":"BreadcrumbList","@id":"https:\/\/footdavant.fr\/actualites\/une-certaine-rotation-mais-du-serieux-pour-la-coupe-du-palais\/#breadcrumb","itemListElement":[{"@type":"ListItem","position":1,"name":"Accueil","item":"https:\/\/footdavant.fr\/actualites\/"},{"@type":"ListItem","position":2,"name":"Une certaine rotation, mais du s\u00e9rieux, pour la Coupe du Palais"}]},{"@type":"WebSite","@id":"https:\/\/footdavant.fr\/actualites\/#website","url":"https:\/\/footdavant.fr\/actualites\/","name":"Foot d'avant","description":"","publisher":{"@id":"https:\/\/footdavant.fr\/actualites\/#organization"},"potentialAction":[{"@type":"SearchAction","target":{"@type":"EntryPoint","urlTemplate":"https:\/\/footdavant.fr\/actualites\/?s={search_term_string}"},"query-input":"required name=search_term_string"}],"inLanguage":"fr-FR"},{"@type":"Organization","@id":"https:\/\/footdavant.fr\/actualites\/#organization","name":"Foot d'avant","url":"https:\/\/footdavant.fr\/actualites\/","logo":{"@type":"ImageObject","inLanguage":"fr-FR","@id":"https:\/\/footdavant.fr\/actualites\/#\/schema\/logo\/image\/","url":"https:\/\/footdavant.fr\/actualites\/wp-content\/uploads\/2023\/09\/Copy-of-FootDavant-Logo.png","contentUrl":"https:\/\/footdavant.fr\/actualites\/wp-content\/uploads\/2023\/09\/Copy-of-FootDavant-Logo.png","width":936,"height":549,"caption":"Foot d'avant"},"image":{"@id":"https:\/\/footdavant.fr\/actualites\/#\/schema\/logo\/image\/"},"sameAs":["https:\/\/www.facebook.com\/Footdavant\/","https:\/\/twitter.com\/FootdavantFr","https:\/\/www.instagram.com\/footdavant.fr\/"]},{"@type":"Person","@id":"https:\/\/footdavant.fr\/actualites\/#\/schema\/person\/bc222566d95871b37e597b3ed3ba5e1d","name":"Cl\u00e9ment","image":{"@type":"ImageObject","inLanguage":"fr-FR","@id":"https:\/\/footdavant.fr\/actualites\/#\/schema\/person\/image\/","url":"https:\/\/secure.gravatar.com\/avatar\/7728b29aac2719421e1a9159b2254c44?s=96&d=mm&r=g","contentUrl":"https:\/\/secure.gravatar.com\/avatar\/7728b29aac2719421e1a9159b2254c44?s=96&d=mm&r=g","caption":"Cl\u00e9ment"},"sameAs":["https:\/\/footdavant.fr\/"]}]}},"_links":{"self":[{"href":"https:\/\/footdavant.fr\/actualites\/wp-json\/wp\/v2\/posts\/17685"}],"collection":[{"href":"https:\/\/footdavant.fr\/actualites\/wp-json\/wp\/v2\/posts"}],"about":[{"href":"https:\/\/footdavant.fr\/actualites\/wp-json\/wp\/v2\/types\/post"}],"author":[{"embeddable":true,"href":"https:\/\/footdavant.fr\/actualites\/wp-json\/wp\/v2\/users\/1"}],"replies":[{"embeddable":true,"href":"https:\/\/footdavant.fr\/actualites\/wp-json\/wp\/v2\/comments?post=17685"}],"version-history":[{"count":1,"href":"https:\/\/footdavant.fr\/actualites\/wp-json\/wp\/v2\/posts\/17685\/revisions"}],"predecessor-version":[{"id":17687,"href":"https:\/\/footdavant.fr\/actualites\/wp-json\/wp\/v2\/posts\/17685\/revisions\/17687"}],"wp:featuredmedia":[{"embeddable":true,"href":"https:\/\/footdavant.fr\/actualites\/wp-json\/wp\/v2\/media\/17686"}],"wp:attachment":[{"href":"https:\/\/footdavant.fr\/actualites\/wp-json\/wp\/v2\/media?parent=17685"}],"wp:term":[{"taxonomy":"category","embeddable":true,"href":"https:\/\/footdavant.fr\/actualites\/wp-json\/wp\/v2\/categories?post=17685"},{"taxonomy":"post_tag","embeddable":true,"href":"https:\/\/footdavant.fr\/actualites\/wp-json\/wp\/v2\/tags?post=17685"}],"curies":[{"name":"wp","href":"https:\/\/api.w.org\/{rel}","templated":true}]}}