{"id":1774,"date":"2023-12-01T17:59:57","date_gmt":"2023-12-01T16:59:57","guid":{"rendered":"https:\/\/footdavant.fr\/actualites\/un-nouvel-accord-pour-tomi-avant-un-casse-tete-en-janvier-pour-arteta\/"},"modified":"2023-12-01T17:59:58","modified_gmt":"2023-12-01T16:59:58","slug":"un-nouvel-accord-pour-tomi-avant-un-casse-tete-en-janvier-pour-arteta","status":"publish","type":"post","link":"https:\/\/footdavant.fr\/actualites\/un-nouvel-accord-pour-tomi-avant-un-casse-tete-en-janvier-pour-arteta\/","title":{"rendered":"Un nouvel accord pour Tomi avant un casse-t\u00eate en janvier pour Arteta"},"content":{"rendered":"<div>\n<p>Bonjour \u00e0 tous, bon vendredi \u00e0 vous tous.<\/p>\n<p>Commen\u00e7ons par les nouvelles via David Ornstein selon lesquelles Arsenal est en pourparlers avec Takehiro Tomiyasu sur un nouveau contrat.  Il dit dans The Athletic (\u00a3) :<\/p>\n<p><em>Le club de Premier League a fait une offre \u00e0 l&rsquo;international japonais et les deux parties devraient parvenir \u00e0 un accord en temps voulu.<\/em><\/p>\n<p>Bonne nouvelle, et si vous \u00eates un lecteur r\u00e9gulier, vous saurez \u00e0 quel point j&rsquo;appr\u00e9cie Tomiyasu.  Nous en sommes venus \u00e0 accepter sa polyvalence assez facilement, sans trop r\u00e9fl\u00e9chir \u00e0 quel point il est incroyable d&rsquo;avoir un joueur que vous pouvez d\u00e9ployer soit en position d&rsquo;arri\u00e8re lat\u00e9ral, soit en position de demi central, sans vous inqui\u00e9ter d&rsquo;un seul coup. deuxi\u00e8mement, sur toute baisse de sa capacit\u00e9 \u00e0 faire le travail.  Il n\u2019y a vraiment pas beaucoup de joueurs qui peuvent faire cela aussi bien que lui.<\/p>\n<p>Lorsque nous avons sign\u00e9 Jurrien Timber, nous pensions avoir un arri\u00e8re droit capable d&rsquo;op\u00e9rer en d\u00e9fense centrale, mais en pr\u00e9-saison \u2013 peut-\u00eatre plus par n\u00e9cessit\u00e9 que par invention \u2013 il a jou\u00e9 \u00e0 l&rsquo;arri\u00e8re gauche et s&rsquo;est bien comport\u00e9.  N\u00e9anmoins, s&rsquo;il n&rsquo;avait pas subi cette blessure lors de ses d\u00e9buts en Premier League, nous aurions d\u00e9sormais deux joueurs capables d&rsquo;op\u00e9rer confortablement tout au long de la ligne arri\u00e8re.  Son absence fait cependant de Tomiyasu un membre encore plus important de l&rsquo;\u00e9quipe, et l&rsquo;international japonais est quelqu&rsquo;un qui vous donne un r\u00e9el sentiment de s\u00e9curit\u00e9 d\u00e9fensive lorsque vous pensez \u00e0 l&rsquo;\u00e9quipe lorsqu&rsquo;il y est.<\/p>\n<p>Malheureusement, il va nous manquer un moment en janvier \u00e0 cause de la Coupe d&rsquo;Asie qui se d\u00e9roule au Qatar.  Le Japon affronte l&rsquo;Indon\u00e9sie, l&rsquo;Irak et le Vietnam entre le 14 et le 24, les huiti\u00e8mes de finale se d\u00e9roulant jusqu&rsquo;au 10 f\u00e9vrier.  M\u00eame avec la pause en janvier apr\u00e8s le troisi\u00e8me tour de la FA Cup, il pourrait potentiellement rater les matches de Premier League contre Crystal Palace, Nottingham Forest, Liverpool et West Ham \u2013 et si le Japon tient la distance, il sera probablement n\u00e9cessaire de lui en donner. du temps libre pour recharger ses batteries apr\u00e8s la pression d&rsquo;un tournoi international.<\/p>\n<p>Je sais que nous avons des lecteurs japonais, donc je ne dirai pas que j&rsquo;esp\u00e8re que le tournoi se passera mal pour eux, mais si c&rsquo;est le cas, cela pourrait att\u00e9nuer le mal de t\u00eate de janvier que le manager aura \u00e0 propos de l&rsquo;absence de Tomiyasu.  N&rsquo;oublions pas non plus que Thomas Partey pourrait \u00e9galement \u00eatre absent ce mois-l\u00e0.  L&rsquo;entra\u00eeneur a parl\u00e9 de sa forme physique avant le match contre Lens, affirmant qu&rsquo;il \u00e9tait possible qu&rsquo;il revienne avant la fin de l&rsquo;ann\u00e9e, mais s&rsquo;il le fait, le Ghana le convoquera s\u00fbrement pour la CAN qui se d\u00e9roulera en C\u00f4te d&rsquo;Ivoire entre le 14 janvier et le 11 f\u00e9vrier. .<\/p>\n<p>Je suppose qu&rsquo;on pourrait dire, \u00e9tant donn\u00e9 que nous sommes en t\u00eate du championnat et que nous avons travers\u00e9 notre groupe de Ligue des champions de mani\u00e8re impressionnante, que Partey ne nous manque pas vraiment.  Il a jou\u00e9 un peu au poste d&rsquo;arri\u00e8re droit en d\u00e9but de saison, pas au milieu de terrain, et est depuis absent\/bless\u00e9.  Je pense qu&rsquo;il est encourageant que nous ayons r\u00e9ussi \u00e0 nous d\u00e9brouiller sans lui, et d&rsquo;une certaine mani\u00e8re, je suis heureux que l&rsquo;\u00e9quipe \u00e9volue au-del\u00e0 de lui, mais nous ne sommes qu&rsquo;\u00e0 une blessure ou \u00e0 une suspension d&rsquo;avoir \u00e0 nouveau vraiment besoin d&rsquo;un joueur de sa qualit\u00e9.  Il y a donc une touche de chance, si vous voulez l\u2019appeler ainsi.  Peut-\u00eatre que c&rsquo;est la preuve pour Mikel Arteta et Edu que ce n&rsquo;est pas tant Partey lui-m\u00eame dont nous avons besoin, mais quelqu&rsquo;un de qualit\u00e9 similaire pour ce poste.<\/p>\n<p>Au cours des saisons pr\u00e9c\u00e9dentes, l&rsquo;\u00e9quipe a souffert de son absence, et m\u00eame si je pense qu&rsquo;il aurait beaucoup contribu\u00e9 s&rsquo;il avait \u00e9t\u00e9 en forme, cela montre que notre confiance \u00e0 son \u00e9gard a diminu\u00e9.  Peut-\u00eatre que cela facilite simplement la d\u00e9cision de passer \u00e0 autre chose et de trouver un joueur plus jeune pour r\u00e9adapter ce poste.  Voyons.  Quant \u00e0 savoir si quelque chose se passera en janvier, le march\u00e9 lui-m\u00eame dicte beaucoup de choses, mais sans Tomiyasu, Partey et Timber (qui au moins progresse mais reste encore \u00e0 une certaine distance d&rsquo;un retour), pourrait dicter davantage.<\/p>\n<p>D&rsquo;accord, je vais en rester l\u00e0 pour l&rsquo;instant.  Nous aurons un podcast d&rsquo;aper\u00e7u des Wolves pour vous un peu plus tard sur Patreon, d&rsquo;ici l\u00e0, passez-en un bon.<\/p>\n<\/div>\n","protected":false},"excerpt":{"rendered":"<p>Bonjour \u00e0 tous, bon vendredi \u00e0 vous tous. Commen\u00e7ons par les nouvelles via David Ornstein selon lesquelles Arsenal est en pourparlers avec Takehiro Tomiyasu sur<\/p>\n","protected":false},"author":1,"featured_media":1775,"comment_status":"closed","ping_status":"","sticky":false,"template":"","format":"standard","meta":{"footnotes":""},"categories":[3],"tags":[277,211,491,1794,166,886,51,1793],"yoast_head":"<!-- This site is optimized with the Yoast SEO plugin v21.0 - https:\/\/yoast.com\/wordpress\/plugins\/seo\/ -->\n<title>Un nouvel accord pour Tomi avant un casse-t\u00eate en janvier pour Arteta<\/title>\n<meta name=\"robots\" content=\"index, follow, max-snippet:-1, max-image-preview:large, max-video-preview:-1\" \/>\n<link rel=\"canonical\" href=\"https:\/\/footdavant.fr\/actualites\/un-nouvel-accord-pour-tomi-avant-un-casse-tete-en-janvier-pour-arteta\/\" \/>\n<meta property=\"og:locale\" content=\"fr_FR\" \/>\n<meta property=\"og:type\" content=\"article\" \/>\n<meta property=\"og:title\" content=\"Un nouvel accord pour Tomi avant un casse-t\u00eate en janvier pour Arteta\" \/>\n<meta property=\"og:description\" content=\"Bonjour \u00e0 tous, bon vendredi \u00e0 vous tous. Commen\u00e7ons par les nouvelles via David Ornstein selon lesquelles Arsenal est en pourparlers avec Takehiro Tomiyasu sur\" \/>\n<meta property=\"og:url\" content=\"https:\/\/footdavant.fr\/actualites\/un-nouvel-accord-pour-tomi-avant-un-casse-tete-en-janvier-pour-arteta\/\" \/>\n<meta property=\"og:site_name\" content=\"Foot d&#039;avant\" \/>\n<meta property=\"article:publisher\" content=\"https:\/\/www.facebook.com\/Footdavant\/\" \/>\n<meta property=\"article:published_time\" content=\"2023-12-01T16:59:57+00:00\" \/>\n<meta property=\"article:modified_time\" content=\"2023-12-01T16:59:58+00:00\" \/>\n<meta property=\"og:image\" content=\"https:\/\/footdavant.fr\/actualites\/wp-content\/uploads\/2023\/12\/Un-nouvel-accord-pour-Tomi-avant-un-casse-tete-en-janvier.jpg\" \/>\n\t<meta property=\"og:image:width\" content=\"1500\" \/>\n\t<meta property=\"og:image:height\" content=\"750\" \/>\n\t<meta property=\"og:image:type\" content=\"image\/jpeg\" \/>\n<meta name=\"author\" content=\"Cl\u00e9ment\" \/>\n<meta name=\"twitter:card\" content=\"summary_large_image\" \/>\n<meta name=\"twitter:creator\" content=\"@FootdavantFr\" \/>\n<meta name=\"twitter:site\" content=\"@FootdavantFr\" \/>\n<meta name=\"twitter:label1\" content=\"\u00c9crit par\" \/>\n\t<meta name=\"twitter:data1\" content=\"Cl\u00e9ment\" \/>\n\t<meta name=\"twitter:label2\" content=\"Dur\u00e9e de lecture estim\u00e9e\" \/>\n\t<meta name=\"twitter:data2\" content=\"4 minutes\" \/>\n<script type=\"application\/ld+json\" class=\"yoast-schema-graph\">{\"@context\":\"https:\/\/schema.org\",\"@graph\":[{\"@type\":\"Article\",\"@id\":\"https:\/\/footdavant.fr\/actualites\/un-nouvel-accord-pour-tomi-avant-un-casse-tete-en-janvier-pour-arteta\/#article\",\"isPartOf\":{\"@id\":\"https:\/\/footdavant.fr\/actualites\/un-nouvel-accord-pour-tomi-avant-un-casse-tete-en-janvier-pour-arteta\/\"},\"author\":{\"name\":\"Cl\u00e9ment\",\"@id\":\"https:\/\/footdavant.fr\/actualites\/#\/schema\/person\/bc222566d95871b37e597b3ed3ba5e1d\"},\"headline\":\"Un nouvel accord pour Tomi avant un casse-t\u00eate en janvier pour Arteta\",\"datePublished\":\"2023-12-01T16:59:57+00:00\",\"dateModified\":\"2023-12-01T16:59:58+00:00\",\"mainEntityOfPage\":{\"@id\":\"https:\/\/footdavant.fr\/actualites\/un-nouvel-accord-pour-tomi-avant-un-casse-tete-en-janvier-pour-arteta\/\"},\"wordCount\":786,\"publisher\":{\"@id\":\"https:\/\/footdavant.fr\/actualites\/#organization\"},\"keywords\":[\"accord\",\"Arteta\",\"avant\",\"casset\u00eate\",\"janvier\",\"nouvel\",\"pour\",\"Tomi\"],\"articleSection\":[\"Football\"],\"inLanguage\":\"fr-FR\"},{\"@type\":\"WebPage\",\"@id\":\"https:\/\/footdavant.fr\/actualites\/un-nouvel-accord-pour-tomi-avant-un-casse-tete-en-janvier-pour-arteta\/\",\"url\":\"https:\/\/footdavant.fr\/actualites\/un-nouvel-accord-pour-tomi-avant-un-casse-tete-en-janvier-pour-arteta\/\",\"name\":\"Un nouvel accord pour Tomi avant un casse-t\u00eate en janvier pour Arteta\",\"isPartOf\":{\"@id\":\"https:\/\/footdavant.fr\/actualites\/#website\"},\"datePublished\":\"2023-12-01T16:59:57+00:00\",\"dateModified\":\"2023-12-01T16:59:58+00:00\",\"breadcrumb\":{\"@id\":\"https:\/\/footdavant.fr\/actualites\/un-nouvel-accord-pour-tomi-avant-un-casse-tete-en-janvier-pour-arteta\/#breadcrumb\"},\"inLanguage\":\"fr-FR\",\"potentialAction\":[{\"@type\":\"ReadAction\",\"target\":[\"https:\/\/footdavant.fr\/actualites\/un-nouvel-accord-pour-tomi-avant-un-casse-tete-en-janvier-pour-arteta\/\"]}]},{\"@type\":\"BreadcrumbList\",\"@id\":\"https:\/\/footdavant.fr\/actualites\/un-nouvel-accord-pour-tomi-avant-un-casse-tete-en-janvier-pour-arteta\/#breadcrumb\",\"itemListElement\":[{\"@type\":\"ListItem\",\"position\":1,\"name\":\"Accueil\",\"item\":\"https:\/\/footdavant.fr\/actualites\/\"},{\"@type\":\"ListItem\",\"position\":2,\"name\":\"Un nouvel accord pour Tomi avant un casse-t\u00eate en janvier pour Arteta\"}]},{\"@type\":\"WebSite\",\"@id\":\"https:\/\/footdavant.fr\/actualites\/#website\",\"url\":\"https:\/\/footdavant.fr\/actualites\/\",\"name\":\"Foot d'avant\",\"description\":\"\",\"publisher\":{\"@id\":\"https:\/\/footdavant.fr\/actualites\/#organization\"},\"potentialAction\":[{\"@type\":\"SearchAction\",\"target\":{\"@type\":\"EntryPoint\",\"urlTemplate\":\"https:\/\/footdavant.fr\/actualites\/?s={search_term_string}\"},\"query-input\":\"required name=search_term_string\"}],\"inLanguage\":\"fr-FR\"},{\"@type\":\"Organization\",\"@id\":\"https:\/\/footdavant.fr\/actualites\/#organization\",\"name\":\"Foot d'avant\",\"url\":\"https:\/\/footdavant.fr\/actualites\/\",\"logo\":{\"@type\":\"ImageObject\",\"inLanguage\":\"fr-FR\",\"@id\":\"https:\/\/footdavant.fr\/actualites\/#\/schema\/logo\/image\/\",\"url\":\"https:\/\/footdavant.fr\/actualites\/wp-content\/uploads\/2023\/09\/Copy-of-FootDavant-Logo.png\",\"contentUrl\":\"https:\/\/footdavant.fr\/actualites\/wp-content\/uploads\/2023\/09\/Copy-of-FootDavant-Logo.png\",\"width\":936,\"height\":549,\"caption\":\"Foot d'avant\"},\"image\":{\"@id\":\"https:\/\/footdavant.fr\/actualites\/#\/schema\/logo\/image\/\"},\"sameAs\":[\"https:\/\/www.facebook.com\/Footdavant\/\",\"https:\/\/twitter.com\/FootdavantFr\",\"https:\/\/www.instagram.com\/footdavant.fr\/\"]},{\"@type\":\"Person\",\"@id\":\"https:\/\/footdavant.fr\/actualites\/#\/schema\/person\/bc222566d95871b37e597b3ed3ba5e1d\",\"name\":\"Cl\u00e9ment\",\"image\":{\"@type\":\"ImageObject\",\"inLanguage\":\"fr-FR\",\"@id\":\"https:\/\/footdavant.fr\/actualites\/#\/schema\/person\/image\/\",\"url\":\"https:\/\/secure.gravatar.com\/avatar\/7728b29aac2719421e1a9159b2254c44?s=96&d=mm&r=g\",\"contentUrl\":\"https:\/\/secure.gravatar.com\/avatar\/7728b29aac2719421e1a9159b2254c44?s=96&d=mm&r=g\",\"caption\":\"Cl\u00e9ment\"},\"sameAs\":[\"https:\/\/footdavant.fr\/\"]}]}<\/script>\n<!-- \/ Yoast SEO plugin. -->","yoast_head_json":{"title":"Un nouvel accord pour Tomi avant un casse-t\u00eate en janvier pour Arteta","robots":{"index":"index","follow":"follow","max-snippet":"max-snippet:-1","max-image-preview":"max-image-preview:large","max-video-preview":"max-video-preview:-1"},"canonical":"https:\/\/footdavant.fr\/actualites\/un-nouvel-accord-pour-tomi-avant-un-casse-tete-en-janvier-pour-arteta\/","og_locale":"fr_FR","og_type":"article","og_title":"Un nouvel accord pour Tomi avant un casse-t\u00eate en janvier pour Arteta","og_description":"Bonjour \u00e0 tous, bon vendredi \u00e0 vous tous. Commen\u00e7ons par les nouvelles via David Ornstein selon lesquelles Arsenal est en pourparlers avec Takehiro Tomiyasu sur","og_url":"https:\/\/footdavant.fr\/actualites\/un-nouvel-accord-pour-tomi-avant-un-casse-tete-en-janvier-pour-arteta\/","og_site_name":"Foot d&#039;avant","article_publisher":"https:\/\/www.facebook.com\/Footdavant\/","article_published_time":"2023-12-01T16:59:57+00:00","article_modified_time":"2023-12-01T16:59:58+00:00","og_image":[{"width":1500,"height":750,"url":"https:\/\/footdavant.fr\/actualites\/wp-content\/uploads\/2023\/12\/Un-nouvel-accord-pour-Tomi-avant-un-casse-tete-en-janvier.jpg","type":"image\/jpeg"}],"author":"Cl\u00e9ment","twitter_card":"summary_large_image","twitter_creator":"@FootdavantFr","twitter_site":"@FootdavantFr","twitter_misc":{"\u00c9crit par":"Cl\u00e9ment","Dur\u00e9e de lecture estim\u00e9e":"4 minutes"},"schema":{"@context":"https:\/\/schema.org","@graph":[{"@type":"Article","@id":"https:\/\/footdavant.fr\/actualites\/un-nouvel-accord-pour-tomi-avant-un-casse-tete-en-janvier-pour-arteta\/#article","isPartOf":{"@id":"https:\/\/footdavant.fr\/actualites\/un-nouvel-accord-pour-tomi-avant-un-casse-tete-en-janvier-pour-arteta\/"},"author":{"name":"Cl\u00e9ment","@id":"https:\/\/footdavant.fr\/actualites\/#\/schema\/person\/bc222566d95871b37e597b3ed3ba5e1d"},"headline":"Un nouvel accord pour Tomi avant un casse-t\u00eate en janvier pour Arteta","datePublished":"2023-12-01T16:59:57+00:00","dateModified":"2023-12-01T16:59:58+00:00","mainEntityOfPage":{"@id":"https:\/\/footdavant.fr\/actualites\/un-nouvel-accord-pour-tomi-avant-un-casse-tete-en-janvier-pour-arteta\/"},"wordCount":786,"publisher":{"@id":"https:\/\/footdavant.fr\/actualites\/#organization"},"keywords":["accord","Arteta","avant","casset\u00eate","janvier","nouvel","pour","Tomi"],"articleSection":["Football"],"inLanguage":"fr-FR"},{"@type":"WebPage","@id":"https:\/\/footdavant.fr\/actualites\/un-nouvel-accord-pour-tomi-avant-un-casse-tete-en-janvier-pour-arteta\/","url":"https:\/\/footdavant.fr\/actualites\/un-nouvel-accord-pour-tomi-avant-un-casse-tete-en-janvier-pour-arteta\/","name":"Un nouvel accord pour Tomi avant un casse-t\u00eate en janvier pour Arteta","isPartOf":{"@id":"https:\/\/footdavant.fr\/actualites\/#website"},"datePublished":"2023-12-01T16:59:57+00:00","dateModified":"2023-12-01T16:59:58+00:00","breadcrumb":{"@id":"https:\/\/footdavant.fr\/actualites\/un-nouvel-accord-pour-tomi-avant-un-casse-tete-en-janvier-pour-arteta\/#breadcrumb"},"inLanguage":"fr-FR","potentialAction":[{"@type":"ReadAction","target":["https:\/\/footdavant.fr\/actualites\/un-nouvel-accord-pour-tomi-avant-un-casse-tete-en-janvier-pour-arteta\/"]}]},{"@type":"BreadcrumbList","@id":"https:\/\/footdavant.fr\/actualites\/un-nouvel-accord-pour-tomi-avant-un-casse-tete-en-janvier-pour-arteta\/#breadcrumb","itemListElement":[{"@type":"ListItem","position":1,"name":"Accueil","item":"https:\/\/footdavant.fr\/actualites\/"},{"@type":"ListItem","position":2,"name":"Un nouvel accord pour Tomi avant un casse-t\u00eate en janvier pour Arteta"}]},{"@type":"WebSite","@id":"https:\/\/footdavant.fr\/actualites\/#website","url":"https:\/\/footdavant.fr\/actualites\/","name":"Foot d'avant","description":"","publisher":{"@id":"https:\/\/footdavant.fr\/actualites\/#organization"},"potentialAction":[{"@type":"SearchAction","target":{"@type":"EntryPoint","urlTemplate":"https:\/\/footdavant.fr\/actualites\/?s={search_term_string}"},"query-input":"required name=search_term_string"}],"inLanguage":"fr-FR"},{"@type":"Organization","@id":"https:\/\/footdavant.fr\/actualites\/#organization","name":"Foot d'avant","url":"https:\/\/footdavant.fr\/actualites\/","logo":{"@type":"ImageObject","inLanguage":"fr-FR","@id":"https:\/\/footdavant.fr\/actualites\/#\/schema\/logo\/image\/","url":"https:\/\/footdavant.fr\/actualites\/wp-content\/uploads\/2023\/09\/Copy-of-FootDavant-Logo.png","contentUrl":"https:\/\/footdavant.fr\/actualites\/wp-content\/uploads\/2023\/09\/Copy-of-FootDavant-Logo.png","width":936,"height":549,"caption":"Foot d'avant"},"image":{"@id":"https:\/\/footdavant.fr\/actualites\/#\/schema\/logo\/image\/"},"sameAs":["https:\/\/www.facebook.com\/Footdavant\/","https:\/\/twitter.com\/FootdavantFr","https:\/\/www.instagram.com\/footdavant.fr\/"]},{"@type":"Person","@id":"https:\/\/footdavant.fr\/actualites\/#\/schema\/person\/bc222566d95871b37e597b3ed3ba5e1d","name":"Cl\u00e9ment","image":{"@type":"ImageObject","inLanguage":"fr-FR","@id":"https:\/\/footdavant.fr\/actualites\/#\/schema\/person\/image\/","url":"https:\/\/secure.gravatar.com\/avatar\/7728b29aac2719421e1a9159b2254c44?s=96&d=mm&r=g","contentUrl":"https:\/\/secure.gravatar.com\/avatar\/7728b29aac2719421e1a9159b2254c44?s=96&d=mm&r=g","caption":"Cl\u00e9ment"},"sameAs":["https:\/\/footdavant.fr\/"]}]}},"_links":{"self":[{"href":"https:\/\/footdavant.fr\/actualites\/wp-json\/wp\/v2\/posts\/1774"}],"collection":[{"href":"https:\/\/footdavant.fr\/actualites\/wp-json\/wp\/v2\/posts"}],"about":[{"href":"https:\/\/footdavant.fr\/actualites\/wp-json\/wp\/v2\/types\/post"}],"author":[{"embeddable":true,"href":"https:\/\/footdavant.fr\/actualites\/wp-json\/wp\/v2\/users\/1"}],"replies":[{"embeddable":true,"href":"https:\/\/footdavant.fr\/actualites\/wp-json\/wp\/v2\/comments?post=1774"}],"version-history":[{"count":1,"href":"https:\/\/footdavant.fr\/actualites\/wp-json\/wp\/v2\/posts\/1774\/revisions"}],"predecessor-version":[{"id":1776,"href":"https:\/\/footdavant.fr\/actualites\/wp-json\/wp\/v2\/posts\/1774\/revisions\/1776"}],"wp:featuredmedia":[{"embeddable":true,"href":"https:\/\/footdavant.fr\/actualites\/wp-json\/wp\/v2\/media\/1775"}],"wp:attachment":[{"href":"https:\/\/footdavant.fr\/actualites\/wp-json\/wp\/v2\/media?parent=1774"}],"wp:term":[{"taxonomy":"category","embeddable":true,"href":"https:\/\/footdavant.fr\/actualites\/wp-json\/wp\/v2\/categories?post=1774"},{"taxonomy":"post_tag","embeddable":true,"href":"https:\/\/footdavant.fr\/actualites\/wp-json\/wp\/v2\/tags?post=1774"}],"curies":[{"name":"wp","href":"https:\/\/api.w.org\/{rel}","templated":true}]}}