{"id":17836,"date":"2024-12-23T02:52:55","date_gmt":"2024-12-23T01:52:55","guid":{"rendered":"https:\/\/footdavant.fr\/actualites\/composition-deverton-contre-chelsea-xi-prevu-pour-le-choc-de-premier-league-avec-des-implications-en-haut-et-en-bas\/"},"modified":"2024-12-23T02:52:55","modified_gmt":"2024-12-23T01:52:55","slug":"composition-deverton-contre-chelsea-xi-prevu-pour-le-choc-de-premier-league-avec-des-implications-en-haut-et-en-bas","status":"publish","type":"post","link":"https:\/\/footdavant.fr\/actualites\/composition-deverton-contre-chelsea-xi-prevu-pour-le-choc-de-premier-league-avec-des-implications-en-haut-et-en-bas\/","title":{"rendered":"Composition d&#39;Everton contre Chelsea\u00a0: XI pr\u00e9vu pour le choc de Premier League avec des implications en haut et en bas"},"content":{"rendered":"<p>Sports Mole examine comment Everton pourrait s&#39;aligner pour son affrontement avec Chelsea en Premier League dimanche \u00e0 Goodison Park.<\/p>\n<div id=\"article_body\" itemprop=\"articleBody\">\n<p class=\"firstPara\"><strong class=\"autotag\">Everton<\/strong> ailier <strong class=\"autotag\">Dwight McNeil<\/strong> est un doute pour leur confrontation en Premier League avec <strong class=\"autotag\">Chelsea<\/strong> dimanche apr\u00e8s avoir rat\u00e9 le <strong>nul 0-0<\/strong> \u00e0 Arsenal la semaine derni\u00e8re.<\/p>\n<p>Directeur <strong class=\"autotag\">Sean Dych\u00e9<\/strong> a r\u00e9v\u00e9l\u00e9 apr\u00e8s le match qu&#39;un r\u00e9cent probl\u00e8me au genou avait \u00e9clat\u00e9, et avant cette prochaine rencontre, le patron d&#39;Everton a confirm\u00e9 que le joueur \u00e9tait \u00ab\u00a0touch and go\u00a0\u00bb pour savoir s&#39;il y parviendrait.<\/p>\n<p>Pr\u00eat\u00e9 par Leeds United <strong class=\"autotag\">Jack Harrison<\/strong> \u00e9tait l&#39;homme qui a remplac\u00e9 McNeil aux Emirats, mais est devenu accro peu apr\u00e8s l&#39;heure de jeu apr\u00e8s avoir \u00e9chou\u00e9 \u00e0 avoir une grande influence sur les d\u00e9bats, ouvrant la porte \u00e0 <strong class=\"autotag\">Jesper Lindstrom<\/strong> potentiellement entrer si McNeil n\u2019y parvient pas.<\/p>\n<p>Quelques semaines seulement apr\u00e8s avoir fait ses d\u00e9buts et montr\u00e9 des signes prometteurs lors de deux apparitions en remplacement, Everton sera priv\u00e9 <strong class=\"autotag\">Armando Broja<\/strong> ici car il n&#39;est pas \u00e9ligible pour affronter son club parent.<\/p>\n<p>Avec <strong class=\"autotag\">B\u00e9to<\/strong> \u00eatre rel\u00e9gu\u00e9 au troisi\u00e8me choix, \u00e7a veut dire <strong class=\"autotag\">Dominic Calvert-Lewin<\/strong> va recommencer \u00e0 chercher \u00e0 mettre fin \u00e0 une triste s\u00e9rie de 11 matchs sans but qui remonte \u00e0 la mi-septembre.<\/p>\n<p><strong class=\"autotag\">Youssef Chermiti<\/strong> est sur le point de revenir apr\u00e8s avoir r\u00e9cemment fait des apparitions dans certains matchs d&#39;entra\u00eenement \u00e0 huis clos, mais la paire de milieu de terrain <strong class=\"autotag\">James Garner<\/strong> et <strong class=\"autotag\">Tim Iroegbunam<\/strong> sont toujours indisponibles en raison d\u2019une blessure.<\/p>\n<p>On a \u00e9galement craint au cours de la semaine que <strong class=\"autotag\">Jarrad Branthwaite<\/strong> pourrait rater celui-ci apr\u00e8s avoir ressenti des tensions \u00e0 la suite de leur match nul \u00e0 Arsenal, mais le jeune d\u00e9fenseur s&#39;est entra\u00een\u00e9 toute la semaine et devrait pouvoir figurer.<\/p>\n<p>Depuis son retour de ses d\u00e9boires en d\u00e9but de saison, Everton a gard\u00e9 quatre cages inviol\u00e9es en cinq matchs avec Branthwaite dans l&#39;\u00e9quipe, prouvant que l&#39;excellent bilan d\u00e9fensif de la saison derni\u00e8re n&#39;\u00e9tait pas un hasard, lorsque les Toffees se sont class\u00e9s quatri\u00e8mes pour le moins de buts encaiss\u00e9s.<\/p>\n<p>Alors que leurs malheurs offensifs persistent malgr\u00e9 une victoire 4-0 contre les Wolves r\u00e9cemment, <strong class=\"autotag\">Iliman Ndiaye<\/strong> continue d\u2019impressionner et de fournir aux supporters l\u2019excitation bien m\u00e9rit\u00e9e dans des moments o\u00f9 cela peut \u00eatre une montre difficile.<\/p>\n<p>L&#39;international s\u00e9n\u00e9galais a r\u00e9alis\u00e9 38 dribbles en Premier League cette saison, ce qui est d\u00e9j\u00e0 sup\u00e9rieur au meilleur total individuel de l&#39;\u00e9quipe sur l&#39;ensemble de la saison derni\u00e8re &#8211; McNeil avec 30.<\/p>\n<p><strong class=\"autotag\">Dele Alli<\/strong> a \u00e9galement confirm\u00e9 qu&#39;il quitterait le club o\u00f9 il s&#39;entra\u00eenait depuis l&#39;\u00e9t\u00e9 pour tenter de remettre sa carri\u00e8re sur les rails au cours de la nouvelle ann\u00e9e, le club italien de C\u00f4me \u00e9tant apparemment int\u00e9ress\u00e9 \u00e0 lui accorder un contrat.<\/p>\n<p><strong>Onze de d\u00e9part possibles d\u2019Everton :<\/strong><br \/>Pickford\u00a0; Young, Tarkowski, Branthwaite, Mykolenko\u00a0; Harrison, Gueye, Mangala, Doucour\u00e9, Ndiaye ; Calvert-Lewin<\/p>\n<p><strong>Cliquez ici pour voir comment Chelsea pourrait s&#39;aligner pour cette rencontre.<\/strong><\/p>\n<div class=\"author_box\">\n<div class=\"author_box_banner\">\n<\/div>\n<\/div>\n<\/div>\n","protected":false},"excerpt":{"rendered":"<p>Sports Mole examine comment Everton pourrait s&#39;aligner pour son affrontement avec Chelsea en Premier League dimanche \u00e0 Goodison Park. Everton ailier Dwight McNeil est un<\/p>\n","protected":false},"author":1,"featured_media":17837,"comment_status":"closed","ping_status":"","sticky":false,"template":"","format":"standard","meta":{"footnotes":""},"categories":[5],"tags":[91,6213,171,332,2291,20,4282,12,1659,6187,202,51,201,3924],"yoast_head":"<!-- This site is optimized with the Yoast SEO plugin v21.0 - https:\/\/yoast.com\/wordpress\/plugins\/seo\/ -->\n<title>Composition d&#039;Everton contre Chelsea\u00a0: XI pr\u00e9vu pour le choc de Premier League avec des implications en haut et en bas<\/title>\n<meta name=\"robots\" content=\"index, follow, max-snippet:-1, max-image-preview:large, max-video-preview:-1\" \/>\n<link rel=\"canonical\" href=\"https:\/\/footdavant.fr\/actualites\/composition-deverton-contre-chelsea-xi-prevu-pour-le-choc-de-premier-league-avec-des-implications-en-haut-et-en-bas\/\" \/>\n<meta property=\"og:locale\" content=\"fr_FR\" \/>\n<meta property=\"og:type\" content=\"article\" \/>\n<meta property=\"og:title\" content=\"Composition d&#039;Everton contre Chelsea\u00a0: XI pr\u00e9vu pour le choc de Premier League avec des implications en haut et en bas\" \/>\n<meta property=\"og:description\" content=\"Sports Mole examine comment Everton pourrait s&#039;aligner pour son affrontement avec Chelsea en Premier League dimanche \u00e0 Goodison Park. Everton ailier Dwight McNeil est un\" \/>\n<meta property=\"og:url\" content=\"https:\/\/footdavant.fr\/actualites\/composition-deverton-contre-chelsea-xi-prevu-pour-le-choc-de-premier-league-avec-des-implications-en-haut-et-en-bas\/\" \/>\n<meta property=\"og:site_name\" content=\"Foot d&#039;avant\" \/>\n<meta property=\"article:publisher\" content=\"https:\/\/www.facebook.com\/Footdavant\/\" \/>\n<meta property=\"article:published_time\" content=\"2024-12-23T01:52:55+00:00\" \/>\n<meta property=\"og:image\" content=\"https:\/\/footdavant.fr\/actualites\/wp-content\/uploads\/2024\/12\/Composition-d39Everton-contre-Chelsea-XI-prevu-pour-le-choc-de.jpeg\" \/>\n\t<meta property=\"og:image:width\" content=\"100\" \/>\n\t<meta property=\"og:image:height\" content=\"120\" \/>\n\t<meta property=\"og:image:type\" content=\"image\/jpeg\" \/>\n<meta name=\"author\" content=\"Cl\u00e9ment\" \/>\n<meta name=\"twitter:card\" content=\"summary_large_image\" \/>\n<meta name=\"twitter:creator\" content=\"@FootdavantFr\" \/>\n<meta name=\"twitter:site\" content=\"@FootdavantFr\" \/>\n<meta name=\"twitter:label1\" content=\"\u00c9crit par\" \/>\n\t<meta name=\"twitter:data1\" content=\"Cl\u00e9ment\" \/>\n\t<meta name=\"twitter:label2\" content=\"Dur\u00e9e de lecture estim\u00e9e\" \/>\n\t<meta name=\"twitter:data2\" content=\"3 minutes\" \/>\n<script type=\"application\/ld+json\" class=\"yoast-schema-graph\">{\"@context\":\"https:\/\/schema.org\",\"@graph\":[{\"@type\":\"Article\",\"@id\":\"https:\/\/footdavant.fr\/actualites\/composition-deverton-contre-chelsea-xi-prevu-pour-le-choc-de-premier-league-avec-des-implications-en-haut-et-en-bas\/#article\",\"isPartOf\":{\"@id\":\"https:\/\/footdavant.fr\/actualites\/composition-deverton-contre-chelsea-xi-prevu-pour-le-choc-de-premier-league-avec-des-implications-en-haut-et-en-bas\/\"},\"author\":{\"name\":\"Cl\u00e9ment\",\"@id\":\"https:\/\/footdavant.fr\/actualites\/#\/schema\/person\/bc222566d95871b37e597b3ed3ba5e1d\"},\"headline\":\"Composition d&#39;Everton contre Chelsea\u00a0: XI pr\u00e9vu pour le choc de Premier League avec des implications en haut et en bas\",\"datePublished\":\"2024-12-23T01:52:55+00:00\",\"dateModified\":\"2024-12-23T01:52:55+00:00\",\"mainEntityOfPage\":{\"@id\":\"https:\/\/footdavant.fr\/actualites\/composition-deverton-contre-chelsea-xi-prevu-pour-le-choc-de-premier-league-avec-des-implications-en-haut-et-en-bas\/\"},\"wordCount\":543,\"publisher\":{\"@id\":\"https:\/\/footdavant.fr\/actualites\/#organization\"},\"keywords\":[\"avec\",\"bas\",\"Chelsea\",\"choc\",\"composition\",\"contre\",\"d39Everton\",\"des\",\"haut\",\"implications\",\"League\",\"pour\",\"Premier\",\"pr\u00e9vu\"],\"articleSection\":[\"Premier League\"],\"inLanguage\":\"fr-FR\"},{\"@type\":\"WebPage\",\"@id\":\"https:\/\/footdavant.fr\/actualites\/composition-deverton-contre-chelsea-xi-prevu-pour-le-choc-de-premier-league-avec-des-implications-en-haut-et-en-bas\/\",\"url\":\"https:\/\/footdavant.fr\/actualites\/composition-deverton-contre-chelsea-xi-prevu-pour-le-choc-de-premier-league-avec-des-implications-en-haut-et-en-bas\/\",\"name\":\"Composition d&#39;Everton contre Chelsea\u00a0: XI pr\u00e9vu pour le choc de Premier League avec des implications en haut et en bas\",\"isPartOf\":{\"@id\":\"https:\/\/footdavant.fr\/actualites\/#website\"},\"datePublished\":\"2024-12-23T01:52:55+00:00\",\"dateModified\":\"2024-12-23T01:52:55+00:00\",\"breadcrumb\":{\"@id\":\"https:\/\/footdavant.fr\/actualites\/composition-deverton-contre-chelsea-xi-prevu-pour-le-choc-de-premier-league-avec-des-implications-en-haut-et-en-bas\/#breadcrumb\"},\"inLanguage\":\"fr-FR\",\"potentialAction\":[{\"@type\":\"ReadAction\",\"target\":[\"https:\/\/footdavant.fr\/actualites\/composition-deverton-contre-chelsea-xi-prevu-pour-le-choc-de-premier-league-avec-des-implications-en-haut-et-en-bas\/\"]}]},{\"@type\":\"BreadcrumbList\",\"@id\":\"https:\/\/footdavant.fr\/actualites\/composition-deverton-contre-chelsea-xi-prevu-pour-le-choc-de-premier-league-avec-des-implications-en-haut-et-en-bas\/#breadcrumb\",\"itemListElement\":[{\"@type\":\"ListItem\",\"position\":1,\"name\":\"Accueil\",\"item\":\"https:\/\/footdavant.fr\/actualites\/\"},{\"@type\":\"ListItem\",\"position\":2,\"name\":\"Composition d&#39;Everton contre Chelsea\u00a0: XI pr\u00e9vu pour le choc de Premier League avec des implications en haut et en bas\"}]},{\"@type\":\"WebSite\",\"@id\":\"https:\/\/footdavant.fr\/actualites\/#website\",\"url\":\"https:\/\/footdavant.fr\/actualites\/\",\"name\":\"Foot d'avant\",\"description\":\"\",\"publisher\":{\"@id\":\"https:\/\/footdavant.fr\/actualites\/#organization\"},\"potentialAction\":[{\"@type\":\"SearchAction\",\"target\":{\"@type\":\"EntryPoint\",\"urlTemplate\":\"https:\/\/footdavant.fr\/actualites\/?s={search_term_string}\"},\"query-input\":\"required name=search_term_string\"}],\"inLanguage\":\"fr-FR\"},{\"@type\":\"Organization\",\"@id\":\"https:\/\/footdavant.fr\/actualites\/#organization\",\"name\":\"Foot d'avant\",\"url\":\"https:\/\/footdavant.fr\/actualites\/\",\"logo\":{\"@type\":\"ImageObject\",\"inLanguage\":\"fr-FR\",\"@id\":\"https:\/\/footdavant.fr\/actualites\/#\/schema\/logo\/image\/\",\"url\":\"https:\/\/footdavant.fr\/actualites\/wp-content\/uploads\/2023\/09\/Copy-of-FootDavant-Logo.png\",\"contentUrl\":\"https:\/\/footdavant.fr\/actualites\/wp-content\/uploads\/2023\/09\/Copy-of-FootDavant-Logo.png\",\"width\":936,\"height\":549,\"caption\":\"Foot d'avant\"},\"image\":{\"@id\":\"https:\/\/footdavant.fr\/actualites\/#\/schema\/logo\/image\/\"},\"sameAs\":[\"https:\/\/www.facebook.com\/Footdavant\/\",\"https:\/\/twitter.com\/FootdavantFr\",\"https:\/\/www.instagram.com\/footdavant.fr\/\"]},{\"@type\":\"Person\",\"@id\":\"https:\/\/footdavant.fr\/actualites\/#\/schema\/person\/bc222566d95871b37e597b3ed3ba5e1d\",\"name\":\"Cl\u00e9ment\",\"image\":{\"@type\":\"ImageObject\",\"inLanguage\":\"fr-FR\",\"@id\":\"https:\/\/footdavant.fr\/actualites\/#\/schema\/person\/image\/\",\"url\":\"https:\/\/secure.gravatar.com\/avatar\/7728b29aac2719421e1a9159b2254c44?s=96&d=mm&r=g\",\"contentUrl\":\"https:\/\/secure.gravatar.com\/avatar\/7728b29aac2719421e1a9159b2254c44?s=96&d=mm&r=g\",\"caption\":\"Cl\u00e9ment\"},\"sameAs\":[\"https:\/\/footdavant.fr\/\"]}]}<\/script>\n<!-- \/ Yoast SEO plugin. -->","yoast_head_json":{"title":"Composition d&#39;Everton contre Chelsea\u00a0: XI pr\u00e9vu pour le choc de Premier League avec des implications en haut et en bas","robots":{"index":"index","follow":"follow","max-snippet":"max-snippet:-1","max-image-preview":"max-image-preview:large","max-video-preview":"max-video-preview:-1"},"canonical":"https:\/\/footdavant.fr\/actualites\/composition-deverton-contre-chelsea-xi-prevu-pour-le-choc-de-premier-league-avec-des-implications-en-haut-et-en-bas\/","og_locale":"fr_FR","og_type":"article","og_title":"Composition d&#39;Everton contre Chelsea\u00a0: XI pr\u00e9vu pour le choc de Premier League avec des implications en haut et en bas","og_description":"Sports Mole examine comment Everton pourrait s&#39;aligner pour son affrontement avec Chelsea en Premier League dimanche \u00e0 Goodison Park. Everton ailier Dwight McNeil est un","og_url":"https:\/\/footdavant.fr\/actualites\/composition-deverton-contre-chelsea-xi-prevu-pour-le-choc-de-premier-league-avec-des-implications-en-haut-et-en-bas\/","og_site_name":"Foot d&#039;avant","article_publisher":"https:\/\/www.facebook.com\/Footdavant\/","article_published_time":"2024-12-23T01:52:55+00:00","og_image":[{"width":100,"height":120,"url":"https:\/\/footdavant.fr\/actualites\/wp-content\/uploads\/2024\/12\/Composition-d39Everton-contre-Chelsea-XI-prevu-pour-le-choc-de.jpeg","type":"image\/jpeg"}],"author":"Cl\u00e9ment","twitter_card":"summary_large_image","twitter_creator":"@FootdavantFr","twitter_site":"@FootdavantFr","twitter_misc":{"\u00c9crit par":"Cl\u00e9ment","Dur\u00e9e de lecture estim\u00e9e":"3 minutes"},"schema":{"@context":"https:\/\/schema.org","@graph":[{"@type":"Article","@id":"https:\/\/footdavant.fr\/actualites\/composition-deverton-contre-chelsea-xi-prevu-pour-le-choc-de-premier-league-avec-des-implications-en-haut-et-en-bas\/#article","isPartOf":{"@id":"https:\/\/footdavant.fr\/actualites\/composition-deverton-contre-chelsea-xi-prevu-pour-le-choc-de-premier-league-avec-des-implications-en-haut-et-en-bas\/"},"author":{"name":"Cl\u00e9ment","@id":"https:\/\/footdavant.fr\/actualites\/#\/schema\/person\/bc222566d95871b37e597b3ed3ba5e1d"},"headline":"Composition d&#39;Everton contre Chelsea\u00a0: XI pr\u00e9vu pour le choc de Premier League avec des implications en haut et en bas","datePublished":"2024-12-23T01:52:55+00:00","dateModified":"2024-12-23T01:52:55+00:00","mainEntityOfPage":{"@id":"https:\/\/footdavant.fr\/actualites\/composition-deverton-contre-chelsea-xi-prevu-pour-le-choc-de-premier-league-avec-des-implications-en-haut-et-en-bas\/"},"wordCount":543,"publisher":{"@id":"https:\/\/footdavant.fr\/actualites\/#organization"},"keywords":["avec","bas","Chelsea","choc","composition","contre","d39Everton","des","haut","implications","League","pour","Premier","pr\u00e9vu"],"articleSection":["Premier League"],"inLanguage":"fr-FR"},{"@type":"WebPage","@id":"https:\/\/footdavant.fr\/actualites\/composition-deverton-contre-chelsea-xi-prevu-pour-le-choc-de-premier-league-avec-des-implications-en-haut-et-en-bas\/","url":"https:\/\/footdavant.fr\/actualites\/composition-deverton-contre-chelsea-xi-prevu-pour-le-choc-de-premier-league-avec-des-implications-en-haut-et-en-bas\/","name":"Composition d&#39;Everton contre Chelsea\u00a0: XI pr\u00e9vu pour le choc de Premier League avec des implications en haut et en bas","isPartOf":{"@id":"https:\/\/footdavant.fr\/actualites\/#website"},"datePublished":"2024-12-23T01:52:55+00:00","dateModified":"2024-12-23T01:52:55+00:00","breadcrumb":{"@id":"https:\/\/footdavant.fr\/actualites\/composition-deverton-contre-chelsea-xi-prevu-pour-le-choc-de-premier-league-avec-des-implications-en-haut-et-en-bas\/#breadcrumb"},"inLanguage":"fr-FR","potentialAction":[{"@type":"ReadAction","target":["https:\/\/footdavant.fr\/actualites\/composition-deverton-contre-chelsea-xi-prevu-pour-le-choc-de-premier-league-avec-des-implications-en-haut-et-en-bas\/"]}]},{"@type":"BreadcrumbList","@id":"https:\/\/footdavant.fr\/actualites\/composition-deverton-contre-chelsea-xi-prevu-pour-le-choc-de-premier-league-avec-des-implications-en-haut-et-en-bas\/#breadcrumb","itemListElement":[{"@type":"ListItem","position":1,"name":"Accueil","item":"https:\/\/footdavant.fr\/actualites\/"},{"@type":"ListItem","position":2,"name":"Composition d&#39;Everton contre Chelsea\u00a0: XI pr\u00e9vu pour le choc de Premier League avec des implications en haut et en bas"}]},{"@type":"WebSite","@id":"https:\/\/footdavant.fr\/actualites\/#website","url":"https:\/\/footdavant.fr\/actualites\/","name":"Foot d'avant","description":"","publisher":{"@id":"https:\/\/footdavant.fr\/actualites\/#organization"},"potentialAction":[{"@type":"SearchAction","target":{"@type":"EntryPoint","urlTemplate":"https:\/\/footdavant.fr\/actualites\/?s={search_term_string}"},"query-input":"required name=search_term_string"}],"inLanguage":"fr-FR"},{"@type":"Organization","@id":"https:\/\/footdavant.fr\/actualites\/#organization","name":"Foot d'avant","url":"https:\/\/footdavant.fr\/actualites\/","logo":{"@type":"ImageObject","inLanguage":"fr-FR","@id":"https:\/\/footdavant.fr\/actualites\/#\/schema\/logo\/image\/","url":"https:\/\/footdavant.fr\/actualites\/wp-content\/uploads\/2023\/09\/Copy-of-FootDavant-Logo.png","contentUrl":"https:\/\/footdavant.fr\/actualites\/wp-content\/uploads\/2023\/09\/Copy-of-FootDavant-Logo.png","width":936,"height":549,"caption":"Foot d'avant"},"image":{"@id":"https:\/\/footdavant.fr\/actualites\/#\/schema\/logo\/image\/"},"sameAs":["https:\/\/www.facebook.com\/Footdavant\/","https:\/\/twitter.com\/FootdavantFr","https:\/\/www.instagram.com\/footdavant.fr\/"]},{"@type":"Person","@id":"https:\/\/footdavant.fr\/actualites\/#\/schema\/person\/bc222566d95871b37e597b3ed3ba5e1d","name":"Cl\u00e9ment","image":{"@type":"ImageObject","inLanguage":"fr-FR","@id":"https:\/\/footdavant.fr\/actualites\/#\/schema\/person\/image\/","url":"https:\/\/secure.gravatar.com\/avatar\/7728b29aac2719421e1a9159b2254c44?s=96&d=mm&r=g","contentUrl":"https:\/\/secure.gravatar.com\/avatar\/7728b29aac2719421e1a9159b2254c44?s=96&d=mm&r=g","caption":"Cl\u00e9ment"},"sameAs":["https:\/\/footdavant.fr\/"]}]}},"_links":{"self":[{"href":"https:\/\/footdavant.fr\/actualites\/wp-json\/wp\/v2\/posts\/17836"}],"collection":[{"href":"https:\/\/footdavant.fr\/actualites\/wp-json\/wp\/v2\/posts"}],"about":[{"href":"https:\/\/footdavant.fr\/actualites\/wp-json\/wp\/v2\/types\/post"}],"author":[{"embeddable":true,"href":"https:\/\/footdavant.fr\/actualites\/wp-json\/wp\/v2\/users\/1"}],"replies":[{"embeddable":true,"href":"https:\/\/footdavant.fr\/actualites\/wp-json\/wp\/v2\/comments?post=17836"}],"version-history":[{"count":1,"href":"https:\/\/footdavant.fr\/actualites\/wp-json\/wp\/v2\/posts\/17836\/revisions"}],"predecessor-version":[{"id":17838,"href":"https:\/\/footdavant.fr\/actualites\/wp-json\/wp\/v2\/posts\/17836\/revisions\/17838"}],"wp:featuredmedia":[{"embeddable":true,"href":"https:\/\/footdavant.fr\/actualites\/wp-json\/wp\/v2\/media\/17837"}],"wp:attachment":[{"href":"https:\/\/footdavant.fr\/actualites\/wp-json\/wp\/v2\/media?parent=17836"}],"wp:term":[{"taxonomy":"category","embeddable":true,"href":"https:\/\/footdavant.fr\/actualites\/wp-json\/wp\/v2\/categories?post=17836"},{"taxonomy":"post_tag","embeddable":true,"href":"https:\/\/footdavant.fr\/actualites\/wp-json\/wp\/v2\/tags?post=17836"}],"curies":[{"name":"wp","href":"https:\/\/api.w.org\/{rel}","templated":true}]}}