{"id":17863,"date":"2024-12-23T20:49:38","date_gmt":"2024-12-23T19:49:38","guid":{"rendered":"https:\/\/footdavant.fr\/actualites\/ruben-amorim-remet-en-question-la-prise-de-decision-du-camp-de-marcus-rashford-apres-une-interview-controversee\/"},"modified":"2024-12-23T20:49:38","modified_gmt":"2024-12-23T19:49:38","slug":"ruben-amorim-remet-en-question-la-prise-de-decision-du-camp-de-marcus-rashford-apres-une-interview-controversee","status":"publish","type":"post","link":"https:\/\/footdavant.fr\/actualites\/ruben-amorim-remet-en-question-la-prise-de-decision-du-camp-de-marcus-rashford-apres-une-interview-controversee\/","title":{"rendered":"Ruben Amorim remet en question la prise de d\u00e9cision du camp de Marcus Rashford apr\u00e8s une interview controvers\u00e9e &#8211;"},"content":{"rendered":"<div id=\"penci-post-entry-inner\">\n<p>\t\t\t<i class=\"penci-post-countview-number-check\" style=\"display:none\">1<\/i><\/p>\n<p><!--Article Start--><br \/>Le patron de Manchester United, Ruben Amorim, a fait part de ses inqui\u00e9tudes quant \u00e0 la prise de d\u00e9cision du camp de Marcus Rashford apr\u00e8s avoir accord\u00e9 une interview controvers\u00e9e dans laquelle il a r\u00e9v\u00e9l\u00e9 qu&#39;il \u00e9tait pr\u00eat \u00e0 relever un nouveau d\u00e9fi.<\/p>\n<p>Rashford a stup\u00e9fi\u00e9 ses supporters la semaine derni\u00e8re en d\u00e9clarant qu&#39;il \u00e9tait pr\u00eat \u00e0 quitter United \u00e0 la recherche d&#39;une nouvelle aventure.<\/p>\n<p>L&#39;attaquant a \u00e9t\u00e9 sous les feux de la rampe ces derniers jours, alors que United sugg\u00e8re de le vendre d\u00e8s janvier, lorsque le mercato hivernal commencera.<\/p>\n<p>La r\u00e9v\u00e9lation de Rashford est intervenue deux jours seulement apr\u00e8s qu&#39;Amorim l&#39;ait exclu de l&#39;\u00e9quipe qui a battu Manchester City 2-1 \u00e0 l&#39;Etihad.<\/p>\n<p>Il a depuis \u00e9t\u00e9 exclu des deux \u00e9quipes suivantes pour les matches contre Tottenham Hotspur en Coupe Carabao et la rencontre de dimanche avec Bournemouth.<\/p>\n<p>Un rapport r\u00e9cent couvert par The Peoples Person a rapport\u00e9 que Rashford \u00e9tait m\u00e9content de United apr\u00e8s avoir appris que le club avait sond\u00e9 des acheteurs potentiels \u00e0 son insu.<\/p>\n<p>Dans une interview avec Sky Sports, Amorim a remis en question les \u00ab choix \u00bb des personnes entourant Rashford, tout en offrant son soutien au joueur de 27 ans.<\/p>\n<p>Amorim a d\u00e9clar\u00e9 : \u00ab C&#39;est une situation difficile. Je comprends que ces joueurs ont beaucoup de monde autour d\u2019eux, faisant des choix qui ne sont pas la premi\u00e8re id\u00e9e du joueur.<\/p>\n<p>\u00abJe suis toujours l\u00e0 pour aider Marcus en tant que joueur suppl\u00e9mentaire. Je dois faire ce que je dois faire. Ils ont choisi de faire l&#39;interview car il ne s&#39;agit pas seulement de Marcus. Je comprends cela.<\/p>\n<p>\u00ab En tant qu&#39;entra\u00eeneur, je me concentre sur la performance et la fa\u00e7on dont vous vous entra\u00eenez. Le reste, c\u2019est mieux pour moi et pour le club de s\u2019en occuper le moment venu.<\/p>\n<p>Amorim a ajout\u00e9 : \u00ab\u00a0Pour le moment, je me concentre sur l&#39;am\u00e9lioration de Marcus et nous avons besoin d&#39;un gars talentueux comme Marcus.\u00a0\u00bb<\/p>\n<p>\u00ab\u00a0J&#39;oublie l&#39;interview maintenant et je vois ce que je vois sur le terrain.\u00a0\u00bb<\/p>\n<p>United revient \u00e0 l&#39;action le lendemain de No\u00ebl en affrontant Wolverhampton Wanderers au Molineux Stadium.<\/p>\n<hr>\n<p>Suivez-nous sur Bluesky\u00a0: @peoplesperson.bsky.social<br \/><!--Article End--><\/p>\n<p><!-- CONTENT END 3 --><\/p><\/div>\n","protected":false},"excerpt":{"rendered":"<p>1 Le patron de Manchester United, Ruben Amorim, a fait part de ses inqui\u00e9tudes quant \u00e0 la prise de d\u00e9cision du camp de Marcus Rashford<\/p>\n","protected":false},"author":1,"featured_media":12939,"comment_status":"closed","ping_status":"","sticky":false,"template":"","format":"standard","meta":{"footnotes":""},"categories":[3],"tags":[4477,25,1185,698,497,1358,422,5541,1079,423,1078,160,92],"yoast_head":"<!-- This site is optimized with the Yoast SEO plugin v21.0 - https:\/\/yoast.com\/wordpress\/plugins\/seo\/ -->\n<title>Ruben Amorim remet en question la prise de d\u00e9cision du camp de Marcus Rashford apr\u00e8s une interview controvers\u00e9e -<\/title>\n<meta name=\"robots\" content=\"index, follow, max-snippet:-1, max-image-preview:large, max-video-preview:-1\" \/>\n<link rel=\"canonical\" href=\"https:\/\/footdavant.fr\/actualites\/ruben-amorim-remet-en-question-la-prise-de-decision-du-camp-de-marcus-rashford-apres-une-interview-controversee\/\" \/>\n<meta property=\"og:locale\" content=\"fr_FR\" \/>\n<meta property=\"og:type\" content=\"article\" \/>\n<meta property=\"og:title\" content=\"Ruben Amorim remet en question la prise de d\u00e9cision du camp de Marcus Rashford apr\u00e8s une interview controvers\u00e9e -\" \/>\n<meta property=\"og:description\" content=\"1 Le patron de Manchester United, Ruben Amorim, a fait part de ses inqui\u00e9tudes quant \u00e0 la prise de d\u00e9cision du camp de Marcus Rashford\" \/>\n<meta property=\"og:url\" content=\"https:\/\/footdavant.fr\/actualites\/ruben-amorim-remet-en-question-la-prise-de-decision-du-camp-de-marcus-rashford-apres-une-interview-controversee\/\" \/>\n<meta property=\"og:site_name\" content=\"Foot d&#039;avant\" \/>\n<meta property=\"article:publisher\" content=\"https:\/\/www.facebook.com\/Footdavant\/\" \/>\n<meta property=\"article:published_time\" content=\"2024-12-23T19:49:38+00:00\" \/>\n<meta property=\"og:image\" content=\"https:\/\/footdavant.fr\/actualites\/wp-content\/uploads\/2024\/09\/Gary-Neville-dit-qu39il-est-triste-de-regarder.jpg\" \/>\n\t<meta property=\"og:image:width\" content=\"1600\" \/>\n\t<meta property=\"og:image:height\" content=\"703\" \/>\n\t<meta property=\"og:image:type\" content=\"image\/jpeg\" \/>\n<meta name=\"author\" content=\"Cl\u00e9ment\" \/>\n<meta name=\"twitter:card\" content=\"summary_large_image\" \/>\n<meta name=\"twitter:creator\" content=\"@FootdavantFr\" \/>\n<meta name=\"twitter:site\" content=\"@FootdavantFr\" \/>\n<meta name=\"twitter:label1\" content=\"\u00c9crit par\" \/>\n\t<meta name=\"twitter:data1\" content=\"Cl\u00e9ment\" \/>\n\t<meta name=\"twitter:label2\" content=\"Dur\u00e9e de lecture estim\u00e9e\" \/>\n\t<meta name=\"twitter:data2\" content=\"2 minutes\" \/>\n<script type=\"application\/ld+json\" class=\"yoast-schema-graph\">{\"@context\":\"https:\/\/schema.org\",\"@graph\":[{\"@type\":\"Article\",\"@id\":\"https:\/\/footdavant.fr\/actualites\/ruben-amorim-remet-en-question-la-prise-de-decision-du-camp-de-marcus-rashford-apres-une-interview-controversee\/#article\",\"isPartOf\":{\"@id\":\"https:\/\/footdavant.fr\/actualites\/ruben-amorim-remet-en-question-la-prise-de-decision-du-camp-de-marcus-rashford-apres-une-interview-controversee\/\"},\"author\":{\"name\":\"Cl\u00e9ment\",\"@id\":\"https:\/\/footdavant.fr\/actualites\/#\/schema\/person\/bc222566d95871b37e597b3ed3ba5e1d\"},\"headline\":\"Ruben Amorim remet en question la prise de d\u00e9cision du camp de Marcus Rashford apr\u00e8s une interview controvers\u00e9e &#8211;\",\"datePublished\":\"2024-12-23T19:49:38+00:00\",\"dateModified\":\"2024-12-23T19:49:38+00:00\",\"mainEntityOfPage\":{\"@id\":\"https:\/\/footdavant.fr\/actualites\/ruben-amorim-remet-en-question-la-prise-de-decision-du-camp-de-marcus-rashford-apres-une-interview-controversee\/\"},\"wordCount\":414,\"publisher\":{\"@id\":\"https:\/\/footdavant.fr\/actualites\/#organization\"},\"keywords\":[\"Amorim\",\"apr\u00e8s\",\"camp\",\"controvers\u00e9e\",\"d\u00e9cision\",\"interview\",\"Marcus\",\"prise\",\"question\",\"Rashford\",\"remet\",\"Ruben\",\"une\"],\"articleSection\":[\"Football\"],\"inLanguage\":\"fr-FR\"},{\"@type\":\"WebPage\",\"@id\":\"https:\/\/footdavant.fr\/actualites\/ruben-amorim-remet-en-question-la-prise-de-decision-du-camp-de-marcus-rashford-apres-une-interview-controversee\/\",\"url\":\"https:\/\/footdavant.fr\/actualites\/ruben-amorim-remet-en-question-la-prise-de-decision-du-camp-de-marcus-rashford-apres-une-interview-controversee\/\",\"name\":\"Ruben Amorim remet en question la prise de d\u00e9cision du camp de Marcus Rashford apr\u00e8s une interview controvers\u00e9e -\",\"isPartOf\":{\"@id\":\"https:\/\/footdavant.fr\/actualites\/#website\"},\"datePublished\":\"2024-12-23T19:49:38+00:00\",\"dateModified\":\"2024-12-23T19:49:38+00:00\",\"breadcrumb\":{\"@id\":\"https:\/\/footdavant.fr\/actualites\/ruben-amorim-remet-en-question-la-prise-de-decision-du-camp-de-marcus-rashford-apres-une-interview-controversee\/#breadcrumb\"},\"inLanguage\":\"fr-FR\",\"potentialAction\":[{\"@type\":\"ReadAction\",\"target\":[\"https:\/\/footdavant.fr\/actualites\/ruben-amorim-remet-en-question-la-prise-de-decision-du-camp-de-marcus-rashford-apres-une-interview-controversee\/\"]}]},{\"@type\":\"BreadcrumbList\",\"@id\":\"https:\/\/footdavant.fr\/actualites\/ruben-amorim-remet-en-question-la-prise-de-decision-du-camp-de-marcus-rashford-apres-une-interview-controversee\/#breadcrumb\",\"itemListElement\":[{\"@type\":\"ListItem\",\"position\":1,\"name\":\"Accueil\",\"item\":\"https:\/\/footdavant.fr\/actualites\/\"},{\"@type\":\"ListItem\",\"position\":2,\"name\":\"Ruben Amorim remet en question la prise de d\u00e9cision du camp de Marcus Rashford apr\u00e8s une interview controvers\u00e9e &#8211;\"}]},{\"@type\":\"WebSite\",\"@id\":\"https:\/\/footdavant.fr\/actualites\/#website\",\"url\":\"https:\/\/footdavant.fr\/actualites\/\",\"name\":\"Foot d'avant\",\"description\":\"\",\"publisher\":{\"@id\":\"https:\/\/footdavant.fr\/actualites\/#organization\"},\"potentialAction\":[{\"@type\":\"SearchAction\",\"target\":{\"@type\":\"EntryPoint\",\"urlTemplate\":\"https:\/\/footdavant.fr\/actualites\/?s={search_term_string}\"},\"query-input\":\"required name=search_term_string\"}],\"inLanguage\":\"fr-FR\"},{\"@type\":\"Organization\",\"@id\":\"https:\/\/footdavant.fr\/actualites\/#organization\",\"name\":\"Foot d'avant\",\"url\":\"https:\/\/footdavant.fr\/actualites\/\",\"logo\":{\"@type\":\"ImageObject\",\"inLanguage\":\"fr-FR\",\"@id\":\"https:\/\/footdavant.fr\/actualites\/#\/schema\/logo\/image\/\",\"url\":\"https:\/\/footdavant.fr\/actualites\/wp-content\/uploads\/2023\/09\/Copy-of-FootDavant-Logo.png\",\"contentUrl\":\"https:\/\/footdavant.fr\/actualites\/wp-content\/uploads\/2023\/09\/Copy-of-FootDavant-Logo.png\",\"width\":936,\"height\":549,\"caption\":\"Foot d'avant\"},\"image\":{\"@id\":\"https:\/\/footdavant.fr\/actualites\/#\/schema\/logo\/image\/\"},\"sameAs\":[\"https:\/\/www.facebook.com\/Footdavant\/\",\"https:\/\/twitter.com\/FootdavantFr\",\"https:\/\/www.instagram.com\/footdavant.fr\/\"]},{\"@type\":\"Person\",\"@id\":\"https:\/\/footdavant.fr\/actualites\/#\/schema\/person\/bc222566d95871b37e597b3ed3ba5e1d\",\"name\":\"Cl\u00e9ment\",\"image\":{\"@type\":\"ImageObject\",\"inLanguage\":\"fr-FR\",\"@id\":\"https:\/\/footdavant.fr\/actualites\/#\/schema\/person\/image\/\",\"url\":\"https:\/\/secure.gravatar.com\/avatar\/7728b29aac2719421e1a9159b2254c44?s=96&d=mm&r=g\",\"contentUrl\":\"https:\/\/secure.gravatar.com\/avatar\/7728b29aac2719421e1a9159b2254c44?s=96&d=mm&r=g\",\"caption\":\"Cl\u00e9ment\"},\"sameAs\":[\"https:\/\/footdavant.fr\/\"]}]}<\/script>\n<!-- \/ Yoast SEO plugin. -->","yoast_head_json":{"title":"Ruben Amorim remet en question la prise de d\u00e9cision du camp de Marcus Rashford apr\u00e8s une interview controvers\u00e9e -","robots":{"index":"index","follow":"follow","max-snippet":"max-snippet:-1","max-image-preview":"max-image-preview:large","max-video-preview":"max-video-preview:-1"},"canonical":"https:\/\/footdavant.fr\/actualites\/ruben-amorim-remet-en-question-la-prise-de-decision-du-camp-de-marcus-rashford-apres-une-interview-controversee\/","og_locale":"fr_FR","og_type":"article","og_title":"Ruben Amorim remet en question la prise de d\u00e9cision du camp de Marcus Rashford apr\u00e8s une interview controvers\u00e9e -","og_description":"1 Le patron de Manchester United, Ruben Amorim, a fait part de ses inqui\u00e9tudes quant \u00e0 la prise de d\u00e9cision du camp de Marcus Rashford","og_url":"https:\/\/footdavant.fr\/actualites\/ruben-amorim-remet-en-question-la-prise-de-decision-du-camp-de-marcus-rashford-apres-une-interview-controversee\/","og_site_name":"Foot d&#039;avant","article_publisher":"https:\/\/www.facebook.com\/Footdavant\/","article_published_time":"2024-12-23T19:49:38+00:00","og_image":[{"width":1600,"height":703,"url":"https:\/\/footdavant.fr\/actualites\/wp-content\/uploads\/2024\/09\/Gary-Neville-dit-qu39il-est-triste-de-regarder.jpg","type":"image\/jpeg"}],"author":"Cl\u00e9ment","twitter_card":"summary_large_image","twitter_creator":"@FootdavantFr","twitter_site":"@FootdavantFr","twitter_misc":{"\u00c9crit par":"Cl\u00e9ment","Dur\u00e9e de lecture estim\u00e9e":"2 minutes"},"schema":{"@context":"https:\/\/schema.org","@graph":[{"@type":"Article","@id":"https:\/\/footdavant.fr\/actualites\/ruben-amorim-remet-en-question-la-prise-de-decision-du-camp-de-marcus-rashford-apres-une-interview-controversee\/#article","isPartOf":{"@id":"https:\/\/footdavant.fr\/actualites\/ruben-amorim-remet-en-question-la-prise-de-decision-du-camp-de-marcus-rashford-apres-une-interview-controversee\/"},"author":{"name":"Cl\u00e9ment","@id":"https:\/\/footdavant.fr\/actualites\/#\/schema\/person\/bc222566d95871b37e597b3ed3ba5e1d"},"headline":"Ruben Amorim remet en question la prise de d\u00e9cision du camp de Marcus Rashford apr\u00e8s une interview controvers\u00e9e &#8211;","datePublished":"2024-12-23T19:49:38+00:00","dateModified":"2024-12-23T19:49:38+00:00","mainEntityOfPage":{"@id":"https:\/\/footdavant.fr\/actualites\/ruben-amorim-remet-en-question-la-prise-de-decision-du-camp-de-marcus-rashford-apres-une-interview-controversee\/"},"wordCount":414,"publisher":{"@id":"https:\/\/footdavant.fr\/actualites\/#organization"},"keywords":["Amorim","apr\u00e8s","camp","controvers\u00e9e","d\u00e9cision","interview","Marcus","prise","question","Rashford","remet","Ruben","une"],"articleSection":["Football"],"inLanguage":"fr-FR"},{"@type":"WebPage","@id":"https:\/\/footdavant.fr\/actualites\/ruben-amorim-remet-en-question-la-prise-de-decision-du-camp-de-marcus-rashford-apres-une-interview-controversee\/","url":"https:\/\/footdavant.fr\/actualites\/ruben-amorim-remet-en-question-la-prise-de-decision-du-camp-de-marcus-rashford-apres-une-interview-controversee\/","name":"Ruben Amorim remet en question la prise de d\u00e9cision du camp de Marcus Rashford apr\u00e8s une interview controvers\u00e9e -","isPartOf":{"@id":"https:\/\/footdavant.fr\/actualites\/#website"},"datePublished":"2024-12-23T19:49:38+00:00","dateModified":"2024-12-23T19:49:38+00:00","breadcrumb":{"@id":"https:\/\/footdavant.fr\/actualites\/ruben-amorim-remet-en-question-la-prise-de-decision-du-camp-de-marcus-rashford-apres-une-interview-controversee\/#breadcrumb"},"inLanguage":"fr-FR","potentialAction":[{"@type":"ReadAction","target":["https:\/\/footdavant.fr\/actualites\/ruben-amorim-remet-en-question-la-prise-de-decision-du-camp-de-marcus-rashford-apres-une-interview-controversee\/"]}]},{"@type":"BreadcrumbList","@id":"https:\/\/footdavant.fr\/actualites\/ruben-amorim-remet-en-question-la-prise-de-decision-du-camp-de-marcus-rashford-apres-une-interview-controversee\/#breadcrumb","itemListElement":[{"@type":"ListItem","position":1,"name":"Accueil","item":"https:\/\/footdavant.fr\/actualites\/"},{"@type":"ListItem","position":2,"name":"Ruben Amorim remet en question la prise de d\u00e9cision du camp de Marcus Rashford apr\u00e8s une interview controvers\u00e9e &#8211;"}]},{"@type":"WebSite","@id":"https:\/\/footdavant.fr\/actualites\/#website","url":"https:\/\/footdavant.fr\/actualites\/","name":"Foot d'avant","description":"","publisher":{"@id":"https:\/\/footdavant.fr\/actualites\/#organization"},"potentialAction":[{"@type":"SearchAction","target":{"@type":"EntryPoint","urlTemplate":"https:\/\/footdavant.fr\/actualites\/?s={search_term_string}"},"query-input":"required name=search_term_string"}],"inLanguage":"fr-FR"},{"@type":"Organization","@id":"https:\/\/footdavant.fr\/actualites\/#organization","name":"Foot d'avant","url":"https:\/\/footdavant.fr\/actualites\/","logo":{"@type":"ImageObject","inLanguage":"fr-FR","@id":"https:\/\/footdavant.fr\/actualites\/#\/schema\/logo\/image\/","url":"https:\/\/footdavant.fr\/actualites\/wp-content\/uploads\/2023\/09\/Copy-of-FootDavant-Logo.png","contentUrl":"https:\/\/footdavant.fr\/actualites\/wp-content\/uploads\/2023\/09\/Copy-of-FootDavant-Logo.png","width":936,"height":549,"caption":"Foot d'avant"},"image":{"@id":"https:\/\/footdavant.fr\/actualites\/#\/schema\/logo\/image\/"},"sameAs":["https:\/\/www.facebook.com\/Footdavant\/","https:\/\/twitter.com\/FootdavantFr","https:\/\/www.instagram.com\/footdavant.fr\/"]},{"@type":"Person","@id":"https:\/\/footdavant.fr\/actualites\/#\/schema\/person\/bc222566d95871b37e597b3ed3ba5e1d","name":"Cl\u00e9ment","image":{"@type":"ImageObject","inLanguage":"fr-FR","@id":"https:\/\/footdavant.fr\/actualites\/#\/schema\/person\/image\/","url":"https:\/\/secure.gravatar.com\/avatar\/7728b29aac2719421e1a9159b2254c44?s=96&d=mm&r=g","contentUrl":"https:\/\/secure.gravatar.com\/avatar\/7728b29aac2719421e1a9159b2254c44?s=96&d=mm&r=g","caption":"Cl\u00e9ment"},"sameAs":["https:\/\/footdavant.fr\/"]}]}},"_links":{"self":[{"href":"https:\/\/footdavant.fr\/actualites\/wp-json\/wp\/v2\/posts\/17863"}],"collection":[{"href":"https:\/\/footdavant.fr\/actualites\/wp-json\/wp\/v2\/posts"}],"about":[{"href":"https:\/\/footdavant.fr\/actualites\/wp-json\/wp\/v2\/types\/post"}],"author":[{"embeddable":true,"href":"https:\/\/footdavant.fr\/actualites\/wp-json\/wp\/v2\/users\/1"}],"replies":[{"embeddable":true,"href":"https:\/\/footdavant.fr\/actualites\/wp-json\/wp\/v2\/comments?post=17863"}],"version-history":[{"count":1,"href":"https:\/\/footdavant.fr\/actualites\/wp-json\/wp\/v2\/posts\/17863\/revisions"}],"predecessor-version":[{"id":17864,"href":"https:\/\/footdavant.fr\/actualites\/wp-json\/wp\/v2\/posts\/17863\/revisions\/17864"}],"wp:featuredmedia":[{"embeddable":true,"href":"https:\/\/footdavant.fr\/actualites\/wp-json\/wp\/v2\/media\/12939"}],"wp:attachment":[{"href":"https:\/\/footdavant.fr\/actualites\/wp-json\/wp\/v2\/media?parent=17863"}],"wp:term":[{"taxonomy":"category","embeddable":true,"href":"https:\/\/footdavant.fr\/actualites\/wp-json\/wp\/v2\/categories?post=17863"},{"taxonomy":"post_tag","embeddable":true,"href":"https:\/\/footdavant.fr\/actualites\/wp-json\/wp\/v2\/tags?post=17863"}],"curies":[{"name":"wp","href":"https:\/\/api.w.org\/{rel}","templated":true}]}}