{"id":1795,"date":"2023-12-02T00:48:17","date_gmt":"2023-12-01T23:48:17","guid":{"rendered":"https:\/\/footdavant.fr\/actualites\/apercu-benfica-contre-inter-milan-pronostics-actualites-de-lequipe-compositions\/"},"modified":"2023-12-02T00:48:18","modified_gmt":"2023-12-01T23:48:18","slug":"apercu-benfica-contre-inter-milan-pronostics-actualites-de-lequipe-compositions","status":"publish","type":"post","link":"https:\/\/footdavant.fr\/actualites\/apercu-benfica-contre-inter-milan-pronostics-actualites-de-lequipe-compositions\/","title":{"rendered":"Aper\u00e7u : Benfica contre Inter Milan \u2013 pronostics, actualit\u00e9s de l&rsquo;\u00e9quipe, compositions"},"content":{"rendered":"<p>Sports Mole pr\u00e9sente un aper\u00e7u du choc de la Ligue des Champions de mercredi entre Benfica et l&rsquo;Inter Milan, y compris les pronostics, les nouvelles des \u00e9quipes et les compositions possibles.<\/p>\n<div id=\"article_body\" itemprop=\"articleBody\">\n<p class=\"firstPara\"><strong class=\"autotag\">Benfica<\/strong> et <strong class=\"autotag\">Inter Milan<\/strong> se retrouveront pour la quatri\u00e8me fois en 2023 lorsqu&rsquo;ils s&rsquo;affronteront \u00e0 l&rsquo;Estadio da Luz en <strong class=\"autotag\">Ligue des champions<\/strong> mercredi.<\/p>\n<p>Dans une r\u00e9p\u00e9tition du quart de finale de la saison derni\u00e8re, Benfica arrive d\u00e9j\u00e0 \u00e9limin\u00e9 et l&rsquo;Inter a scell\u00e9 sa place pour les huiti\u00e8mes de finale, mais les positions de groupe pourraient encore \u00eatre tr\u00e8s importantes pour les deux.<\/p>\n<hr class=\"divide\">\n<h2>Aper\u00e7u du match<\/h2>\n<p class=\"imgI\">\n<p>Bien que la progression les d\u00e9passe d\u00e9j\u00e0, Benfica cherchera \u00e0 terminer une campagne de groupe pourrie en r\u00e9cup\u00e9rant au moins une place en Ligue Europa et, ce faisant, en n&rsquo;\u00e9tant pas la seule \u00e9quipe \u00e0 terminer avec z\u00e9ro point.<\/p>\n<p>Avec le Royal Antwerp, Benfica est la seule autre \u00e9quipe \u00e0 n&rsquo;avoir pas encore r\u00e9colt\u00e9 de point en phase de groupes apr\u00e8s quatre d\u00e9faites sur quatre.<\/p>\n<p>Une d\u00e9faite 2-0 \u00e0 domicile contre le Red Bull Salzbourg lors de la premi\u00e8re journ\u00e9e signifie que Benfica devra probablement am\u00e9liorer son r\u00e9sultat cette semaine avant de battre les Autrichiens lors de la sixi\u00e8me journ\u00e9e pour prendre la troisi\u00e8me place.<\/p>\n<p>Leur forme europ\u00e9enne contraste fortement avec leur impression au niveau national, o\u00f9 ils sont actuellement en t\u00eate du classement gr\u00e2ce \u00e0 une r\u00e9cente victoire contre le Sporting Lisbonne lors de leur derby acharn\u00e9.<\/p>\n<p>Ce retour tardif spectaculaire les a vu marquer deux buts dans le temps additionnel pour prendre les trois points, et une victoire lors des 32 derniers matchs de la Taca de Portugal ce week-end signifie qu&rsquo;ils n&rsquo;ont toujours pas perdu au niveau national depuis le premier jour de la saison.<\/p>\n<p>Ind\u00e9pendamment de ce qui se passe ici, la structure du groupe signifie qu&rsquo;une victoire contre la Real Sociedad lors de la sixi\u00e8me journ\u00e9e permettra \u00e0 l&rsquo;Inter de prendre la t\u00eate du groupe, soit par points, soit en face-\u00e0-face.<\/p>\n<p class=\"imgI\"><img decoding=\"async\" loading=\"lazy\" class=\"l\" src=\"https:\/\/footdavant.fr\/actualites\/wp-content\/uploads\/2023\/12\/1701474497_421_Apercu-Benfica-contre-Inter-Milan-\u2013-pronostics-actualites-de.jpg\" title=\"Lautaro Martinez de l'Inter Milan c\u00e9l\u00e8bre son deuxi\u00e8me but le 4 novembre 2023\" alt=\"Lautaro Martinez de l'Inter Milan c\u00e9l\u00e8bre son deuxi\u00e8me but le 4 novembre 2023\" width=\"640\" height=\"480\"><\/p>\n<p>Am\u00e9liorer le r\u00e9sultat du Real est peut-\u00eatre plus important pour l&rsquo;Inter, car ils sont en retard sur la diff\u00e9rence de buts, mais reviennent sur le terrain o\u00f9 ils ont gagn\u00e9 2-0 en avril, <strong class=\"autotag\">Simone Inzaghi<\/strong> esp\u00e8re mener son \u00e9quipe vers une nouvelle victoire contre Benfica. <\/p>\n<p>Une victoire 1-0 \u00e0 l&rsquo;envers de l&rsquo;Inter a \u00e9norm\u00e9ment flatt\u00e9 Benfica, car un autre jour, les Nerazzurri auraient facilement pu en marquer cinq ou six.<\/p>\n<p>Cette victoire les a aid\u00e9s \u00e0 rester invaincus lors de leurs quatre premiers matches de Ligue des Champions pour la premi\u00e8re fois depuis 2009-10 &#8211; la saison o\u00f9 <strong class=\"autotag\">Jos\u00e9 Mourinho<\/strong> les a conduits \u00e0 la gloire.<\/p>\n<p>L&rsquo;Inter entre \u00e9galement dans le match dans une forme incroyable, alors qu&rsquo;un match nul contre son rival au titre, la Juventus, a maintenu une excellente s\u00e9quence de 10 matchs sans d\u00e9faite qui lui a permis d&rsquo;en remporter huit.<\/p>\n<p>Une d\u00e9faite choc contre Sassuolo reste le seul d\u00e9faut de l&rsquo;Inter apr\u00e8s 17 matches toutes comp\u00e9titions confondues, alors qu&rsquo;ils se sont battus apr\u00e8s avoir \u00e9t\u00e9 men\u00e9s pour la premi\u00e8re fois en 12 sorties dimanche soir pour obtenir un match nul au stade Allianz.<\/p>\n<p>Forme de la Ligue des Champions de Benfica :<\/p>\n<p>Forme Benfica (toutes comp\u00e9titions) :<\/p>\n<p>Forme de la Ligue des Champions de l&rsquo;Inter Milan :<\/p>\n<p>Forme Inter Milan (toutes comp\u00e9titions) :<\/p>\n<p>Annonce &#8211; contenu ci-dessous\u00a0:<\/p>\n<hr class=\"divide\">\n<h2>Nouvelles de l&rsquo;\u00e9quipe<\/h2>\n<p class=\"imgI\"><img decoding=\"async\" loading=\"lazy\" class=\"l\" src=\"https:\/\/footdavant.fr\/actualites\/wp-content\/uploads\/2023\/12\/1701474497_188_Apercu-Benfica-contre-Inter-Milan-\u2013-pronostics-actualites-de.jpg\" title=\"Benjamin Pavard de l'Inter Milan re\u00e7oit des soins m\u00e9dicaux sur une civi\u00e8re apr\u00e8s s'\u00eatre bless\u00e9 le 4 novembre 2023\" alt=\"Benjamin Pavard de l'Inter Milan re\u00e7oit des soins m\u00e9dicaux sur une civi\u00e8re apr\u00e8s s'\u00eatre bless\u00e9 le 4 novembre 2023\" width=\"640\" height=\"480\"><\/p>\n<p>Directeur <strong class=\"autotag\">Roger Schmidt<\/strong> a choisi une \u00e9quipe de Benfica relativement forte ce week-end bien qu&rsquo;elle soit de grands favoris de la coupe.<\/p>\n<p>Les h\u00f4tes ont \u00e9galement pu accueillir \u00e0 nouveau <strong class=\"autotag\">Orkun Kokcu<\/strong> apr\u00e8s une blessure, le milieu de terrain turc faisant une apparition de 12 minutes.<\/p>\n<p><strong class=\"autotag\">Juan Bernat<\/strong> se rapproche \u00e9galement d&rsquo;un retour, mais son compatriote arri\u00e8re <strong class=\"autotag\">Alexandre Bah<\/strong> n&rsquo;est pas encore pr\u00eat apr\u00e8s s&rsquo;\u00eatre bless\u00e9 \u00e0 la cuisse.<\/p>\n<p>Ailier <strong class=\"autotag\">David N\u00e9r\u00e8s<\/strong> manque \u00e9galement, donc <strong class=\"autotag\">Ange Di Maria<\/strong> et <strong class=\"autotag\">Rafa Silva<\/strong> devraient d\u00e9buter dans les zones larges de Benfica.<\/p>\n<p><strong class=\"autotag\">Alessandro Bastoni<\/strong> est le grand absent de l&rsquo;Inter pour blessure apr\u00e8s qu&rsquo;une blessure au mollet, qui l&rsquo;a vu rater les r\u00e9cents internationaux italiens, l&rsquo;a exclu pendant un mois.<\/p>\n<p>C&rsquo;\u00e9tait encore une autre blessure d\u00e9fensive \u00e0 g\u00e9rer pour Inzaghi apr\u00e8s <strong class=\"autotag\">Benjamin Pavard<\/strong>L&rsquo;horrible probl\u00e8me de genou de l&rsquo;a mis \u00e0 l&rsquo;\u00e9cart, mais il y a eu un retour pour <strong class=\"autotag\">Juan Cuadrado<\/strong> contre son ancien club de la Juve dimanche.<\/p>\n<p>L&rsquo;arri\u00e8re droit colombien a fait sa premi\u00e8re apparition en deux mois en tant que rempla\u00e7ant, et il pourrait revenir \u00e9tant donn\u00e9 la persistance d&rsquo;Inzaghi \u00e0 faire tourner ses lat\u00e9raux dans cette comp\u00e9tition.<\/p>\n<p><strong class=\"autotag\">Federico Dimarco<\/strong> a souvent \u00e9t\u00e9 repos\u00e9 en phase de groupes, avec <strong class=\"autotag\">Carlos Augusto<\/strong> et cela pourrait \u00eatre l&rsquo;un des rares changements apport\u00e9s \u00e0 l&rsquo;\u00e9quipe qui pourrait ressembler en grande partie \u00e0 celui qui s&rsquo;est pr\u00e9sent\u00e9 sur le terrain contre la Juventus.<\/p>\n<p><strong class=\"autotag\">Alexis S\u00e1nchez<\/strong> devrait revenir dans l&rsquo;\u00e9quipe apr\u00e8s avoir rat\u00e9 le match de dimanche en raison d&rsquo;avoir jou\u00e9 deux fois pour le Chili pendant la tr\u00eave internationale.<\/p>\n<p><strong>Benfica composition de d\u00e9part possible :<\/strong><br \/>Trubin;  Antonio Silva, Otamendi, Morato\u00a0;  Jo\u00e3o Neves, Florentino Luis, Jo\u00e3o Mario, Aursnes ;  Di Maria, Musa, Rafa Silva<\/p>\n<p><strong>Onze de d\u00e9part possible de l&rsquo;Inter Milan :<\/strong><br \/>Sommer\u00a0;  Darmian, De Vrij, Acerbi;  Cuadrado, Barella, Frattesi, Calhanoglu, Carlos Augusto\u00a0;  Thuram, Martinez<\/p>\n<hr class=\"divide\">\n<p class=\"sm_center\"><img decoding=\"async\" loading=\"lazy\" class=\"l\" src=\"https:\/\/footdavant.fr\/actualites\/wp-content\/uploads\/2023\/12\/Apercu-Benfica-contre-Inter-Milan-\u2013-pronostics-actualites-de.png\" title=\"Mots SM fond vert\" alt=\"Mots SM fond vert\" width=\"210\" height=\"53\"><\/p>\n<h2 class=\"sm_center\">Nous disons : Benfica 0-1 Inter Milan<\/h2>\n<p>Une campagne pourrie pourrait bien se poursuivre pour Benfica, alors qu&rsquo;il affronte une \u00e9quipe de l&rsquo;Inter en forme imp\u00e9rieuse.<\/p>\n<p>Malgr\u00e9 son bon d\u00e9part national, Benfica a sembl\u00e9 \u00e0 des kilom\u00e8tres du continent, en particulier dans le revers o\u00f9 les Nerazzurri ont \u00e9t\u00e9 totalement dominants malgr\u00e9 un score \u00e9troit, et toute sorte de r\u00e9p\u00e9tition donnera le m\u00eame r\u00e9sultat ici.<\/p>\n<p>Pour l\u2019analyse des donn\u00e9es des r\u00e9sultats les plus probables, des scores et plus encore pour ce match, veuillez cliquer ici.<\/p>\n<hr class=\"divide\">\n<div id=\"advert46\" class=\"spXcQ\">\n<h2>Astuce<\/h2>\n<div>\n<p>Nos partenaires experts pronostiqueurs sur Sporita.com pr\u00e9disent moins de 3,5 buts dans ce match.  Cliquez ici pour d\u00e9couvrir ce qu\u2019ils pr\u00e9disent d\u2019autre pour ce match et pour en savoir plus sur leurs conseils de football \u00e9prouv\u00e9s.\n<\/p><\/div>\n<\/div>\n<hr class=\"divide\">\n<h2>Aper\u00e7us par email<\/h2>\n<div>Cliquez ici pour obtenir <strong>Taupe de sport<\/strong>L&rsquo;e-mail quotidien d&rsquo;avant-premi\u00e8res et de pronostics pour chaque jeu majeur\u00a0!<\/div>\n<p><\/p>\n<hr class=\"divide\"><\/div>\n","protected":false},"excerpt":{"rendered":"<p>Sports Mole pr\u00e9sente un aper\u00e7u du choc de la Ligue des Champions de mercredi entre Benfica et l&rsquo;Inter Milan, y compris les pronostics, les nouvelles<\/p>\n","protected":false},"author":1,"featured_media":1796,"comment_status":"closed","ping_status":"","sticky":false,"template":"","format":"standard","meta":{"footnotes":""},"categories":[4],"tags":[7,284,528,383,20,535,9,250,382],"yoast_head":"<!-- This site is optimized with the Yoast SEO plugin v21.0 - https:\/\/yoast.com\/wordpress\/plugins\/seo\/ -->\n<title>Aper\u00e7u : Benfica contre Inter Milan \u2013 pronostics, actualit\u00e9s de l&#039;\u00e9quipe, compositions<\/title>\n<meta name=\"robots\" content=\"index, follow, max-snippet:-1, max-image-preview:large, max-video-preview:-1\" \/>\n<link rel=\"canonical\" href=\"https:\/\/footdavant.fr\/actualites\/apercu-benfica-contre-inter-milan-pronostics-actualites-de-lequipe-compositions\/\" \/>\n<meta property=\"og:locale\" content=\"fr_FR\" \/>\n<meta property=\"og:type\" content=\"article\" \/>\n<meta property=\"og:title\" content=\"Aper\u00e7u : Benfica contre Inter Milan \u2013 pronostics, actualit\u00e9s de l&#039;\u00e9quipe, compositions\" \/>\n<meta property=\"og:description\" content=\"Sports Mole pr\u00e9sente un aper\u00e7u du choc de la Ligue des Champions de mercredi entre Benfica et l&rsquo;Inter Milan, y compris les pronostics, les nouvelles\" \/>\n<meta property=\"og:url\" content=\"https:\/\/footdavant.fr\/actualites\/apercu-benfica-contre-inter-milan-pronostics-actualites-de-lequipe-compositions\/\" \/>\n<meta property=\"og:site_name\" content=\"Foot d&#039;avant\" \/>\n<meta property=\"article:publisher\" content=\"https:\/\/www.facebook.com\/Footdavant\/\" \/>\n<meta property=\"article:published_time\" content=\"2023-12-01T23:48:17+00:00\" \/>\n<meta property=\"article:modified_time\" content=\"2023-12-01T23:48:18+00:00\" \/>\n<meta property=\"og:image\" content=\"https:\/\/footdavant.fr\/actualites\/wp-content\/uploads\/2023\/12\/Apercu-Benfica-contre-Inter-Milan-\u2013-pronostics-actualites-de.jpg\" \/>\n\t<meta property=\"og:image:width\" content=\"640\" \/>\n\t<meta property=\"og:image:height\" content=\"480\" \/>\n\t<meta property=\"og:image:type\" content=\"image\/jpeg\" \/>\n<meta name=\"author\" content=\"Cl\u00e9ment\" \/>\n<meta name=\"twitter:card\" content=\"summary_large_image\" \/>\n<meta name=\"twitter:creator\" content=\"@FootdavantFr\" \/>\n<meta name=\"twitter:site\" content=\"@FootdavantFr\" \/>\n<meta name=\"twitter:label1\" content=\"\u00c9crit par\" \/>\n\t<meta name=\"twitter:data1\" content=\"Cl\u00e9ment\" \/>\n\t<meta name=\"twitter:label2\" content=\"Dur\u00e9e de lecture estim\u00e9e\" \/>\n\t<meta name=\"twitter:data2\" content=\"5 minutes\" \/>\n<script type=\"application\/ld+json\" class=\"yoast-schema-graph\">{\"@context\":\"https:\/\/schema.org\",\"@graph\":[{\"@type\":\"Article\",\"@id\":\"https:\/\/footdavant.fr\/actualites\/apercu-benfica-contre-inter-milan-pronostics-actualites-de-lequipe-compositions\/#article\",\"isPartOf\":{\"@id\":\"https:\/\/footdavant.fr\/actualites\/apercu-benfica-contre-inter-milan-pronostics-actualites-de-lequipe-compositions\/\"},\"author\":{\"name\":\"Cl\u00e9ment\",\"@id\":\"https:\/\/footdavant.fr\/actualites\/#\/schema\/person\/bc222566d95871b37e597b3ed3ba5e1d\"},\"headline\":\"Aper\u00e7u : Benfica contre Inter Milan \u2013 pronostics, actualit\u00e9s de l&rsquo;\u00e9quipe, compositions\",\"datePublished\":\"2023-12-01T23:48:17+00:00\",\"dateModified\":\"2023-12-01T23:48:18+00:00\",\"mainEntityOfPage\":{\"@id\":\"https:\/\/footdavant.fr\/actualites\/apercu-benfica-contre-inter-milan-pronostics-actualites-de-lequipe-compositions\/\"},\"wordCount\":1075,\"publisher\":{\"@id\":\"https:\/\/footdavant.fr\/actualites\/#organization\"},\"keywords\":[\"Actualit\u00e9s\",\"Aper\u00e7u\",\"Benfica\",\"compositions\",\"contre\",\"Inter\",\"l\u00e9quipe\",\"Milan\",\"pronostics\"],\"articleSection\":[\"Champions League\"],\"inLanguage\":\"fr-FR\"},{\"@type\":\"WebPage\",\"@id\":\"https:\/\/footdavant.fr\/actualites\/apercu-benfica-contre-inter-milan-pronostics-actualites-de-lequipe-compositions\/\",\"url\":\"https:\/\/footdavant.fr\/actualites\/apercu-benfica-contre-inter-milan-pronostics-actualites-de-lequipe-compositions\/\",\"name\":\"Aper\u00e7u : Benfica contre Inter Milan \u2013 pronostics, actualit\u00e9s de l'\u00e9quipe, compositions\",\"isPartOf\":{\"@id\":\"https:\/\/footdavant.fr\/actualites\/#website\"},\"datePublished\":\"2023-12-01T23:48:17+00:00\",\"dateModified\":\"2023-12-01T23:48:18+00:00\",\"breadcrumb\":{\"@id\":\"https:\/\/footdavant.fr\/actualites\/apercu-benfica-contre-inter-milan-pronostics-actualites-de-lequipe-compositions\/#breadcrumb\"},\"inLanguage\":\"fr-FR\",\"potentialAction\":[{\"@type\":\"ReadAction\",\"target\":[\"https:\/\/footdavant.fr\/actualites\/apercu-benfica-contre-inter-milan-pronostics-actualites-de-lequipe-compositions\/\"]}]},{\"@type\":\"BreadcrumbList\",\"@id\":\"https:\/\/footdavant.fr\/actualites\/apercu-benfica-contre-inter-milan-pronostics-actualites-de-lequipe-compositions\/#breadcrumb\",\"itemListElement\":[{\"@type\":\"ListItem\",\"position\":1,\"name\":\"Accueil\",\"item\":\"https:\/\/footdavant.fr\/actualites\/\"},{\"@type\":\"ListItem\",\"position\":2,\"name\":\"Aper\u00e7u : Benfica contre Inter Milan \u2013 pronostics, actualit\u00e9s de l&rsquo;\u00e9quipe, compositions\"}]},{\"@type\":\"WebSite\",\"@id\":\"https:\/\/footdavant.fr\/actualites\/#website\",\"url\":\"https:\/\/footdavant.fr\/actualites\/\",\"name\":\"Foot d'avant\",\"description\":\"\",\"publisher\":{\"@id\":\"https:\/\/footdavant.fr\/actualites\/#organization\"},\"potentialAction\":[{\"@type\":\"SearchAction\",\"target\":{\"@type\":\"EntryPoint\",\"urlTemplate\":\"https:\/\/footdavant.fr\/actualites\/?s={search_term_string}\"},\"query-input\":\"required name=search_term_string\"}],\"inLanguage\":\"fr-FR\"},{\"@type\":\"Organization\",\"@id\":\"https:\/\/footdavant.fr\/actualites\/#organization\",\"name\":\"Foot d'avant\",\"url\":\"https:\/\/footdavant.fr\/actualites\/\",\"logo\":{\"@type\":\"ImageObject\",\"inLanguage\":\"fr-FR\",\"@id\":\"https:\/\/footdavant.fr\/actualites\/#\/schema\/logo\/image\/\",\"url\":\"https:\/\/footdavant.fr\/actualites\/wp-content\/uploads\/2023\/09\/Copy-of-FootDavant-Logo.png\",\"contentUrl\":\"https:\/\/footdavant.fr\/actualites\/wp-content\/uploads\/2023\/09\/Copy-of-FootDavant-Logo.png\",\"width\":936,\"height\":549,\"caption\":\"Foot d'avant\"},\"image\":{\"@id\":\"https:\/\/footdavant.fr\/actualites\/#\/schema\/logo\/image\/\"},\"sameAs\":[\"https:\/\/www.facebook.com\/Footdavant\/\",\"https:\/\/twitter.com\/FootdavantFr\",\"https:\/\/www.instagram.com\/footdavant.fr\/\"]},{\"@type\":\"Person\",\"@id\":\"https:\/\/footdavant.fr\/actualites\/#\/schema\/person\/bc222566d95871b37e597b3ed3ba5e1d\",\"name\":\"Cl\u00e9ment\",\"image\":{\"@type\":\"ImageObject\",\"inLanguage\":\"fr-FR\",\"@id\":\"https:\/\/footdavant.fr\/actualites\/#\/schema\/person\/image\/\",\"url\":\"https:\/\/secure.gravatar.com\/avatar\/7728b29aac2719421e1a9159b2254c44?s=96&d=mm&r=g\",\"contentUrl\":\"https:\/\/secure.gravatar.com\/avatar\/7728b29aac2719421e1a9159b2254c44?s=96&d=mm&r=g\",\"caption\":\"Cl\u00e9ment\"},\"sameAs\":[\"https:\/\/footdavant.fr\/\"]}]}<\/script>\n<!-- \/ Yoast SEO plugin. -->","yoast_head_json":{"title":"Aper\u00e7u : Benfica contre Inter Milan \u2013 pronostics, actualit\u00e9s de l'\u00e9quipe, compositions","robots":{"index":"index","follow":"follow","max-snippet":"max-snippet:-1","max-image-preview":"max-image-preview:large","max-video-preview":"max-video-preview:-1"},"canonical":"https:\/\/footdavant.fr\/actualites\/apercu-benfica-contre-inter-milan-pronostics-actualites-de-lequipe-compositions\/","og_locale":"fr_FR","og_type":"article","og_title":"Aper\u00e7u : Benfica contre Inter Milan \u2013 pronostics, actualit\u00e9s de l'\u00e9quipe, compositions","og_description":"Sports Mole pr\u00e9sente un aper\u00e7u du choc de la Ligue des Champions de mercredi entre Benfica et l&rsquo;Inter Milan, y compris les pronostics, les nouvelles","og_url":"https:\/\/footdavant.fr\/actualites\/apercu-benfica-contre-inter-milan-pronostics-actualites-de-lequipe-compositions\/","og_site_name":"Foot d&#039;avant","article_publisher":"https:\/\/www.facebook.com\/Footdavant\/","article_published_time":"2023-12-01T23:48:17+00:00","article_modified_time":"2023-12-01T23:48:18+00:00","og_image":[{"width":640,"height":480,"url":"https:\/\/footdavant.fr\/actualites\/wp-content\/uploads\/2023\/12\/Apercu-Benfica-contre-Inter-Milan-\u2013-pronostics-actualites-de.jpg","type":"image\/jpeg"}],"author":"Cl\u00e9ment","twitter_card":"summary_large_image","twitter_creator":"@FootdavantFr","twitter_site":"@FootdavantFr","twitter_misc":{"\u00c9crit par":"Cl\u00e9ment","Dur\u00e9e de lecture estim\u00e9e":"5 minutes"},"schema":{"@context":"https:\/\/schema.org","@graph":[{"@type":"Article","@id":"https:\/\/footdavant.fr\/actualites\/apercu-benfica-contre-inter-milan-pronostics-actualites-de-lequipe-compositions\/#article","isPartOf":{"@id":"https:\/\/footdavant.fr\/actualites\/apercu-benfica-contre-inter-milan-pronostics-actualites-de-lequipe-compositions\/"},"author":{"name":"Cl\u00e9ment","@id":"https:\/\/footdavant.fr\/actualites\/#\/schema\/person\/bc222566d95871b37e597b3ed3ba5e1d"},"headline":"Aper\u00e7u : Benfica contre Inter Milan \u2013 pronostics, actualit\u00e9s de l&rsquo;\u00e9quipe, compositions","datePublished":"2023-12-01T23:48:17+00:00","dateModified":"2023-12-01T23:48:18+00:00","mainEntityOfPage":{"@id":"https:\/\/footdavant.fr\/actualites\/apercu-benfica-contre-inter-milan-pronostics-actualites-de-lequipe-compositions\/"},"wordCount":1075,"publisher":{"@id":"https:\/\/footdavant.fr\/actualites\/#organization"},"keywords":["Actualit\u00e9s","Aper\u00e7u","Benfica","compositions","contre","Inter","l\u00e9quipe","Milan","pronostics"],"articleSection":["Champions League"],"inLanguage":"fr-FR"},{"@type":"WebPage","@id":"https:\/\/footdavant.fr\/actualites\/apercu-benfica-contre-inter-milan-pronostics-actualites-de-lequipe-compositions\/","url":"https:\/\/footdavant.fr\/actualites\/apercu-benfica-contre-inter-milan-pronostics-actualites-de-lequipe-compositions\/","name":"Aper\u00e7u : Benfica contre Inter Milan \u2013 pronostics, actualit\u00e9s de l'\u00e9quipe, compositions","isPartOf":{"@id":"https:\/\/footdavant.fr\/actualites\/#website"},"datePublished":"2023-12-01T23:48:17+00:00","dateModified":"2023-12-01T23:48:18+00:00","breadcrumb":{"@id":"https:\/\/footdavant.fr\/actualites\/apercu-benfica-contre-inter-milan-pronostics-actualites-de-lequipe-compositions\/#breadcrumb"},"inLanguage":"fr-FR","potentialAction":[{"@type":"ReadAction","target":["https:\/\/footdavant.fr\/actualites\/apercu-benfica-contre-inter-milan-pronostics-actualites-de-lequipe-compositions\/"]}]},{"@type":"BreadcrumbList","@id":"https:\/\/footdavant.fr\/actualites\/apercu-benfica-contre-inter-milan-pronostics-actualites-de-lequipe-compositions\/#breadcrumb","itemListElement":[{"@type":"ListItem","position":1,"name":"Accueil","item":"https:\/\/footdavant.fr\/actualites\/"},{"@type":"ListItem","position":2,"name":"Aper\u00e7u : Benfica contre Inter Milan \u2013 pronostics, actualit\u00e9s de l&rsquo;\u00e9quipe, compositions"}]},{"@type":"WebSite","@id":"https:\/\/footdavant.fr\/actualites\/#website","url":"https:\/\/footdavant.fr\/actualites\/","name":"Foot d'avant","description":"","publisher":{"@id":"https:\/\/footdavant.fr\/actualites\/#organization"},"potentialAction":[{"@type":"SearchAction","target":{"@type":"EntryPoint","urlTemplate":"https:\/\/footdavant.fr\/actualites\/?s={search_term_string}"},"query-input":"required name=search_term_string"}],"inLanguage":"fr-FR"},{"@type":"Organization","@id":"https:\/\/footdavant.fr\/actualites\/#organization","name":"Foot d'avant","url":"https:\/\/footdavant.fr\/actualites\/","logo":{"@type":"ImageObject","inLanguage":"fr-FR","@id":"https:\/\/footdavant.fr\/actualites\/#\/schema\/logo\/image\/","url":"https:\/\/footdavant.fr\/actualites\/wp-content\/uploads\/2023\/09\/Copy-of-FootDavant-Logo.png","contentUrl":"https:\/\/footdavant.fr\/actualites\/wp-content\/uploads\/2023\/09\/Copy-of-FootDavant-Logo.png","width":936,"height":549,"caption":"Foot d'avant"},"image":{"@id":"https:\/\/footdavant.fr\/actualites\/#\/schema\/logo\/image\/"},"sameAs":["https:\/\/www.facebook.com\/Footdavant\/","https:\/\/twitter.com\/FootdavantFr","https:\/\/www.instagram.com\/footdavant.fr\/"]},{"@type":"Person","@id":"https:\/\/footdavant.fr\/actualites\/#\/schema\/person\/bc222566d95871b37e597b3ed3ba5e1d","name":"Cl\u00e9ment","image":{"@type":"ImageObject","inLanguage":"fr-FR","@id":"https:\/\/footdavant.fr\/actualites\/#\/schema\/person\/image\/","url":"https:\/\/secure.gravatar.com\/avatar\/7728b29aac2719421e1a9159b2254c44?s=96&d=mm&r=g","contentUrl":"https:\/\/secure.gravatar.com\/avatar\/7728b29aac2719421e1a9159b2254c44?s=96&d=mm&r=g","caption":"Cl\u00e9ment"},"sameAs":["https:\/\/footdavant.fr\/"]}]}},"_links":{"self":[{"href":"https:\/\/footdavant.fr\/actualites\/wp-json\/wp\/v2\/posts\/1795"}],"collection":[{"href":"https:\/\/footdavant.fr\/actualites\/wp-json\/wp\/v2\/posts"}],"about":[{"href":"https:\/\/footdavant.fr\/actualites\/wp-json\/wp\/v2\/types\/post"}],"author":[{"embeddable":true,"href":"https:\/\/footdavant.fr\/actualites\/wp-json\/wp\/v2\/users\/1"}],"replies":[{"embeddable":true,"href":"https:\/\/footdavant.fr\/actualites\/wp-json\/wp\/v2\/comments?post=1795"}],"version-history":[{"count":1,"href":"https:\/\/footdavant.fr\/actualites\/wp-json\/wp\/v2\/posts\/1795\/revisions"}],"predecessor-version":[{"id":1797,"href":"https:\/\/footdavant.fr\/actualites\/wp-json\/wp\/v2\/posts\/1795\/revisions\/1797"}],"wp:featuredmedia":[{"embeddable":true,"href":"https:\/\/footdavant.fr\/actualites\/wp-json\/wp\/v2\/media\/1796"}],"wp:attachment":[{"href":"https:\/\/footdavant.fr\/actualites\/wp-json\/wp\/v2\/media?parent=1795"}],"wp:term":[{"taxonomy":"category","embeddable":true,"href":"https:\/\/footdavant.fr\/actualites\/wp-json\/wp\/v2\/categories?post=1795"},{"taxonomy":"post_tag","embeddable":true,"href":"https:\/\/footdavant.fr\/actualites\/wp-json\/wp\/v2\/tags?post=1795"}],"curies":[{"name":"wp","href":"https:\/\/api.w.org\/{rel}","templated":true}]}}