{"id":17992,"date":"2024-12-27T12:50:25","date_gmt":"2024-12-27T11:50:25","guid":{"rendered":"https:\/\/footdavant.fr\/actualites\/kobbie-mainoo-suscite-des-craintes-de-blessures-alors-quil-est-apercu-en-train-de-boiter-apres-la-defaite-de-man-united-contre-les-wolves\/"},"modified":"2024-12-27T12:50:28","modified_gmt":"2024-12-27T11:50:28","slug":"kobbie-mainoo-suscite-des-craintes-de-blessures-alors-quil-est-apercu-en-train-de-boiter-apres-la-defaite-de-man-united-contre-les-wolves","status":"publish","type":"post","link":"https:\/\/footdavant.fr\/actualites\/kobbie-mainoo-suscite-des-craintes-de-blessures-alors-quil-est-apercu-en-train-de-boiter-apres-la-defaite-de-man-united-contre-les-wolves\/","title":{"rendered":"Kobbie Mainoo suscite des craintes de blessures alors qu&#39;il est aper\u00e7u en train de boiter apr\u00e8s la d\u00e9faite de Man United contre les Wolves &#8211;"},"content":{"rendered":"<div id=\"penci-post-entry-inner\">\n<p>\t\t\t<i class=\"penci-post-countview-number-check\" style=\"display:none\">1<\/i><\/p>\n<p><!--Article Start--><br \/>Le patron de Manchester United, Ruben Amorim, a peut-\u00eatre subi un autre coup dur potentiel puisque Kobbie Mainoo a \u00e9t\u00e9 aper\u00e7u en train de boiter apr\u00e8s la d\u00e9faite d&#39;hier soir contre Wolverhampton Wanderers.<\/p>\n<p>United a subi une troisi\u00e8me d\u00e9faite cons\u00e9cutive toutes comp\u00e9titions confondues alors que les Wolves les ont battus 2-0 \u00e0 Molineux.<\/p>\n<p>Les buts des h\u00f4tes ont \u00e9t\u00e9 inscrits par Matheus Cunha et le rempla\u00e7ant Hwang Hee-chan. Le r\u00e9sultat a laiss\u00e9 les Red Devils \u00e0 la 14e position du classement de la Premier League et \u00e0 seulement huit points au-dessus de la zone de rel\u00e9gation.<\/p>\n<p>Dans son communiqu\u00e9 d&#39;apr\u00e8s-match, Amorim a admis que son \u00e9quipe devait passer en mode \u00ab\u00a0survie\u00a0\u00bb pour s&#39;assurer de ne pas \u00eatre entra\u00een\u00e9e dans une bataille de rel\u00e9gation.<\/p>\n<p>Comme beaucoup de ses co\u00e9quipiers, Mainoo n&#39;a pas r\u00e9alis\u00e9 la meilleure performance face aux hommes de Vitor Pereira.<\/p>\n<p>L&#39;international anglais a obtenu un nouveau d\u00e9part au milieu de terrain aux c\u00f4t\u00e9s de Manuel Ugarte.<\/p>\n<p>Au cours des 63 minutes qu&#39;il a pass\u00e9es sur le terrain avant d&#39;\u00eatre remplac\u00e9 par Casemiro, Mainoo n&#39;a remport\u00e9 que deux des sept duels au sol dans lesquels il s&#39;est lanc\u00e9 et a \u00e9t\u00e9 dribbl\u00e9 \u00e0 deux reprises.<\/p>\n<p>Il a r\u00e9ussi 20 des 29 passes qu&#39;il a tent\u00e9es. Trois d\u2019entre elles \u00e9taient des passes cl\u00e9s.<\/p>\n<p>(Statistiques obtenues de )<\/p>\n<p>Alors que beaucoup pensaient que le remplacement de Mainoo \u00e9tait d\u00fb \u00e0 sa mauvaise performance ou \u00e0 une r\u00e9action au carton rouge de Bruno Fernandes, il est maintenant apparu qu&#39;il est possible que le changement ait \u00e9t\u00e9 d\u00fb \u00e0 une blessure.<\/p>\n<p>En effet, selon le journaliste du Manchester Evening News Steven Railston, il a rep\u00e9r\u00e9 Mainoo apr\u00e8s le match et le milieu de terrain ne bougeait pas trop confortablement.<\/p>\n<p>Railston a \u00e9crit sur X : \u00ab Kobbie Mainoo boitait alors qu&#39;il traversait la zone mixte. J&#39;esp\u00e8re que c&#39;est juste de la fatigue.<\/p>\n<blockquote class=\"twitter-tweet\">\n<p lang=\"en\" dir=\"ltr\">Kobbie Mainoo boitait alors qu&#39;il traversait la zone mixte. J&#39;esp\u00e8re que c&#39;est juste de la fatigue <a rel=\"nofollow\" href=\"https:\/\/twitter.com\/hashtag\/mufc?src=hash&amp;ref_src=twsrc%5Etfw\">#mufc<\/a><\/p>\n<p>\u2013Steven Railston (@StevenRailston) <a rel=\"nofollow\" href=\"https:\/\/twitter.com\/StevenRailston\/status\/1872370959925252140?ref_src=twsrc%5Etfw\">26 d\u00e9cembre 2024<\/a><\/p>\n<\/blockquote>\n<p>Mainoo a fait son retour d&#39;une blessure de huit semaines \u00e0 la mi-novembre et a accumul\u00e9 364 minutes de temps de jeu en six apparitions depuis lors.<\/p>\n<p>S&#39;il y a un probl\u00e8me avec la forme physique du joueur de 19 ans, Amorim ou le club publieront une mise \u00e0 jour tr\u00e8s prochainement.<\/p>\n<p>Mainoo \u00e9tant bless\u00e9 est la derni\u00e8re chose dont Amorim a besoin, Fernandes et Manuel Ugarte \u00e9tant tous deux exclus de la rencontre de lundi avec Newcastle \u00e0 Old Trafford.<\/p>\n<\/p>\n<hr>\n<p>Suivez-nous sur Bluesky\u00a0: @peoplesperson.bsky.social<br \/><!--Article End--><\/p>\n<p><!-- CONTENT END 3 --><\/p><\/div>\n<p><script async src=\"https:\/\/platform.twitter.com\/widgets.js\" charset=\"utf-8\"><\/script><\/p>\n","protected":false},"excerpt":{"rendered":"<p>1 Le patron de Manchester United, Ruben Amorim, a peut-\u00eatre subi un autre coup dur potentiel puisque Kobbie Mainoo a \u00e9t\u00e9 aper\u00e7u en train de<\/p>\n","protected":false},"author":1,"featured_media":17993,"comment_status":"closed","ping_status":"","sticky":false,"template":"","format":"standard","meta":{"footnotes":""},"categories":[3],"tags":[318,284,25,155,7487,20,1473,425,12,217,1727,93,1728,24,4290,2725,3600,13,1454],"yoast_head":"<!-- This site is optimized with the Yoast SEO plugin v21.0 - https:\/\/yoast.com\/wordpress\/plugins\/seo\/ -->\n<title>Kobbie Mainoo suscite des craintes de blessures alors qu&#039;il est aper\u00e7u en train de boiter apr\u00e8s la d\u00e9faite de Man United contre les Wolves -<\/title>\n<meta name=\"robots\" content=\"index, follow, max-snippet:-1, max-image-preview:large, max-video-preview:-1\" \/>\n<link rel=\"canonical\" href=\"https:\/\/footdavant.fr\/actualites\/kobbie-mainoo-suscite-des-craintes-de-blessures-alors-quil-est-apercu-en-train-de-boiter-apres-la-defaite-de-man-united-contre-les-wolves\/\" \/>\n<meta property=\"og:locale\" content=\"fr_FR\" \/>\n<meta property=\"og:type\" content=\"article\" \/>\n<meta property=\"og:title\" content=\"Kobbie Mainoo suscite des craintes de blessures alors qu&#039;il est aper\u00e7u en train de boiter apr\u00e8s la d\u00e9faite de Man United contre les Wolves -\" \/>\n<meta property=\"og:description\" content=\"1 Le patron de Manchester United, Ruben Amorim, a peut-\u00eatre subi un autre coup dur potentiel puisque Kobbie Mainoo a \u00e9t\u00e9 aper\u00e7u en train de\" \/>\n<meta property=\"og:url\" content=\"https:\/\/footdavant.fr\/actualites\/kobbie-mainoo-suscite-des-craintes-de-blessures-alors-quil-est-apercu-en-train-de-boiter-apres-la-defaite-de-man-united-contre-les-wolves\/\" \/>\n<meta property=\"og:site_name\" content=\"Foot d&#039;avant\" \/>\n<meta property=\"article:publisher\" content=\"https:\/\/www.facebook.com\/Footdavant\/\" \/>\n<meta property=\"article:published_time\" content=\"2024-12-27T11:50:25+00:00\" \/>\n<meta property=\"article:modified_time\" content=\"2024-12-27T11:50:28+00:00\" \/>\n<meta property=\"og:image\" content=\"https:\/\/footdavant.fr\/actualites\/wp-content\/uploads\/2024\/12\/Kobbie-Mainoo-suscite-des-craintes-de-blessures-alors-qu39il-est.jpg\" \/>\n\t<meta property=\"og:image:width\" content=\"1600\" \/>\n\t<meta property=\"og:image:height\" content=\"734\" \/>\n\t<meta property=\"og:image:type\" content=\"image\/jpeg\" \/>\n<meta name=\"author\" content=\"Cl\u00e9ment\" \/>\n<meta name=\"twitter:card\" content=\"summary_large_image\" \/>\n<meta name=\"twitter:creator\" content=\"@FootdavantFr\" \/>\n<meta name=\"twitter:site\" content=\"@FootdavantFr\" \/>\n<meta name=\"twitter:label1\" content=\"\u00c9crit par\" \/>\n\t<meta name=\"twitter:data1\" content=\"Cl\u00e9ment\" \/>\n\t<meta name=\"twitter:label2\" content=\"Dur\u00e9e de lecture estim\u00e9e\" \/>\n\t<meta name=\"twitter:data2\" content=\"2 minutes\" \/>\n<script type=\"application\/ld+json\" class=\"yoast-schema-graph\">{\"@context\":\"https:\/\/schema.org\",\"@graph\":[{\"@type\":\"Article\",\"@id\":\"https:\/\/footdavant.fr\/actualites\/kobbie-mainoo-suscite-des-craintes-de-blessures-alors-quil-est-apercu-en-train-de-boiter-apres-la-defaite-de-man-united-contre-les-wolves\/#article\",\"isPartOf\":{\"@id\":\"https:\/\/footdavant.fr\/actualites\/kobbie-mainoo-suscite-des-craintes-de-blessures-alors-quil-est-apercu-en-train-de-boiter-apres-la-defaite-de-man-united-contre-les-wolves\/\"},\"author\":{\"name\":\"Cl\u00e9ment\",\"@id\":\"https:\/\/footdavant.fr\/actualites\/#\/schema\/person\/bc222566d95871b37e597b3ed3ba5e1d\"},\"headline\":\"Kobbie Mainoo suscite des craintes de blessures alors qu&#39;il est aper\u00e7u en train de boiter apr\u00e8s la d\u00e9faite de Man United contre les Wolves &#8211;\",\"datePublished\":\"2024-12-27T11:50:25+00:00\",\"dateModified\":\"2024-12-27T11:50:28+00:00\",\"mainEntityOfPage\":{\"@id\":\"https:\/\/footdavant.fr\/actualites\/kobbie-mainoo-suscite-des-craintes-de-blessures-alors-quil-est-apercu-en-train-de-boiter-apres-la-defaite-de-man-united-contre-les-wolves\/\"},\"wordCount\":481,\"publisher\":{\"@id\":\"https:\/\/footdavant.fr\/actualites\/#organization\"},\"keywords\":[\"alors\",\"Aper\u00e7u\",\"apr\u00e8s\",\"blessures\",\"boiter\",\"contre\",\"craintes\",\"d\u00e9faite\",\"des\",\"est\",\"Kobbie\",\"les\",\"Mainoo\",\"Man\",\"qu39il\",\"suscite\",\"train\",\"United\",\"Wolves\"],\"articleSection\":[\"Football\"],\"inLanguage\":\"fr-FR\"},{\"@type\":\"WebPage\",\"@id\":\"https:\/\/footdavant.fr\/actualites\/kobbie-mainoo-suscite-des-craintes-de-blessures-alors-quil-est-apercu-en-train-de-boiter-apres-la-defaite-de-man-united-contre-les-wolves\/\",\"url\":\"https:\/\/footdavant.fr\/actualites\/kobbie-mainoo-suscite-des-craintes-de-blessures-alors-quil-est-apercu-en-train-de-boiter-apres-la-defaite-de-man-united-contre-les-wolves\/\",\"name\":\"Kobbie Mainoo suscite des craintes de blessures alors qu&#39;il est aper\u00e7u en train de boiter apr\u00e8s la d\u00e9faite de Man United contre les Wolves -\",\"isPartOf\":{\"@id\":\"https:\/\/footdavant.fr\/actualites\/#website\"},\"datePublished\":\"2024-12-27T11:50:25+00:00\",\"dateModified\":\"2024-12-27T11:50:28+00:00\",\"breadcrumb\":{\"@id\":\"https:\/\/footdavant.fr\/actualites\/kobbie-mainoo-suscite-des-craintes-de-blessures-alors-quil-est-apercu-en-train-de-boiter-apres-la-defaite-de-man-united-contre-les-wolves\/#breadcrumb\"},\"inLanguage\":\"fr-FR\",\"potentialAction\":[{\"@type\":\"ReadAction\",\"target\":[\"https:\/\/footdavant.fr\/actualites\/kobbie-mainoo-suscite-des-craintes-de-blessures-alors-quil-est-apercu-en-train-de-boiter-apres-la-defaite-de-man-united-contre-les-wolves\/\"]}]},{\"@type\":\"BreadcrumbList\",\"@id\":\"https:\/\/footdavant.fr\/actualites\/kobbie-mainoo-suscite-des-craintes-de-blessures-alors-quil-est-apercu-en-train-de-boiter-apres-la-defaite-de-man-united-contre-les-wolves\/#breadcrumb\",\"itemListElement\":[{\"@type\":\"ListItem\",\"position\":1,\"name\":\"Accueil\",\"item\":\"https:\/\/footdavant.fr\/actualites\/\"},{\"@type\":\"ListItem\",\"position\":2,\"name\":\"Kobbie Mainoo suscite des craintes de blessures alors qu&#39;il est aper\u00e7u en train de boiter apr\u00e8s la d\u00e9faite de Man United contre les Wolves &#8211;\"}]},{\"@type\":\"WebSite\",\"@id\":\"https:\/\/footdavant.fr\/actualites\/#website\",\"url\":\"https:\/\/footdavant.fr\/actualites\/\",\"name\":\"Foot d'avant\",\"description\":\"\",\"publisher\":{\"@id\":\"https:\/\/footdavant.fr\/actualites\/#organization\"},\"potentialAction\":[{\"@type\":\"SearchAction\",\"target\":{\"@type\":\"EntryPoint\",\"urlTemplate\":\"https:\/\/footdavant.fr\/actualites\/?s={search_term_string}\"},\"query-input\":\"required name=search_term_string\"}],\"inLanguage\":\"fr-FR\"},{\"@type\":\"Organization\",\"@id\":\"https:\/\/footdavant.fr\/actualites\/#organization\",\"name\":\"Foot d'avant\",\"url\":\"https:\/\/footdavant.fr\/actualites\/\",\"logo\":{\"@type\":\"ImageObject\",\"inLanguage\":\"fr-FR\",\"@id\":\"https:\/\/footdavant.fr\/actualites\/#\/schema\/logo\/image\/\",\"url\":\"https:\/\/footdavant.fr\/actualites\/wp-content\/uploads\/2023\/09\/Copy-of-FootDavant-Logo.png\",\"contentUrl\":\"https:\/\/footdavant.fr\/actualites\/wp-content\/uploads\/2023\/09\/Copy-of-FootDavant-Logo.png\",\"width\":936,\"height\":549,\"caption\":\"Foot d'avant\"},\"image\":{\"@id\":\"https:\/\/footdavant.fr\/actualites\/#\/schema\/logo\/image\/\"},\"sameAs\":[\"https:\/\/www.facebook.com\/Footdavant\/\",\"https:\/\/twitter.com\/FootdavantFr\",\"https:\/\/www.instagram.com\/footdavant.fr\/\"]},{\"@type\":\"Person\",\"@id\":\"https:\/\/footdavant.fr\/actualites\/#\/schema\/person\/bc222566d95871b37e597b3ed3ba5e1d\",\"name\":\"Cl\u00e9ment\",\"image\":{\"@type\":\"ImageObject\",\"inLanguage\":\"fr-FR\",\"@id\":\"https:\/\/footdavant.fr\/actualites\/#\/schema\/person\/image\/\",\"url\":\"https:\/\/secure.gravatar.com\/avatar\/7728b29aac2719421e1a9159b2254c44?s=96&d=mm&r=g\",\"contentUrl\":\"https:\/\/secure.gravatar.com\/avatar\/7728b29aac2719421e1a9159b2254c44?s=96&d=mm&r=g\",\"caption\":\"Cl\u00e9ment\"},\"sameAs\":[\"https:\/\/footdavant.fr\/\"]}]}<\/script>\n<!-- \/ Yoast SEO plugin. -->","yoast_head_json":{"title":"Kobbie Mainoo suscite des craintes de blessures alors qu&#39;il est aper\u00e7u en train de boiter apr\u00e8s la d\u00e9faite de Man United contre les Wolves -","robots":{"index":"index","follow":"follow","max-snippet":"max-snippet:-1","max-image-preview":"max-image-preview:large","max-video-preview":"max-video-preview:-1"},"canonical":"https:\/\/footdavant.fr\/actualites\/kobbie-mainoo-suscite-des-craintes-de-blessures-alors-quil-est-apercu-en-train-de-boiter-apres-la-defaite-de-man-united-contre-les-wolves\/","og_locale":"fr_FR","og_type":"article","og_title":"Kobbie Mainoo suscite des craintes de blessures alors qu&#39;il est aper\u00e7u en train de boiter apr\u00e8s la d\u00e9faite de Man United contre les Wolves -","og_description":"1 Le patron de Manchester United, Ruben Amorim, a peut-\u00eatre subi un autre coup dur potentiel puisque Kobbie Mainoo a \u00e9t\u00e9 aper\u00e7u en train de","og_url":"https:\/\/footdavant.fr\/actualites\/kobbie-mainoo-suscite-des-craintes-de-blessures-alors-quil-est-apercu-en-train-de-boiter-apres-la-defaite-de-man-united-contre-les-wolves\/","og_site_name":"Foot d&#039;avant","article_publisher":"https:\/\/www.facebook.com\/Footdavant\/","article_published_time":"2024-12-27T11:50:25+00:00","article_modified_time":"2024-12-27T11:50:28+00:00","og_image":[{"width":1600,"height":734,"url":"https:\/\/footdavant.fr\/actualites\/wp-content\/uploads\/2024\/12\/Kobbie-Mainoo-suscite-des-craintes-de-blessures-alors-qu39il-est.jpg","type":"image\/jpeg"}],"author":"Cl\u00e9ment","twitter_card":"summary_large_image","twitter_creator":"@FootdavantFr","twitter_site":"@FootdavantFr","twitter_misc":{"\u00c9crit par":"Cl\u00e9ment","Dur\u00e9e de lecture estim\u00e9e":"2 minutes"},"schema":{"@context":"https:\/\/schema.org","@graph":[{"@type":"Article","@id":"https:\/\/footdavant.fr\/actualites\/kobbie-mainoo-suscite-des-craintes-de-blessures-alors-quil-est-apercu-en-train-de-boiter-apres-la-defaite-de-man-united-contre-les-wolves\/#article","isPartOf":{"@id":"https:\/\/footdavant.fr\/actualites\/kobbie-mainoo-suscite-des-craintes-de-blessures-alors-quil-est-apercu-en-train-de-boiter-apres-la-defaite-de-man-united-contre-les-wolves\/"},"author":{"name":"Cl\u00e9ment","@id":"https:\/\/footdavant.fr\/actualites\/#\/schema\/person\/bc222566d95871b37e597b3ed3ba5e1d"},"headline":"Kobbie Mainoo suscite des craintes de blessures alors qu&#39;il est aper\u00e7u en train de boiter apr\u00e8s la d\u00e9faite de Man United contre les Wolves &#8211;","datePublished":"2024-12-27T11:50:25+00:00","dateModified":"2024-12-27T11:50:28+00:00","mainEntityOfPage":{"@id":"https:\/\/footdavant.fr\/actualites\/kobbie-mainoo-suscite-des-craintes-de-blessures-alors-quil-est-apercu-en-train-de-boiter-apres-la-defaite-de-man-united-contre-les-wolves\/"},"wordCount":481,"publisher":{"@id":"https:\/\/footdavant.fr\/actualites\/#organization"},"keywords":["alors","Aper\u00e7u","apr\u00e8s","blessures","boiter","contre","craintes","d\u00e9faite","des","est","Kobbie","les","Mainoo","Man","qu39il","suscite","train","United","Wolves"],"articleSection":["Football"],"inLanguage":"fr-FR"},{"@type":"WebPage","@id":"https:\/\/footdavant.fr\/actualites\/kobbie-mainoo-suscite-des-craintes-de-blessures-alors-quil-est-apercu-en-train-de-boiter-apres-la-defaite-de-man-united-contre-les-wolves\/","url":"https:\/\/footdavant.fr\/actualites\/kobbie-mainoo-suscite-des-craintes-de-blessures-alors-quil-est-apercu-en-train-de-boiter-apres-la-defaite-de-man-united-contre-les-wolves\/","name":"Kobbie Mainoo suscite des craintes de blessures alors qu&#39;il est aper\u00e7u en train de boiter apr\u00e8s la d\u00e9faite de Man United contre les Wolves -","isPartOf":{"@id":"https:\/\/footdavant.fr\/actualites\/#website"},"datePublished":"2024-12-27T11:50:25+00:00","dateModified":"2024-12-27T11:50:28+00:00","breadcrumb":{"@id":"https:\/\/footdavant.fr\/actualites\/kobbie-mainoo-suscite-des-craintes-de-blessures-alors-quil-est-apercu-en-train-de-boiter-apres-la-defaite-de-man-united-contre-les-wolves\/#breadcrumb"},"inLanguage":"fr-FR","potentialAction":[{"@type":"ReadAction","target":["https:\/\/footdavant.fr\/actualites\/kobbie-mainoo-suscite-des-craintes-de-blessures-alors-quil-est-apercu-en-train-de-boiter-apres-la-defaite-de-man-united-contre-les-wolves\/"]}]},{"@type":"BreadcrumbList","@id":"https:\/\/footdavant.fr\/actualites\/kobbie-mainoo-suscite-des-craintes-de-blessures-alors-quil-est-apercu-en-train-de-boiter-apres-la-defaite-de-man-united-contre-les-wolves\/#breadcrumb","itemListElement":[{"@type":"ListItem","position":1,"name":"Accueil","item":"https:\/\/footdavant.fr\/actualites\/"},{"@type":"ListItem","position":2,"name":"Kobbie Mainoo suscite des craintes de blessures alors qu&#39;il est aper\u00e7u en train de boiter apr\u00e8s la d\u00e9faite de Man United contre les Wolves &#8211;"}]},{"@type":"WebSite","@id":"https:\/\/footdavant.fr\/actualites\/#website","url":"https:\/\/footdavant.fr\/actualites\/","name":"Foot d'avant","description":"","publisher":{"@id":"https:\/\/footdavant.fr\/actualites\/#organization"},"potentialAction":[{"@type":"SearchAction","target":{"@type":"EntryPoint","urlTemplate":"https:\/\/footdavant.fr\/actualites\/?s={search_term_string}"},"query-input":"required name=search_term_string"}],"inLanguage":"fr-FR"},{"@type":"Organization","@id":"https:\/\/footdavant.fr\/actualites\/#organization","name":"Foot d'avant","url":"https:\/\/footdavant.fr\/actualites\/","logo":{"@type":"ImageObject","inLanguage":"fr-FR","@id":"https:\/\/footdavant.fr\/actualites\/#\/schema\/logo\/image\/","url":"https:\/\/footdavant.fr\/actualites\/wp-content\/uploads\/2023\/09\/Copy-of-FootDavant-Logo.png","contentUrl":"https:\/\/footdavant.fr\/actualites\/wp-content\/uploads\/2023\/09\/Copy-of-FootDavant-Logo.png","width":936,"height":549,"caption":"Foot d'avant"},"image":{"@id":"https:\/\/footdavant.fr\/actualites\/#\/schema\/logo\/image\/"},"sameAs":["https:\/\/www.facebook.com\/Footdavant\/","https:\/\/twitter.com\/FootdavantFr","https:\/\/www.instagram.com\/footdavant.fr\/"]},{"@type":"Person","@id":"https:\/\/footdavant.fr\/actualites\/#\/schema\/person\/bc222566d95871b37e597b3ed3ba5e1d","name":"Cl\u00e9ment","image":{"@type":"ImageObject","inLanguage":"fr-FR","@id":"https:\/\/footdavant.fr\/actualites\/#\/schema\/person\/image\/","url":"https:\/\/secure.gravatar.com\/avatar\/7728b29aac2719421e1a9159b2254c44?s=96&d=mm&r=g","contentUrl":"https:\/\/secure.gravatar.com\/avatar\/7728b29aac2719421e1a9159b2254c44?s=96&d=mm&r=g","caption":"Cl\u00e9ment"},"sameAs":["https:\/\/footdavant.fr\/"]}]}},"_links":{"self":[{"href":"https:\/\/footdavant.fr\/actualites\/wp-json\/wp\/v2\/posts\/17992"}],"collection":[{"href":"https:\/\/footdavant.fr\/actualites\/wp-json\/wp\/v2\/posts"}],"about":[{"href":"https:\/\/footdavant.fr\/actualites\/wp-json\/wp\/v2\/types\/post"}],"author":[{"embeddable":true,"href":"https:\/\/footdavant.fr\/actualites\/wp-json\/wp\/v2\/users\/1"}],"replies":[{"embeddable":true,"href":"https:\/\/footdavant.fr\/actualites\/wp-json\/wp\/v2\/comments?post=17992"}],"version-history":[{"count":1,"href":"https:\/\/footdavant.fr\/actualites\/wp-json\/wp\/v2\/posts\/17992\/revisions"}],"predecessor-version":[{"id":17994,"href":"https:\/\/footdavant.fr\/actualites\/wp-json\/wp\/v2\/posts\/17992\/revisions\/17994"}],"wp:featuredmedia":[{"embeddable":true,"href":"https:\/\/footdavant.fr\/actualites\/wp-json\/wp\/v2\/media\/17993"}],"wp:attachment":[{"href":"https:\/\/footdavant.fr\/actualites\/wp-json\/wp\/v2\/media?parent=17992"}],"wp:term":[{"taxonomy":"category","embeddable":true,"href":"https:\/\/footdavant.fr\/actualites\/wp-json\/wp\/v2\/categories?post=17992"},{"taxonomy":"post_tag","embeddable":true,"href":"https:\/\/footdavant.fr\/actualites\/wp-json\/wp\/v2\/tags?post=17992"}],"curies":[{"name":"wp","href":"https:\/\/api.w.org\/{rel}","templated":true}]}}