{"id":17998,"date":"2024-12-27T16:48:28","date_gmt":"2024-12-27T15:48:28","guid":{"rendered":"https:\/\/footdavant.fr\/actualites\/qui-remplace-saka-alors-que-nous-nous-preparons-pour-ipswich\/"},"modified":"2024-12-27T16:48:31","modified_gmt":"2024-12-27T15:48:31","slug":"qui-remplace-saka-alors-que-nous-nous-preparons-pour-ipswich","status":"publish","type":"post","link":"https:\/\/footdavant.fr\/actualites\/qui-remplace-saka-alors-que-nous-nous-preparons-pour-ipswich\/","title":{"rendered":"Qui remplace Saka alors que nous nous pr\u00e9parons pour Ipswich ?"},"content":{"rendered":"<div>\n<p>Bonjour \u00e0 tous.<\/p>\n<p>Nous sommes de retour en action ce soir quand Ipswich viendra en ville, et le principal sujet de discussion est ce que Mikel Arteta va faire en l&#39;absence de Bukayo Saka. J&#39;ai trouv\u00e9 qu&#39;il \u00e9tait assez int\u00e9ressant lors de sa conf\u00e9rence de presse de lundi, en disant\u00a0:<\/p>\n<blockquote>\n<p>Il faut regarder en interne ce qu&#39;on a et \u00eatre cr\u00e9atif, refaire un tr\u00e8s bon exercice. Comment pouvons-nous fa\u00e7onner l\u2019\u00e9quipe ? Comment pouvons-nous nous adapter aux circonstances et \u00eatre diff\u00e9rents ? Nous ne pouvons pas pr\u00e9tendre \u00eatre pareils. Nous allons devoir \u00eatre diff\u00e9rents et essayer de trouver la meilleure fa\u00e7on de le faire, \u00eatre tr\u00e8s comp\u00e9titifs et gagner beaucoup de matchs.<\/p>\n<\/blockquote>\n<p>Juste pour \u00eatre clair, je pense que Bukayo Saka est un \u00e9l\u00e9ment extr\u00eamement important de cette \u00e9quipe d\u2019Arsenal, mais peut-\u00eatre pas aussi difficile \u00e0 remplacer qu\u2019un ou deux autres. Ce qui ne veut rien lui enlever, car il est de loin l&#39;attaquant le plus productif que nous ayons, mais comme nous l&#39;avons vu lorsque Martin Odegaard n&#39;\u00e9tait pas disponible, nous n&#39;avions pas de rempla\u00e7ant naturel dans l&#39;\u00e9quipe (ou du moins l&#39;un des manager jug\u00e9 pr\u00eat pour ce niveau de temps de jeu et de responsabilit\u00e9).<\/p>\n<p>Pour Saka, vous pouvez y jouer Gabriel Martinelli \u2013 comme nous l\u2019avons fait contre Crystal Palace avec succ\u00e8s \u2013 et il y a d\u00e9j\u00e0 jou\u00e9 pour nous. Gabriel Jesus y a jou\u00e9 \u00e0 de nombreuses reprises au cours de sa carri\u00e8re, et je ne pense pas non plus qu&#39;il soit impossible que l&#39;on puisse demander \u00e0 Leandro Trossard de le remplacer \u00e0 certains moments. \u00c9videmment, Saka nous manquera, sans aucun doute, mais je ne pense pas que son absence devrait avoir un impact sur le style de jeu autant que celle d&#39;Odegaard. Le joueur qui m&#39;int\u00e9resse le plus est Ethan Nwaneri, et si nous pourrions ou non le voir d\u00e9ploy\u00e9 un peu plus en avant que d&#39;habitude.<\/p>\n<p>Ipswich \u00e0 la maison est-il une bonne occasion d\u2019essayer ? Sans rien prendre pour acquis, c&#39;est un match \u00e0 domicile contre une \u00e9quipe en difficult\u00e9, donc il y a un argument \u00e0 faire valoir, vous pourriez \u00ab\u00a0risquer\u00a0\u00bb Nwaneri l\u00e0-bas pour voir comment \u00e7a se passe, et si \u00e7a ne marche pas, vous vous tournez vers votre banc. S&#39;il s&#39;en sort bien, vous disposez d&#39;une autre option que vous n&#39;aviez peut-\u00eatre pas vraiment envisag\u00e9e auparavant. Mon intuition est qu&#39;aujourd&#39;hui, il ira avec Martinelli, mais je ne serais pas du tout oppos\u00e9 \u00e0 voir le joueur de 17 ans l\u00e0-bas d\u00e8s le d\u00e9part.<\/p>\n<p>Cette d\u00e9cision pourrait d\u00e9pendre de qui sera choisi imm\u00e9diatement. Jurrien Timber est sur 4 cartons jaunes, donc un avertissement dans l&#39;un des deux prochains matchs avant que le seuil ne soit augment\u00e9 le verrait \u00e9coper d&#39;une suspension d&#39;un match (Gabriel Jesus est dans le m\u00eame bateau, d&#39;ailleurs). Si c&#39;est quelque chose que le manager envisage, nous pourrions voir Thomas Partey \u00e0 l&#39;arri\u00e8re droit, mais nous devrons attendre et voir.<\/p>\n<p>Il existe des options de milieu de terrain avec Declan Rice, Mikel Merino et Jorginho, et il sera int\u00e9ressant de voir qui joue \u00e0 l&#39;arri\u00e8re gauche. Myles Lewis-Skelly a tr\u00e8s bien fait, mais Riccardo Calafiori est de retour. Peut-\u00eatre pourraient-ils consid\u00e9rer ce match comme un moyen de permettre \u00e0 l&#39;Italien de revenir en \u00e9quipe premi\u00e8re avec une autre apparition sur le banc. Le calendrier \u00e0 venir est ridicule comme nous le savons, donc je suis s\u00fbr qu&#39;ils feront attention \u00e0 ne pas surjouer lui apr\u00e8s un retour d&#39;un d\u00e9but de blessure \u00e0 Arsenal.<\/p>\n<p>Quelle que soit l&#39;\u00e9quipe qu&#39;il choisira, nous avons un travail \u00e0 faire aujourd&#39;hui, et m\u00eame si les trois points ont toujours \u00e9t\u00e9 primordiaux, apr\u00e8s les r\u00e9sultats d&#39;hier, il y a une opportunit\u00e9 pour nous. Liverpool continue de gagner, mais Chelsea a perdu tard, Nottingham Forest a gagn\u00e9 (haha) et se situe actuellement au-dessus de nous, tandis que Man City perdant plus de points signifie que nous avons une chance d&#39;\u00e9tendre notre avance sur eux alors que nous nous dirigeons vers la seconde moiti\u00e9 de la saison. Nous pouvons terminer deuxi\u00e8me avec une victoire aujourd\u2019hui, alors croisons les doigts pour que nous puissions y parvenir.<\/p>\n<p>Bon, je vais en rester l\u00e0 pour l&#39;instant. Nous avons un podcast en avant-premi\u00e8re disponible d\u00e8s maintenant sur Patreon. Rejoignez-nous plus tard pour une couverture du blog en direct, et vous obtiendrez le rapport du match, les clips des buts, les r\u00e9actions, les notes des joueurs et bien plus encore sur Arseblog News.<\/p>\n<p>En attendant !<\/p>\n<\/div>\n","protected":false},"excerpt":{"rendered":"<p>Bonjour \u00e0 tous. Nous sommes de retour en action ce soir quand Ipswich viendra en ville, et le principal sujet de discussion est ce que<\/p>\n","protected":false},"author":1,"featured_media":17999,"comment_status":"closed","ping_status":"","sticky":false,"template":"","format":"standard","meta":{"footnotes":""},"categories":[3],"tags":[318,4383,762,51,7488,243,1778,185],"yoast_head":"<!-- This site is optimized with the Yoast SEO plugin v21.0 - https:\/\/yoast.com\/wordpress\/plugins\/seo\/ -->\n<title>Qui remplace Saka alors que nous nous pr\u00e9parons pour Ipswich ?<\/title>\n<meta name=\"robots\" content=\"index, follow, max-snippet:-1, max-image-preview:large, max-video-preview:-1\" \/>\n<link rel=\"canonical\" href=\"https:\/\/footdavant.fr\/actualites\/qui-remplace-saka-alors-que-nous-nous-preparons-pour-ipswich\/\" \/>\n<meta property=\"og:locale\" content=\"fr_FR\" \/>\n<meta property=\"og:type\" content=\"article\" \/>\n<meta property=\"og:title\" content=\"Qui remplace Saka alors que nous nous pr\u00e9parons pour Ipswich ?\" \/>\n<meta property=\"og:description\" content=\"Bonjour \u00e0 tous. Nous sommes de retour en action ce soir quand Ipswich viendra en ville, et le principal sujet de discussion est ce que\" \/>\n<meta property=\"og:url\" content=\"https:\/\/footdavant.fr\/actualites\/qui-remplace-saka-alors-que-nous-nous-preparons-pour-ipswich\/\" \/>\n<meta property=\"og:site_name\" content=\"Foot d&#039;avant\" \/>\n<meta property=\"article:publisher\" content=\"https:\/\/www.facebook.com\/Footdavant\/\" \/>\n<meta property=\"article:published_time\" content=\"2024-12-27T15:48:28+00:00\" \/>\n<meta property=\"article:modified_time\" content=\"2024-12-27T15:48:31+00:00\" \/>\n<meta property=\"og:image\" content=\"https:\/\/footdavant.fr\/actualites\/wp-content\/uploads\/2024\/12\/Qui-remplace-Saka-alors-que-nous-nous-preparons-pour-Ipswich.jpg\" \/>\n\t<meta property=\"og:image:width\" content=\"1500\" \/>\n\t<meta property=\"og:image:height\" content=\"750\" \/>\n\t<meta property=\"og:image:type\" content=\"image\/jpeg\" \/>\n<meta name=\"author\" content=\"Cl\u00e9ment\" \/>\n<meta name=\"twitter:card\" content=\"summary_large_image\" \/>\n<meta name=\"twitter:creator\" content=\"@FootdavantFr\" \/>\n<meta name=\"twitter:site\" content=\"@FootdavantFr\" \/>\n<meta name=\"twitter:label1\" content=\"\u00c9crit par\" \/>\n\t<meta name=\"twitter:data1\" content=\"Cl\u00e9ment\" \/>\n\t<meta name=\"twitter:label2\" content=\"Dur\u00e9e de lecture estim\u00e9e\" \/>\n\t<meta name=\"twitter:data2\" content=\"4 minutes\" \/>\n<script type=\"application\/ld+json\" class=\"yoast-schema-graph\">{\"@context\":\"https:\/\/schema.org\",\"@graph\":[{\"@type\":\"Article\",\"@id\":\"https:\/\/footdavant.fr\/actualites\/qui-remplace-saka-alors-que-nous-nous-preparons-pour-ipswich\/#article\",\"isPartOf\":{\"@id\":\"https:\/\/footdavant.fr\/actualites\/qui-remplace-saka-alors-que-nous-nous-preparons-pour-ipswich\/\"},\"author\":{\"name\":\"Cl\u00e9ment\",\"@id\":\"https:\/\/footdavant.fr\/actualites\/#\/schema\/person\/bc222566d95871b37e597b3ed3ba5e1d\"},\"headline\":\"Qui remplace Saka alors que nous nous pr\u00e9parons pour Ipswich ?\",\"datePublished\":\"2024-12-27T15:48:28+00:00\",\"dateModified\":\"2024-12-27T15:48:31+00:00\",\"mainEntityOfPage\":{\"@id\":\"https:\/\/footdavant.fr\/actualites\/qui-remplace-saka-alors-que-nous-nous-preparons-pour-ipswich\/\"},\"wordCount\":815,\"publisher\":{\"@id\":\"https:\/\/footdavant.fr\/actualites\/#organization\"},\"keywords\":[\"alors\",\"Ipswich\",\"nous\",\"pour\",\"pr\u00e9parons\",\"qui\",\"remplace\",\"Saka\"],\"articleSection\":[\"Football\"],\"inLanguage\":\"fr-FR\"},{\"@type\":\"WebPage\",\"@id\":\"https:\/\/footdavant.fr\/actualites\/qui-remplace-saka-alors-que-nous-nous-preparons-pour-ipswich\/\",\"url\":\"https:\/\/footdavant.fr\/actualites\/qui-remplace-saka-alors-que-nous-nous-preparons-pour-ipswich\/\",\"name\":\"Qui remplace Saka alors que nous nous pr\u00e9parons pour Ipswich ?\",\"isPartOf\":{\"@id\":\"https:\/\/footdavant.fr\/actualites\/#website\"},\"datePublished\":\"2024-12-27T15:48:28+00:00\",\"dateModified\":\"2024-12-27T15:48:31+00:00\",\"breadcrumb\":{\"@id\":\"https:\/\/footdavant.fr\/actualites\/qui-remplace-saka-alors-que-nous-nous-preparons-pour-ipswich\/#breadcrumb\"},\"inLanguage\":\"fr-FR\",\"potentialAction\":[{\"@type\":\"ReadAction\",\"target\":[\"https:\/\/footdavant.fr\/actualites\/qui-remplace-saka-alors-que-nous-nous-preparons-pour-ipswich\/\"]}]},{\"@type\":\"BreadcrumbList\",\"@id\":\"https:\/\/footdavant.fr\/actualites\/qui-remplace-saka-alors-que-nous-nous-preparons-pour-ipswich\/#breadcrumb\",\"itemListElement\":[{\"@type\":\"ListItem\",\"position\":1,\"name\":\"Accueil\",\"item\":\"https:\/\/footdavant.fr\/actualites\/\"},{\"@type\":\"ListItem\",\"position\":2,\"name\":\"Qui remplace Saka alors que nous nous pr\u00e9parons pour Ipswich ?\"}]},{\"@type\":\"WebSite\",\"@id\":\"https:\/\/footdavant.fr\/actualites\/#website\",\"url\":\"https:\/\/footdavant.fr\/actualites\/\",\"name\":\"Foot d'avant\",\"description\":\"\",\"publisher\":{\"@id\":\"https:\/\/footdavant.fr\/actualites\/#organization\"},\"potentialAction\":[{\"@type\":\"SearchAction\",\"target\":{\"@type\":\"EntryPoint\",\"urlTemplate\":\"https:\/\/footdavant.fr\/actualites\/?s={search_term_string}\"},\"query-input\":\"required name=search_term_string\"}],\"inLanguage\":\"fr-FR\"},{\"@type\":\"Organization\",\"@id\":\"https:\/\/footdavant.fr\/actualites\/#organization\",\"name\":\"Foot d'avant\",\"url\":\"https:\/\/footdavant.fr\/actualites\/\",\"logo\":{\"@type\":\"ImageObject\",\"inLanguage\":\"fr-FR\",\"@id\":\"https:\/\/footdavant.fr\/actualites\/#\/schema\/logo\/image\/\",\"url\":\"https:\/\/footdavant.fr\/actualites\/wp-content\/uploads\/2023\/09\/Copy-of-FootDavant-Logo.png\",\"contentUrl\":\"https:\/\/footdavant.fr\/actualites\/wp-content\/uploads\/2023\/09\/Copy-of-FootDavant-Logo.png\",\"width\":936,\"height\":549,\"caption\":\"Foot d'avant\"},\"image\":{\"@id\":\"https:\/\/footdavant.fr\/actualites\/#\/schema\/logo\/image\/\"},\"sameAs\":[\"https:\/\/www.facebook.com\/Footdavant\/\",\"https:\/\/twitter.com\/FootdavantFr\",\"https:\/\/www.instagram.com\/footdavant.fr\/\"]},{\"@type\":\"Person\",\"@id\":\"https:\/\/footdavant.fr\/actualites\/#\/schema\/person\/bc222566d95871b37e597b3ed3ba5e1d\",\"name\":\"Cl\u00e9ment\",\"image\":{\"@type\":\"ImageObject\",\"inLanguage\":\"fr-FR\",\"@id\":\"https:\/\/footdavant.fr\/actualites\/#\/schema\/person\/image\/\",\"url\":\"https:\/\/secure.gravatar.com\/avatar\/7728b29aac2719421e1a9159b2254c44?s=96&d=mm&r=g\",\"contentUrl\":\"https:\/\/secure.gravatar.com\/avatar\/7728b29aac2719421e1a9159b2254c44?s=96&d=mm&r=g\",\"caption\":\"Cl\u00e9ment\"},\"sameAs\":[\"https:\/\/footdavant.fr\/\"]}]}<\/script>\n<!-- \/ Yoast SEO plugin. -->","yoast_head_json":{"title":"Qui remplace Saka alors que nous nous pr\u00e9parons pour Ipswich ?","robots":{"index":"index","follow":"follow","max-snippet":"max-snippet:-1","max-image-preview":"max-image-preview:large","max-video-preview":"max-video-preview:-1"},"canonical":"https:\/\/footdavant.fr\/actualites\/qui-remplace-saka-alors-que-nous-nous-preparons-pour-ipswich\/","og_locale":"fr_FR","og_type":"article","og_title":"Qui remplace Saka alors que nous nous pr\u00e9parons pour Ipswich ?","og_description":"Bonjour \u00e0 tous. Nous sommes de retour en action ce soir quand Ipswich viendra en ville, et le principal sujet de discussion est ce que","og_url":"https:\/\/footdavant.fr\/actualites\/qui-remplace-saka-alors-que-nous-nous-preparons-pour-ipswich\/","og_site_name":"Foot d&#039;avant","article_publisher":"https:\/\/www.facebook.com\/Footdavant\/","article_published_time":"2024-12-27T15:48:28+00:00","article_modified_time":"2024-12-27T15:48:31+00:00","og_image":[{"width":1500,"height":750,"url":"https:\/\/footdavant.fr\/actualites\/wp-content\/uploads\/2024\/12\/Qui-remplace-Saka-alors-que-nous-nous-preparons-pour-Ipswich.jpg","type":"image\/jpeg"}],"author":"Cl\u00e9ment","twitter_card":"summary_large_image","twitter_creator":"@FootdavantFr","twitter_site":"@FootdavantFr","twitter_misc":{"\u00c9crit par":"Cl\u00e9ment","Dur\u00e9e de lecture estim\u00e9e":"4 minutes"},"schema":{"@context":"https:\/\/schema.org","@graph":[{"@type":"Article","@id":"https:\/\/footdavant.fr\/actualites\/qui-remplace-saka-alors-que-nous-nous-preparons-pour-ipswich\/#article","isPartOf":{"@id":"https:\/\/footdavant.fr\/actualites\/qui-remplace-saka-alors-que-nous-nous-preparons-pour-ipswich\/"},"author":{"name":"Cl\u00e9ment","@id":"https:\/\/footdavant.fr\/actualites\/#\/schema\/person\/bc222566d95871b37e597b3ed3ba5e1d"},"headline":"Qui remplace Saka alors que nous nous pr\u00e9parons pour Ipswich ?","datePublished":"2024-12-27T15:48:28+00:00","dateModified":"2024-12-27T15:48:31+00:00","mainEntityOfPage":{"@id":"https:\/\/footdavant.fr\/actualites\/qui-remplace-saka-alors-que-nous-nous-preparons-pour-ipswich\/"},"wordCount":815,"publisher":{"@id":"https:\/\/footdavant.fr\/actualites\/#organization"},"keywords":["alors","Ipswich","nous","pour","pr\u00e9parons","qui","remplace","Saka"],"articleSection":["Football"],"inLanguage":"fr-FR"},{"@type":"WebPage","@id":"https:\/\/footdavant.fr\/actualites\/qui-remplace-saka-alors-que-nous-nous-preparons-pour-ipswich\/","url":"https:\/\/footdavant.fr\/actualites\/qui-remplace-saka-alors-que-nous-nous-preparons-pour-ipswich\/","name":"Qui remplace Saka alors que nous nous pr\u00e9parons pour Ipswich ?","isPartOf":{"@id":"https:\/\/footdavant.fr\/actualites\/#website"},"datePublished":"2024-12-27T15:48:28+00:00","dateModified":"2024-12-27T15:48:31+00:00","breadcrumb":{"@id":"https:\/\/footdavant.fr\/actualites\/qui-remplace-saka-alors-que-nous-nous-preparons-pour-ipswich\/#breadcrumb"},"inLanguage":"fr-FR","potentialAction":[{"@type":"ReadAction","target":["https:\/\/footdavant.fr\/actualites\/qui-remplace-saka-alors-que-nous-nous-preparons-pour-ipswich\/"]}]},{"@type":"BreadcrumbList","@id":"https:\/\/footdavant.fr\/actualites\/qui-remplace-saka-alors-que-nous-nous-preparons-pour-ipswich\/#breadcrumb","itemListElement":[{"@type":"ListItem","position":1,"name":"Accueil","item":"https:\/\/footdavant.fr\/actualites\/"},{"@type":"ListItem","position":2,"name":"Qui remplace Saka alors que nous nous pr\u00e9parons pour Ipswich ?"}]},{"@type":"WebSite","@id":"https:\/\/footdavant.fr\/actualites\/#website","url":"https:\/\/footdavant.fr\/actualites\/","name":"Foot d'avant","description":"","publisher":{"@id":"https:\/\/footdavant.fr\/actualites\/#organization"},"potentialAction":[{"@type":"SearchAction","target":{"@type":"EntryPoint","urlTemplate":"https:\/\/footdavant.fr\/actualites\/?s={search_term_string}"},"query-input":"required name=search_term_string"}],"inLanguage":"fr-FR"},{"@type":"Organization","@id":"https:\/\/footdavant.fr\/actualites\/#organization","name":"Foot d'avant","url":"https:\/\/footdavant.fr\/actualites\/","logo":{"@type":"ImageObject","inLanguage":"fr-FR","@id":"https:\/\/footdavant.fr\/actualites\/#\/schema\/logo\/image\/","url":"https:\/\/footdavant.fr\/actualites\/wp-content\/uploads\/2023\/09\/Copy-of-FootDavant-Logo.png","contentUrl":"https:\/\/footdavant.fr\/actualites\/wp-content\/uploads\/2023\/09\/Copy-of-FootDavant-Logo.png","width":936,"height":549,"caption":"Foot d'avant"},"image":{"@id":"https:\/\/footdavant.fr\/actualites\/#\/schema\/logo\/image\/"},"sameAs":["https:\/\/www.facebook.com\/Footdavant\/","https:\/\/twitter.com\/FootdavantFr","https:\/\/www.instagram.com\/footdavant.fr\/"]},{"@type":"Person","@id":"https:\/\/footdavant.fr\/actualites\/#\/schema\/person\/bc222566d95871b37e597b3ed3ba5e1d","name":"Cl\u00e9ment","image":{"@type":"ImageObject","inLanguage":"fr-FR","@id":"https:\/\/footdavant.fr\/actualites\/#\/schema\/person\/image\/","url":"https:\/\/secure.gravatar.com\/avatar\/7728b29aac2719421e1a9159b2254c44?s=96&d=mm&r=g","contentUrl":"https:\/\/secure.gravatar.com\/avatar\/7728b29aac2719421e1a9159b2254c44?s=96&d=mm&r=g","caption":"Cl\u00e9ment"},"sameAs":["https:\/\/footdavant.fr\/"]}]}},"_links":{"self":[{"href":"https:\/\/footdavant.fr\/actualites\/wp-json\/wp\/v2\/posts\/17998"}],"collection":[{"href":"https:\/\/footdavant.fr\/actualites\/wp-json\/wp\/v2\/posts"}],"about":[{"href":"https:\/\/footdavant.fr\/actualites\/wp-json\/wp\/v2\/types\/post"}],"author":[{"embeddable":true,"href":"https:\/\/footdavant.fr\/actualites\/wp-json\/wp\/v2\/users\/1"}],"replies":[{"embeddable":true,"href":"https:\/\/footdavant.fr\/actualites\/wp-json\/wp\/v2\/comments?post=17998"}],"version-history":[{"count":1,"href":"https:\/\/footdavant.fr\/actualites\/wp-json\/wp\/v2\/posts\/17998\/revisions"}],"predecessor-version":[{"id":18000,"href":"https:\/\/footdavant.fr\/actualites\/wp-json\/wp\/v2\/posts\/17998\/revisions\/18000"}],"wp:featuredmedia":[{"embeddable":true,"href":"https:\/\/footdavant.fr\/actualites\/wp-json\/wp\/v2\/media\/17999"}],"wp:attachment":[{"href":"https:\/\/footdavant.fr\/actualites\/wp-json\/wp\/v2\/media?parent=17998"}],"wp:term":[{"taxonomy":"category","embeddable":true,"href":"https:\/\/footdavant.fr\/actualites\/wp-json\/wp\/v2\/categories?post=17998"},{"taxonomy":"post_tag","embeddable":true,"href":"https:\/\/footdavant.fr\/actualites\/wp-json\/wp\/v2\/tags?post=17998"}],"curies":[{"name":"wp","href":"https:\/\/api.w.org\/{rel}","templated":true}]}}