{"id":18001,"date":"2024-12-27T18:48:34","date_gmt":"2024-12-27T17:48:34","guid":{"rendered":"https:\/\/footdavant.fr\/actualites\/nouvelles-du-transfert-darsenal-les-gunners-menent-la-course-a-cinq-equipes-pour-larriere-gauche-de-24-ans\/"},"modified":"2024-12-27T18:48:35","modified_gmt":"2024-12-27T17:48:35","slug":"nouvelles-du-transfert-darsenal-les-gunners-menent-la-course-a-cinq-equipes-pour-larriere-gauche-de-24-ans","status":"publish","type":"post","link":"https:\/\/footdavant.fr\/actualites\/nouvelles-du-transfert-darsenal-les-gunners-menent-la-course-a-cinq-equipes-pour-larriere-gauche-de-24-ans\/","title":{"rendered":"Nouvelles du transfert d&#39;Arsenal : les Gunners \u00ab m\u00e8nent \u00bb la course \u00e0 cinq \u00e9quipes pour l&#39;arri\u00e8re gauche de 24 ans"},"content":{"rendered":"<p>Arsenal, Tottenham Hotspur et Chelsea seraient tous pr\u00eats \u00e0 s&#39;affronter pour les services du d\u00e9fenseur du Club de Bruges Maxim De Cuyper lors de la fen\u00eatre de janvier.<\/p>\n<div id=\"article_body\" itemprop=\"articleBody\">\n<h3 class=\"firstPara\">\n<strong class=\"autotag\">Arsenal<\/strong>, <strong class=\"autotag\">Tottenham Hotspur<\/strong> et <strong class=\"autotag\">Chelsea<\/strong> sont cens\u00e9s \u00eatre tous pr\u00eats \u00e0 s&#39;affronter pour obtenir les services de <strong class=\"autotag\">Club de Bruges<\/strong> d\u00e9fenseur <strong class=\"autotag\">Maxime De Cuyper<\/strong> dans la fen\u00eatre de janvier.<\/h3>\n<p>Le joueur de 24 ans est inscrit chez les g\u00e9ants belges depuis 2008 et est d\u00e9sormais l&#39;un des joyaux de leur couronne, avec un but et quatre passes d\u00e9cisives en 24 apparitions cette saison.<\/p>\n<p>Officiellement promu dans l&#39;\u00e9quipe premi\u00e8re en 2020, De Cuyper compte un total de six buts et 19 passes d\u00e9cisives en 84 apparitions pour le Club de Bruges, d\u00e9montrant ses comp\u00e9tences en tant qu&#39;arri\u00e8re lat\u00e9ral offensif.<\/p>\n<p>Mesurant un peu moins d&#39;1,80 m\u00e8tre, De Cuyper a \u00e9galement fait ses d\u00e9buts en Belgique cette ann\u00e9e et a d\u00e9sormais jou\u00e9 six fois pour son pays, marquant son premier but contre l&#39;Italie en Ligue des Nations de l&#39;UEFA en octobre.<\/p>\n<p>L&#39;ascension rapide de De Cuyper a \u00e9t\u00e9 r\u00e9compens\u00e9e par un nouveau contrat cet \u00e9t\u00e9, et ses mandats actuels ne devraient pas expirer avant 2028, mais le Club de Bruges pourrait se battre pour conserver ses services en 2025.<\/p>\n<h2 class=\"k3\">Arsenal \u00ab\u00a0en t\u00eate de file\u00a0\u00bb pour De Cuyper<\/h2>\n<p class=\"imgI\">\n<p>Selon CaughtOffside, les g\u00e9ants londoniens Arsenal, Chelsea et Spurs ont tous envoy\u00e9 des recruteurs pour garder un \u0153il sur les performances de De Cuyper cette saison, en plus de <strong class=\"autotag\">For\u00eat de Nottingham<\/strong> et <strong class=\"autotag\">Manchester City<\/strong>.<\/p>\n<p>Cependant, l&#39;int\u00e9r\u00eat des deux derni\u00e8res \u00e9quipes pour le joueur de 24 ans n&#39;est pas aussi avanc\u00e9 que celui d&#39;Arsenal, de Chelsea ou des Spurs, et les Gunners sont actuellement en t\u00eate de la file d&#39;attente des transferts.<\/p>\n<p>Le trio de Premier League pourrait tenter de recruter De Cuyper d\u00e8s janvier, mais le joueur souhaite rester dans son pays natal pour le reste de la campagne.<\/p>\n<p>Un passage cet \u00e9t\u00e9 dans l&#39;\u00e9lite anglaise pourrait cependant \u00eatre envisag\u00e9 par l&#39;arri\u00e8re gauche, et on ne s&#39;attendrait pas \u00e0 ce que le Club de Bruges refuse une offre appropri\u00e9e pour l&#39;international belge.<\/p>\n<p>Le poste principal de De Cuyper est l&#39;arri\u00e8re gauche, mais le joueur de 24 ans a \u00e9galement jou\u00e9 comme arri\u00e8re lat\u00e9ral pour la Belgique et n&#39;est pas non plus compl\u00e8tement \u00e9tranger au poste d&#39;ailier gauche.<\/p>\n<h2 class=\"k3\">Quel club a le plus besoin de De Cuyper ?<\/h2>\n<p class=\"imgI\"><img decoding=\"async\" loading=\"lazy\" class=\"l\" src=\"https:\/\/footdavant.fr\/actualites\/wp-content\/uploads\/2024\/12\/1735321714_145_Nouvelles-du-transfert-d39Arsenal-les-Gunners-menent.jpg\" title=\"Le d\u00e9fenseur de Chelsea Ben Chilwell en septembre 2024.\" alt=\"Le d\u00e9fenseur de Chelsea Ben Chilwell en septembre 2024.\" width=\"640\" height=\"480\"><\/p>\n<p>Il est int\u00e9ressant d&#39;apprendre qu&#39;Arsenal est cens\u00e9 mener la course \u00e0 la signature de De Cuyper, car les Gunners ont sans doute le moins besoin d&#39;un joueur de son profil.<\/p>\n<p>Tout de <strong class=\"autotag\">Riccardo Calafiori<\/strong>, <strong class=\"autotag\">Myles Lewis-Skelly<\/strong>, <strong class=\"autotag\">Jurrien Bois<\/strong>, <strong class=\"autotag\">Alexandre Zinchenko<\/strong> et <strong class=\"autotag\">Takehiro Tomiyasu<\/strong> peut op\u00e9rer \u00e0 gauche, m\u00eame si on ne peut pas faire confiance \u00e0 ce dernier pour rester en forme pendant toute une saison.<\/p>\n<p>Quant aux rivaux londoniens des Spurs, <strong class=\"autotag\">Ben Davies<\/strong> devrait partir \u00e0 l&#39;expiration de son contrat en 2025, bien que <strong class=\"autotag\">Djed Spence<\/strong> se r\u00e9v\u00e8le \u00eatre une sauvegarde efficace pour <strong class=\"autotag\">Destin Udogie<\/strong> \u00e0 gauche.<\/p>\n<p>Cependant, Chelsea et <strong class=\"autotag\">Ben Chilwell<\/strong> semblent destin\u00e9s \u00e0 se s\u00e9parer en 2025, et De Cuyper serait le successeur naturel de l&#39;Anglais \u00e0 Stamford Bridge.<\/p>\n<div class=\"author_box\">\n<div class=\"author_box_banner\">\n<img decoding=\"async\" class=\"author_img\" src=\"https:\/\/footdavant.fr\/actualites\/wp-content\/uploads\/2024\/12\/1735321714_575_Nouvelles-du-transfert-d39Arsenal-les-Gunners-menent.jpg\"><\/p>\n<\/div>\n<\/div>\n<\/div>\n","protected":false},"excerpt":{"rendered":"<p>Arsenal, Tottenham Hotspur et Chelsea seraient tous pr\u00eats \u00e0 s&#39;affronter pour les services du d\u00e9fenseur du Club de Bruges Maxim De Cuyper lors de la<\/p>\n","protected":false},"author":1,"featured_media":18002,"comment_status":"closed","ping_status":"","sticky":false,"template":"","format":"standard","meta":{"footnotes":""},"categories":[5],"tags":[209,1322,4221,242,859,997,4702,93,7030,461,51,700],"yoast_head":"<!-- This site is optimized with the Yoast SEO plugin v21.0 - https:\/\/yoast.com\/wordpress\/plugins\/seo\/ -->\n<title>Nouvelles du transfert d&#039;Arsenal : les Gunners \u00ab m\u00e8nent \u00bb la course \u00e0 cinq \u00e9quipes pour l&#039;arri\u00e8re gauche de 24 ans<\/title>\n<meta name=\"robots\" content=\"index, follow, max-snippet:-1, max-image-preview:large, max-video-preview:-1\" \/>\n<link rel=\"canonical\" href=\"https:\/\/footdavant.fr\/actualites\/nouvelles-du-transfert-darsenal-les-gunners-menent-la-course-a-cinq-equipes-pour-larriere-gauche-de-24-ans\/\" \/>\n<meta property=\"og:locale\" content=\"fr_FR\" \/>\n<meta property=\"og:type\" content=\"article\" \/>\n<meta property=\"og:title\" content=\"Nouvelles du transfert d&#039;Arsenal : les Gunners \u00ab m\u00e8nent \u00bb la course \u00e0 cinq \u00e9quipes pour l&#039;arri\u00e8re gauche de 24 ans\" \/>\n<meta property=\"og:description\" content=\"Arsenal, Tottenham Hotspur et Chelsea seraient tous pr\u00eats \u00e0 s&#039;affronter pour les services du d\u00e9fenseur du Club de Bruges Maxim De Cuyper lors de la\" \/>\n<meta property=\"og:url\" content=\"https:\/\/footdavant.fr\/actualites\/nouvelles-du-transfert-darsenal-les-gunners-menent-la-course-a-cinq-equipes-pour-larriere-gauche-de-24-ans\/\" \/>\n<meta property=\"og:site_name\" content=\"Foot d&#039;avant\" \/>\n<meta property=\"article:publisher\" content=\"https:\/\/www.facebook.com\/Footdavant\/\" \/>\n<meta property=\"article:published_time\" content=\"2024-12-27T17:48:34+00:00\" \/>\n<meta property=\"article:modified_time\" content=\"2024-12-27T17:48:35+00:00\" \/>\n<meta property=\"og:image\" content=\"https:\/\/footdavant.fr\/actualites\/wp-content\/uploads\/2024\/12\/Nouvelles-du-transfert-d39Arsenal-les-Gunners-menent.jpg\" \/>\n\t<meta property=\"og:image:width\" content=\"640\" \/>\n\t<meta property=\"og:image:height\" content=\"480\" \/>\n\t<meta property=\"og:image:type\" content=\"image\/jpeg\" \/>\n<meta name=\"author\" content=\"Cl\u00e9ment\" \/>\n<meta name=\"twitter:card\" content=\"summary_large_image\" \/>\n<meta name=\"twitter:creator\" content=\"@FootdavantFr\" \/>\n<meta name=\"twitter:site\" content=\"@FootdavantFr\" \/>\n<meta name=\"twitter:label1\" content=\"\u00c9crit par\" \/>\n\t<meta name=\"twitter:data1\" content=\"Cl\u00e9ment\" \/>\n\t<meta name=\"twitter:label2\" content=\"Dur\u00e9e de lecture estim\u00e9e\" \/>\n\t<meta name=\"twitter:data2\" content=\"3 minutes\" \/>\n<script type=\"application\/ld+json\" class=\"yoast-schema-graph\">{\"@context\":\"https:\/\/schema.org\",\"@graph\":[{\"@type\":\"Article\",\"@id\":\"https:\/\/footdavant.fr\/actualites\/nouvelles-du-transfert-darsenal-les-gunners-menent-la-course-a-cinq-equipes-pour-larriere-gauche-de-24-ans\/#article\",\"isPartOf\":{\"@id\":\"https:\/\/footdavant.fr\/actualites\/nouvelles-du-transfert-darsenal-les-gunners-menent-la-course-a-cinq-equipes-pour-larriere-gauche-de-24-ans\/\"},\"author\":{\"name\":\"Cl\u00e9ment\",\"@id\":\"https:\/\/footdavant.fr\/actualites\/#\/schema\/person\/bc222566d95871b37e597b3ed3ba5e1d\"},\"headline\":\"Nouvelles du transfert d&#39;Arsenal : les Gunners \u00ab m\u00e8nent \u00bb la course \u00e0 cinq \u00e9quipes pour l&#39;arri\u00e8re gauche de 24 ans\",\"datePublished\":\"2024-12-27T17:48:34+00:00\",\"dateModified\":\"2024-12-27T17:48:35+00:00\",\"mainEntityOfPage\":{\"@id\":\"https:\/\/footdavant.fr\/actualites\/nouvelles-du-transfert-darsenal-les-gunners-menent-la-course-a-cinq-equipes-pour-larriere-gauche-de-24-ans\/\"},\"wordCount\":576,\"publisher\":{\"@id\":\"https:\/\/footdavant.fr\/actualites\/#organization\"},\"keywords\":[\"ans\",\"Cinq\",\"d39Arsenal\",\"\u00e9quipes\",\"gauche\",\"Gunners\",\"l39arri\u00e8re\",\"les\",\"m\u00e8nent\",\"Nouvelles\",\"pour\",\"transfert\"],\"articleSection\":[\"Premier League\"],\"inLanguage\":\"fr-FR\"},{\"@type\":\"WebPage\",\"@id\":\"https:\/\/footdavant.fr\/actualites\/nouvelles-du-transfert-darsenal-les-gunners-menent-la-course-a-cinq-equipes-pour-larriere-gauche-de-24-ans\/\",\"url\":\"https:\/\/footdavant.fr\/actualites\/nouvelles-du-transfert-darsenal-les-gunners-menent-la-course-a-cinq-equipes-pour-larriere-gauche-de-24-ans\/\",\"name\":\"Nouvelles du transfert d&#39;Arsenal : les Gunners \u00ab m\u00e8nent \u00bb la course \u00e0 cinq \u00e9quipes pour l&#39;arri\u00e8re gauche de 24 ans\",\"isPartOf\":{\"@id\":\"https:\/\/footdavant.fr\/actualites\/#website\"},\"datePublished\":\"2024-12-27T17:48:34+00:00\",\"dateModified\":\"2024-12-27T17:48:35+00:00\",\"breadcrumb\":{\"@id\":\"https:\/\/footdavant.fr\/actualites\/nouvelles-du-transfert-darsenal-les-gunners-menent-la-course-a-cinq-equipes-pour-larriere-gauche-de-24-ans\/#breadcrumb\"},\"inLanguage\":\"fr-FR\",\"potentialAction\":[{\"@type\":\"ReadAction\",\"target\":[\"https:\/\/footdavant.fr\/actualites\/nouvelles-du-transfert-darsenal-les-gunners-menent-la-course-a-cinq-equipes-pour-larriere-gauche-de-24-ans\/\"]}]},{\"@type\":\"BreadcrumbList\",\"@id\":\"https:\/\/footdavant.fr\/actualites\/nouvelles-du-transfert-darsenal-les-gunners-menent-la-course-a-cinq-equipes-pour-larriere-gauche-de-24-ans\/#breadcrumb\",\"itemListElement\":[{\"@type\":\"ListItem\",\"position\":1,\"name\":\"Accueil\",\"item\":\"https:\/\/footdavant.fr\/actualites\/\"},{\"@type\":\"ListItem\",\"position\":2,\"name\":\"Nouvelles du transfert d&#39;Arsenal : les Gunners \u00ab m\u00e8nent \u00bb la course \u00e0 cinq \u00e9quipes pour l&#39;arri\u00e8re gauche de 24 ans\"}]},{\"@type\":\"WebSite\",\"@id\":\"https:\/\/footdavant.fr\/actualites\/#website\",\"url\":\"https:\/\/footdavant.fr\/actualites\/\",\"name\":\"Foot d'avant\",\"description\":\"\",\"publisher\":{\"@id\":\"https:\/\/footdavant.fr\/actualites\/#organization\"},\"potentialAction\":[{\"@type\":\"SearchAction\",\"target\":{\"@type\":\"EntryPoint\",\"urlTemplate\":\"https:\/\/footdavant.fr\/actualites\/?s={search_term_string}\"},\"query-input\":\"required name=search_term_string\"}],\"inLanguage\":\"fr-FR\"},{\"@type\":\"Organization\",\"@id\":\"https:\/\/footdavant.fr\/actualites\/#organization\",\"name\":\"Foot d'avant\",\"url\":\"https:\/\/footdavant.fr\/actualites\/\",\"logo\":{\"@type\":\"ImageObject\",\"inLanguage\":\"fr-FR\",\"@id\":\"https:\/\/footdavant.fr\/actualites\/#\/schema\/logo\/image\/\",\"url\":\"https:\/\/footdavant.fr\/actualites\/wp-content\/uploads\/2023\/09\/Copy-of-FootDavant-Logo.png\",\"contentUrl\":\"https:\/\/footdavant.fr\/actualites\/wp-content\/uploads\/2023\/09\/Copy-of-FootDavant-Logo.png\",\"width\":936,\"height\":549,\"caption\":\"Foot d'avant\"},\"image\":{\"@id\":\"https:\/\/footdavant.fr\/actualites\/#\/schema\/logo\/image\/\"},\"sameAs\":[\"https:\/\/www.facebook.com\/Footdavant\/\",\"https:\/\/twitter.com\/FootdavantFr\",\"https:\/\/www.instagram.com\/footdavant.fr\/\"]},{\"@type\":\"Person\",\"@id\":\"https:\/\/footdavant.fr\/actualites\/#\/schema\/person\/bc222566d95871b37e597b3ed3ba5e1d\",\"name\":\"Cl\u00e9ment\",\"image\":{\"@type\":\"ImageObject\",\"inLanguage\":\"fr-FR\",\"@id\":\"https:\/\/footdavant.fr\/actualites\/#\/schema\/person\/image\/\",\"url\":\"https:\/\/secure.gravatar.com\/avatar\/7728b29aac2719421e1a9159b2254c44?s=96&d=mm&r=g\",\"contentUrl\":\"https:\/\/secure.gravatar.com\/avatar\/7728b29aac2719421e1a9159b2254c44?s=96&d=mm&r=g\",\"caption\":\"Cl\u00e9ment\"},\"sameAs\":[\"https:\/\/footdavant.fr\/\"]}]}<\/script>\n<!-- \/ Yoast SEO plugin. -->","yoast_head_json":{"title":"Nouvelles du transfert d&#39;Arsenal : les Gunners \u00ab m\u00e8nent \u00bb la course \u00e0 cinq \u00e9quipes pour l&#39;arri\u00e8re gauche de 24 ans","robots":{"index":"index","follow":"follow","max-snippet":"max-snippet:-1","max-image-preview":"max-image-preview:large","max-video-preview":"max-video-preview:-1"},"canonical":"https:\/\/footdavant.fr\/actualites\/nouvelles-du-transfert-darsenal-les-gunners-menent-la-course-a-cinq-equipes-pour-larriere-gauche-de-24-ans\/","og_locale":"fr_FR","og_type":"article","og_title":"Nouvelles du transfert d&#39;Arsenal : les Gunners \u00ab m\u00e8nent \u00bb la course \u00e0 cinq \u00e9quipes pour l&#39;arri\u00e8re gauche de 24 ans","og_description":"Arsenal, Tottenham Hotspur et Chelsea seraient tous pr\u00eats \u00e0 s&#39;affronter pour les services du d\u00e9fenseur du Club de Bruges Maxim De Cuyper lors de la","og_url":"https:\/\/footdavant.fr\/actualites\/nouvelles-du-transfert-darsenal-les-gunners-menent-la-course-a-cinq-equipes-pour-larriere-gauche-de-24-ans\/","og_site_name":"Foot d&#039;avant","article_publisher":"https:\/\/www.facebook.com\/Footdavant\/","article_published_time":"2024-12-27T17:48:34+00:00","article_modified_time":"2024-12-27T17:48:35+00:00","og_image":[{"width":640,"height":480,"url":"https:\/\/footdavant.fr\/actualites\/wp-content\/uploads\/2024\/12\/Nouvelles-du-transfert-d39Arsenal-les-Gunners-menent.jpg","type":"image\/jpeg"}],"author":"Cl\u00e9ment","twitter_card":"summary_large_image","twitter_creator":"@FootdavantFr","twitter_site":"@FootdavantFr","twitter_misc":{"\u00c9crit par":"Cl\u00e9ment","Dur\u00e9e de lecture estim\u00e9e":"3 minutes"},"schema":{"@context":"https:\/\/schema.org","@graph":[{"@type":"Article","@id":"https:\/\/footdavant.fr\/actualites\/nouvelles-du-transfert-darsenal-les-gunners-menent-la-course-a-cinq-equipes-pour-larriere-gauche-de-24-ans\/#article","isPartOf":{"@id":"https:\/\/footdavant.fr\/actualites\/nouvelles-du-transfert-darsenal-les-gunners-menent-la-course-a-cinq-equipes-pour-larriere-gauche-de-24-ans\/"},"author":{"name":"Cl\u00e9ment","@id":"https:\/\/footdavant.fr\/actualites\/#\/schema\/person\/bc222566d95871b37e597b3ed3ba5e1d"},"headline":"Nouvelles du transfert d&#39;Arsenal : les Gunners \u00ab m\u00e8nent \u00bb la course \u00e0 cinq \u00e9quipes pour l&#39;arri\u00e8re gauche de 24 ans","datePublished":"2024-12-27T17:48:34+00:00","dateModified":"2024-12-27T17:48:35+00:00","mainEntityOfPage":{"@id":"https:\/\/footdavant.fr\/actualites\/nouvelles-du-transfert-darsenal-les-gunners-menent-la-course-a-cinq-equipes-pour-larriere-gauche-de-24-ans\/"},"wordCount":576,"publisher":{"@id":"https:\/\/footdavant.fr\/actualites\/#organization"},"keywords":["ans","Cinq","d39Arsenal","\u00e9quipes","gauche","Gunners","l39arri\u00e8re","les","m\u00e8nent","Nouvelles","pour","transfert"],"articleSection":["Premier League"],"inLanguage":"fr-FR"},{"@type":"WebPage","@id":"https:\/\/footdavant.fr\/actualites\/nouvelles-du-transfert-darsenal-les-gunners-menent-la-course-a-cinq-equipes-pour-larriere-gauche-de-24-ans\/","url":"https:\/\/footdavant.fr\/actualites\/nouvelles-du-transfert-darsenal-les-gunners-menent-la-course-a-cinq-equipes-pour-larriere-gauche-de-24-ans\/","name":"Nouvelles du transfert d&#39;Arsenal : les Gunners \u00ab m\u00e8nent \u00bb la course \u00e0 cinq \u00e9quipes pour l&#39;arri\u00e8re gauche de 24 ans","isPartOf":{"@id":"https:\/\/footdavant.fr\/actualites\/#website"},"datePublished":"2024-12-27T17:48:34+00:00","dateModified":"2024-12-27T17:48:35+00:00","breadcrumb":{"@id":"https:\/\/footdavant.fr\/actualites\/nouvelles-du-transfert-darsenal-les-gunners-menent-la-course-a-cinq-equipes-pour-larriere-gauche-de-24-ans\/#breadcrumb"},"inLanguage":"fr-FR","potentialAction":[{"@type":"ReadAction","target":["https:\/\/footdavant.fr\/actualites\/nouvelles-du-transfert-darsenal-les-gunners-menent-la-course-a-cinq-equipes-pour-larriere-gauche-de-24-ans\/"]}]},{"@type":"BreadcrumbList","@id":"https:\/\/footdavant.fr\/actualites\/nouvelles-du-transfert-darsenal-les-gunners-menent-la-course-a-cinq-equipes-pour-larriere-gauche-de-24-ans\/#breadcrumb","itemListElement":[{"@type":"ListItem","position":1,"name":"Accueil","item":"https:\/\/footdavant.fr\/actualites\/"},{"@type":"ListItem","position":2,"name":"Nouvelles du transfert d&#39;Arsenal : les Gunners \u00ab m\u00e8nent \u00bb la course \u00e0 cinq \u00e9quipes pour l&#39;arri\u00e8re gauche de 24 ans"}]},{"@type":"WebSite","@id":"https:\/\/footdavant.fr\/actualites\/#website","url":"https:\/\/footdavant.fr\/actualites\/","name":"Foot d'avant","description":"","publisher":{"@id":"https:\/\/footdavant.fr\/actualites\/#organization"},"potentialAction":[{"@type":"SearchAction","target":{"@type":"EntryPoint","urlTemplate":"https:\/\/footdavant.fr\/actualites\/?s={search_term_string}"},"query-input":"required name=search_term_string"}],"inLanguage":"fr-FR"},{"@type":"Organization","@id":"https:\/\/footdavant.fr\/actualites\/#organization","name":"Foot d'avant","url":"https:\/\/footdavant.fr\/actualites\/","logo":{"@type":"ImageObject","inLanguage":"fr-FR","@id":"https:\/\/footdavant.fr\/actualites\/#\/schema\/logo\/image\/","url":"https:\/\/footdavant.fr\/actualites\/wp-content\/uploads\/2023\/09\/Copy-of-FootDavant-Logo.png","contentUrl":"https:\/\/footdavant.fr\/actualites\/wp-content\/uploads\/2023\/09\/Copy-of-FootDavant-Logo.png","width":936,"height":549,"caption":"Foot d'avant"},"image":{"@id":"https:\/\/footdavant.fr\/actualites\/#\/schema\/logo\/image\/"},"sameAs":["https:\/\/www.facebook.com\/Footdavant\/","https:\/\/twitter.com\/FootdavantFr","https:\/\/www.instagram.com\/footdavant.fr\/"]},{"@type":"Person","@id":"https:\/\/footdavant.fr\/actualites\/#\/schema\/person\/bc222566d95871b37e597b3ed3ba5e1d","name":"Cl\u00e9ment","image":{"@type":"ImageObject","inLanguage":"fr-FR","@id":"https:\/\/footdavant.fr\/actualites\/#\/schema\/person\/image\/","url":"https:\/\/secure.gravatar.com\/avatar\/7728b29aac2719421e1a9159b2254c44?s=96&d=mm&r=g","contentUrl":"https:\/\/secure.gravatar.com\/avatar\/7728b29aac2719421e1a9159b2254c44?s=96&d=mm&r=g","caption":"Cl\u00e9ment"},"sameAs":["https:\/\/footdavant.fr\/"]}]}},"_links":{"self":[{"href":"https:\/\/footdavant.fr\/actualites\/wp-json\/wp\/v2\/posts\/18001"}],"collection":[{"href":"https:\/\/footdavant.fr\/actualites\/wp-json\/wp\/v2\/posts"}],"about":[{"href":"https:\/\/footdavant.fr\/actualites\/wp-json\/wp\/v2\/types\/post"}],"author":[{"embeddable":true,"href":"https:\/\/footdavant.fr\/actualites\/wp-json\/wp\/v2\/users\/1"}],"replies":[{"embeddable":true,"href":"https:\/\/footdavant.fr\/actualites\/wp-json\/wp\/v2\/comments?post=18001"}],"version-history":[{"count":1,"href":"https:\/\/footdavant.fr\/actualites\/wp-json\/wp\/v2\/posts\/18001\/revisions"}],"predecessor-version":[{"id":18003,"href":"https:\/\/footdavant.fr\/actualites\/wp-json\/wp\/v2\/posts\/18001\/revisions\/18003"}],"wp:featuredmedia":[{"embeddable":true,"href":"https:\/\/footdavant.fr\/actualites\/wp-json\/wp\/v2\/media\/18002"}],"wp:attachment":[{"href":"https:\/\/footdavant.fr\/actualites\/wp-json\/wp\/v2\/media?parent=18001"}],"wp:term":[{"taxonomy":"category","embeddable":true,"href":"https:\/\/footdavant.fr\/actualites\/wp-json\/wp\/v2\/categories?post=18001"},{"taxonomy":"post_tag","embeddable":true,"href":"https:\/\/footdavant.fr\/actualites\/wp-json\/wp\/v2\/tags?post=18001"}],"curies":[{"name":"wp","href":"https:\/\/api.w.org\/{rel}","templated":true}]}}