{"id":18004,"date":"2024-12-27T20:48:07","date_gmt":"2024-12-27T19:48:07","guid":{"rendered":"https:\/\/footdavant.fr\/actualites\/adrian-durham-denonce-lincompetence-du-var-lors-de-la-victoire-de-liverpool-contre-leicester\/"},"modified":"2024-12-27T20:48:09","modified_gmt":"2024-12-27T19:48:09","slug":"adrian-durham-denonce-lincompetence-du-var-lors-de-la-victoire-de-liverpool-contre-leicester","status":"publish","type":"post","link":"https:\/\/footdavant.fr\/actualites\/adrian-durham-denonce-lincompetence-du-var-lors-de-la-victoire-de-liverpool-contre-leicester\/","title":{"rendered":"Adrian Durham d\u00e9nonce \u00ab\u00a0l&#39;incomp\u00e9tence\u00a0\u00bb du VAR lors de la victoire de Liverpool contre Leicester"},"content":{"rendered":"<div id=\"article-body\">\n<!-- Article Start --><\/p>\n<p>Adrian Durham a d\u00e9nonc\u00e9 ce qu&#39;il a surnomm\u00e9 \u00ab\u00a0l&#39;incomp\u00e9tence\u00a0\u00bb de l&#39;op\u00e9ration VAR lors de la victoire 3-1 de Liverpool contre Leicester le lendemain de No\u00ebl.<\/p>\n<p>Alors que les Reds ont \u00e9tendu leur avance en t\u00eate de la Premier League \u00e0 sept points, de nombreux supporters \u00e0 Anfield ont \u00e9t\u00e9 frustr\u00e9s par le temps n\u00e9cessaire aux deux contr\u00f4les en seconde p\u00e9riode par les officiels de Stockley Park.<\/p>\n<p>L&#39;un concernait le but de Curtis Jones qui donnait l&#39;avantage \u00e0 l&#39;\u00e9quipe locale juste apr\u00e8s la pause, et l&#39;autre confirmait la d\u00e9cision sur le terrain d&#39;interdire une frappe de Cody Gakpo pour un hors-jeu lors de la pr\u00e9paration.<\/p>\n<p><figure id=\"attachment_266658\" aria-describedby=\"caption-attachment-266658\" style=\"width: 760px\" class=\"wp-caption alignnone\"><picture><source type=\"image\/webp\" data- data-><\/source><\/picture><\/figure>\n<\/p>\n<h2>Durham laisse tomber \u00ab\u00a0l&#39;incomp\u00e9tence\u00a0\u00bb du VAR<\/h2>\n<p>Passant \u00e0 X juste apr\u00e8s le deuxi\u00e8me de ces longs contr\u00f4les VAR, Durham n&#39;a pas m\u00e2ch\u00e9 ses mots en exprimant son m\u00e9contentement \u00e0 l&#39;\u00e9gard du processus.<\/p>\n<p>Le pr\u00e9sentateur de talkSPORT a fulmin\u00e9\u00a0: <\/p>\n<blockquote class=\"twitter-lazy tweet-txt lazyload\" data-width=\"500\" data-dnt=\"true\">\n<p lang=\"en\" dir=\"ltr\">Je n&#39;ai pas beaucoup parl\u00e9 de VAR r\u00e9cemment, mais VAR conna\u00eet un choc \u00e0 Anfield ce soir. Il fait froid ici, cela prend tellement de temps que les fans n&#39;ont aucune id\u00e9e de ce qui se passe \u2013 c&#39;est de l&#39;incomp\u00e9tence. Faites votre travail plus efficacement. 5 ans et demi et le VAR est toujours de la foutaise.<\/p>\n<p>\u2013Adrian Durham (@TheAdrianDurham) <a rel=\"nofollow\" href=\"https:\/\/twitter.com\/TheAdrianDurham\/status\/1872394485847691596?ref_src=twsrc%5Etfw\">26 d\u00e9cembre 2024<\/a><\/p>\n<\/blockquote>\n<h2>VAR a tellement de marge d\u2019am\u00e9lioration<\/h2>\n<p>Durham a raison ici \u2013 la pr\u00e9sence du VAR n&#39;est pas un probl\u00e8me en soi, mais la mani\u00e8re dont il est utilis\u00e9 est tr\u00e8s imparfaite, en particulier en Premier League.<\/p>\n<p>Les deux contr\u00f4les \u00e0 Anfield hier soir auraient d\u00fb prendre la moiti\u00e9 du temps (voire aussi long) \u2013 \u00e0 moins qu&#39;il n&#39;y ait eu une erreur \u00e9vidente dans la pr\u00e9paration de l&#39;un ou l&#39;autre incident, il n&#39;est pas n\u00e9cessaire d&#39;ennuyer les supporters \u00e0 l&#39;int\u00e9rieur du stade et ceux regarder depuis chez soi avec des critiques qui, sans exag\u00e9ration, ont dur\u00e9 plus longtemps que l&#39;int\u00e9gralit\u00e9 de You&#39;ll Never Walk Alone.<\/p>\n<p>Le processus n&#39;est pas facilit\u00e9 par le manque d&#39;informations fournies aux t\u00e9l\u00e9spectateurs et aux supporters des matches, qui ne savent pas ce que disent les officiels lorsqu&#39;ils examinent une d\u00e9cision. De nos jours, ce n\u2019est tout simplement pas justifiable.<\/p>\n<p>\u00ab\u00a0Incomp\u00e9tence\u00a0\u00bb est un mot fort de la part de Durham, mais il est difficile de lui reprocher des sentiments aussi forts \u00e0 l&#39;\u00e9gard du VAR, qui, lors de sa sixi\u00e8me saison en Premier League, suscite plus de controverses qu&#39;il n&#39;en \u00e9radique.<\/p>\n<p><!-- Article End -->\t\t\t\t<\/div>\n<p><script async src=\"https:\/\/platform.twitter.com\/widgets.js\" charset=\"utf-8\"><\/script><\/p>\n","protected":false},"excerpt":{"rendered":"<p>Adrian Durham a d\u00e9nonc\u00e9 ce qu&#39;il a surnomm\u00e9 \u00ab\u00a0l&#39;incomp\u00e9tence\u00a0\u00bb de l&#39;op\u00e9ration VAR lors de la victoire 3-1 de Liverpool contre Leicester le lendemain de No\u00ebl.<\/p>\n","protected":false},"author":1,"featured_media":18005,"comment_status":"closed","ping_status":"","sticky":false,"template":"","format":"standard","meta":{"footnotes":""},"categories":[3],"tags":[3307,20,696,7489,7490,1293,53,64,748,26],"yoast_head":"<!-- This site is optimized with the Yoast SEO plugin v21.0 - https:\/\/yoast.com\/wordpress\/plugins\/seo\/ -->\n<title>Adrian Durham d\u00e9nonce &quot;l&#039;incomp\u00e9tence&quot; du VAR lors de la victoire de Liverpool contre Leicester<\/title>\n<meta name=\"robots\" content=\"index, follow, max-snippet:-1, max-image-preview:large, max-video-preview:-1\" \/>\n<link rel=\"canonical\" href=\"https:\/\/footdavant.fr\/actualites\/adrian-durham-denonce-lincompetence-du-var-lors-de-la-victoire-de-liverpool-contre-leicester\/\" \/>\n<meta property=\"og:locale\" content=\"fr_FR\" \/>\n<meta property=\"og:type\" content=\"article\" \/>\n<meta property=\"og:title\" content=\"Adrian Durham d\u00e9nonce &quot;l&#039;incomp\u00e9tence&quot; du VAR lors de la victoire de Liverpool contre Leicester\" \/>\n<meta property=\"og:description\" content=\"Adrian Durham a d\u00e9nonc\u00e9 ce qu&#039;il a surnomm\u00e9 \u00ab\u00a0l&#039;incomp\u00e9tence\u00a0\u00bb de l&#039;op\u00e9ration VAR lors de la victoire 3-1 de Liverpool contre Leicester le lendemain de No\u00ebl.\" \/>\n<meta property=\"og:url\" content=\"https:\/\/footdavant.fr\/actualites\/adrian-durham-denonce-lincompetence-du-var-lors-de-la-victoire-de-liverpool-contre-leicester\/\" \/>\n<meta property=\"og:site_name\" content=\"Foot d&#039;avant\" \/>\n<meta property=\"article:publisher\" content=\"https:\/\/www.facebook.com\/Footdavant\/\" \/>\n<meta property=\"article:published_time\" content=\"2024-12-27T19:48:07+00:00\" \/>\n<meta property=\"article:modified_time\" content=\"2024-12-27T19:48:09+00:00\" \/>\n<meta property=\"og:image\" content=\"https:\/\/footdavant.fr\/actualites\/wp-content\/uploads\/2024\/12\/1735328887_Adrian-Durham-denonce-l39incompetence-du-VAR-lors-de-la-victoire.jpg\" \/>\n\t<meta property=\"og:image:width\" content=\"1256\" \/>\n\t<meta property=\"og:image:height\" content=\"826\" \/>\n\t<meta property=\"og:image:type\" content=\"image\/jpeg\" \/>\n<meta name=\"author\" content=\"Cl\u00e9ment\" \/>\n<meta name=\"twitter:card\" content=\"summary_large_image\" \/>\n<meta name=\"twitter:creator\" content=\"@FootdavantFr\" \/>\n<meta name=\"twitter:site\" content=\"@FootdavantFr\" \/>\n<meta name=\"twitter:label1\" content=\"\u00c9crit par\" \/>\n\t<meta name=\"twitter:data1\" content=\"Cl\u00e9ment\" \/>\n\t<meta name=\"twitter:label2\" content=\"Dur\u00e9e de lecture estim\u00e9e\" \/>\n\t<meta name=\"twitter:data2\" content=\"2 minutes\" \/>\n<script type=\"application\/ld+json\" class=\"yoast-schema-graph\">{\"@context\":\"https:\/\/schema.org\",\"@graph\":[{\"@type\":\"Article\",\"@id\":\"https:\/\/footdavant.fr\/actualites\/adrian-durham-denonce-lincompetence-du-var-lors-de-la-victoire-de-liverpool-contre-leicester\/#article\",\"isPartOf\":{\"@id\":\"https:\/\/footdavant.fr\/actualites\/adrian-durham-denonce-lincompetence-du-var-lors-de-la-victoire-de-liverpool-contre-leicester\/\"},\"author\":{\"name\":\"Cl\u00e9ment\",\"@id\":\"https:\/\/footdavant.fr\/actualites\/#\/schema\/person\/bc222566d95871b37e597b3ed3ba5e1d\"},\"headline\":\"Adrian Durham d\u00e9nonce \u00ab\u00a0l&#39;incomp\u00e9tence\u00a0\u00bb du VAR lors de la victoire de Liverpool contre Leicester\",\"datePublished\":\"2024-12-27T19:48:07+00:00\",\"dateModified\":\"2024-12-27T19:48:09+00:00\",\"mainEntityOfPage\":{\"@id\":\"https:\/\/footdavant.fr\/actualites\/adrian-durham-denonce-lincompetence-du-var-lors-de-la-victoire-de-liverpool-contre-leicester\/\"},\"wordCount\":465,\"publisher\":{\"@id\":\"https:\/\/footdavant.fr\/actualites\/#organization\"},\"keywords\":[\"Adrian\",\"contre\",\"d\u00e9nonce\",\"Durham\",\"l39incomp\u00e9tence\",\"Leicester\",\"Liverpool\",\"lors\",\"VAR\",\"victoire\"],\"articleSection\":[\"Football\"],\"inLanguage\":\"fr-FR\"},{\"@type\":\"WebPage\",\"@id\":\"https:\/\/footdavant.fr\/actualites\/adrian-durham-denonce-lincompetence-du-var-lors-de-la-victoire-de-liverpool-contre-leicester\/\",\"url\":\"https:\/\/footdavant.fr\/actualites\/adrian-durham-denonce-lincompetence-du-var-lors-de-la-victoire-de-liverpool-contre-leicester\/\",\"name\":\"Adrian Durham d\u00e9nonce \\\"l&#39;incomp\u00e9tence\\\" du VAR lors de la victoire de Liverpool contre Leicester\",\"isPartOf\":{\"@id\":\"https:\/\/footdavant.fr\/actualites\/#website\"},\"datePublished\":\"2024-12-27T19:48:07+00:00\",\"dateModified\":\"2024-12-27T19:48:09+00:00\",\"breadcrumb\":{\"@id\":\"https:\/\/footdavant.fr\/actualites\/adrian-durham-denonce-lincompetence-du-var-lors-de-la-victoire-de-liverpool-contre-leicester\/#breadcrumb\"},\"inLanguage\":\"fr-FR\",\"potentialAction\":[{\"@type\":\"ReadAction\",\"target\":[\"https:\/\/footdavant.fr\/actualites\/adrian-durham-denonce-lincompetence-du-var-lors-de-la-victoire-de-liverpool-contre-leicester\/\"]}]},{\"@type\":\"BreadcrumbList\",\"@id\":\"https:\/\/footdavant.fr\/actualites\/adrian-durham-denonce-lincompetence-du-var-lors-de-la-victoire-de-liverpool-contre-leicester\/#breadcrumb\",\"itemListElement\":[{\"@type\":\"ListItem\",\"position\":1,\"name\":\"Accueil\",\"item\":\"https:\/\/footdavant.fr\/actualites\/\"},{\"@type\":\"ListItem\",\"position\":2,\"name\":\"Adrian Durham d\u00e9nonce \u00ab\u00a0l&#39;incomp\u00e9tence\u00a0\u00bb du VAR lors de la victoire de Liverpool contre Leicester\"}]},{\"@type\":\"WebSite\",\"@id\":\"https:\/\/footdavant.fr\/actualites\/#website\",\"url\":\"https:\/\/footdavant.fr\/actualites\/\",\"name\":\"Foot d'avant\",\"description\":\"\",\"publisher\":{\"@id\":\"https:\/\/footdavant.fr\/actualites\/#organization\"},\"potentialAction\":[{\"@type\":\"SearchAction\",\"target\":{\"@type\":\"EntryPoint\",\"urlTemplate\":\"https:\/\/footdavant.fr\/actualites\/?s={search_term_string}\"},\"query-input\":\"required name=search_term_string\"}],\"inLanguage\":\"fr-FR\"},{\"@type\":\"Organization\",\"@id\":\"https:\/\/footdavant.fr\/actualites\/#organization\",\"name\":\"Foot d'avant\",\"url\":\"https:\/\/footdavant.fr\/actualites\/\",\"logo\":{\"@type\":\"ImageObject\",\"inLanguage\":\"fr-FR\",\"@id\":\"https:\/\/footdavant.fr\/actualites\/#\/schema\/logo\/image\/\",\"url\":\"https:\/\/footdavant.fr\/actualites\/wp-content\/uploads\/2023\/09\/Copy-of-FootDavant-Logo.png\",\"contentUrl\":\"https:\/\/footdavant.fr\/actualites\/wp-content\/uploads\/2023\/09\/Copy-of-FootDavant-Logo.png\",\"width\":936,\"height\":549,\"caption\":\"Foot d'avant\"},\"image\":{\"@id\":\"https:\/\/footdavant.fr\/actualites\/#\/schema\/logo\/image\/\"},\"sameAs\":[\"https:\/\/www.facebook.com\/Footdavant\/\",\"https:\/\/twitter.com\/FootdavantFr\",\"https:\/\/www.instagram.com\/footdavant.fr\/\"]},{\"@type\":\"Person\",\"@id\":\"https:\/\/footdavant.fr\/actualites\/#\/schema\/person\/bc222566d95871b37e597b3ed3ba5e1d\",\"name\":\"Cl\u00e9ment\",\"image\":{\"@type\":\"ImageObject\",\"inLanguage\":\"fr-FR\",\"@id\":\"https:\/\/footdavant.fr\/actualites\/#\/schema\/person\/image\/\",\"url\":\"https:\/\/secure.gravatar.com\/avatar\/7728b29aac2719421e1a9159b2254c44?s=96&d=mm&r=g\",\"contentUrl\":\"https:\/\/secure.gravatar.com\/avatar\/7728b29aac2719421e1a9159b2254c44?s=96&d=mm&r=g\",\"caption\":\"Cl\u00e9ment\"},\"sameAs\":[\"https:\/\/footdavant.fr\/\"]}]}<\/script>\n<!-- \/ Yoast SEO plugin. -->","yoast_head_json":{"title":"Adrian Durham d\u00e9nonce \"l&#39;incomp\u00e9tence\" du VAR lors de la victoire de Liverpool contre Leicester","robots":{"index":"index","follow":"follow","max-snippet":"max-snippet:-1","max-image-preview":"max-image-preview:large","max-video-preview":"max-video-preview:-1"},"canonical":"https:\/\/footdavant.fr\/actualites\/adrian-durham-denonce-lincompetence-du-var-lors-de-la-victoire-de-liverpool-contre-leicester\/","og_locale":"fr_FR","og_type":"article","og_title":"Adrian Durham d\u00e9nonce \"l&#39;incomp\u00e9tence\" du VAR lors de la victoire de Liverpool contre Leicester","og_description":"Adrian Durham a d\u00e9nonc\u00e9 ce qu&#39;il a surnomm\u00e9 \u00ab\u00a0l&#39;incomp\u00e9tence\u00a0\u00bb de l&#39;op\u00e9ration VAR lors de la victoire 3-1 de Liverpool contre Leicester le lendemain de No\u00ebl.","og_url":"https:\/\/footdavant.fr\/actualites\/adrian-durham-denonce-lincompetence-du-var-lors-de-la-victoire-de-liverpool-contre-leicester\/","og_site_name":"Foot d&#039;avant","article_publisher":"https:\/\/www.facebook.com\/Footdavant\/","article_published_time":"2024-12-27T19:48:07+00:00","article_modified_time":"2024-12-27T19:48:09+00:00","og_image":[{"width":1256,"height":826,"url":"https:\/\/footdavant.fr\/actualites\/wp-content\/uploads\/2024\/12\/1735328887_Adrian-Durham-denonce-l39incompetence-du-VAR-lors-de-la-victoire.jpg","type":"image\/jpeg"}],"author":"Cl\u00e9ment","twitter_card":"summary_large_image","twitter_creator":"@FootdavantFr","twitter_site":"@FootdavantFr","twitter_misc":{"\u00c9crit par":"Cl\u00e9ment","Dur\u00e9e de lecture estim\u00e9e":"2 minutes"},"schema":{"@context":"https:\/\/schema.org","@graph":[{"@type":"Article","@id":"https:\/\/footdavant.fr\/actualites\/adrian-durham-denonce-lincompetence-du-var-lors-de-la-victoire-de-liverpool-contre-leicester\/#article","isPartOf":{"@id":"https:\/\/footdavant.fr\/actualites\/adrian-durham-denonce-lincompetence-du-var-lors-de-la-victoire-de-liverpool-contre-leicester\/"},"author":{"name":"Cl\u00e9ment","@id":"https:\/\/footdavant.fr\/actualites\/#\/schema\/person\/bc222566d95871b37e597b3ed3ba5e1d"},"headline":"Adrian Durham d\u00e9nonce \u00ab\u00a0l&#39;incomp\u00e9tence\u00a0\u00bb du VAR lors de la victoire de Liverpool contre Leicester","datePublished":"2024-12-27T19:48:07+00:00","dateModified":"2024-12-27T19:48:09+00:00","mainEntityOfPage":{"@id":"https:\/\/footdavant.fr\/actualites\/adrian-durham-denonce-lincompetence-du-var-lors-de-la-victoire-de-liverpool-contre-leicester\/"},"wordCount":465,"publisher":{"@id":"https:\/\/footdavant.fr\/actualites\/#organization"},"keywords":["Adrian","contre","d\u00e9nonce","Durham","l39incomp\u00e9tence","Leicester","Liverpool","lors","VAR","victoire"],"articleSection":["Football"],"inLanguage":"fr-FR"},{"@type":"WebPage","@id":"https:\/\/footdavant.fr\/actualites\/adrian-durham-denonce-lincompetence-du-var-lors-de-la-victoire-de-liverpool-contre-leicester\/","url":"https:\/\/footdavant.fr\/actualites\/adrian-durham-denonce-lincompetence-du-var-lors-de-la-victoire-de-liverpool-contre-leicester\/","name":"Adrian Durham d\u00e9nonce \"l&#39;incomp\u00e9tence\" du VAR lors de la victoire de Liverpool contre Leicester","isPartOf":{"@id":"https:\/\/footdavant.fr\/actualites\/#website"},"datePublished":"2024-12-27T19:48:07+00:00","dateModified":"2024-12-27T19:48:09+00:00","breadcrumb":{"@id":"https:\/\/footdavant.fr\/actualites\/adrian-durham-denonce-lincompetence-du-var-lors-de-la-victoire-de-liverpool-contre-leicester\/#breadcrumb"},"inLanguage":"fr-FR","potentialAction":[{"@type":"ReadAction","target":["https:\/\/footdavant.fr\/actualites\/adrian-durham-denonce-lincompetence-du-var-lors-de-la-victoire-de-liverpool-contre-leicester\/"]}]},{"@type":"BreadcrumbList","@id":"https:\/\/footdavant.fr\/actualites\/adrian-durham-denonce-lincompetence-du-var-lors-de-la-victoire-de-liverpool-contre-leicester\/#breadcrumb","itemListElement":[{"@type":"ListItem","position":1,"name":"Accueil","item":"https:\/\/footdavant.fr\/actualites\/"},{"@type":"ListItem","position":2,"name":"Adrian Durham d\u00e9nonce \u00ab\u00a0l&#39;incomp\u00e9tence\u00a0\u00bb du VAR lors de la victoire de Liverpool contre Leicester"}]},{"@type":"WebSite","@id":"https:\/\/footdavant.fr\/actualites\/#website","url":"https:\/\/footdavant.fr\/actualites\/","name":"Foot d'avant","description":"","publisher":{"@id":"https:\/\/footdavant.fr\/actualites\/#organization"},"potentialAction":[{"@type":"SearchAction","target":{"@type":"EntryPoint","urlTemplate":"https:\/\/footdavant.fr\/actualites\/?s={search_term_string}"},"query-input":"required name=search_term_string"}],"inLanguage":"fr-FR"},{"@type":"Organization","@id":"https:\/\/footdavant.fr\/actualites\/#organization","name":"Foot d'avant","url":"https:\/\/footdavant.fr\/actualites\/","logo":{"@type":"ImageObject","inLanguage":"fr-FR","@id":"https:\/\/footdavant.fr\/actualites\/#\/schema\/logo\/image\/","url":"https:\/\/footdavant.fr\/actualites\/wp-content\/uploads\/2023\/09\/Copy-of-FootDavant-Logo.png","contentUrl":"https:\/\/footdavant.fr\/actualites\/wp-content\/uploads\/2023\/09\/Copy-of-FootDavant-Logo.png","width":936,"height":549,"caption":"Foot d'avant"},"image":{"@id":"https:\/\/footdavant.fr\/actualites\/#\/schema\/logo\/image\/"},"sameAs":["https:\/\/www.facebook.com\/Footdavant\/","https:\/\/twitter.com\/FootdavantFr","https:\/\/www.instagram.com\/footdavant.fr\/"]},{"@type":"Person","@id":"https:\/\/footdavant.fr\/actualites\/#\/schema\/person\/bc222566d95871b37e597b3ed3ba5e1d","name":"Cl\u00e9ment","image":{"@type":"ImageObject","inLanguage":"fr-FR","@id":"https:\/\/footdavant.fr\/actualites\/#\/schema\/person\/image\/","url":"https:\/\/secure.gravatar.com\/avatar\/7728b29aac2719421e1a9159b2254c44?s=96&d=mm&r=g","contentUrl":"https:\/\/secure.gravatar.com\/avatar\/7728b29aac2719421e1a9159b2254c44?s=96&d=mm&r=g","caption":"Cl\u00e9ment"},"sameAs":["https:\/\/footdavant.fr\/"]}]}},"_links":{"self":[{"href":"https:\/\/footdavant.fr\/actualites\/wp-json\/wp\/v2\/posts\/18004"}],"collection":[{"href":"https:\/\/footdavant.fr\/actualites\/wp-json\/wp\/v2\/posts"}],"about":[{"href":"https:\/\/footdavant.fr\/actualites\/wp-json\/wp\/v2\/types\/post"}],"author":[{"embeddable":true,"href":"https:\/\/footdavant.fr\/actualites\/wp-json\/wp\/v2\/users\/1"}],"replies":[{"embeddable":true,"href":"https:\/\/footdavant.fr\/actualites\/wp-json\/wp\/v2\/comments?post=18004"}],"version-history":[{"count":1,"href":"https:\/\/footdavant.fr\/actualites\/wp-json\/wp\/v2\/posts\/18004\/revisions"}],"predecessor-version":[{"id":18006,"href":"https:\/\/footdavant.fr\/actualites\/wp-json\/wp\/v2\/posts\/18004\/revisions\/18006"}],"wp:featuredmedia":[{"embeddable":true,"href":"https:\/\/footdavant.fr\/actualites\/wp-json\/wp\/v2\/media\/18005"}],"wp:attachment":[{"href":"https:\/\/footdavant.fr\/actualites\/wp-json\/wp\/v2\/media?parent=18004"}],"wp:term":[{"taxonomy":"category","embeddable":true,"href":"https:\/\/footdavant.fr\/actualites\/wp-json\/wp\/v2\/categories?post=18004"},{"taxonomy":"post_tag","embeddable":true,"href":"https:\/\/footdavant.fr\/actualites\/wp-json\/wp\/v2\/tags?post=18004"}],"curies":[{"name":"wp","href":"https:\/\/api.w.org\/{rel}","templated":true}]}}