{"id":18007,"date":"2024-12-27T22:48:50","date_gmt":"2024-12-27T21:48:50","guid":{"rendered":"https:\/\/footdavant.fr\/actualites\/dernier-contrat-de-virgil-van-dijk-pourquoi-liverpool-pourrait-perdre-la-course-au-titre-en-premier-league-sans-renouvellement\/"},"modified":"2024-12-27T22:48:51","modified_gmt":"2024-12-27T21:48:51","slug":"dernier-contrat-de-virgil-van-dijk-pourquoi-liverpool-pourrait-perdre-la-course-au-titre-en-premier-league-sans-renouvellement","status":"publish","type":"post","link":"https:\/\/footdavant.fr\/actualites\/dernier-contrat-de-virgil-van-dijk-pourquoi-liverpool-pourrait-perdre-la-course-au-titre-en-premier-league-sans-renouvellement\/","title":{"rendered":"Dernier contrat de Virgil van Dijk: pourquoi Liverpool pourrait perdre la course au titre en Premier League sans renouvellement"},"content":{"rendered":"<p>Virgil van Dijk dit qu&#39;il n&#39;est pas s\u00fbr de ce que l&#39;avenir lui r\u00e9serve avant que Liverpool n&#39;affronte Leicester City en difficult\u00e9 \u00e0 Anfield lors d&#39;un match cl\u00e9 de Premier League.<\/p>\n<div id=\"article_body\" itemprop=\"articleBody\">\n<h3 class=\"firstPara\">\n<strong class=\"autotag\">Liverpool<\/strong> capitaine <strong class=\"autotag\">Virgile van Dijk<\/strong> a affirm\u00e9 qu&#39;il aime le club mais que l&#39;avenir est incertain avant son \u00e9quipe <strong>choc contre Leicester City<\/strong> \u00e0 Anfield le lendemain de No\u00ebl en Premier League.<\/h3>\n<p><strong>Les Reds sont premiers du championnat<\/strong> et ont quatre points d&#39;avance sur Chelsea, six points d&#39;avance sur Arsenal et un tampon de 12 points sur Manchester City, malgr\u00e9 un match de moins que tous leurs rivaux au titre.<\/p>\n<p>Chef <strong class=\"autotag\">Machine \u00e0 sous Arne<\/strong> a remport\u00e9 21 victoires en 25 matchs \u00e0 la t\u00eate du club, et son \u00e9quipe poss\u00e8de \u00e9galement les meilleurs records d\u00e9fensifs et offensifs de l&#39;\u00e9lite.<\/p>\n<p>Cependant, dans un coup port\u00e9 aux fans des Reds, le capitaine Van Dijk a d\u00e9clar\u00e9 dans une interview avec <em>Vid\u00e9o principale<\/em> qu&#39;il ne sait pas si son avenir se situe dans le Merseyside, d\u00e9clarant : \u00ab\u00a0J&#39;aime le club, le club m&#39;aime. J&#39;aime les fans, les fans m&#39;aiment et c&#39;est une tr\u00e8s bonne base pour r\u00e9ussir.\u00a0\u00bb<\/p>\n<p>\u00ab\u00a0Nous verrons ce que l&#39;avenir nous r\u00e9serve. Il ne s&#39;agit pas de moi mais j&#39;aimerais \u00eatre le premier (un joueur n\u00e9erlandais \u00e0 devenir capitaine d&#39;une \u00e9quipe qui remporte la Premier League). Je pense que c&#39;est l\u00e0. C&#39;est pour cela que nous travaillons en tant qu&#39;\u00e9quipe. \u00ab\u00a0.<\/p>\n<p>Tr\u00e8s peu de choses se sont mal pass\u00e9es sur le terrain de Liverpool, mais comme Van Dijk sera libre de parler aux \u00e9quipes \u00e0 l&#39;\u00e9tranger \u00e0 partir de janvier en raison de l&#39;expiration de son contrat l&#39;\u00e9t\u00e9 prochain, il est imp\u00e9ratif que le club trouve une solution au probl\u00e8me. impasse actuelle.<\/p>\n<p class=\"imgI\">\n<h2>Pourquoi l&#39;\u00e2ge de Van Dijk ne devrait pas \u00eatre une pr\u00e9occupation<\/h2>\n<p>Les propri\u00e9taires de Liverpool, Fenway Sports Group, ont parfois \u00e9t\u00e9 critiqu\u00e9s pour leurs mod\u00e8les financiers pr\u00e9tendument stricts, le club pr\u00e9f\u00e9rant recruter des joueurs plus \u00e2g\u00e9s tout en recrutant de jeunes talents ayant un potentiel de d\u00e9veloppement.<\/p>\n<p>Van Dijk aura 34 ans en juillet 2025, et il a \u00e9t\u00e9 sugg\u00e9r\u00e9 que FSG ne chercherait pas \u00e0 renouveler le contrat du N\u00e9erlandais, consid\u00e9rant une prolongation de salaire substantiel comme intrins\u00e8quement risqu\u00e9e.<\/p>\n<p>Il faut dire que le style de jeu de Van Dijk se pr\u00eate bien \u00e0 la long\u00e9vit\u00e9 au plus haut niveau \u00e9tant donn\u00e9 qu&#39;il est rarement \u2013 \u200b\u200bvoire jamais \u2013 entra\u00een\u00e9 dans des batailles fr\u00e9n\u00e9tiques et \u00e9puisantes avec les attaquants adverses.<\/p>\n<p>Le capitaine lui-m\u00eame a d\u00e9clar\u00e9 qu&#39;il pouvait \u00ab\u00a0jouer encore trois, quatre ans au moins au plus haut niveau\u00a0\u00bb, et il est facile de le voir continuer \u00e0 exceller pendant les ann\u00e9es \u00e0 venir.<\/p>\n<p>Laisser la saga contractuelle de Van Dijk s&#39;\u00e9terniser jusqu&#39;en 2025 pourrait \u00eatre dangereux et Liverpool risque de cr\u00e9er des distractions ind\u00e9sirables \u00e0 un moment o\u00f9 le club devrait s&#39;unir pour tenter de remporter la Premier League, surtout si le N\u00e9erlandais devait entamer des n\u00e9gociations avec d&#39;autres \u00e9quipes en janvier. .<\/p>\n<p>On pourrait dire la m\u00eame chose de <strong class=\"autotag\">Mohamed Salah<\/strong> et <strong class=\"autotag\">Trent Alexander-Arnold<\/strong>qui devraient tous deux quitter Anfield gratuitement fin 2024-2025, \u00e0 moins qu&#39;un compromis ne soit trouv\u00e9.<\/p>\n<p>Si le trio devait renouveler son mandat avec Liverpool, ils pourraient se concentrer uniquement sur les questions de football et tout donner au club dans les derniers mois de la saison.<\/p>\n<div class=\"author_box\">\n<div class=\"author_box_banner\">\n<img decoding=\"async\" class=\"author_img\" src=\"https:\/\/footdavant.fr\/actualites\/wp-content\/uploads\/2024\/12\/1735336130_63_Dernier-contrat-de-Virgil-van-Dijk-pourquoi-Liverpool-pourrait-perdre.jpg\"><\/p>\n<\/div>\n<\/div>\n<\/div>\n","protected":false},"excerpt":{"rendered":"<p>Virgil van Dijk dit qu&#39;il n&#39;est pas s\u00fbr de ce que l&#39;avenir lui r\u00e9serve avant que Liverpool n&#39;affronte Leicester City en difficult\u00e9 \u00e0 Anfield lors<\/p>\n","protected":false},"author":1,"featured_media":18008,"comment_status":"closed","ping_status":"","sticky":false,"template":"","format":"standard","meta":{"footnotes":""},"categories":[5],"tags":[1218,2317,784,202,53,2296,610,269,201,7461,706,581,783,782],"yoast_head":"<!-- This site is optimized with the Yoast SEO plugin v21.0 - https:\/\/yoast.com\/wordpress\/plugins\/seo\/ -->\n<title>Dernier contrat de Virgil van Dijk: pourquoi Liverpool pourrait perdre la course au titre en Premier League sans renouvellement<\/title>\n<meta name=\"robots\" content=\"index, follow, max-snippet:-1, max-image-preview:large, max-video-preview:-1\" \/>\n<link rel=\"canonical\" href=\"https:\/\/footdavant.fr\/actualites\/dernier-contrat-de-virgil-van-dijk-pourquoi-liverpool-pourrait-perdre-la-course-au-titre-en-premier-league-sans-renouvellement\/\" \/>\n<meta property=\"og:locale\" content=\"fr_FR\" \/>\n<meta property=\"og:type\" content=\"article\" \/>\n<meta property=\"og:title\" content=\"Dernier contrat de Virgil van Dijk: pourquoi Liverpool pourrait perdre la course au titre en Premier League sans renouvellement\" \/>\n<meta property=\"og:description\" content=\"Virgil van Dijk dit qu&#039;il n&#039;est pas s\u00fbr de ce que l&#039;avenir lui r\u00e9serve avant que Liverpool n&#039;affronte Leicester City en difficult\u00e9 \u00e0 Anfield lors\" \/>\n<meta property=\"og:url\" content=\"https:\/\/footdavant.fr\/actualites\/dernier-contrat-de-virgil-van-dijk-pourquoi-liverpool-pourrait-perdre-la-course-au-titre-en-premier-league-sans-renouvellement\/\" \/>\n<meta property=\"og:site_name\" content=\"Foot d&#039;avant\" \/>\n<meta property=\"article:publisher\" content=\"https:\/\/www.facebook.com\/Footdavant\/\" \/>\n<meta property=\"article:published_time\" content=\"2024-12-27T21:48:50+00:00\" \/>\n<meta property=\"article:modified_time\" content=\"2024-12-27T21:48:51+00:00\" \/>\n<meta property=\"og:image\" content=\"https:\/\/footdavant.fr\/actualites\/wp-content\/uploads\/2024\/12\/Dernier-contrat-de-Virgil-van-Dijk-pourquoi-Liverpool-pourrait-perdre.jpg\" \/>\n\t<meta property=\"og:image:width\" content=\"640\" \/>\n\t<meta property=\"og:image:height\" content=\"480\" \/>\n\t<meta property=\"og:image:type\" content=\"image\/jpeg\" \/>\n<meta name=\"author\" content=\"Cl\u00e9ment\" \/>\n<meta name=\"twitter:card\" content=\"summary_large_image\" \/>\n<meta name=\"twitter:creator\" content=\"@FootdavantFr\" \/>\n<meta name=\"twitter:site\" content=\"@FootdavantFr\" \/>\n<meta name=\"twitter:label1\" content=\"\u00c9crit par\" \/>\n\t<meta name=\"twitter:data1\" content=\"Cl\u00e9ment\" \/>\n\t<meta name=\"twitter:label2\" content=\"Dur\u00e9e de lecture estim\u00e9e\" \/>\n\t<meta name=\"twitter:data2\" content=\"3 minutes\" \/>\n<script type=\"application\/ld+json\" class=\"yoast-schema-graph\">{\"@context\":\"https:\/\/schema.org\",\"@graph\":[{\"@type\":\"Article\",\"@id\":\"https:\/\/footdavant.fr\/actualites\/dernier-contrat-de-virgil-van-dijk-pourquoi-liverpool-pourrait-perdre-la-course-au-titre-en-premier-league-sans-renouvellement\/#article\",\"isPartOf\":{\"@id\":\"https:\/\/footdavant.fr\/actualites\/dernier-contrat-de-virgil-van-dijk-pourquoi-liverpool-pourrait-perdre-la-course-au-titre-en-premier-league-sans-renouvellement\/\"},\"author\":{\"name\":\"Cl\u00e9ment\",\"@id\":\"https:\/\/footdavant.fr\/actualites\/#\/schema\/person\/bc222566d95871b37e597b3ed3ba5e1d\"},\"headline\":\"Dernier contrat de Virgil van Dijk: pourquoi Liverpool pourrait perdre la course au titre en Premier League sans renouvellement\",\"datePublished\":\"2024-12-27T21:48:50+00:00\",\"dateModified\":\"2024-12-27T21:48:51+00:00\",\"mainEntityOfPage\":{\"@id\":\"https:\/\/footdavant.fr\/actualites\/dernier-contrat-de-virgil-van-dijk-pourquoi-liverpool-pourrait-perdre-la-course-au-titre-en-premier-league-sans-renouvellement\/\"},\"wordCount\":618,\"publisher\":{\"@id\":\"https:\/\/footdavant.fr\/actualites\/#organization\"},\"keywords\":[\"contrat\",\"dernier\",\"Dijk\",\"League\",\"Liverpool\",\"perdre\",\"Pourquoi\",\"pourrait\",\"Premier\",\"renouvellement\",\"sans\",\"titre\",\"van\",\"Virgil\"],\"articleSection\":[\"Premier League\"],\"inLanguage\":\"fr-FR\"},{\"@type\":\"WebPage\",\"@id\":\"https:\/\/footdavant.fr\/actualites\/dernier-contrat-de-virgil-van-dijk-pourquoi-liverpool-pourrait-perdre-la-course-au-titre-en-premier-league-sans-renouvellement\/\",\"url\":\"https:\/\/footdavant.fr\/actualites\/dernier-contrat-de-virgil-van-dijk-pourquoi-liverpool-pourrait-perdre-la-course-au-titre-en-premier-league-sans-renouvellement\/\",\"name\":\"Dernier contrat de Virgil van Dijk: pourquoi Liverpool pourrait perdre la course au titre en Premier League sans renouvellement\",\"isPartOf\":{\"@id\":\"https:\/\/footdavant.fr\/actualites\/#website\"},\"datePublished\":\"2024-12-27T21:48:50+00:00\",\"dateModified\":\"2024-12-27T21:48:51+00:00\",\"breadcrumb\":{\"@id\":\"https:\/\/footdavant.fr\/actualites\/dernier-contrat-de-virgil-van-dijk-pourquoi-liverpool-pourrait-perdre-la-course-au-titre-en-premier-league-sans-renouvellement\/#breadcrumb\"},\"inLanguage\":\"fr-FR\",\"potentialAction\":[{\"@type\":\"ReadAction\",\"target\":[\"https:\/\/footdavant.fr\/actualites\/dernier-contrat-de-virgil-van-dijk-pourquoi-liverpool-pourrait-perdre-la-course-au-titre-en-premier-league-sans-renouvellement\/\"]}]},{\"@type\":\"BreadcrumbList\",\"@id\":\"https:\/\/footdavant.fr\/actualites\/dernier-contrat-de-virgil-van-dijk-pourquoi-liverpool-pourrait-perdre-la-course-au-titre-en-premier-league-sans-renouvellement\/#breadcrumb\",\"itemListElement\":[{\"@type\":\"ListItem\",\"position\":1,\"name\":\"Accueil\",\"item\":\"https:\/\/footdavant.fr\/actualites\/\"},{\"@type\":\"ListItem\",\"position\":2,\"name\":\"Dernier contrat de Virgil van Dijk: pourquoi Liverpool pourrait perdre la course au titre en Premier League sans renouvellement\"}]},{\"@type\":\"WebSite\",\"@id\":\"https:\/\/footdavant.fr\/actualites\/#website\",\"url\":\"https:\/\/footdavant.fr\/actualites\/\",\"name\":\"Foot d'avant\",\"description\":\"\",\"publisher\":{\"@id\":\"https:\/\/footdavant.fr\/actualites\/#organization\"},\"potentialAction\":[{\"@type\":\"SearchAction\",\"target\":{\"@type\":\"EntryPoint\",\"urlTemplate\":\"https:\/\/footdavant.fr\/actualites\/?s={search_term_string}\"},\"query-input\":\"required name=search_term_string\"}],\"inLanguage\":\"fr-FR\"},{\"@type\":\"Organization\",\"@id\":\"https:\/\/footdavant.fr\/actualites\/#organization\",\"name\":\"Foot d'avant\",\"url\":\"https:\/\/footdavant.fr\/actualites\/\",\"logo\":{\"@type\":\"ImageObject\",\"inLanguage\":\"fr-FR\",\"@id\":\"https:\/\/footdavant.fr\/actualites\/#\/schema\/logo\/image\/\",\"url\":\"https:\/\/footdavant.fr\/actualites\/wp-content\/uploads\/2023\/09\/Copy-of-FootDavant-Logo.png\",\"contentUrl\":\"https:\/\/footdavant.fr\/actualites\/wp-content\/uploads\/2023\/09\/Copy-of-FootDavant-Logo.png\",\"width\":936,\"height\":549,\"caption\":\"Foot d'avant\"},\"image\":{\"@id\":\"https:\/\/footdavant.fr\/actualites\/#\/schema\/logo\/image\/\"},\"sameAs\":[\"https:\/\/www.facebook.com\/Footdavant\/\",\"https:\/\/twitter.com\/FootdavantFr\",\"https:\/\/www.instagram.com\/footdavant.fr\/\"]},{\"@type\":\"Person\",\"@id\":\"https:\/\/footdavant.fr\/actualites\/#\/schema\/person\/bc222566d95871b37e597b3ed3ba5e1d\",\"name\":\"Cl\u00e9ment\",\"image\":{\"@type\":\"ImageObject\",\"inLanguage\":\"fr-FR\",\"@id\":\"https:\/\/footdavant.fr\/actualites\/#\/schema\/person\/image\/\",\"url\":\"https:\/\/secure.gravatar.com\/avatar\/7728b29aac2719421e1a9159b2254c44?s=96&d=mm&r=g\",\"contentUrl\":\"https:\/\/secure.gravatar.com\/avatar\/7728b29aac2719421e1a9159b2254c44?s=96&d=mm&r=g\",\"caption\":\"Cl\u00e9ment\"},\"sameAs\":[\"https:\/\/footdavant.fr\/\"]}]}<\/script>\n<!-- \/ Yoast SEO plugin. -->","yoast_head_json":{"title":"Dernier contrat de Virgil van Dijk: pourquoi Liverpool pourrait perdre la course au titre en Premier League sans renouvellement","robots":{"index":"index","follow":"follow","max-snippet":"max-snippet:-1","max-image-preview":"max-image-preview:large","max-video-preview":"max-video-preview:-1"},"canonical":"https:\/\/footdavant.fr\/actualites\/dernier-contrat-de-virgil-van-dijk-pourquoi-liverpool-pourrait-perdre-la-course-au-titre-en-premier-league-sans-renouvellement\/","og_locale":"fr_FR","og_type":"article","og_title":"Dernier contrat de Virgil van Dijk: pourquoi Liverpool pourrait perdre la course au titre en Premier League sans renouvellement","og_description":"Virgil van Dijk dit qu&#39;il n&#39;est pas s\u00fbr de ce que l&#39;avenir lui r\u00e9serve avant que Liverpool n&#39;affronte Leicester City en difficult\u00e9 \u00e0 Anfield lors","og_url":"https:\/\/footdavant.fr\/actualites\/dernier-contrat-de-virgil-van-dijk-pourquoi-liverpool-pourrait-perdre-la-course-au-titre-en-premier-league-sans-renouvellement\/","og_site_name":"Foot d&#039;avant","article_publisher":"https:\/\/www.facebook.com\/Footdavant\/","article_published_time":"2024-12-27T21:48:50+00:00","article_modified_time":"2024-12-27T21:48:51+00:00","og_image":[{"width":640,"height":480,"url":"https:\/\/footdavant.fr\/actualites\/wp-content\/uploads\/2024\/12\/Dernier-contrat-de-Virgil-van-Dijk-pourquoi-Liverpool-pourrait-perdre.jpg","type":"image\/jpeg"}],"author":"Cl\u00e9ment","twitter_card":"summary_large_image","twitter_creator":"@FootdavantFr","twitter_site":"@FootdavantFr","twitter_misc":{"\u00c9crit par":"Cl\u00e9ment","Dur\u00e9e de lecture estim\u00e9e":"3 minutes"},"schema":{"@context":"https:\/\/schema.org","@graph":[{"@type":"Article","@id":"https:\/\/footdavant.fr\/actualites\/dernier-contrat-de-virgil-van-dijk-pourquoi-liverpool-pourrait-perdre-la-course-au-titre-en-premier-league-sans-renouvellement\/#article","isPartOf":{"@id":"https:\/\/footdavant.fr\/actualites\/dernier-contrat-de-virgil-van-dijk-pourquoi-liverpool-pourrait-perdre-la-course-au-titre-en-premier-league-sans-renouvellement\/"},"author":{"name":"Cl\u00e9ment","@id":"https:\/\/footdavant.fr\/actualites\/#\/schema\/person\/bc222566d95871b37e597b3ed3ba5e1d"},"headline":"Dernier contrat de Virgil van Dijk: pourquoi Liverpool pourrait perdre la course au titre en Premier League sans renouvellement","datePublished":"2024-12-27T21:48:50+00:00","dateModified":"2024-12-27T21:48:51+00:00","mainEntityOfPage":{"@id":"https:\/\/footdavant.fr\/actualites\/dernier-contrat-de-virgil-van-dijk-pourquoi-liverpool-pourrait-perdre-la-course-au-titre-en-premier-league-sans-renouvellement\/"},"wordCount":618,"publisher":{"@id":"https:\/\/footdavant.fr\/actualites\/#organization"},"keywords":["contrat","dernier","Dijk","League","Liverpool","perdre","Pourquoi","pourrait","Premier","renouvellement","sans","titre","van","Virgil"],"articleSection":["Premier League"],"inLanguage":"fr-FR"},{"@type":"WebPage","@id":"https:\/\/footdavant.fr\/actualites\/dernier-contrat-de-virgil-van-dijk-pourquoi-liverpool-pourrait-perdre-la-course-au-titre-en-premier-league-sans-renouvellement\/","url":"https:\/\/footdavant.fr\/actualites\/dernier-contrat-de-virgil-van-dijk-pourquoi-liverpool-pourrait-perdre-la-course-au-titre-en-premier-league-sans-renouvellement\/","name":"Dernier contrat de Virgil van Dijk: pourquoi Liverpool pourrait perdre la course au titre en Premier League sans renouvellement","isPartOf":{"@id":"https:\/\/footdavant.fr\/actualites\/#website"},"datePublished":"2024-12-27T21:48:50+00:00","dateModified":"2024-12-27T21:48:51+00:00","breadcrumb":{"@id":"https:\/\/footdavant.fr\/actualites\/dernier-contrat-de-virgil-van-dijk-pourquoi-liverpool-pourrait-perdre-la-course-au-titre-en-premier-league-sans-renouvellement\/#breadcrumb"},"inLanguage":"fr-FR","potentialAction":[{"@type":"ReadAction","target":["https:\/\/footdavant.fr\/actualites\/dernier-contrat-de-virgil-van-dijk-pourquoi-liverpool-pourrait-perdre-la-course-au-titre-en-premier-league-sans-renouvellement\/"]}]},{"@type":"BreadcrumbList","@id":"https:\/\/footdavant.fr\/actualites\/dernier-contrat-de-virgil-van-dijk-pourquoi-liverpool-pourrait-perdre-la-course-au-titre-en-premier-league-sans-renouvellement\/#breadcrumb","itemListElement":[{"@type":"ListItem","position":1,"name":"Accueil","item":"https:\/\/footdavant.fr\/actualites\/"},{"@type":"ListItem","position":2,"name":"Dernier contrat de Virgil van Dijk: pourquoi Liverpool pourrait perdre la course au titre en Premier League sans renouvellement"}]},{"@type":"WebSite","@id":"https:\/\/footdavant.fr\/actualites\/#website","url":"https:\/\/footdavant.fr\/actualites\/","name":"Foot d'avant","description":"","publisher":{"@id":"https:\/\/footdavant.fr\/actualites\/#organization"},"potentialAction":[{"@type":"SearchAction","target":{"@type":"EntryPoint","urlTemplate":"https:\/\/footdavant.fr\/actualites\/?s={search_term_string}"},"query-input":"required name=search_term_string"}],"inLanguage":"fr-FR"},{"@type":"Organization","@id":"https:\/\/footdavant.fr\/actualites\/#organization","name":"Foot d'avant","url":"https:\/\/footdavant.fr\/actualites\/","logo":{"@type":"ImageObject","inLanguage":"fr-FR","@id":"https:\/\/footdavant.fr\/actualites\/#\/schema\/logo\/image\/","url":"https:\/\/footdavant.fr\/actualites\/wp-content\/uploads\/2023\/09\/Copy-of-FootDavant-Logo.png","contentUrl":"https:\/\/footdavant.fr\/actualites\/wp-content\/uploads\/2023\/09\/Copy-of-FootDavant-Logo.png","width":936,"height":549,"caption":"Foot d'avant"},"image":{"@id":"https:\/\/footdavant.fr\/actualites\/#\/schema\/logo\/image\/"},"sameAs":["https:\/\/www.facebook.com\/Footdavant\/","https:\/\/twitter.com\/FootdavantFr","https:\/\/www.instagram.com\/footdavant.fr\/"]},{"@type":"Person","@id":"https:\/\/footdavant.fr\/actualites\/#\/schema\/person\/bc222566d95871b37e597b3ed3ba5e1d","name":"Cl\u00e9ment","image":{"@type":"ImageObject","inLanguage":"fr-FR","@id":"https:\/\/footdavant.fr\/actualites\/#\/schema\/person\/image\/","url":"https:\/\/secure.gravatar.com\/avatar\/7728b29aac2719421e1a9159b2254c44?s=96&d=mm&r=g","contentUrl":"https:\/\/secure.gravatar.com\/avatar\/7728b29aac2719421e1a9159b2254c44?s=96&d=mm&r=g","caption":"Cl\u00e9ment"},"sameAs":["https:\/\/footdavant.fr\/"]}]}},"_links":{"self":[{"href":"https:\/\/footdavant.fr\/actualites\/wp-json\/wp\/v2\/posts\/18007"}],"collection":[{"href":"https:\/\/footdavant.fr\/actualites\/wp-json\/wp\/v2\/posts"}],"about":[{"href":"https:\/\/footdavant.fr\/actualites\/wp-json\/wp\/v2\/types\/post"}],"author":[{"embeddable":true,"href":"https:\/\/footdavant.fr\/actualites\/wp-json\/wp\/v2\/users\/1"}],"replies":[{"embeddable":true,"href":"https:\/\/footdavant.fr\/actualites\/wp-json\/wp\/v2\/comments?post=18007"}],"version-history":[{"count":1,"href":"https:\/\/footdavant.fr\/actualites\/wp-json\/wp\/v2\/posts\/18007\/revisions"}],"predecessor-version":[{"id":18009,"href":"https:\/\/footdavant.fr\/actualites\/wp-json\/wp\/v2\/posts\/18007\/revisions\/18009"}],"wp:featuredmedia":[{"embeddable":true,"href":"https:\/\/footdavant.fr\/actualites\/wp-json\/wp\/v2\/media\/18008"}],"wp:attachment":[{"href":"https:\/\/footdavant.fr\/actualites\/wp-json\/wp\/v2\/media?parent=18007"}],"wp:term":[{"taxonomy":"category","embeddable":true,"href":"https:\/\/footdavant.fr\/actualites\/wp-json\/wp\/v2\/categories?post=18007"},{"taxonomy":"post_tag","embeddable":true,"href":"https:\/\/footdavant.fr\/actualites\/wp-json\/wp\/v2\/tags?post=18007"}],"curies":[{"name":"wp","href":"https:\/\/api.w.org\/{rel}","templated":true}]}}