{"id":18016,"date":"2024-12-28T04:48:13","date_gmt":"2024-12-28T03:48:13","guid":{"rendered":"https:\/\/footdavant.fr\/actualites\/jespere-que-2025-apportera-des-trophees-declare-rice-alors-que-les-gunners-passent-deuxiemes\/"},"modified":"2024-12-28T04:48:16","modified_gmt":"2024-12-28T03:48:16","slug":"jespere-que-2025-apportera-des-trophees-declare-rice-alors-que-les-gunners-passent-deuxiemes","status":"publish","type":"post","link":"https:\/\/footdavant.fr\/actualites\/jespere-que-2025-apportera-des-trophees-declare-rice-alors-que-les-gunners-passent-deuxiemes\/","title":{"rendered":"\u00ab\u00a0J&#39;esp\u00e8re que 2025 apportera des troph\u00e9es\u00a0\u00bb, d\u00e9clare Rice alors que les Gunners passent deuxi\u00e8mes"},"content":{"rendered":"<div>\n<p>Le milieu de terrain d&#39;Arsenal, Declan Rice, vise \u00e0 remporter des troph\u00e9es au cours de la nouvelle ann\u00e9e apr\u00e8s que les Gunners ont battu Ipswich pour passer \u00e0 la deuxi\u00e8me place de la Premier League.<\/p>\n<p>L&#39;\u00e9quipe de Mikel Arteta a termin\u00e9 deuxi\u00e8me derri\u00e8re Manchester City lors de chacune des deux derni\u00e8res saisons et tra\u00eene d\u00e9sormais Liverpool de six points avant 2025.<\/p>\n<p>Les Gunners se portent \u00e9galement bien en Ligue des champions et auront une demi-finale de la Coupe Carabao contre Newcastle \u00e0 venir.<\/p>\n<p class=\"ssrcss-1q0x1qg-Paragraph e1jhz7w10\">\u00ab Cela a \u00e9t\u00e9 une bonne ann\u00e9e. Nous avons bien fait, mais ce n\u2019est pas ce que nous voulons \u00bb, a d\u00e9clar\u00e9 Rice.<\/p>\n<blockquote class=\"twitter-tweet\" data-width=\"550\" data-dnt=\"true\">\n<p lang=\"en\" dir=\"ltr\">\u00ab\u00a0Peut-\u00eatre vers la fin [of last season] nous avons ressenti cette pression\u00a0\u00bb<\/p>\n<p>Declan Rice sur le fait d&#39;\u00eatre les poursuivants pour le titre de Premier League\u2026 \ud83c\udfc6<a rel=\"nofollow\" href=\"https:\/\/twitter.com\/hashtag\/PLonPrime?src=hash&amp;ref_src=twsrc%5Etfw\" rel=\"nofollow noopener\">#PLonPrime<\/a> <a rel=\"nofollow\" href=\"https:\/\/t.co\/Rf3cOxfFvb\" rel=\"nofollow\">pic.twitter.com\/Rf3cOxfFvb<\/a><\/p>\n<p>\u2013 Amazon Prime Vid\u00e9o Sport (@primevideosport) <a rel=\"nofollow\" href=\"https:\/\/twitter.com\/primevideosport\/status\/1872772758150541331?ref_src=twsrc%5Etfw\" rel=\"nofollow noopener\">27 d\u00e9cembre 2024<\/a><\/p>\n<\/blockquote>\n<p class=\"ssrcss-1q0x1qg-Paragraph e1jhz7w10\">\u00ab J&#39;esp\u00e8re que la nouvelle ann\u00e9e apportera des troph\u00e9es. Pour franchir la prochaine \u00e9tape et faire partie de l\u2019\u00e9lite. Nous pouvons continuer \u00e0 gagner des matchs, mais cela ne veut rien dire si vous ne gagnez rien.<\/p>\n<p>Le but de Kai Havertz \u00e9tait suffisant pour battre Ipswich et remporter huit victoires en 11 matchs depuis les d\u00e9faites cons\u00e9cutives en novembre.<\/p>\n<p>Les Gunners ont \u00e9t\u00e9 frustrants devant le but et Rice dit qu&#39;ils ont besoin d&#39;une faveur des autres \u00e9quipes pour arr\u00eater Liverpool \u2013 qui affrontera West Ham dimanche.<\/p>\n<p class=\"ssrcss-1q0x1qg-Paragraph e1jhz7w10\">\u00ab Un immense respect pour eux. Ils sont \u00e0 plein r\u00e9gime. \u00bb, a d\u00e9clar\u00e9 Rice.<\/p>\n<p class=\"ssrcss-1q0x1qg-Paragraph e1jhz7w10\">\u00ab Ils ne laissent personne respirer et nous avons besoin de quelqu&#39;un pour nous aider afin qu&#39;ils puissent perdre quelques points.<\/p>\n<p class=\"ssrcss-1q0x1qg-Paragraph e1jhz7w10\">\u00ab Je pense que Chelsea a \u00e9t\u00e9 exceptionnel. Ils ont \u00e9t\u00e9 incroyables dans la fa\u00e7on dont ils ont jou\u00e9.<\/p>\n<\/p><\/div>\n<p><script async src=\"https:\/\/platform.twitter.com\/widgets.js\" charset=\"utf-8\"><\/script><\/p>\n","protected":false},"excerpt":{"rendered":"<p>Le milieu de terrain d&#39;Arsenal, Declan Rice, vise \u00e0 remporter des troph\u00e9es au cours de la nouvelle ann\u00e9e apr\u00e8s que les Gunners ont battu Ipswich<\/p>\n","protected":false},"author":1,"featured_media":18017,"comment_status":"closed","ping_status":"","sticky":false,"template":"","format":"standard","meta":{"footnotes":""},"categories":[3],"tags":[318,7494,1279,12,7495,997,6709,93,3157,1337,4073],"yoast_head":"<!-- This site is optimized with the Yoast SEO plugin v21.0 - https:\/\/yoast.com\/wordpress\/plugins\/seo\/ -->\n<title>&quot;J&#039;esp\u00e8re que 2025 apportera des troph\u00e9es&quot;, d\u00e9clare Rice alors que les Gunners passent deuxi\u00e8mes<\/title>\n<meta name=\"robots\" content=\"index, follow, max-snippet:-1, max-image-preview:large, max-video-preview:-1\" \/>\n<link rel=\"canonical\" href=\"https:\/\/footdavant.fr\/actualites\/jespere-que-2025-apportera-des-trophees-declare-rice-alors-que-les-gunners-passent-deuxiemes\/\" \/>\n<meta property=\"og:locale\" content=\"fr_FR\" \/>\n<meta property=\"og:type\" content=\"article\" \/>\n<meta property=\"og:title\" content=\"&quot;J&#039;esp\u00e8re que 2025 apportera des troph\u00e9es&quot;, d\u00e9clare Rice alors que les Gunners passent deuxi\u00e8mes\" \/>\n<meta property=\"og:description\" content=\"Le milieu de terrain d&#039;Arsenal, Declan Rice, vise \u00e0 remporter des troph\u00e9es au cours de la nouvelle ann\u00e9e apr\u00e8s que les Gunners ont battu Ipswich\" \/>\n<meta property=\"og:url\" content=\"https:\/\/footdavant.fr\/actualites\/jespere-que-2025-apportera-des-trophees-declare-rice-alors-que-les-gunners-passent-deuxiemes\/\" \/>\n<meta property=\"og:site_name\" content=\"Foot d&#039;avant\" \/>\n<meta property=\"article:publisher\" content=\"https:\/\/www.facebook.com\/Footdavant\/\" \/>\n<meta property=\"article:published_time\" content=\"2024-12-28T03:48:13+00:00\" \/>\n<meta property=\"article:modified_time\" content=\"2024-12-28T03:48:16+00:00\" \/>\n<meta property=\"og:image\" content=\"https:\/\/footdavant.fr\/actualites\/wp-content\/uploads\/2024\/12\/J39espere-que-2025-apportera-des-trophees-declare-Rice-alors-que.jpg\" \/>\n\t<meta property=\"og:image:width\" content=\"1200\" \/>\n\t<meta property=\"og:image:height\" content=\"800\" \/>\n\t<meta property=\"og:image:type\" content=\"image\/jpeg\" \/>\n<meta name=\"author\" content=\"Cl\u00e9ment\" \/>\n<meta name=\"twitter:card\" content=\"summary_large_image\" \/>\n<meta name=\"twitter:creator\" content=\"@FootdavantFr\" \/>\n<meta name=\"twitter:site\" content=\"@FootdavantFr\" \/>\n<meta name=\"twitter:label1\" content=\"\u00c9crit par\" \/>\n\t<meta name=\"twitter:data1\" content=\"Cl\u00e9ment\" \/>\n\t<meta name=\"twitter:label2\" content=\"Dur\u00e9e de lecture estim\u00e9e\" \/>\n\t<meta name=\"twitter:data2\" content=\"2 minutes\" \/>\n<script type=\"application\/ld+json\" class=\"yoast-schema-graph\">{\"@context\":\"https:\/\/schema.org\",\"@graph\":[{\"@type\":\"Article\",\"@id\":\"https:\/\/footdavant.fr\/actualites\/jespere-que-2025-apportera-des-trophees-declare-rice-alors-que-les-gunners-passent-deuxiemes\/#article\",\"isPartOf\":{\"@id\":\"https:\/\/footdavant.fr\/actualites\/jespere-que-2025-apportera-des-trophees-declare-rice-alors-que-les-gunners-passent-deuxiemes\/\"},\"author\":{\"name\":\"Cl\u00e9ment\",\"@id\":\"https:\/\/footdavant.fr\/actualites\/#\/schema\/person\/bc222566d95871b37e597b3ed3ba5e1d\"},\"headline\":\"\u00ab\u00a0J&#39;esp\u00e8re que 2025 apportera des troph\u00e9es\u00a0\u00bb, d\u00e9clare Rice alors que les Gunners passent deuxi\u00e8mes\",\"datePublished\":\"2024-12-28T03:48:13+00:00\",\"dateModified\":\"2024-12-28T03:48:16+00:00\",\"mainEntityOfPage\":{\"@id\":\"https:\/\/footdavant.fr\/actualites\/jespere-que-2025-apportera-des-trophees-declare-rice-alors-que-les-gunners-passent-deuxiemes\/\"},\"wordCount\":323,\"publisher\":{\"@id\":\"https:\/\/footdavant.fr\/actualites\/#organization\"},\"keywords\":[\"alors\",\"apportera\",\"d\u00e9clar\u00e9\",\"des\",\"deuxi\u00e8mes\",\"Gunners\",\"J39esp\u00e8re\",\"les\",\"passent\",\"Rice\",\"troph\u00e9es\"],\"articleSection\":[\"Football\"],\"inLanguage\":\"fr-FR\"},{\"@type\":\"WebPage\",\"@id\":\"https:\/\/footdavant.fr\/actualites\/jespere-que-2025-apportera-des-trophees-declare-rice-alors-que-les-gunners-passent-deuxiemes\/\",\"url\":\"https:\/\/footdavant.fr\/actualites\/jespere-que-2025-apportera-des-trophees-declare-rice-alors-que-les-gunners-passent-deuxiemes\/\",\"name\":\"\\\"J&#39;esp\u00e8re que 2025 apportera des troph\u00e9es\\\", d\u00e9clare Rice alors que les Gunners passent deuxi\u00e8mes\",\"isPartOf\":{\"@id\":\"https:\/\/footdavant.fr\/actualites\/#website\"},\"datePublished\":\"2024-12-28T03:48:13+00:00\",\"dateModified\":\"2024-12-28T03:48:16+00:00\",\"breadcrumb\":{\"@id\":\"https:\/\/footdavant.fr\/actualites\/jespere-que-2025-apportera-des-trophees-declare-rice-alors-que-les-gunners-passent-deuxiemes\/#breadcrumb\"},\"inLanguage\":\"fr-FR\",\"potentialAction\":[{\"@type\":\"ReadAction\",\"target\":[\"https:\/\/footdavant.fr\/actualites\/jespere-que-2025-apportera-des-trophees-declare-rice-alors-que-les-gunners-passent-deuxiemes\/\"]}]},{\"@type\":\"BreadcrumbList\",\"@id\":\"https:\/\/footdavant.fr\/actualites\/jespere-que-2025-apportera-des-trophees-declare-rice-alors-que-les-gunners-passent-deuxiemes\/#breadcrumb\",\"itemListElement\":[{\"@type\":\"ListItem\",\"position\":1,\"name\":\"Accueil\",\"item\":\"https:\/\/footdavant.fr\/actualites\/\"},{\"@type\":\"ListItem\",\"position\":2,\"name\":\"\u00ab\u00a0J&#39;esp\u00e8re que 2025 apportera des troph\u00e9es\u00a0\u00bb, d\u00e9clare Rice alors que les Gunners passent deuxi\u00e8mes\"}]},{\"@type\":\"WebSite\",\"@id\":\"https:\/\/footdavant.fr\/actualites\/#website\",\"url\":\"https:\/\/footdavant.fr\/actualites\/\",\"name\":\"Foot d'avant\",\"description\":\"\",\"publisher\":{\"@id\":\"https:\/\/footdavant.fr\/actualites\/#organization\"},\"potentialAction\":[{\"@type\":\"SearchAction\",\"target\":{\"@type\":\"EntryPoint\",\"urlTemplate\":\"https:\/\/footdavant.fr\/actualites\/?s={search_term_string}\"},\"query-input\":\"required name=search_term_string\"}],\"inLanguage\":\"fr-FR\"},{\"@type\":\"Organization\",\"@id\":\"https:\/\/footdavant.fr\/actualites\/#organization\",\"name\":\"Foot d'avant\",\"url\":\"https:\/\/footdavant.fr\/actualites\/\",\"logo\":{\"@type\":\"ImageObject\",\"inLanguage\":\"fr-FR\",\"@id\":\"https:\/\/footdavant.fr\/actualites\/#\/schema\/logo\/image\/\",\"url\":\"https:\/\/footdavant.fr\/actualites\/wp-content\/uploads\/2023\/09\/Copy-of-FootDavant-Logo.png\",\"contentUrl\":\"https:\/\/footdavant.fr\/actualites\/wp-content\/uploads\/2023\/09\/Copy-of-FootDavant-Logo.png\",\"width\":936,\"height\":549,\"caption\":\"Foot d'avant\"},\"image\":{\"@id\":\"https:\/\/footdavant.fr\/actualites\/#\/schema\/logo\/image\/\"},\"sameAs\":[\"https:\/\/www.facebook.com\/Footdavant\/\",\"https:\/\/twitter.com\/FootdavantFr\",\"https:\/\/www.instagram.com\/footdavant.fr\/\"]},{\"@type\":\"Person\",\"@id\":\"https:\/\/footdavant.fr\/actualites\/#\/schema\/person\/bc222566d95871b37e597b3ed3ba5e1d\",\"name\":\"Cl\u00e9ment\",\"image\":{\"@type\":\"ImageObject\",\"inLanguage\":\"fr-FR\",\"@id\":\"https:\/\/footdavant.fr\/actualites\/#\/schema\/person\/image\/\",\"url\":\"https:\/\/secure.gravatar.com\/avatar\/7728b29aac2719421e1a9159b2254c44?s=96&d=mm&r=g\",\"contentUrl\":\"https:\/\/secure.gravatar.com\/avatar\/7728b29aac2719421e1a9159b2254c44?s=96&d=mm&r=g\",\"caption\":\"Cl\u00e9ment\"},\"sameAs\":[\"https:\/\/footdavant.fr\/\"]}]}<\/script>\n<!-- \/ Yoast SEO plugin. -->","yoast_head_json":{"title":"\"J&#39;esp\u00e8re que 2025 apportera des troph\u00e9es\", d\u00e9clare Rice alors que les Gunners passent deuxi\u00e8mes","robots":{"index":"index","follow":"follow","max-snippet":"max-snippet:-1","max-image-preview":"max-image-preview:large","max-video-preview":"max-video-preview:-1"},"canonical":"https:\/\/footdavant.fr\/actualites\/jespere-que-2025-apportera-des-trophees-declare-rice-alors-que-les-gunners-passent-deuxiemes\/","og_locale":"fr_FR","og_type":"article","og_title":"\"J&#39;esp\u00e8re que 2025 apportera des troph\u00e9es\", d\u00e9clare Rice alors que les Gunners passent deuxi\u00e8mes","og_description":"Le milieu de terrain d&#39;Arsenal, Declan Rice, vise \u00e0 remporter des troph\u00e9es au cours de la nouvelle ann\u00e9e apr\u00e8s que les Gunners ont battu Ipswich","og_url":"https:\/\/footdavant.fr\/actualites\/jespere-que-2025-apportera-des-trophees-declare-rice-alors-que-les-gunners-passent-deuxiemes\/","og_site_name":"Foot d&#039;avant","article_publisher":"https:\/\/www.facebook.com\/Footdavant\/","article_published_time":"2024-12-28T03:48:13+00:00","article_modified_time":"2024-12-28T03:48:16+00:00","og_image":[{"width":1200,"height":800,"url":"https:\/\/footdavant.fr\/actualites\/wp-content\/uploads\/2024\/12\/J39espere-que-2025-apportera-des-trophees-declare-Rice-alors-que.jpg","type":"image\/jpeg"}],"author":"Cl\u00e9ment","twitter_card":"summary_large_image","twitter_creator":"@FootdavantFr","twitter_site":"@FootdavantFr","twitter_misc":{"\u00c9crit par":"Cl\u00e9ment","Dur\u00e9e de lecture estim\u00e9e":"2 minutes"},"schema":{"@context":"https:\/\/schema.org","@graph":[{"@type":"Article","@id":"https:\/\/footdavant.fr\/actualites\/jespere-que-2025-apportera-des-trophees-declare-rice-alors-que-les-gunners-passent-deuxiemes\/#article","isPartOf":{"@id":"https:\/\/footdavant.fr\/actualites\/jespere-que-2025-apportera-des-trophees-declare-rice-alors-que-les-gunners-passent-deuxiemes\/"},"author":{"name":"Cl\u00e9ment","@id":"https:\/\/footdavant.fr\/actualites\/#\/schema\/person\/bc222566d95871b37e597b3ed3ba5e1d"},"headline":"\u00ab\u00a0J&#39;esp\u00e8re que 2025 apportera des troph\u00e9es\u00a0\u00bb, d\u00e9clare Rice alors que les Gunners passent deuxi\u00e8mes","datePublished":"2024-12-28T03:48:13+00:00","dateModified":"2024-12-28T03:48:16+00:00","mainEntityOfPage":{"@id":"https:\/\/footdavant.fr\/actualites\/jespere-que-2025-apportera-des-trophees-declare-rice-alors-que-les-gunners-passent-deuxiemes\/"},"wordCount":323,"publisher":{"@id":"https:\/\/footdavant.fr\/actualites\/#organization"},"keywords":["alors","apportera","d\u00e9clar\u00e9","des","deuxi\u00e8mes","Gunners","J39esp\u00e8re","les","passent","Rice","troph\u00e9es"],"articleSection":["Football"],"inLanguage":"fr-FR"},{"@type":"WebPage","@id":"https:\/\/footdavant.fr\/actualites\/jespere-que-2025-apportera-des-trophees-declare-rice-alors-que-les-gunners-passent-deuxiemes\/","url":"https:\/\/footdavant.fr\/actualites\/jespere-que-2025-apportera-des-trophees-declare-rice-alors-que-les-gunners-passent-deuxiemes\/","name":"\"J&#39;esp\u00e8re que 2025 apportera des troph\u00e9es\", d\u00e9clare Rice alors que les Gunners passent deuxi\u00e8mes","isPartOf":{"@id":"https:\/\/footdavant.fr\/actualites\/#website"},"datePublished":"2024-12-28T03:48:13+00:00","dateModified":"2024-12-28T03:48:16+00:00","breadcrumb":{"@id":"https:\/\/footdavant.fr\/actualites\/jespere-que-2025-apportera-des-trophees-declare-rice-alors-que-les-gunners-passent-deuxiemes\/#breadcrumb"},"inLanguage":"fr-FR","potentialAction":[{"@type":"ReadAction","target":["https:\/\/footdavant.fr\/actualites\/jespere-que-2025-apportera-des-trophees-declare-rice-alors-que-les-gunners-passent-deuxiemes\/"]}]},{"@type":"BreadcrumbList","@id":"https:\/\/footdavant.fr\/actualites\/jespere-que-2025-apportera-des-trophees-declare-rice-alors-que-les-gunners-passent-deuxiemes\/#breadcrumb","itemListElement":[{"@type":"ListItem","position":1,"name":"Accueil","item":"https:\/\/footdavant.fr\/actualites\/"},{"@type":"ListItem","position":2,"name":"\u00ab\u00a0J&#39;esp\u00e8re que 2025 apportera des troph\u00e9es\u00a0\u00bb, d\u00e9clare Rice alors que les Gunners passent deuxi\u00e8mes"}]},{"@type":"WebSite","@id":"https:\/\/footdavant.fr\/actualites\/#website","url":"https:\/\/footdavant.fr\/actualites\/","name":"Foot d'avant","description":"","publisher":{"@id":"https:\/\/footdavant.fr\/actualites\/#organization"},"potentialAction":[{"@type":"SearchAction","target":{"@type":"EntryPoint","urlTemplate":"https:\/\/footdavant.fr\/actualites\/?s={search_term_string}"},"query-input":"required name=search_term_string"}],"inLanguage":"fr-FR"},{"@type":"Organization","@id":"https:\/\/footdavant.fr\/actualites\/#organization","name":"Foot d'avant","url":"https:\/\/footdavant.fr\/actualites\/","logo":{"@type":"ImageObject","inLanguage":"fr-FR","@id":"https:\/\/footdavant.fr\/actualites\/#\/schema\/logo\/image\/","url":"https:\/\/footdavant.fr\/actualites\/wp-content\/uploads\/2023\/09\/Copy-of-FootDavant-Logo.png","contentUrl":"https:\/\/footdavant.fr\/actualites\/wp-content\/uploads\/2023\/09\/Copy-of-FootDavant-Logo.png","width":936,"height":549,"caption":"Foot d'avant"},"image":{"@id":"https:\/\/footdavant.fr\/actualites\/#\/schema\/logo\/image\/"},"sameAs":["https:\/\/www.facebook.com\/Footdavant\/","https:\/\/twitter.com\/FootdavantFr","https:\/\/www.instagram.com\/footdavant.fr\/"]},{"@type":"Person","@id":"https:\/\/footdavant.fr\/actualites\/#\/schema\/person\/bc222566d95871b37e597b3ed3ba5e1d","name":"Cl\u00e9ment","image":{"@type":"ImageObject","inLanguage":"fr-FR","@id":"https:\/\/footdavant.fr\/actualites\/#\/schema\/person\/image\/","url":"https:\/\/secure.gravatar.com\/avatar\/7728b29aac2719421e1a9159b2254c44?s=96&d=mm&r=g","contentUrl":"https:\/\/secure.gravatar.com\/avatar\/7728b29aac2719421e1a9159b2254c44?s=96&d=mm&r=g","caption":"Cl\u00e9ment"},"sameAs":["https:\/\/footdavant.fr\/"]}]}},"_links":{"self":[{"href":"https:\/\/footdavant.fr\/actualites\/wp-json\/wp\/v2\/posts\/18016"}],"collection":[{"href":"https:\/\/footdavant.fr\/actualites\/wp-json\/wp\/v2\/posts"}],"about":[{"href":"https:\/\/footdavant.fr\/actualites\/wp-json\/wp\/v2\/types\/post"}],"author":[{"embeddable":true,"href":"https:\/\/footdavant.fr\/actualites\/wp-json\/wp\/v2\/users\/1"}],"replies":[{"embeddable":true,"href":"https:\/\/footdavant.fr\/actualites\/wp-json\/wp\/v2\/comments?post=18016"}],"version-history":[{"count":1,"href":"https:\/\/footdavant.fr\/actualites\/wp-json\/wp\/v2\/posts\/18016\/revisions"}],"predecessor-version":[{"id":18018,"href":"https:\/\/footdavant.fr\/actualites\/wp-json\/wp\/v2\/posts\/18016\/revisions\/18018"}],"wp:featuredmedia":[{"embeddable":true,"href":"https:\/\/footdavant.fr\/actualites\/wp-json\/wp\/v2\/media\/18017"}],"wp:attachment":[{"href":"https:\/\/footdavant.fr\/actualites\/wp-json\/wp\/v2\/media?parent=18016"}],"wp:term":[{"taxonomy":"category","embeddable":true,"href":"https:\/\/footdavant.fr\/actualites\/wp-json\/wp\/v2\/categories?post=18016"},{"taxonomy":"post_tag","embeddable":true,"href":"https:\/\/footdavant.fr\/actualites\/wp-json\/wp\/v2\/tags?post=18016"}],"curies":[{"name":"wp","href":"https:\/\/api.w.org\/{rel}","templated":true}]}}