{"id":18019,"date":"2024-12-28T06:48:51","date_gmt":"2024-12-28T05:48:51","guid":{"rendered":"https:\/\/footdavant.fr\/actualites\/man-united-et-le-real-madrid-ont-donne-un-coup-de-pouce-majeur-au-transfert-de-27-ans-alors-que-la-haute-tension-est-revelee\/"},"modified":"2024-12-28T06:48:52","modified_gmt":"2024-12-28T05:48:52","slug":"man-united-et-le-real-madrid-ont-donne-un-coup-de-pouce-majeur-au-transfert-de-27-ans-alors-que-la-haute-tension-est-revelee","status":"publish","type":"post","link":"https:\/\/footdavant.fr\/actualites\/man-united-et-le-real-madrid-ont-donne-un-coup-de-pouce-majeur-au-transfert-de-27-ans-alors-que-la-haute-tension-est-revelee\/","title":{"rendered":"Man United et le Real Madrid ont donn\u00e9 un coup de pouce majeur au transfert de 27 ans alors que la \u00ab\u00a0haute tension\u00a0\u00bb est r\u00e9v\u00e9l\u00e9e"},"content":{"rendered":"<p>Manchester United et le Real Madrid semblent b\u00e9n\u00e9ficier d&#39;un coup de pouce significatif dans leurs espoirs de recruter l&#39;arri\u00e8re gauche de l&#39;AC Milan, Theo Hernandez.<\/p>\n<div id=\"article_body\" itemprop=\"articleBody\">\n<h3 class=\"firstPara\">\n<strong class=\"autotag\">Manchester United<\/strong> et <strong class=\"autotag\">R\u00e9al Madrid<\/strong> ont apparemment re\u00e7u un coup de pouce significatif dans leurs espoirs d&#39;atterrir <strong class=\"autotag\">Milan AC<\/strong> arri\u00e8re gauche <strong class=\"autotag\">Th\u00e9o Hern\u00e1ndez<\/strong>qui vit une \u00ab\u00a0forte tension\u00a0\u00bb avec l&#39;entra\u00eeneur-chef <strong class=\"autotag\">Paulo Fonseca<\/strong>.<\/h3>\n<p>Le joueur de 27 ans est consid\u00e9r\u00e9 comme l&#39;un des meilleurs joueurs europ\u00e9ens \u00e0 son poste depuis plusieurs ann\u00e9es et a d\u00e9j\u00e0 inscrit deux buts et deux passes d\u00e9cisives en 19 matches tous tournois confondus cette saison.<\/p>\n<p>Man United et le Real Madrid devraient \u00eatre \u00e0 la recherche de nouveaux arri\u00e8res gauches en 2025, et comme Hernandez n&#39;est sous contrat avec Milan que pour 18 mois suppl\u00e9mentaires, une opportunit\u00e9 \u00e0 prix r\u00e9duit pourrait se pr\u00e9senter.<\/p>\n<p>Apr\u00e8s cinq matches cons\u00e9cutifs de Serie A avec le brassard de capitaine, Hern\u00e1ndez a \u00e9t\u00e9 \u00e9tonnamment exclu de la formation de d\u00e9part pour le match nul et vierge contre G\u00eanes le 15 d\u00e9cembre, o\u00f9 <strong class=\"autotag\">Alex Jim\u00e9nez<\/strong> commenc\u00e9 \u00e0 sa place.<\/p>\n<p>Ce dernier a conserv\u00e9 sa place de titulaire lors de la victoire 1-0 contre l&#39;Hellas V\u00e9rone quelques jours plus tard, m\u00eame si Hern\u00e1ndez a \u00e9t\u00e9 introduit dans la premi\u00e8re moiti\u00e9 du match en raison d&#39;une blessure \u00e0 <strong class=\"autotag\">Rafael L\u00e9\u00e3o<\/strong>.<\/p>\n<h2 class=\"k3\">Fonseca interpelle publiquement Hern\u00e1ndez ?<\/h2>\n<p class=\"imgI\">\n<p>Cependant, <em>Gazzetta du Sport<\/em> affirme qu&#39;il existe des tensions importantes entre l&#39;international fran\u00e7ais et Fonseca, qui est rest\u00e9 insatisfait des r\u00e9centes performances de l&#39;arri\u00e8re gauche sur le terrain d&#39;entra\u00eenement.<\/p>\n<p>Le patron de Milan a apparemment rendu son verdict \u00e0 Hernandez devant d&#39;autres membres de l&#39;\u00e9quipe de Milan, mais il a quand m\u00eame salu\u00e9 Hernandez comme le meilleur \u00e0 son poste au monde lorsqu&#39;il s&#39;est r\u00e9cemment adress\u00e9 aux m\u00e9dias.<\/p>\n<p>\u00ab\u00a0Theo a beaucoup jou\u00e9, il a jou\u00e9 en \u00e9quipe nationale. Il n&#39;a pas encore retrouv\u00e9 sa meilleure condition physique, il est tr\u00e8s important pour nous\u00a0\u00bb, a d\u00e9clar\u00e9 Fonseca. <\/p>\n<p>\u00ab\u00a0Ce n&#39;est jamais une punition pour lui, c&#39;est simplement pour le remettre dans les meilleures conditions. Je continue de dire que pour moi, il est le meilleur lat\u00e9ral du monde.\u00a0\u00bb<\/p>\n<p>Hernandez a contribu\u00e9 un total de 31 buts et 41 passes d\u00e9cisives en 232 matches pour les Rossoneri, qui l&#39;ont sign\u00e9 du Real Madrid pour 18,9 millions de livres sterling en 2019 apr\u00e8s avoir \u00e9chou\u00e9 \u00e0 passer la note au Bernabeu.<\/p>\n<h2 class=\"k3\">Pourquoi Man Utd et le Real Madrid pourraient encore se heurter \u00e0 la pierre d&#39;achoppement d&#39;Hernandez<\/h2>\n<p class=\"imgI\"><img decoding=\"async\" loading=\"lazy\" class=\"l\" src=\"https:\/\/footdavant.fr\/actualites\/wp-content\/uploads\/2024\/12\/1735364931_670_Man-United-et-le-Real-Madrid-ont-donne-un-coup.jpg\" title=\"Paulo Fonseca, entra\u00eeneur-chef de l&#39;AC Milan, le 31 ao\u00fbt 2024\" alt=\"Paulo Fonseca, entra\u00eeneur-chef de l&#39;AC Milan, le 31 ao\u00fbt 2024\" width=\"640\" height=\"480\"><\/p>\n<p>Les d\u00e9saccords pr\u00e9sum\u00e9s de Fonseca et Hernandez &#8211; et le patron de Milan faisant part au d\u00e9fenseur de ses pens\u00e9es devant le reste de l&#39;\u00e9quipe &#8211; pr\u00e9sentent une ressemblance frappante avec la situation de Ben White en Angleterre.<\/p>\n<p>L&#39;arri\u00e8re lat\u00e9ral d&#39;Arsenal a quitt\u00e9 le camp de la Coupe du monde 2022 apr\u00e8s avoir \u00e9t\u00e9 entra\u00eeneur adjoint <strong class=\"autotag\">Steve Hollande<\/strong> aurait fait un commentaire pointu sur son int\u00e9r\u00eat pour le football \u00e0 port\u00e9e de voix de ses coll\u00e8gues joueurs, et il n&#39;est pas revenu dans la configuration de l&#39;\u00e9quipe nationale depuis.<\/p>\n<p>Cependant, alors que White n&#39;a pas encore fait demi-tour en Angleterre, Hernandez et Milan seraient toujours optimistes quant \u00e0 la possibilit\u00e9 de parvenir \u00e0 un accord sur le renouvellement du contrat, car le joueur de 27 ans souhaite toujours poursuivre sa carri\u00e8re \u00e0 San Siro.<\/p>\n<p>Cela ne veut pas dire qu\u2019un accord en 2025 est totalement hors de propos pour Man United ou le Real Madrid, mais les deux parties devraient d\u00e9bourser un joli centime pour faire venir Hernandez l\u2019ann\u00e9e prochaine s\u2019il prolonge son s\u00e9jour en Italie.<\/p>\n<p>Le Bayern Munich <strong class=\"autotag\">Alphonso Davies<\/strong> et celui de Bournemouth <strong class=\"autotag\">Milos Kerkez<\/strong> ont \u00e9t\u00e9 mentionn\u00e9s comme cibles alternatives pour les Diables Rouges, qui ne peuvent pas faire confiance aux bless\u00e9s perp\u00e9tuels. <strong class=\"autotag\">Luc Shaw<\/strong> pour rester en forme pendant toute une saison.<\/p>\n<div class=\"author_box\">\n<div class=\"author_box_banner\">\n<img decoding=\"async\" class=\"author_img\" src=\"https:\/\/footdavant.fr\/actualites\/wp-content\/uploads\/2024\/12\/1735364931_892_Man-United-et-le-Real-Madrid-ont-donne-un-coup.jpg\"><\/p>\n<\/div>\n<\/div>\n<\/div>\n","protected":false},"excerpt":{"rendered":"<p>Manchester United et le Real Madrid semblent b\u00e9n\u00e9ficier d&#39;un coup de pouce significatif dans leurs espoirs de recruter l&#39;arri\u00e8re gauche de l&#39;AC Milan, Theo Hernandez.<\/p>\n","protected":false},"author":1,"featured_media":18020,"comment_status":"closed","ping_status":"","sticky":false,"template":"","format":"standard","meta":{"footnotes":""},"categories":[5],"tags":[318,209,489,672,217,7351,303,246,24,244,490,302,4750,2898,700,13],"yoast_head":"<!-- This site is optimized with the Yoast SEO plugin v21.0 - https:\/\/yoast.com\/wordpress\/plugins\/seo\/ -->\n<title>Man United et le Real Madrid ont donn\u00e9 un coup de pouce majeur au transfert de 27 ans alors que la &quot;haute tension&quot; est r\u00e9v\u00e9l\u00e9e<\/title>\n<meta name=\"robots\" content=\"index, follow, max-snippet:-1, max-image-preview:large, max-video-preview:-1\" \/>\n<link rel=\"canonical\" href=\"https:\/\/footdavant.fr\/actualites\/man-united-et-le-real-madrid-ont-donne-un-coup-de-pouce-majeur-au-transfert-de-27-ans-alors-que-la-haute-tension-est-revelee\/\" \/>\n<meta property=\"og:locale\" content=\"fr_FR\" \/>\n<meta property=\"og:type\" content=\"article\" \/>\n<meta property=\"og:title\" content=\"Man United et le Real Madrid ont donn\u00e9 un coup de pouce majeur au transfert de 27 ans alors que la &quot;haute tension&quot; est r\u00e9v\u00e9l\u00e9e\" \/>\n<meta property=\"og:description\" content=\"Manchester United et le Real Madrid semblent b\u00e9n\u00e9ficier d&#039;un coup de pouce significatif dans leurs espoirs de recruter l&#039;arri\u00e8re gauche de l&#039;AC Milan, Theo Hernandez.\" \/>\n<meta property=\"og:url\" content=\"https:\/\/footdavant.fr\/actualites\/man-united-et-le-real-madrid-ont-donne-un-coup-de-pouce-majeur-au-transfert-de-27-ans-alors-que-la-haute-tension-est-revelee\/\" \/>\n<meta property=\"og:site_name\" content=\"Foot d&#039;avant\" \/>\n<meta property=\"article:publisher\" content=\"https:\/\/www.facebook.com\/Footdavant\/\" \/>\n<meta property=\"article:published_time\" content=\"2024-12-28T05:48:51+00:00\" \/>\n<meta property=\"article:modified_time\" content=\"2024-12-28T05:48:52+00:00\" \/>\n<meta property=\"og:image\" content=\"https:\/\/footdavant.fr\/actualites\/wp-content\/uploads\/2024\/12\/Man-United-et-le-Real-Madrid-ont-donne-un-coup.jpg\" \/>\n\t<meta property=\"og:image:width\" content=\"640\" \/>\n\t<meta property=\"og:image:height\" content=\"480\" \/>\n\t<meta property=\"og:image:type\" content=\"image\/jpeg\" \/>\n<meta name=\"author\" content=\"Cl\u00e9ment\" \/>\n<meta name=\"twitter:card\" content=\"summary_large_image\" \/>\n<meta name=\"twitter:creator\" content=\"@FootdavantFr\" \/>\n<meta name=\"twitter:site\" content=\"@FootdavantFr\" \/>\n<meta name=\"twitter:label1\" content=\"\u00c9crit par\" \/>\n\t<meta name=\"twitter:data1\" content=\"Cl\u00e9ment\" \/>\n\t<meta name=\"twitter:label2\" content=\"Dur\u00e9e de lecture estim\u00e9e\" \/>\n\t<meta name=\"twitter:data2\" content=\"3 minutes\" \/>\n<script type=\"application\/ld+json\" class=\"yoast-schema-graph\">{\"@context\":\"https:\/\/schema.org\",\"@graph\":[{\"@type\":\"Article\",\"@id\":\"https:\/\/footdavant.fr\/actualites\/man-united-et-le-real-madrid-ont-donne-un-coup-de-pouce-majeur-au-transfert-de-27-ans-alors-que-la-haute-tension-est-revelee\/#article\",\"isPartOf\":{\"@id\":\"https:\/\/footdavant.fr\/actualites\/man-united-et-le-real-madrid-ont-donne-un-coup-de-pouce-majeur-au-transfert-de-27-ans-alors-que-la-haute-tension-est-revelee\/\"},\"author\":{\"name\":\"Cl\u00e9ment\",\"@id\":\"https:\/\/footdavant.fr\/actualites\/#\/schema\/person\/bc222566d95871b37e597b3ed3ba5e1d\"},\"headline\":\"Man United et le Real Madrid ont donn\u00e9 un coup de pouce majeur au transfert de 27 ans alors que la \u00ab\u00a0haute tension\u00a0\u00bb est r\u00e9v\u00e9l\u00e9e\",\"datePublished\":\"2024-12-28T05:48:51+00:00\",\"dateModified\":\"2024-12-28T05:48:52+00:00\",\"mainEntityOfPage\":{\"@id\":\"https:\/\/footdavant.fr\/actualites\/man-united-et-le-real-madrid-ont-donne-un-coup-de-pouce-majeur-au-transfert-de-27-ans-alors-que-la-haute-tension-est-revelee\/\"},\"wordCount\":710,\"publisher\":{\"@id\":\"https:\/\/footdavant.fr\/actualites\/#organization\"},\"keywords\":[\"alors\",\"ans\",\"coup\",\"donne\",\"est\",\"haute\",\"Madrid\",\"majeur\",\"Man\",\"ont\",\"pouce\",\"Real\",\"r\u00e9v\u00e9l\u00e9e\",\"tension\",\"transfert\",\"United\"],\"articleSection\":[\"Premier League\"],\"inLanguage\":\"fr-FR\"},{\"@type\":\"WebPage\",\"@id\":\"https:\/\/footdavant.fr\/actualites\/man-united-et-le-real-madrid-ont-donne-un-coup-de-pouce-majeur-au-transfert-de-27-ans-alors-que-la-haute-tension-est-revelee\/\",\"url\":\"https:\/\/footdavant.fr\/actualites\/man-united-et-le-real-madrid-ont-donne-un-coup-de-pouce-majeur-au-transfert-de-27-ans-alors-que-la-haute-tension-est-revelee\/\",\"name\":\"Man United et le Real Madrid ont donn\u00e9 un coup de pouce majeur au transfert de 27 ans alors que la \\\"haute tension\\\" est r\u00e9v\u00e9l\u00e9e\",\"isPartOf\":{\"@id\":\"https:\/\/footdavant.fr\/actualites\/#website\"},\"datePublished\":\"2024-12-28T05:48:51+00:00\",\"dateModified\":\"2024-12-28T05:48:52+00:00\",\"breadcrumb\":{\"@id\":\"https:\/\/footdavant.fr\/actualites\/man-united-et-le-real-madrid-ont-donne-un-coup-de-pouce-majeur-au-transfert-de-27-ans-alors-que-la-haute-tension-est-revelee\/#breadcrumb\"},\"inLanguage\":\"fr-FR\",\"potentialAction\":[{\"@type\":\"ReadAction\",\"target\":[\"https:\/\/footdavant.fr\/actualites\/man-united-et-le-real-madrid-ont-donne-un-coup-de-pouce-majeur-au-transfert-de-27-ans-alors-que-la-haute-tension-est-revelee\/\"]}]},{\"@type\":\"BreadcrumbList\",\"@id\":\"https:\/\/footdavant.fr\/actualites\/man-united-et-le-real-madrid-ont-donne-un-coup-de-pouce-majeur-au-transfert-de-27-ans-alors-que-la-haute-tension-est-revelee\/#breadcrumb\",\"itemListElement\":[{\"@type\":\"ListItem\",\"position\":1,\"name\":\"Accueil\",\"item\":\"https:\/\/footdavant.fr\/actualites\/\"},{\"@type\":\"ListItem\",\"position\":2,\"name\":\"Man United et le Real Madrid ont donn\u00e9 un coup de pouce majeur au transfert de 27 ans alors que la \u00ab\u00a0haute tension\u00a0\u00bb est r\u00e9v\u00e9l\u00e9e\"}]},{\"@type\":\"WebSite\",\"@id\":\"https:\/\/footdavant.fr\/actualites\/#website\",\"url\":\"https:\/\/footdavant.fr\/actualites\/\",\"name\":\"Foot d'avant\",\"description\":\"\",\"publisher\":{\"@id\":\"https:\/\/footdavant.fr\/actualites\/#organization\"},\"potentialAction\":[{\"@type\":\"SearchAction\",\"target\":{\"@type\":\"EntryPoint\",\"urlTemplate\":\"https:\/\/footdavant.fr\/actualites\/?s={search_term_string}\"},\"query-input\":\"required name=search_term_string\"}],\"inLanguage\":\"fr-FR\"},{\"@type\":\"Organization\",\"@id\":\"https:\/\/footdavant.fr\/actualites\/#organization\",\"name\":\"Foot d'avant\",\"url\":\"https:\/\/footdavant.fr\/actualites\/\",\"logo\":{\"@type\":\"ImageObject\",\"inLanguage\":\"fr-FR\",\"@id\":\"https:\/\/footdavant.fr\/actualites\/#\/schema\/logo\/image\/\",\"url\":\"https:\/\/footdavant.fr\/actualites\/wp-content\/uploads\/2023\/09\/Copy-of-FootDavant-Logo.png\",\"contentUrl\":\"https:\/\/footdavant.fr\/actualites\/wp-content\/uploads\/2023\/09\/Copy-of-FootDavant-Logo.png\",\"width\":936,\"height\":549,\"caption\":\"Foot d'avant\"},\"image\":{\"@id\":\"https:\/\/footdavant.fr\/actualites\/#\/schema\/logo\/image\/\"},\"sameAs\":[\"https:\/\/www.facebook.com\/Footdavant\/\",\"https:\/\/twitter.com\/FootdavantFr\",\"https:\/\/www.instagram.com\/footdavant.fr\/\"]},{\"@type\":\"Person\",\"@id\":\"https:\/\/footdavant.fr\/actualites\/#\/schema\/person\/bc222566d95871b37e597b3ed3ba5e1d\",\"name\":\"Cl\u00e9ment\",\"image\":{\"@type\":\"ImageObject\",\"inLanguage\":\"fr-FR\",\"@id\":\"https:\/\/footdavant.fr\/actualites\/#\/schema\/person\/image\/\",\"url\":\"https:\/\/secure.gravatar.com\/avatar\/7728b29aac2719421e1a9159b2254c44?s=96&d=mm&r=g\",\"contentUrl\":\"https:\/\/secure.gravatar.com\/avatar\/7728b29aac2719421e1a9159b2254c44?s=96&d=mm&r=g\",\"caption\":\"Cl\u00e9ment\"},\"sameAs\":[\"https:\/\/footdavant.fr\/\"]}]}<\/script>\n<!-- \/ Yoast SEO plugin. -->","yoast_head_json":{"title":"Man United et le Real Madrid ont donn\u00e9 un coup de pouce majeur au transfert de 27 ans alors que la \"haute tension\" est r\u00e9v\u00e9l\u00e9e","robots":{"index":"index","follow":"follow","max-snippet":"max-snippet:-1","max-image-preview":"max-image-preview:large","max-video-preview":"max-video-preview:-1"},"canonical":"https:\/\/footdavant.fr\/actualites\/man-united-et-le-real-madrid-ont-donne-un-coup-de-pouce-majeur-au-transfert-de-27-ans-alors-que-la-haute-tension-est-revelee\/","og_locale":"fr_FR","og_type":"article","og_title":"Man United et le Real Madrid ont donn\u00e9 un coup de pouce majeur au transfert de 27 ans alors que la \"haute tension\" est r\u00e9v\u00e9l\u00e9e","og_description":"Manchester United et le Real Madrid semblent b\u00e9n\u00e9ficier d&#39;un coup de pouce significatif dans leurs espoirs de recruter l&#39;arri\u00e8re gauche de l&#39;AC Milan, Theo Hernandez.","og_url":"https:\/\/footdavant.fr\/actualites\/man-united-et-le-real-madrid-ont-donne-un-coup-de-pouce-majeur-au-transfert-de-27-ans-alors-que-la-haute-tension-est-revelee\/","og_site_name":"Foot d&#039;avant","article_publisher":"https:\/\/www.facebook.com\/Footdavant\/","article_published_time":"2024-12-28T05:48:51+00:00","article_modified_time":"2024-12-28T05:48:52+00:00","og_image":[{"width":640,"height":480,"url":"https:\/\/footdavant.fr\/actualites\/wp-content\/uploads\/2024\/12\/Man-United-et-le-Real-Madrid-ont-donne-un-coup.jpg","type":"image\/jpeg"}],"author":"Cl\u00e9ment","twitter_card":"summary_large_image","twitter_creator":"@FootdavantFr","twitter_site":"@FootdavantFr","twitter_misc":{"\u00c9crit par":"Cl\u00e9ment","Dur\u00e9e de lecture estim\u00e9e":"3 minutes"},"schema":{"@context":"https:\/\/schema.org","@graph":[{"@type":"Article","@id":"https:\/\/footdavant.fr\/actualites\/man-united-et-le-real-madrid-ont-donne-un-coup-de-pouce-majeur-au-transfert-de-27-ans-alors-que-la-haute-tension-est-revelee\/#article","isPartOf":{"@id":"https:\/\/footdavant.fr\/actualites\/man-united-et-le-real-madrid-ont-donne-un-coup-de-pouce-majeur-au-transfert-de-27-ans-alors-que-la-haute-tension-est-revelee\/"},"author":{"name":"Cl\u00e9ment","@id":"https:\/\/footdavant.fr\/actualites\/#\/schema\/person\/bc222566d95871b37e597b3ed3ba5e1d"},"headline":"Man United et le Real Madrid ont donn\u00e9 un coup de pouce majeur au transfert de 27 ans alors que la \u00ab\u00a0haute tension\u00a0\u00bb est r\u00e9v\u00e9l\u00e9e","datePublished":"2024-12-28T05:48:51+00:00","dateModified":"2024-12-28T05:48:52+00:00","mainEntityOfPage":{"@id":"https:\/\/footdavant.fr\/actualites\/man-united-et-le-real-madrid-ont-donne-un-coup-de-pouce-majeur-au-transfert-de-27-ans-alors-que-la-haute-tension-est-revelee\/"},"wordCount":710,"publisher":{"@id":"https:\/\/footdavant.fr\/actualites\/#organization"},"keywords":["alors","ans","coup","donne","est","haute","Madrid","majeur","Man","ont","pouce","Real","r\u00e9v\u00e9l\u00e9e","tension","transfert","United"],"articleSection":["Premier League"],"inLanguage":"fr-FR"},{"@type":"WebPage","@id":"https:\/\/footdavant.fr\/actualites\/man-united-et-le-real-madrid-ont-donne-un-coup-de-pouce-majeur-au-transfert-de-27-ans-alors-que-la-haute-tension-est-revelee\/","url":"https:\/\/footdavant.fr\/actualites\/man-united-et-le-real-madrid-ont-donne-un-coup-de-pouce-majeur-au-transfert-de-27-ans-alors-que-la-haute-tension-est-revelee\/","name":"Man United et le Real Madrid ont donn\u00e9 un coup de pouce majeur au transfert de 27 ans alors que la \"haute tension\" est r\u00e9v\u00e9l\u00e9e","isPartOf":{"@id":"https:\/\/footdavant.fr\/actualites\/#website"},"datePublished":"2024-12-28T05:48:51+00:00","dateModified":"2024-12-28T05:48:52+00:00","breadcrumb":{"@id":"https:\/\/footdavant.fr\/actualites\/man-united-et-le-real-madrid-ont-donne-un-coup-de-pouce-majeur-au-transfert-de-27-ans-alors-que-la-haute-tension-est-revelee\/#breadcrumb"},"inLanguage":"fr-FR","potentialAction":[{"@type":"ReadAction","target":["https:\/\/footdavant.fr\/actualites\/man-united-et-le-real-madrid-ont-donne-un-coup-de-pouce-majeur-au-transfert-de-27-ans-alors-que-la-haute-tension-est-revelee\/"]}]},{"@type":"BreadcrumbList","@id":"https:\/\/footdavant.fr\/actualites\/man-united-et-le-real-madrid-ont-donne-un-coup-de-pouce-majeur-au-transfert-de-27-ans-alors-que-la-haute-tension-est-revelee\/#breadcrumb","itemListElement":[{"@type":"ListItem","position":1,"name":"Accueil","item":"https:\/\/footdavant.fr\/actualites\/"},{"@type":"ListItem","position":2,"name":"Man United et le Real Madrid ont donn\u00e9 un coup de pouce majeur au transfert de 27 ans alors que la \u00ab\u00a0haute tension\u00a0\u00bb est r\u00e9v\u00e9l\u00e9e"}]},{"@type":"WebSite","@id":"https:\/\/footdavant.fr\/actualites\/#website","url":"https:\/\/footdavant.fr\/actualites\/","name":"Foot d'avant","description":"","publisher":{"@id":"https:\/\/footdavant.fr\/actualites\/#organization"},"potentialAction":[{"@type":"SearchAction","target":{"@type":"EntryPoint","urlTemplate":"https:\/\/footdavant.fr\/actualites\/?s={search_term_string}"},"query-input":"required name=search_term_string"}],"inLanguage":"fr-FR"},{"@type":"Organization","@id":"https:\/\/footdavant.fr\/actualites\/#organization","name":"Foot d'avant","url":"https:\/\/footdavant.fr\/actualites\/","logo":{"@type":"ImageObject","inLanguage":"fr-FR","@id":"https:\/\/footdavant.fr\/actualites\/#\/schema\/logo\/image\/","url":"https:\/\/footdavant.fr\/actualites\/wp-content\/uploads\/2023\/09\/Copy-of-FootDavant-Logo.png","contentUrl":"https:\/\/footdavant.fr\/actualites\/wp-content\/uploads\/2023\/09\/Copy-of-FootDavant-Logo.png","width":936,"height":549,"caption":"Foot d'avant"},"image":{"@id":"https:\/\/footdavant.fr\/actualites\/#\/schema\/logo\/image\/"},"sameAs":["https:\/\/www.facebook.com\/Footdavant\/","https:\/\/twitter.com\/FootdavantFr","https:\/\/www.instagram.com\/footdavant.fr\/"]},{"@type":"Person","@id":"https:\/\/footdavant.fr\/actualites\/#\/schema\/person\/bc222566d95871b37e597b3ed3ba5e1d","name":"Cl\u00e9ment","image":{"@type":"ImageObject","inLanguage":"fr-FR","@id":"https:\/\/footdavant.fr\/actualites\/#\/schema\/person\/image\/","url":"https:\/\/secure.gravatar.com\/avatar\/7728b29aac2719421e1a9159b2254c44?s=96&d=mm&r=g","contentUrl":"https:\/\/secure.gravatar.com\/avatar\/7728b29aac2719421e1a9159b2254c44?s=96&d=mm&r=g","caption":"Cl\u00e9ment"},"sameAs":["https:\/\/footdavant.fr\/"]}]}},"_links":{"self":[{"href":"https:\/\/footdavant.fr\/actualites\/wp-json\/wp\/v2\/posts\/18019"}],"collection":[{"href":"https:\/\/footdavant.fr\/actualites\/wp-json\/wp\/v2\/posts"}],"about":[{"href":"https:\/\/footdavant.fr\/actualites\/wp-json\/wp\/v2\/types\/post"}],"author":[{"embeddable":true,"href":"https:\/\/footdavant.fr\/actualites\/wp-json\/wp\/v2\/users\/1"}],"replies":[{"embeddable":true,"href":"https:\/\/footdavant.fr\/actualites\/wp-json\/wp\/v2\/comments?post=18019"}],"version-history":[{"count":1,"href":"https:\/\/footdavant.fr\/actualites\/wp-json\/wp\/v2\/posts\/18019\/revisions"}],"predecessor-version":[{"id":18021,"href":"https:\/\/footdavant.fr\/actualites\/wp-json\/wp\/v2\/posts\/18019\/revisions\/18021"}],"wp:featuredmedia":[{"embeddable":true,"href":"https:\/\/footdavant.fr\/actualites\/wp-json\/wp\/v2\/media\/18020"}],"wp:attachment":[{"href":"https:\/\/footdavant.fr\/actualites\/wp-json\/wp\/v2\/media?parent=18019"}],"wp:term":[{"taxonomy":"category","embeddable":true,"href":"https:\/\/footdavant.fr\/actualites\/wp-json\/wp\/v2\/categories?post=18019"},{"taxonomy":"post_tag","embeddable":true,"href":"https:\/\/footdavant.fr\/actualites\/wp-json\/wp\/v2\/tags?post=18019"}],"curies":[{"name":"wp","href":"https:\/\/api.w.org\/{rel}","templated":true}]}}