{"id":18118,"date":"2024-12-31T00:48:12","date_gmt":"2024-12-30T23:48:12","guid":{"rendered":"https:\/\/footdavant.fr\/actualites\/liam-delap-pret-pour-une-audition-sur-grande-scene-a-chelsea-ce-soir\/"},"modified":"2024-12-31T00:48:23","modified_gmt":"2024-12-30T23:48:23","slug":"liam-delap-pret-pour-une-audition-sur-grande-scene-a-chelsea-ce-soir","status":"publish","type":"post","link":"https:\/\/footdavant.fr\/actualites\/liam-delap-pret-pour-une-audition-sur-grande-scene-a-chelsea-ce-soir\/","title":{"rendered":"Liam Delap pr\u00eat pour une audition sur grande sc\u00e8ne \u00e0 Chelsea ce soir \u2013"},"content":{"rendered":"<div id=\"mvp-content-main\">\n<p>Chelsea se rendra \u00e0 Ipswich pour notre prochain match de Premier League lundi soir cette semaine alors que la p\u00e9riode des f\u00eates charg\u00e9e se poursuit et que nous jouons notre dernier match de 2024.<\/p>\n<p>Apr\u00e8s deux mauvaises performances \u00e0 mon avis, nous avons besoin de voir un peu de rebond dans ce match, mais cela ne va pas \u00eatre facile m\u00eame si l&#39;\u00e9quipe locale est presque morte pour la rel\u00e9gation \u00e0 ce stade et redescend directement \u00e0 le championnat qui, soyons honn\u00eates, est leur niveau.<\/p>\n<p>Ceux qui ont vu Arsenal battre Ipswich vendredi soir sauront exactement \u00e0 quoi s&#39;attendre. Ce sera \u00e0 nouveau un match de possession \u00e9lev\u00e9e pour Chelsea, et Ipswich cherchera ce smash and grab, exactement ce que Fulham nous a fait lors de notre dernier match et ce qu&#39;Everton a essay\u00e9 de faire aussi.<\/p>\n<p>Ipswich a r\u00e9duit Arsenal \u00e0 13 tentatives sur son but, dont 5 cadr\u00e9es. Ils d\u00e9tenaient \u00e9galement 69% de possession. Ipswich n&#39;a r\u00e9alis\u00e9 que 3 tentatives \u00e9pouvantables sur le but d&#39;Arsenal, ce qui est absolument terrible.<\/p>\n<p>Je m&#39;attends \u00e0 voir la m\u00eame chose lundi soir et il incombera \u00e0 Chelsea de cr\u00e9er et de terminer des occasions, ce que nous devrions absolument faire contre cette \u00e9quipe.<\/p>\n<p>Liam Delap a un but en lui, nous le savons, et il auditionnera directement devant le patron de Chelsea, Enzo Maresca, dans ce match. L&#39;Italien a fait de gros compliments \u00e0 Delap hier soir. Mais la cible de Chelsea va devoir se nourrir de restes, m\u00eame s\u2019il les obtient pour \u00eatre honn\u00eate. Son travail consistera \u00e0 chasser et \u00e0 se battre depuis le front, mais je ne m&#39;attends pas \u00e0 ce que ce soit une presse trop intense.<\/p>\n<p>Chelsea envisage s\u00e9rieusement de signer Delap et comme indiqu\u00e9 il y a quelques semaines ici, des contacts ont \u00e9t\u00e9 pris avec le joueur et le club de Chelsea dans le cadre d&#39;une premi\u00e8re enqu\u00eate. Son club ne veut \u00e9videmment pas le vendre en janvier, mais pour l&#39;\u00e9t\u00e9, il est \u00e0 100% un attaquant figurant en t\u00eate de la liste des cibles de Chelsea.<\/p>\n<p>Chelsea l&#39;a surveill\u00e9 cette saison, mais c&#39;est tr\u00e8s difficile pour lui car il m\u00e8ne une bataille perdue d&#39;avance en jouant pour une \u00e9quipe si pauvre et ne voit presque pas le ballon.<\/p>\n<p>Soyons honn\u00eates, Chelsea doit quand m\u00eame y aller et obtenir les trois points lundi soir. Et je crois que nous le ferons aussi.<\/p>\n<p>Je m&#39;attendrais \u00e0 voir des changements et nous pourrions voir Noni Madueke revenir dans la formation de d\u00e9part apr\u00e8s quelques performances moins bonnes de Jadon Sancho en particulier, et m\u00eame de Pedro Neto lors du match contre Fulham. Madueke a \u00e9t\u00e9 puni pour une s\u00e9rie d&#39;incidents li\u00e9s au comportement et pour ne pas avoir d\u00e9ploy\u00e9 suffisamment d&#39;efforts \u00e0 l&#39;entra\u00eenement, mais Maresca a confirm\u00e9 qu&#39;il avait bien pris la punition et je ne pr\u00e9vois pas d&#39;autres omissions dans l&#39;\u00e9quipe pour l&#39;instant.<\/p>\n<p>Tosin Adarabioyo a \u00e9t\u00e9 m\u00e9diocre lors du dernier match mais je pense qu&#39;il repartira pour celui-ci en l&#39;absence prolong\u00e9e de Wesley Fofana. Je pense que le reste se choisit tout seul jusqu&#39;\u00e0 ce que nous r\u00e9cup\u00e9rions davantage de nos joueurs bless\u00e9s.<\/p>\n<p>J&#39;esp\u00e8re sinc\u00e8rement que tous mes commentaires sur le fait que Delap doit se nourrir de restes ne reviendront pas me mordre, mais c&#39;est notre faute. Nous devons les d\u00e9composer et marquer, et je veux voir plus d\u2019id\u00e9es et de plans pour y parvenir ce match. Maresca doit \u00e9galement intensifier ses efforts ici.<\/p>\n<p>\t\t\t\t\t\t\t\t\t<!--mvp-post-tags--><\/p><\/div>\n","protected":false},"excerpt":{"rendered":"<p>Chelsea se rendra \u00e0 Ipswich pour notre prochain match de Premier League lundi soir cette semaine alors que la p\u00e9riode des f\u00eates charg\u00e9e se poursuit<\/p>\n","protected":false},"author":1,"featured_media":18119,"comment_status":"closed","ping_status":"","sticky":false,"template":"","format":"standard","meta":{"footnotes":""},"categories":[3],"tags":[7513,171,5458,1751,5457,51,165,1171,671,103,92],"yoast_head":"<!-- This site is optimized with the Yoast SEO plugin v21.0 - https:\/\/yoast.com\/wordpress\/plugins\/seo\/ -->\n<title>Liam Delap pr\u00eat pour une audition sur grande sc\u00e8ne \u00e0 Chelsea ce soir \u2013<\/title>\n<meta name=\"robots\" content=\"index, follow, max-snippet:-1, max-image-preview:large, max-video-preview:-1\" \/>\n<link rel=\"canonical\" href=\"https:\/\/footdavant.fr\/actualites\/liam-delap-pret-pour-une-audition-sur-grande-scene-a-chelsea-ce-soir\/\" \/>\n<meta property=\"og:locale\" content=\"fr_FR\" \/>\n<meta property=\"og:type\" content=\"article\" \/>\n<meta property=\"og:title\" content=\"Liam Delap pr\u00eat pour une audition sur grande sc\u00e8ne \u00e0 Chelsea ce soir \u2013\" \/>\n<meta property=\"og:description\" content=\"Chelsea se rendra \u00e0 Ipswich pour notre prochain match de Premier League lundi soir cette semaine alors que la p\u00e9riode des f\u00eates charg\u00e9e se poursuit\" \/>\n<meta property=\"og:url\" content=\"https:\/\/footdavant.fr\/actualites\/liam-delap-pret-pour-une-audition-sur-grande-scene-a-chelsea-ce-soir\/\" \/>\n<meta property=\"og:site_name\" content=\"Foot d&#039;avant\" \/>\n<meta property=\"article:publisher\" content=\"https:\/\/www.facebook.com\/Footdavant\/\" \/>\n<meta property=\"article:published_time\" content=\"2024-12-30T23:48:12+00:00\" \/>\n<meta property=\"article:modified_time\" content=\"2024-12-30T23:48:23+00:00\" \/>\n<meta property=\"og:image\" content=\"https:\/\/footdavant.fr\/actualites\/wp-content\/uploads\/2024\/12\/Liam-Delap-pret-pour-une-audition-sur-grande-scene-a.jpg\" \/>\n\t<meta property=\"og:image:width\" content=\"2560\" \/>\n\t<meta property=\"og:image:height\" content=\"1651\" \/>\n\t<meta property=\"og:image:type\" content=\"image\/jpeg\" \/>\n<meta name=\"author\" content=\"Cl\u00e9ment\" \/>\n<meta name=\"twitter:card\" content=\"summary_large_image\" \/>\n<meta name=\"twitter:creator\" content=\"@FootdavantFr\" \/>\n<meta name=\"twitter:site\" content=\"@FootdavantFr\" \/>\n<meta name=\"twitter:label1\" content=\"\u00c9crit par\" \/>\n\t<meta name=\"twitter:data1\" content=\"Cl\u00e9ment\" \/>\n\t<meta name=\"twitter:label2\" content=\"Dur\u00e9e de lecture estim\u00e9e\" \/>\n\t<meta name=\"twitter:data2\" content=\"3 minutes\" \/>\n<script type=\"application\/ld+json\" class=\"yoast-schema-graph\">{\"@context\":\"https:\/\/schema.org\",\"@graph\":[{\"@type\":\"Article\",\"@id\":\"https:\/\/footdavant.fr\/actualites\/liam-delap-pret-pour-une-audition-sur-grande-scene-a-chelsea-ce-soir\/#article\",\"isPartOf\":{\"@id\":\"https:\/\/footdavant.fr\/actualites\/liam-delap-pret-pour-une-audition-sur-grande-scene-a-chelsea-ce-soir\/\"},\"author\":{\"name\":\"Cl\u00e9ment\",\"@id\":\"https:\/\/footdavant.fr\/actualites\/#\/schema\/person\/bc222566d95871b37e597b3ed3ba5e1d\"},\"headline\":\"Liam Delap pr\u00eat pour une audition sur grande sc\u00e8ne \u00e0 Chelsea ce soir \u2013\",\"datePublished\":\"2024-12-30T23:48:12+00:00\",\"dateModified\":\"2024-12-30T23:48:23+00:00\",\"mainEntityOfPage\":{\"@id\":\"https:\/\/footdavant.fr\/actualites\/liam-delap-pret-pour-une-audition-sur-grande-scene-a-chelsea-ce-soir\/\"},\"wordCount\":631,\"publisher\":{\"@id\":\"https:\/\/footdavant.fr\/actualites\/#organization\"},\"keywords\":[\"audition\",\"Chelsea\",\"Delap\",\"grande\",\"Liam\",\"pour\",\"pr\u00eat\",\"sc\u00e8ne\",\"soir\",\"sur\",\"une\"],\"articleSection\":[\"Football\"],\"inLanguage\":\"fr-FR\"},{\"@type\":\"WebPage\",\"@id\":\"https:\/\/footdavant.fr\/actualites\/liam-delap-pret-pour-une-audition-sur-grande-scene-a-chelsea-ce-soir\/\",\"url\":\"https:\/\/footdavant.fr\/actualites\/liam-delap-pret-pour-une-audition-sur-grande-scene-a-chelsea-ce-soir\/\",\"name\":\"Liam Delap pr\u00eat pour une audition sur grande sc\u00e8ne \u00e0 Chelsea ce soir \u2013\",\"isPartOf\":{\"@id\":\"https:\/\/footdavant.fr\/actualites\/#website\"},\"datePublished\":\"2024-12-30T23:48:12+00:00\",\"dateModified\":\"2024-12-30T23:48:23+00:00\",\"breadcrumb\":{\"@id\":\"https:\/\/footdavant.fr\/actualites\/liam-delap-pret-pour-une-audition-sur-grande-scene-a-chelsea-ce-soir\/#breadcrumb\"},\"inLanguage\":\"fr-FR\",\"potentialAction\":[{\"@type\":\"ReadAction\",\"target\":[\"https:\/\/footdavant.fr\/actualites\/liam-delap-pret-pour-une-audition-sur-grande-scene-a-chelsea-ce-soir\/\"]}]},{\"@type\":\"BreadcrumbList\",\"@id\":\"https:\/\/footdavant.fr\/actualites\/liam-delap-pret-pour-une-audition-sur-grande-scene-a-chelsea-ce-soir\/#breadcrumb\",\"itemListElement\":[{\"@type\":\"ListItem\",\"position\":1,\"name\":\"Accueil\",\"item\":\"https:\/\/footdavant.fr\/actualites\/\"},{\"@type\":\"ListItem\",\"position\":2,\"name\":\"Liam Delap pr\u00eat pour une audition sur grande sc\u00e8ne \u00e0 Chelsea ce soir \u2013\"}]},{\"@type\":\"WebSite\",\"@id\":\"https:\/\/footdavant.fr\/actualites\/#website\",\"url\":\"https:\/\/footdavant.fr\/actualites\/\",\"name\":\"Foot d'avant\",\"description\":\"\",\"publisher\":{\"@id\":\"https:\/\/footdavant.fr\/actualites\/#organization\"},\"potentialAction\":[{\"@type\":\"SearchAction\",\"target\":{\"@type\":\"EntryPoint\",\"urlTemplate\":\"https:\/\/footdavant.fr\/actualites\/?s={search_term_string}\"},\"query-input\":\"required name=search_term_string\"}],\"inLanguage\":\"fr-FR\"},{\"@type\":\"Organization\",\"@id\":\"https:\/\/footdavant.fr\/actualites\/#organization\",\"name\":\"Foot d'avant\",\"url\":\"https:\/\/footdavant.fr\/actualites\/\",\"logo\":{\"@type\":\"ImageObject\",\"inLanguage\":\"fr-FR\",\"@id\":\"https:\/\/footdavant.fr\/actualites\/#\/schema\/logo\/image\/\",\"url\":\"https:\/\/footdavant.fr\/actualites\/wp-content\/uploads\/2023\/09\/Copy-of-FootDavant-Logo.png\",\"contentUrl\":\"https:\/\/footdavant.fr\/actualites\/wp-content\/uploads\/2023\/09\/Copy-of-FootDavant-Logo.png\",\"width\":936,\"height\":549,\"caption\":\"Foot d'avant\"},\"image\":{\"@id\":\"https:\/\/footdavant.fr\/actualites\/#\/schema\/logo\/image\/\"},\"sameAs\":[\"https:\/\/www.facebook.com\/Footdavant\/\",\"https:\/\/twitter.com\/FootdavantFr\",\"https:\/\/www.instagram.com\/footdavant.fr\/\"]},{\"@type\":\"Person\",\"@id\":\"https:\/\/footdavant.fr\/actualites\/#\/schema\/person\/bc222566d95871b37e597b3ed3ba5e1d\",\"name\":\"Cl\u00e9ment\",\"image\":{\"@type\":\"ImageObject\",\"inLanguage\":\"fr-FR\",\"@id\":\"https:\/\/footdavant.fr\/actualites\/#\/schema\/person\/image\/\",\"url\":\"https:\/\/secure.gravatar.com\/avatar\/7728b29aac2719421e1a9159b2254c44?s=96&d=mm&r=g\",\"contentUrl\":\"https:\/\/secure.gravatar.com\/avatar\/7728b29aac2719421e1a9159b2254c44?s=96&d=mm&r=g\",\"caption\":\"Cl\u00e9ment\"},\"sameAs\":[\"https:\/\/footdavant.fr\/\"]}]}<\/script>\n<!-- \/ Yoast SEO plugin. -->","yoast_head_json":{"title":"Liam Delap pr\u00eat pour une audition sur grande sc\u00e8ne \u00e0 Chelsea ce soir \u2013","robots":{"index":"index","follow":"follow","max-snippet":"max-snippet:-1","max-image-preview":"max-image-preview:large","max-video-preview":"max-video-preview:-1"},"canonical":"https:\/\/footdavant.fr\/actualites\/liam-delap-pret-pour-une-audition-sur-grande-scene-a-chelsea-ce-soir\/","og_locale":"fr_FR","og_type":"article","og_title":"Liam Delap pr\u00eat pour une audition sur grande sc\u00e8ne \u00e0 Chelsea ce soir \u2013","og_description":"Chelsea se rendra \u00e0 Ipswich pour notre prochain match de Premier League lundi soir cette semaine alors que la p\u00e9riode des f\u00eates charg\u00e9e se poursuit","og_url":"https:\/\/footdavant.fr\/actualites\/liam-delap-pret-pour-une-audition-sur-grande-scene-a-chelsea-ce-soir\/","og_site_name":"Foot d&#039;avant","article_publisher":"https:\/\/www.facebook.com\/Footdavant\/","article_published_time":"2024-12-30T23:48:12+00:00","article_modified_time":"2024-12-30T23:48:23+00:00","og_image":[{"width":2560,"height":1651,"url":"https:\/\/footdavant.fr\/actualites\/wp-content\/uploads\/2024\/12\/Liam-Delap-pret-pour-une-audition-sur-grande-scene-a.jpg","type":"image\/jpeg"}],"author":"Cl\u00e9ment","twitter_card":"summary_large_image","twitter_creator":"@FootdavantFr","twitter_site":"@FootdavantFr","twitter_misc":{"\u00c9crit par":"Cl\u00e9ment","Dur\u00e9e de lecture estim\u00e9e":"3 minutes"},"schema":{"@context":"https:\/\/schema.org","@graph":[{"@type":"Article","@id":"https:\/\/footdavant.fr\/actualites\/liam-delap-pret-pour-une-audition-sur-grande-scene-a-chelsea-ce-soir\/#article","isPartOf":{"@id":"https:\/\/footdavant.fr\/actualites\/liam-delap-pret-pour-une-audition-sur-grande-scene-a-chelsea-ce-soir\/"},"author":{"name":"Cl\u00e9ment","@id":"https:\/\/footdavant.fr\/actualites\/#\/schema\/person\/bc222566d95871b37e597b3ed3ba5e1d"},"headline":"Liam Delap pr\u00eat pour une audition sur grande sc\u00e8ne \u00e0 Chelsea ce soir \u2013","datePublished":"2024-12-30T23:48:12+00:00","dateModified":"2024-12-30T23:48:23+00:00","mainEntityOfPage":{"@id":"https:\/\/footdavant.fr\/actualites\/liam-delap-pret-pour-une-audition-sur-grande-scene-a-chelsea-ce-soir\/"},"wordCount":631,"publisher":{"@id":"https:\/\/footdavant.fr\/actualites\/#organization"},"keywords":["audition","Chelsea","Delap","grande","Liam","pour","pr\u00eat","sc\u00e8ne","soir","sur","une"],"articleSection":["Football"],"inLanguage":"fr-FR"},{"@type":"WebPage","@id":"https:\/\/footdavant.fr\/actualites\/liam-delap-pret-pour-une-audition-sur-grande-scene-a-chelsea-ce-soir\/","url":"https:\/\/footdavant.fr\/actualites\/liam-delap-pret-pour-une-audition-sur-grande-scene-a-chelsea-ce-soir\/","name":"Liam Delap pr\u00eat pour une audition sur grande sc\u00e8ne \u00e0 Chelsea ce soir \u2013","isPartOf":{"@id":"https:\/\/footdavant.fr\/actualites\/#website"},"datePublished":"2024-12-30T23:48:12+00:00","dateModified":"2024-12-30T23:48:23+00:00","breadcrumb":{"@id":"https:\/\/footdavant.fr\/actualites\/liam-delap-pret-pour-une-audition-sur-grande-scene-a-chelsea-ce-soir\/#breadcrumb"},"inLanguage":"fr-FR","potentialAction":[{"@type":"ReadAction","target":["https:\/\/footdavant.fr\/actualites\/liam-delap-pret-pour-une-audition-sur-grande-scene-a-chelsea-ce-soir\/"]}]},{"@type":"BreadcrumbList","@id":"https:\/\/footdavant.fr\/actualites\/liam-delap-pret-pour-une-audition-sur-grande-scene-a-chelsea-ce-soir\/#breadcrumb","itemListElement":[{"@type":"ListItem","position":1,"name":"Accueil","item":"https:\/\/footdavant.fr\/actualites\/"},{"@type":"ListItem","position":2,"name":"Liam Delap pr\u00eat pour une audition sur grande sc\u00e8ne \u00e0 Chelsea ce soir \u2013"}]},{"@type":"WebSite","@id":"https:\/\/footdavant.fr\/actualites\/#website","url":"https:\/\/footdavant.fr\/actualites\/","name":"Foot d'avant","description":"","publisher":{"@id":"https:\/\/footdavant.fr\/actualites\/#organization"},"potentialAction":[{"@type":"SearchAction","target":{"@type":"EntryPoint","urlTemplate":"https:\/\/footdavant.fr\/actualites\/?s={search_term_string}"},"query-input":"required name=search_term_string"}],"inLanguage":"fr-FR"},{"@type":"Organization","@id":"https:\/\/footdavant.fr\/actualites\/#organization","name":"Foot d'avant","url":"https:\/\/footdavant.fr\/actualites\/","logo":{"@type":"ImageObject","inLanguage":"fr-FR","@id":"https:\/\/footdavant.fr\/actualites\/#\/schema\/logo\/image\/","url":"https:\/\/footdavant.fr\/actualites\/wp-content\/uploads\/2023\/09\/Copy-of-FootDavant-Logo.png","contentUrl":"https:\/\/footdavant.fr\/actualites\/wp-content\/uploads\/2023\/09\/Copy-of-FootDavant-Logo.png","width":936,"height":549,"caption":"Foot d'avant"},"image":{"@id":"https:\/\/footdavant.fr\/actualites\/#\/schema\/logo\/image\/"},"sameAs":["https:\/\/www.facebook.com\/Footdavant\/","https:\/\/twitter.com\/FootdavantFr","https:\/\/www.instagram.com\/footdavant.fr\/"]},{"@type":"Person","@id":"https:\/\/footdavant.fr\/actualites\/#\/schema\/person\/bc222566d95871b37e597b3ed3ba5e1d","name":"Cl\u00e9ment","image":{"@type":"ImageObject","inLanguage":"fr-FR","@id":"https:\/\/footdavant.fr\/actualites\/#\/schema\/person\/image\/","url":"https:\/\/secure.gravatar.com\/avatar\/7728b29aac2719421e1a9159b2254c44?s=96&d=mm&r=g","contentUrl":"https:\/\/secure.gravatar.com\/avatar\/7728b29aac2719421e1a9159b2254c44?s=96&d=mm&r=g","caption":"Cl\u00e9ment"},"sameAs":["https:\/\/footdavant.fr\/"]}]}},"_links":{"self":[{"href":"https:\/\/footdavant.fr\/actualites\/wp-json\/wp\/v2\/posts\/18118"}],"collection":[{"href":"https:\/\/footdavant.fr\/actualites\/wp-json\/wp\/v2\/posts"}],"about":[{"href":"https:\/\/footdavant.fr\/actualites\/wp-json\/wp\/v2\/types\/post"}],"author":[{"embeddable":true,"href":"https:\/\/footdavant.fr\/actualites\/wp-json\/wp\/v2\/users\/1"}],"replies":[{"embeddable":true,"href":"https:\/\/footdavant.fr\/actualites\/wp-json\/wp\/v2\/comments?post=18118"}],"version-history":[{"count":1,"href":"https:\/\/footdavant.fr\/actualites\/wp-json\/wp\/v2\/posts\/18118\/revisions"}],"predecessor-version":[{"id":18120,"href":"https:\/\/footdavant.fr\/actualites\/wp-json\/wp\/v2\/posts\/18118\/revisions\/18120"}],"wp:featuredmedia":[{"embeddable":true,"href":"https:\/\/footdavant.fr\/actualites\/wp-json\/wp\/v2\/media\/18119"}],"wp:attachment":[{"href":"https:\/\/footdavant.fr\/actualites\/wp-json\/wp\/v2\/media?parent=18118"}],"wp:term":[{"taxonomy":"category","embeddable":true,"href":"https:\/\/footdavant.fr\/actualites\/wp-json\/wp\/v2\/categories?post=18118"},{"taxonomy":"post_tag","embeddable":true,"href":"https:\/\/footdavant.fr\/actualites\/wp-json\/wp\/v2\/tags?post=18118"}],"curies":[{"name":"wp","href":"https:\/\/api.w.org\/{rel}","templated":true}]}}