{"id":1813,"date":"2023-12-02T08:50:08","date_gmt":"2023-12-02T07:50:08","guid":{"rendered":"https:\/\/footdavant.fr\/actualites\/enzo-caicedo-et-palmer-brilleront-de-mille-feux-pour-chelsea\/"},"modified":"2023-12-02T08:50:09","modified_gmt":"2023-12-02T07:50:09","slug":"enzo-caicedo-et-palmer-brilleront-de-mille-feux-pour-chelsea","status":"publish","type":"post","link":"https:\/\/footdavant.fr\/actualites\/enzo-caicedo-et-palmer-brilleront-de-mille-feux-pour-chelsea\/","title":{"rendered":"Enzo, Caicedo et Palmer brilleront de mille feux pour Chelsea \u2013"},"content":{"rendered":"<div id=\"mvp-content-main\">\n<p>Twitter\/X est devenu si sauvage maintenant que je le consulte rarement.  J&rsquo;y vais pour publier des articles et d&rsquo;autres choses, \u00e9videmment, car cela maintient mon profil \u00e0 jour.  Mais je reste rarement l\u00e0 \u00e0 le parcourir, je ne peux tout simplement pas me le faire.<\/p>\n<p>Nous sommes tous \u00e9mus, nous sommes tous en col\u00e8re \u2013 c\u2019est absolument le cas.  Parfois, nous r\u00e9agissons de mani\u00e8re excessive \u2013 encore une fois, c\u2019est absolument le cas.  Mais dans l\u2019ensemble, la plupart des fans que je rencontre en dehors de X ont la capacit\u00e9 de voir les choses avec un peu plus d\u2019\u00e9quilibre, m\u00eame si nous ne sommes pas d\u2019accord les uns avec les autres.<\/p>\n<p>Sur Twitter\/X cette semaine, j&rsquo;ai entendu parler (pas vu moi-m\u00eame) de prises vraiment stupides.  Apparemment, les gens se tournent d\u00e9j\u00e0 vers Cole Palmer, Enzo Fernandez et Moises Caicedo.<\/p>\n<p>Qu&rsquo;ai-je dit il y a quelques semaines sur Palmer sur mon site personnel Substack Si Phillips Talks Chelsea ?  Tout le monde le pr\u00e9sentait comme la prochaine chose la plus importante (ce qu&rsquo;il pourrait bien \u00eatre), mais je savais que d\u00e8s qu&rsquo;il avait un mauvais match (ce qu&rsquo;il ferait \u00e9videmment et qu&rsquo;il fera \u00e0 l&rsquo;avenir parce que c&rsquo;est tout \u00e0 fait normal), les \u00ab fans \u00bb le feraient tous. tout \u00e0 coup, il dit qu&rsquo;il n&rsquo;est pas assez bon.<\/p>\n<p>Je ne peux vraiment pas prendre les extr\u00e9mit\u00e9s sur cette plateforme.  Il y a quelques semaines, nous gagnions le championnat et cette semaine nous sommes rel\u00e9gu\u00e9s.  C\u2019est litt\u00e9ralement l\u2019ampleur des volte-faces que je vois et \u00e0 quel point elles changent radicalement en l\u2019espace d\u2019une semaine, parfois m\u00eame en un jour.  C&rsquo;est de la folie.<\/p>\n<p>Palmer \u00e9tait le meilleur attaquant de la Premier League et allait remporter une Coupe du monde pour l&rsquo;Angleterre il y a quelques semaines, et maintenant il est au niveau du championnat.<\/p>\n<p>Enzo \u00e9tait un milieu de terrain de classe mondiale la saison derni\u00e8re, cette saison, il ne sera jamais assez bon pour Chelsea.<\/p>\n<p>Caicedo \u00e9tait le meilleur milieu de terrain de Premier League la saison derni\u00e8re, cette saison, c&rsquo;est gr\u00e2ce \u00e0 lui que nous perdons des matches.<\/p>\n<div id=\"attachment_40768\" style=\"width: 1010px\" class=\"wp-caption alignnone\">\n<p id=\"caption-attachment-40768\" class=\"wp-caption-text\">Photo de Chelsea FC via Getty Images<\/p>\n<\/div>\n<p>Devinez quoi?  Les bons joueurs ne peuvent pas \u00eatre bons tout le temps, surtout en jouant dans une \u00e9quipe qui a connu tant de hauts et de bas.<\/p>\n<p>Et devinez quoi d&rsquo;autre ?  Les joueurs qui arrivent dans une nouvelle \u00e9quipe sous la direction d&rsquo;un nouveau manager et dans un nouveau r\u00f4le et sous la pression de jouer pour un grand club peuvent prendre un certain temps \u00e0 s&rsquo;adapter. Pas toujours, mais cela peut arriver.<\/p>\n<p>Avec Enzo, c&rsquo;est diff\u00e9rent.  Il a \u00e9t\u00e9 superbe la saison derni\u00e8re et portait sur ses \u00e9paules une pauvre \u00e9quipe de Chelsea.  Je le vois parfois fatigu\u00e9 physiquement et mentalement cette saison.  Mais je ne pr\u00e9vois pas que sa forme reste l\u00e0 o\u00f9 elle est, il va certainement l\u2019\u00e9lever \u00e0 nouveau.<\/p>\n<p>Je vois Caicedo comme un jeune joueur de 21 ans qui essaie juste de trouver sa place dans cette \u00e9quipe de Chelsea et aussi de gagner sa confiance et sa sup\u00e9riorit\u00e9.  Une fois qu\u2019il aura fait cela, ce qu\u2019il fera, je n\u2019ai aucun doute qu\u2019il dirigera le milieu de terrain physiquement et habilement.  Et bien qu\u2019il puisse jouer comme milieu de terrain d\u00e9fensif, je pense que nous ne verrons le meilleur de lui que lorsqu\u2019il sera utilis\u00e9 davantage comme un num\u00e9ro 8 de bo\u00eete \u00e0 bo\u00eete, un peu comme son idole N\u2019Golo Kante.  Je le vois aussi dominer les matchs comme Kant\u00e9 le faisait auparavant.<\/p>\n<p>Et avec Palmer, ce gamin est classe.  Il est techniquement solide et tout vient naturellement.  Il ne sera pas parfait \u00e0 chaque match, ni m\u00eame proche de la perfection \u00e0 chaque match, mais il se r\u00e9v\u00e9lera \u00eatre un joueur de premier plan et une acquisition de premier ordre pour Chelsea.  Je n\u2019en doute pas.  Il a \u00e9t\u00e9 superbe depuis son arriv\u00e9e \u00e0 Chelsea et a litt\u00e9ralement d\u00e9pass\u00e9 toutes les attentes, mais il ne peut pas performer \u00e0 8\/10 \u00e0 chaque match, c&rsquo;est impossible.<\/p>\n<p>Certaines personnes sur Twitter\/X doivent se confronter \u00e0 la r\u00e9alit\u00e9 et se rendre compte que m\u00eame si Chelsea, en tant que club, affiche toujours des performances incoh\u00e9rentes, certains joueurs le seront \u00e9galement.<\/p>\n<p>Et aussi, arr\u00eatez de changer vos opinions en vous basant sur un putain de jeu, bon sang !<\/p>\n<p>Je dois dire que j&rsquo;appelle toujours les choses comme je les vois et je ne suis pas aussi vendu par certains de nos joueurs actuels qu&rsquo;avec Caicedo, Enzo et Palmer.  Mais avec ces trois-l\u00e0, je suis PLEINE conviction qu\u2019ils seront \u00e9normes pour ce club.<\/p>\n<div class=\"feature-box\">Si vous souhaitez figurer sur Talk Chelsea.<\/div>\n<p>\t\t\t\t\t\t\t\t\t<!--mvp-post-tags--><\/p><\/div>\n","protected":false},"excerpt":{"rendered":"<p>Twitter\/X est devenu si sauvage maintenant que je le consulte rarement. J&rsquo;y vais pour publier des articles et d&rsquo;autres choses, \u00e9videmment, car cela maintient mon<\/p>\n","protected":false},"author":1,"featured_media":1814,"comment_status":"closed","ping_status":"","sticky":false,"template":"","format":"standard","meta":{"footnotes":""},"categories":[3],"tags":[1808,1807,171,1806,1810,1809,1123,51],"yoast_head":"<!-- This site is optimized with the Yoast SEO plugin v21.0 - https:\/\/yoast.com\/wordpress\/plugins\/seo\/ -->\n<title>Enzo, Caicedo et Palmer brilleront de mille feux pour Chelsea \u2013<\/title>\n<meta name=\"robots\" content=\"index, follow, max-snippet:-1, max-image-preview:large, max-video-preview:-1\" \/>\n<link rel=\"canonical\" href=\"https:\/\/footdavant.fr\/actualites\/enzo-caicedo-et-palmer-brilleront-de-mille-feux-pour-chelsea\/\" \/>\n<meta property=\"og:locale\" content=\"fr_FR\" \/>\n<meta property=\"og:type\" content=\"article\" \/>\n<meta property=\"og:title\" content=\"Enzo, Caicedo et Palmer brilleront de mille feux pour Chelsea \u2013\" \/>\n<meta property=\"og:description\" content=\"Twitter\/X est devenu si sauvage maintenant que je le consulte rarement. J&rsquo;y vais pour publier des articles et d&rsquo;autres choses, \u00e9videmment, car cela maintient mon\" \/>\n<meta property=\"og:url\" content=\"https:\/\/footdavant.fr\/actualites\/enzo-caicedo-et-palmer-brilleront-de-mille-feux-pour-chelsea\/\" \/>\n<meta property=\"og:site_name\" content=\"Foot d&#039;avant\" \/>\n<meta property=\"article:publisher\" content=\"https:\/\/www.facebook.com\/Footdavant\/\" \/>\n<meta property=\"article:published_time\" content=\"2023-12-02T07:50:08+00:00\" \/>\n<meta property=\"article:modified_time\" content=\"2023-12-02T07:50:09+00:00\" \/>\n<meta property=\"og:image\" content=\"https:\/\/footdavant.fr\/actualites\/wp-content\/uploads\/2023\/12\/1701503409_Enzo-Caicedo-et-Palmer-brilleront-de-mille-feux-pour-Chelsea.jpg\" \/>\n\t<meta property=\"og:image:width\" content=\"1000\" \/>\n\t<meta property=\"og:image:height\" content=\"600\" \/>\n\t<meta property=\"og:image:type\" content=\"image\/jpeg\" \/>\n<meta name=\"author\" content=\"Cl\u00e9ment\" \/>\n<meta name=\"twitter:card\" content=\"summary_large_image\" \/>\n<meta name=\"twitter:creator\" content=\"@FootdavantFr\" \/>\n<meta name=\"twitter:site\" content=\"@FootdavantFr\" \/>\n<meta name=\"twitter:label1\" content=\"\u00c9crit par\" \/>\n\t<meta name=\"twitter:data1\" content=\"Cl\u00e9ment\" \/>\n\t<meta name=\"twitter:label2\" content=\"Dur\u00e9e de lecture estim\u00e9e\" \/>\n\t<meta name=\"twitter:data2\" content=\"4 minutes\" \/>\n<script type=\"application\/ld+json\" class=\"yoast-schema-graph\">{\"@context\":\"https:\/\/schema.org\",\"@graph\":[{\"@type\":\"Article\",\"@id\":\"https:\/\/footdavant.fr\/actualites\/enzo-caicedo-et-palmer-brilleront-de-mille-feux-pour-chelsea\/#article\",\"isPartOf\":{\"@id\":\"https:\/\/footdavant.fr\/actualites\/enzo-caicedo-et-palmer-brilleront-de-mille-feux-pour-chelsea\/\"},\"author\":{\"name\":\"Cl\u00e9ment\",\"@id\":\"https:\/\/footdavant.fr\/actualites\/#\/schema\/person\/bc222566d95871b37e597b3ed3ba5e1d\"},\"headline\":\"Enzo, Caicedo et Palmer brilleront de mille feux pour Chelsea \u2013\",\"datePublished\":\"2023-12-02T07:50:08+00:00\",\"dateModified\":\"2023-12-02T07:50:09+00:00\",\"mainEntityOfPage\":{\"@id\":\"https:\/\/footdavant.fr\/actualites\/enzo-caicedo-et-palmer-brilleront-de-mille-feux-pour-chelsea\/\"},\"wordCount\":812,\"publisher\":{\"@id\":\"https:\/\/footdavant.fr\/actualites\/#organization\"},\"keywords\":[\"brilleront\",\"Caicedo\",\"Chelsea\",\"Enzo\",\"feux\",\"mille\",\"Palmer\",\"pour\"],\"articleSection\":[\"Football\"],\"inLanguage\":\"fr-FR\"},{\"@type\":\"WebPage\",\"@id\":\"https:\/\/footdavant.fr\/actualites\/enzo-caicedo-et-palmer-brilleront-de-mille-feux-pour-chelsea\/\",\"url\":\"https:\/\/footdavant.fr\/actualites\/enzo-caicedo-et-palmer-brilleront-de-mille-feux-pour-chelsea\/\",\"name\":\"Enzo, Caicedo et Palmer brilleront de mille feux pour Chelsea \u2013\",\"isPartOf\":{\"@id\":\"https:\/\/footdavant.fr\/actualites\/#website\"},\"datePublished\":\"2023-12-02T07:50:08+00:00\",\"dateModified\":\"2023-12-02T07:50:09+00:00\",\"breadcrumb\":{\"@id\":\"https:\/\/footdavant.fr\/actualites\/enzo-caicedo-et-palmer-brilleront-de-mille-feux-pour-chelsea\/#breadcrumb\"},\"inLanguage\":\"fr-FR\",\"potentialAction\":[{\"@type\":\"ReadAction\",\"target\":[\"https:\/\/footdavant.fr\/actualites\/enzo-caicedo-et-palmer-brilleront-de-mille-feux-pour-chelsea\/\"]}]},{\"@type\":\"BreadcrumbList\",\"@id\":\"https:\/\/footdavant.fr\/actualites\/enzo-caicedo-et-palmer-brilleront-de-mille-feux-pour-chelsea\/#breadcrumb\",\"itemListElement\":[{\"@type\":\"ListItem\",\"position\":1,\"name\":\"Accueil\",\"item\":\"https:\/\/footdavant.fr\/actualites\/\"},{\"@type\":\"ListItem\",\"position\":2,\"name\":\"Enzo, Caicedo et Palmer brilleront de mille feux pour Chelsea \u2013\"}]},{\"@type\":\"WebSite\",\"@id\":\"https:\/\/footdavant.fr\/actualites\/#website\",\"url\":\"https:\/\/footdavant.fr\/actualites\/\",\"name\":\"Foot d'avant\",\"description\":\"\",\"publisher\":{\"@id\":\"https:\/\/footdavant.fr\/actualites\/#organization\"},\"potentialAction\":[{\"@type\":\"SearchAction\",\"target\":{\"@type\":\"EntryPoint\",\"urlTemplate\":\"https:\/\/footdavant.fr\/actualites\/?s={search_term_string}\"},\"query-input\":\"required name=search_term_string\"}],\"inLanguage\":\"fr-FR\"},{\"@type\":\"Organization\",\"@id\":\"https:\/\/footdavant.fr\/actualites\/#organization\",\"name\":\"Foot d'avant\",\"url\":\"https:\/\/footdavant.fr\/actualites\/\",\"logo\":{\"@type\":\"ImageObject\",\"inLanguage\":\"fr-FR\",\"@id\":\"https:\/\/footdavant.fr\/actualites\/#\/schema\/logo\/image\/\",\"url\":\"https:\/\/footdavant.fr\/actualites\/wp-content\/uploads\/2023\/09\/Copy-of-FootDavant-Logo.png\",\"contentUrl\":\"https:\/\/footdavant.fr\/actualites\/wp-content\/uploads\/2023\/09\/Copy-of-FootDavant-Logo.png\",\"width\":936,\"height\":549,\"caption\":\"Foot d'avant\"},\"image\":{\"@id\":\"https:\/\/footdavant.fr\/actualites\/#\/schema\/logo\/image\/\"},\"sameAs\":[\"https:\/\/www.facebook.com\/Footdavant\/\",\"https:\/\/twitter.com\/FootdavantFr\",\"https:\/\/www.instagram.com\/footdavant.fr\/\"]},{\"@type\":\"Person\",\"@id\":\"https:\/\/footdavant.fr\/actualites\/#\/schema\/person\/bc222566d95871b37e597b3ed3ba5e1d\",\"name\":\"Cl\u00e9ment\",\"image\":{\"@type\":\"ImageObject\",\"inLanguage\":\"fr-FR\",\"@id\":\"https:\/\/footdavant.fr\/actualites\/#\/schema\/person\/image\/\",\"url\":\"https:\/\/secure.gravatar.com\/avatar\/7728b29aac2719421e1a9159b2254c44?s=96&d=mm&r=g\",\"contentUrl\":\"https:\/\/secure.gravatar.com\/avatar\/7728b29aac2719421e1a9159b2254c44?s=96&d=mm&r=g\",\"caption\":\"Cl\u00e9ment\"},\"sameAs\":[\"https:\/\/footdavant.fr\/\"]}]}<\/script>\n<!-- \/ Yoast SEO plugin. -->","yoast_head_json":{"title":"Enzo, Caicedo et Palmer brilleront de mille feux pour Chelsea \u2013","robots":{"index":"index","follow":"follow","max-snippet":"max-snippet:-1","max-image-preview":"max-image-preview:large","max-video-preview":"max-video-preview:-1"},"canonical":"https:\/\/footdavant.fr\/actualites\/enzo-caicedo-et-palmer-brilleront-de-mille-feux-pour-chelsea\/","og_locale":"fr_FR","og_type":"article","og_title":"Enzo, Caicedo et Palmer brilleront de mille feux pour Chelsea \u2013","og_description":"Twitter\/X est devenu si sauvage maintenant que je le consulte rarement. J&rsquo;y vais pour publier des articles et d&rsquo;autres choses, \u00e9videmment, car cela maintient mon","og_url":"https:\/\/footdavant.fr\/actualites\/enzo-caicedo-et-palmer-brilleront-de-mille-feux-pour-chelsea\/","og_site_name":"Foot d&#039;avant","article_publisher":"https:\/\/www.facebook.com\/Footdavant\/","article_published_time":"2023-12-02T07:50:08+00:00","article_modified_time":"2023-12-02T07:50:09+00:00","og_image":[{"width":1000,"height":600,"url":"https:\/\/footdavant.fr\/actualites\/wp-content\/uploads\/2023\/12\/1701503409_Enzo-Caicedo-et-Palmer-brilleront-de-mille-feux-pour-Chelsea.jpg","type":"image\/jpeg"}],"author":"Cl\u00e9ment","twitter_card":"summary_large_image","twitter_creator":"@FootdavantFr","twitter_site":"@FootdavantFr","twitter_misc":{"\u00c9crit par":"Cl\u00e9ment","Dur\u00e9e de lecture estim\u00e9e":"4 minutes"},"schema":{"@context":"https:\/\/schema.org","@graph":[{"@type":"Article","@id":"https:\/\/footdavant.fr\/actualites\/enzo-caicedo-et-palmer-brilleront-de-mille-feux-pour-chelsea\/#article","isPartOf":{"@id":"https:\/\/footdavant.fr\/actualites\/enzo-caicedo-et-palmer-brilleront-de-mille-feux-pour-chelsea\/"},"author":{"name":"Cl\u00e9ment","@id":"https:\/\/footdavant.fr\/actualites\/#\/schema\/person\/bc222566d95871b37e597b3ed3ba5e1d"},"headline":"Enzo, Caicedo et Palmer brilleront de mille feux pour Chelsea \u2013","datePublished":"2023-12-02T07:50:08+00:00","dateModified":"2023-12-02T07:50:09+00:00","mainEntityOfPage":{"@id":"https:\/\/footdavant.fr\/actualites\/enzo-caicedo-et-palmer-brilleront-de-mille-feux-pour-chelsea\/"},"wordCount":812,"publisher":{"@id":"https:\/\/footdavant.fr\/actualites\/#organization"},"keywords":["brilleront","Caicedo","Chelsea","Enzo","feux","mille","Palmer","pour"],"articleSection":["Football"],"inLanguage":"fr-FR"},{"@type":"WebPage","@id":"https:\/\/footdavant.fr\/actualites\/enzo-caicedo-et-palmer-brilleront-de-mille-feux-pour-chelsea\/","url":"https:\/\/footdavant.fr\/actualites\/enzo-caicedo-et-palmer-brilleront-de-mille-feux-pour-chelsea\/","name":"Enzo, Caicedo et Palmer brilleront de mille feux pour Chelsea \u2013","isPartOf":{"@id":"https:\/\/footdavant.fr\/actualites\/#website"},"datePublished":"2023-12-02T07:50:08+00:00","dateModified":"2023-12-02T07:50:09+00:00","breadcrumb":{"@id":"https:\/\/footdavant.fr\/actualites\/enzo-caicedo-et-palmer-brilleront-de-mille-feux-pour-chelsea\/#breadcrumb"},"inLanguage":"fr-FR","potentialAction":[{"@type":"ReadAction","target":["https:\/\/footdavant.fr\/actualites\/enzo-caicedo-et-palmer-brilleront-de-mille-feux-pour-chelsea\/"]}]},{"@type":"BreadcrumbList","@id":"https:\/\/footdavant.fr\/actualites\/enzo-caicedo-et-palmer-brilleront-de-mille-feux-pour-chelsea\/#breadcrumb","itemListElement":[{"@type":"ListItem","position":1,"name":"Accueil","item":"https:\/\/footdavant.fr\/actualites\/"},{"@type":"ListItem","position":2,"name":"Enzo, Caicedo et Palmer brilleront de mille feux pour Chelsea \u2013"}]},{"@type":"WebSite","@id":"https:\/\/footdavant.fr\/actualites\/#website","url":"https:\/\/footdavant.fr\/actualites\/","name":"Foot d'avant","description":"","publisher":{"@id":"https:\/\/footdavant.fr\/actualites\/#organization"},"potentialAction":[{"@type":"SearchAction","target":{"@type":"EntryPoint","urlTemplate":"https:\/\/footdavant.fr\/actualites\/?s={search_term_string}"},"query-input":"required name=search_term_string"}],"inLanguage":"fr-FR"},{"@type":"Organization","@id":"https:\/\/footdavant.fr\/actualites\/#organization","name":"Foot d'avant","url":"https:\/\/footdavant.fr\/actualites\/","logo":{"@type":"ImageObject","inLanguage":"fr-FR","@id":"https:\/\/footdavant.fr\/actualites\/#\/schema\/logo\/image\/","url":"https:\/\/footdavant.fr\/actualites\/wp-content\/uploads\/2023\/09\/Copy-of-FootDavant-Logo.png","contentUrl":"https:\/\/footdavant.fr\/actualites\/wp-content\/uploads\/2023\/09\/Copy-of-FootDavant-Logo.png","width":936,"height":549,"caption":"Foot d'avant"},"image":{"@id":"https:\/\/footdavant.fr\/actualites\/#\/schema\/logo\/image\/"},"sameAs":["https:\/\/www.facebook.com\/Footdavant\/","https:\/\/twitter.com\/FootdavantFr","https:\/\/www.instagram.com\/footdavant.fr\/"]},{"@type":"Person","@id":"https:\/\/footdavant.fr\/actualites\/#\/schema\/person\/bc222566d95871b37e597b3ed3ba5e1d","name":"Cl\u00e9ment","image":{"@type":"ImageObject","inLanguage":"fr-FR","@id":"https:\/\/footdavant.fr\/actualites\/#\/schema\/person\/image\/","url":"https:\/\/secure.gravatar.com\/avatar\/7728b29aac2719421e1a9159b2254c44?s=96&d=mm&r=g","contentUrl":"https:\/\/secure.gravatar.com\/avatar\/7728b29aac2719421e1a9159b2254c44?s=96&d=mm&r=g","caption":"Cl\u00e9ment"},"sameAs":["https:\/\/footdavant.fr\/"]}]}},"_links":{"self":[{"href":"https:\/\/footdavant.fr\/actualites\/wp-json\/wp\/v2\/posts\/1813"}],"collection":[{"href":"https:\/\/footdavant.fr\/actualites\/wp-json\/wp\/v2\/posts"}],"about":[{"href":"https:\/\/footdavant.fr\/actualites\/wp-json\/wp\/v2\/types\/post"}],"author":[{"embeddable":true,"href":"https:\/\/footdavant.fr\/actualites\/wp-json\/wp\/v2\/users\/1"}],"replies":[{"embeddable":true,"href":"https:\/\/footdavant.fr\/actualites\/wp-json\/wp\/v2\/comments?post=1813"}],"version-history":[{"count":1,"href":"https:\/\/footdavant.fr\/actualites\/wp-json\/wp\/v2\/posts\/1813\/revisions"}],"predecessor-version":[{"id":1815,"href":"https:\/\/footdavant.fr\/actualites\/wp-json\/wp\/v2\/posts\/1813\/revisions\/1815"}],"wp:featuredmedia":[{"embeddable":true,"href":"https:\/\/footdavant.fr\/actualites\/wp-json\/wp\/v2\/media\/1814"}],"wp:attachment":[{"href":"https:\/\/footdavant.fr\/actualites\/wp-json\/wp\/v2\/media?parent=1813"}],"wp:term":[{"taxonomy":"category","embeddable":true,"href":"https:\/\/footdavant.fr\/actualites\/wp-json\/wp\/v2\/categories?post=1813"},{"taxonomy":"post_tag","embeddable":true,"href":"https:\/\/footdavant.fr\/actualites\/wp-json\/wp\/v2\/tags?post=1813"}],"curies":[{"name":"wp","href":"https:\/\/api.w.org\/{rel}","templated":true}]}}