{"id":18159,"date":"2025-01-01T02:48:13","date_gmt":"2025-01-01T01:48:13","guid":{"rendered":"https:\/\/footdavant.fr\/actualites\/composition-de-brighton-contre-brentford-xi-prevu-pour-une-rencontre-festive-en-premier-league\/"},"modified":"2025-01-01T02:48:14","modified_gmt":"2025-01-01T01:48:14","slug":"composition-de-brighton-contre-brentford-xi-prevu-pour-une-rencontre-festive-en-premier-league","status":"publish","type":"post","link":"https:\/\/footdavant.fr\/actualites\/composition-de-brighton-contre-brentford-xi-prevu-pour-une-rencontre-festive-en-premier-league\/","title":{"rendered":"Composition de Brighton contre Brentford\u00a0: XI pr\u00e9vu pour une rencontre festive en Premier League"},"content":{"rendered":"<p>Sports Mole examine comment Brighton &#038; Hove Albion pourraient s&#39;aligner pour leur affrontement en Premier League avec Brentford \u00e0 l&#39;Amex vendredi.<\/p>\n<div id=\"article_body\" itemprop=\"articleBody\">\n<p class=\"firstPara\"><strong class=\"autotag\">Brighton et Hove Albion<\/strong> directeur <strong class=\"autotag\">Fabien Hurzeler<\/strong> est sur le point d&#39;accueillir de nombreux joueurs de l&#39;\u00e9quipe premi\u00e8re avant la visite de <strong class=\"autotag\">Brentford<\/strong> \u00e0 l&#39;Amex vendredi.<\/p>\n<p>Le plus important de ces absents actuels est <strong class=\"autotag\">Danny Welbeck<\/strong>qui a \u00e9t\u00e9 bless\u00e9 au cours du dernier mois et qui a du mal \u00e0 retrouver sa pleine forme.<\/p>\n<p>Welbeck est revenu d&#39;une br\u00e8ve absence pour jouer 25 minutes contre Leicester il y a quelques semaines, mais a de nouveau \u00e9t\u00e9 bless\u00e9 lors de ses deux derniers matches.<\/p>\n<p>Adam Webster a rat\u00e9 une longue p\u00e9riode en raison d&#39;une blessure aux ischio-jambiers, mais il est presque sur le point de revenir, avec <strong class=\"autotag\">Jack Hinshelwood<\/strong> (genou) et <strong class=\"autotag\">Ferdi Kadioglu<\/strong> (pied), qui ont tous deux rat\u00e9 de peu leurs retours ces derni\u00e8res semaines.<\/p>\n<p>Les supporters de Brighton seront \u00e9galement ravis d&#39;apprendre que <strong class=\"autotag\">Solly mars<\/strong> est tr\u00e8s proche d&#39;un retour apr\u00e8s plus d&#39;un an d&#39;absence en raison d&#39;une blessure au genou, l&#39;ailier ayant particip\u00e9 \u00e0 un entra\u00eenement complet la semaine derni\u00e8re.<\/p>\n<p><strong class=\"autotag\">James Milner<\/strong> est le seul absent confirm\u00e9, tandis que <strong class=\"autotag\">Mats Wieffer<\/strong> pourrait \u00e9galement manquer apr\u00e8s avoir subi un coup peu de temps apr\u00e8s avoir marqu\u00e9 \u00e0 West Ham United ce week-end.<\/p>\n<p>D\u00e9fenseur <strong class=\"autotag\">Jo\u00ebl Veltman<\/strong> est revenu sur le c\u00f4t\u00e9 apr\u00e8s une blessure au stade de Londres, en remplacement <strong class=\"autotag\">Tariq Lamptey<\/strong>qui a connu un apr\u00e8s-midi difficile contre Crystal Palace r\u00e9cemment, mais Matt O&#39;Riley n&#39;\u00e9tait qu&#39;un rempla\u00e7ant inutilis\u00e9 apr\u00e8s son retour dans l&#39;\u00e9quipe ce week-end \u00e9galement.<\/p>\n<p><strong class=\"autotag\">Brajan Gruda<\/strong> Hurzeler a fait ses d\u00e9buts complets en Premier League apr\u00e8s son transfert de Mayence au cours de l&#39;\u00e9t\u00e9, mais avec <strong class=\"autotag\">Yankuba Minteh<\/strong> et <strong class=\"autotag\">Simon Adingra<\/strong> tous deux cherchant \u00e0 r\u00e9int\u00e9grer l&#39;\u00e9quipe, la nouvelle recrue pourrait \u00e0 nouveau abandonner.<\/p>\n<p><strong>Brighton &#038; Hove Albion composition de d\u00e9part possible :<\/strong><br \/>Verbruggen; Veltman, Van Hecke, Dunk, Estupinan\u00a0; Baleba, Ayari ; Minteh, Jo\u00e3o Pedro, Mitoma ; Ferguson<\/p>\n<p><strong>Cliquez ici pour voir comment Brentford pourrait s&#39;aligner pour cette rencontre.<\/strong><\/p>\n<div class=\"author_box\">\n<div class=\"author_box_banner\">\n<\/div>\n<\/div>\n<\/div>\n","protected":false},"excerpt":{"rendered":"<p>Sports Mole examine comment Brighton &#038; Hove Albion pourraient s&#39;aligner pour leur affrontement en Premier League avec Brentford \u00e0 l&#39;Amex vendredi. Brighton et Hove Albion<\/p>\n","protected":false},"author":1,"featured_media":18160,"comment_status":"closed","ping_status":"","sticky":false,"template":"","format":"standard","meta":{"footnotes":""},"categories":[5],"tags":[52,349,2291,20,7520,202,51,201,3924,1937,92],"yoast_head":"<!-- This site is optimized with the Yoast SEO plugin v21.0 - https:\/\/yoast.com\/wordpress\/plugins\/seo\/ -->\n<title>Composition de Brighton contre Brentford\u00a0: XI pr\u00e9vu pour une rencontre festive en Premier League<\/title>\n<meta name=\"robots\" content=\"index, follow, max-snippet:-1, max-image-preview:large, max-video-preview:-1\" \/>\n<link rel=\"canonical\" href=\"https:\/\/footdavant.fr\/actualites\/composition-de-brighton-contre-brentford-xi-prevu-pour-une-rencontre-festive-en-premier-league\/\" \/>\n<meta property=\"og:locale\" content=\"fr_FR\" \/>\n<meta property=\"og:type\" content=\"article\" \/>\n<meta property=\"og:title\" content=\"Composition de Brighton contre Brentford\u00a0: XI pr\u00e9vu pour une rencontre festive en Premier League\" \/>\n<meta property=\"og:description\" content=\"Sports Mole examine comment Brighton &#038; Hove Albion pourraient s&#039;aligner pour leur affrontement en Premier League avec Brentford \u00e0 l&#039;Amex vendredi. Brighton et Hove Albion\" \/>\n<meta property=\"og:url\" content=\"https:\/\/footdavant.fr\/actualites\/composition-de-brighton-contre-brentford-xi-prevu-pour-une-rencontre-festive-en-premier-league\/\" \/>\n<meta property=\"og:site_name\" content=\"Foot d&#039;avant\" \/>\n<meta property=\"article:publisher\" content=\"https:\/\/www.facebook.com\/Footdavant\/\" \/>\n<meta property=\"article:published_time\" content=\"2025-01-01T01:48:13+00:00\" \/>\n<meta property=\"article:modified_time\" content=\"2025-01-01T01:48:14+00:00\" \/>\n<meta property=\"og:image\" content=\"https:\/\/footdavant.fr\/actualites\/wp-content\/uploads\/2025\/01\/Composition-de-Brighton-contre-Brentford-XI-prevu-pour-une-rencontre.jpeg\" \/>\n\t<meta property=\"og:image:width\" content=\"100\" \/>\n\t<meta property=\"og:image:height\" content=\"120\" \/>\n\t<meta property=\"og:image:type\" content=\"image\/jpeg\" \/>\n<meta name=\"author\" content=\"Cl\u00e9ment\" \/>\n<meta name=\"twitter:card\" content=\"summary_large_image\" \/>\n<meta name=\"twitter:creator\" content=\"@FootdavantFr\" \/>\n<meta name=\"twitter:site\" content=\"@FootdavantFr\" \/>\n<meta name=\"twitter:label1\" content=\"\u00c9crit par\" \/>\n\t<meta name=\"twitter:data1\" content=\"Cl\u00e9ment\" \/>\n\t<meta name=\"twitter:label2\" content=\"Dur\u00e9e de lecture estim\u00e9e\" \/>\n\t<meta name=\"twitter:data2\" content=\"2 minutes\" \/>\n<script type=\"application\/ld+json\" class=\"yoast-schema-graph\">{\"@context\":\"https:\/\/schema.org\",\"@graph\":[{\"@type\":\"Article\",\"@id\":\"https:\/\/footdavant.fr\/actualites\/composition-de-brighton-contre-brentford-xi-prevu-pour-une-rencontre-festive-en-premier-league\/#article\",\"isPartOf\":{\"@id\":\"https:\/\/footdavant.fr\/actualites\/composition-de-brighton-contre-brentford-xi-prevu-pour-une-rencontre-festive-en-premier-league\/\"},\"author\":{\"name\":\"Cl\u00e9ment\",\"@id\":\"https:\/\/footdavant.fr\/actualites\/#\/schema\/person\/bc222566d95871b37e597b3ed3ba5e1d\"},\"headline\":\"Composition de Brighton contre Brentford\u00a0: XI pr\u00e9vu pour une rencontre festive en Premier League\",\"datePublished\":\"2025-01-01T01:48:13+00:00\",\"dateModified\":\"2025-01-01T01:48:14+00:00\",\"mainEntityOfPage\":{\"@id\":\"https:\/\/footdavant.fr\/actualites\/composition-de-brighton-contre-brentford-xi-prevu-pour-une-rencontre-festive-en-premier-league\/\"},\"wordCount\":378,\"publisher\":{\"@id\":\"https:\/\/footdavant.fr\/actualites\/#organization\"},\"keywords\":[\"Brentford\",\"Brighton\",\"composition\",\"contre\",\"festive\",\"League\",\"pour\",\"Premier\",\"pr\u00e9vu\",\"rencontre\",\"une\"],\"articleSection\":[\"Premier League\"],\"inLanguage\":\"fr-FR\"},{\"@type\":\"WebPage\",\"@id\":\"https:\/\/footdavant.fr\/actualites\/composition-de-brighton-contre-brentford-xi-prevu-pour-une-rencontre-festive-en-premier-league\/\",\"url\":\"https:\/\/footdavant.fr\/actualites\/composition-de-brighton-contre-brentford-xi-prevu-pour-une-rencontre-festive-en-premier-league\/\",\"name\":\"Composition de Brighton contre Brentford\u00a0: XI pr\u00e9vu pour une rencontre festive en Premier League\",\"isPartOf\":{\"@id\":\"https:\/\/footdavant.fr\/actualites\/#website\"},\"datePublished\":\"2025-01-01T01:48:13+00:00\",\"dateModified\":\"2025-01-01T01:48:14+00:00\",\"breadcrumb\":{\"@id\":\"https:\/\/footdavant.fr\/actualites\/composition-de-brighton-contre-brentford-xi-prevu-pour-une-rencontre-festive-en-premier-league\/#breadcrumb\"},\"inLanguage\":\"fr-FR\",\"potentialAction\":[{\"@type\":\"ReadAction\",\"target\":[\"https:\/\/footdavant.fr\/actualites\/composition-de-brighton-contre-brentford-xi-prevu-pour-une-rencontre-festive-en-premier-league\/\"]}]},{\"@type\":\"BreadcrumbList\",\"@id\":\"https:\/\/footdavant.fr\/actualites\/composition-de-brighton-contre-brentford-xi-prevu-pour-une-rencontre-festive-en-premier-league\/#breadcrumb\",\"itemListElement\":[{\"@type\":\"ListItem\",\"position\":1,\"name\":\"Accueil\",\"item\":\"https:\/\/footdavant.fr\/actualites\/\"},{\"@type\":\"ListItem\",\"position\":2,\"name\":\"Composition de Brighton contre Brentford\u00a0: XI pr\u00e9vu pour une rencontre festive en Premier League\"}]},{\"@type\":\"WebSite\",\"@id\":\"https:\/\/footdavant.fr\/actualites\/#website\",\"url\":\"https:\/\/footdavant.fr\/actualites\/\",\"name\":\"Foot d'avant\",\"description\":\"\",\"publisher\":{\"@id\":\"https:\/\/footdavant.fr\/actualites\/#organization\"},\"potentialAction\":[{\"@type\":\"SearchAction\",\"target\":{\"@type\":\"EntryPoint\",\"urlTemplate\":\"https:\/\/footdavant.fr\/actualites\/?s={search_term_string}\"},\"query-input\":\"required name=search_term_string\"}],\"inLanguage\":\"fr-FR\"},{\"@type\":\"Organization\",\"@id\":\"https:\/\/footdavant.fr\/actualites\/#organization\",\"name\":\"Foot d'avant\",\"url\":\"https:\/\/footdavant.fr\/actualites\/\",\"logo\":{\"@type\":\"ImageObject\",\"inLanguage\":\"fr-FR\",\"@id\":\"https:\/\/footdavant.fr\/actualites\/#\/schema\/logo\/image\/\",\"url\":\"https:\/\/footdavant.fr\/actualites\/wp-content\/uploads\/2023\/09\/Copy-of-FootDavant-Logo.png\",\"contentUrl\":\"https:\/\/footdavant.fr\/actualites\/wp-content\/uploads\/2023\/09\/Copy-of-FootDavant-Logo.png\",\"width\":936,\"height\":549,\"caption\":\"Foot d'avant\"},\"image\":{\"@id\":\"https:\/\/footdavant.fr\/actualites\/#\/schema\/logo\/image\/\"},\"sameAs\":[\"https:\/\/www.facebook.com\/Footdavant\/\",\"https:\/\/twitter.com\/FootdavantFr\",\"https:\/\/www.instagram.com\/footdavant.fr\/\"]},{\"@type\":\"Person\",\"@id\":\"https:\/\/footdavant.fr\/actualites\/#\/schema\/person\/bc222566d95871b37e597b3ed3ba5e1d\",\"name\":\"Cl\u00e9ment\",\"image\":{\"@type\":\"ImageObject\",\"inLanguage\":\"fr-FR\",\"@id\":\"https:\/\/footdavant.fr\/actualites\/#\/schema\/person\/image\/\",\"url\":\"https:\/\/secure.gravatar.com\/avatar\/7728b29aac2719421e1a9159b2254c44?s=96&d=mm&r=g\",\"contentUrl\":\"https:\/\/secure.gravatar.com\/avatar\/7728b29aac2719421e1a9159b2254c44?s=96&d=mm&r=g\",\"caption\":\"Cl\u00e9ment\"},\"sameAs\":[\"https:\/\/footdavant.fr\/\"]}]}<\/script>\n<!-- \/ Yoast SEO plugin. -->","yoast_head_json":{"title":"Composition de Brighton contre Brentford\u00a0: XI pr\u00e9vu pour une rencontre festive en Premier League","robots":{"index":"index","follow":"follow","max-snippet":"max-snippet:-1","max-image-preview":"max-image-preview:large","max-video-preview":"max-video-preview:-1"},"canonical":"https:\/\/footdavant.fr\/actualites\/composition-de-brighton-contre-brentford-xi-prevu-pour-une-rencontre-festive-en-premier-league\/","og_locale":"fr_FR","og_type":"article","og_title":"Composition de Brighton contre Brentford\u00a0: XI pr\u00e9vu pour une rencontre festive en Premier League","og_description":"Sports Mole examine comment Brighton &#038; Hove Albion pourraient s&#39;aligner pour leur affrontement en Premier League avec Brentford \u00e0 l&#39;Amex vendredi. Brighton et Hove Albion","og_url":"https:\/\/footdavant.fr\/actualites\/composition-de-brighton-contre-brentford-xi-prevu-pour-une-rencontre-festive-en-premier-league\/","og_site_name":"Foot d&#039;avant","article_publisher":"https:\/\/www.facebook.com\/Footdavant\/","article_published_time":"2025-01-01T01:48:13+00:00","article_modified_time":"2025-01-01T01:48:14+00:00","og_image":[{"width":100,"height":120,"url":"https:\/\/footdavant.fr\/actualites\/wp-content\/uploads\/2025\/01\/Composition-de-Brighton-contre-Brentford-XI-prevu-pour-une-rencontre.jpeg","type":"image\/jpeg"}],"author":"Cl\u00e9ment","twitter_card":"summary_large_image","twitter_creator":"@FootdavantFr","twitter_site":"@FootdavantFr","twitter_misc":{"\u00c9crit par":"Cl\u00e9ment","Dur\u00e9e de lecture estim\u00e9e":"2 minutes"},"schema":{"@context":"https:\/\/schema.org","@graph":[{"@type":"Article","@id":"https:\/\/footdavant.fr\/actualites\/composition-de-brighton-contre-brentford-xi-prevu-pour-une-rencontre-festive-en-premier-league\/#article","isPartOf":{"@id":"https:\/\/footdavant.fr\/actualites\/composition-de-brighton-contre-brentford-xi-prevu-pour-une-rencontre-festive-en-premier-league\/"},"author":{"name":"Cl\u00e9ment","@id":"https:\/\/footdavant.fr\/actualites\/#\/schema\/person\/bc222566d95871b37e597b3ed3ba5e1d"},"headline":"Composition de Brighton contre Brentford\u00a0: XI pr\u00e9vu pour une rencontre festive en Premier League","datePublished":"2025-01-01T01:48:13+00:00","dateModified":"2025-01-01T01:48:14+00:00","mainEntityOfPage":{"@id":"https:\/\/footdavant.fr\/actualites\/composition-de-brighton-contre-brentford-xi-prevu-pour-une-rencontre-festive-en-premier-league\/"},"wordCount":378,"publisher":{"@id":"https:\/\/footdavant.fr\/actualites\/#organization"},"keywords":["Brentford","Brighton","composition","contre","festive","League","pour","Premier","pr\u00e9vu","rencontre","une"],"articleSection":["Premier League"],"inLanguage":"fr-FR"},{"@type":"WebPage","@id":"https:\/\/footdavant.fr\/actualites\/composition-de-brighton-contre-brentford-xi-prevu-pour-une-rencontre-festive-en-premier-league\/","url":"https:\/\/footdavant.fr\/actualites\/composition-de-brighton-contre-brentford-xi-prevu-pour-une-rencontre-festive-en-premier-league\/","name":"Composition de Brighton contre Brentford\u00a0: XI pr\u00e9vu pour une rencontre festive en Premier League","isPartOf":{"@id":"https:\/\/footdavant.fr\/actualites\/#website"},"datePublished":"2025-01-01T01:48:13+00:00","dateModified":"2025-01-01T01:48:14+00:00","breadcrumb":{"@id":"https:\/\/footdavant.fr\/actualites\/composition-de-brighton-contre-brentford-xi-prevu-pour-une-rencontre-festive-en-premier-league\/#breadcrumb"},"inLanguage":"fr-FR","potentialAction":[{"@type":"ReadAction","target":["https:\/\/footdavant.fr\/actualites\/composition-de-brighton-contre-brentford-xi-prevu-pour-une-rencontre-festive-en-premier-league\/"]}]},{"@type":"BreadcrumbList","@id":"https:\/\/footdavant.fr\/actualites\/composition-de-brighton-contre-brentford-xi-prevu-pour-une-rencontre-festive-en-premier-league\/#breadcrumb","itemListElement":[{"@type":"ListItem","position":1,"name":"Accueil","item":"https:\/\/footdavant.fr\/actualites\/"},{"@type":"ListItem","position":2,"name":"Composition de Brighton contre Brentford\u00a0: XI pr\u00e9vu pour une rencontre festive en Premier League"}]},{"@type":"WebSite","@id":"https:\/\/footdavant.fr\/actualites\/#website","url":"https:\/\/footdavant.fr\/actualites\/","name":"Foot d'avant","description":"","publisher":{"@id":"https:\/\/footdavant.fr\/actualites\/#organization"},"potentialAction":[{"@type":"SearchAction","target":{"@type":"EntryPoint","urlTemplate":"https:\/\/footdavant.fr\/actualites\/?s={search_term_string}"},"query-input":"required name=search_term_string"}],"inLanguage":"fr-FR"},{"@type":"Organization","@id":"https:\/\/footdavant.fr\/actualites\/#organization","name":"Foot d'avant","url":"https:\/\/footdavant.fr\/actualites\/","logo":{"@type":"ImageObject","inLanguage":"fr-FR","@id":"https:\/\/footdavant.fr\/actualites\/#\/schema\/logo\/image\/","url":"https:\/\/footdavant.fr\/actualites\/wp-content\/uploads\/2023\/09\/Copy-of-FootDavant-Logo.png","contentUrl":"https:\/\/footdavant.fr\/actualites\/wp-content\/uploads\/2023\/09\/Copy-of-FootDavant-Logo.png","width":936,"height":549,"caption":"Foot d'avant"},"image":{"@id":"https:\/\/footdavant.fr\/actualites\/#\/schema\/logo\/image\/"},"sameAs":["https:\/\/www.facebook.com\/Footdavant\/","https:\/\/twitter.com\/FootdavantFr","https:\/\/www.instagram.com\/footdavant.fr\/"]},{"@type":"Person","@id":"https:\/\/footdavant.fr\/actualites\/#\/schema\/person\/bc222566d95871b37e597b3ed3ba5e1d","name":"Cl\u00e9ment","image":{"@type":"ImageObject","inLanguage":"fr-FR","@id":"https:\/\/footdavant.fr\/actualites\/#\/schema\/person\/image\/","url":"https:\/\/secure.gravatar.com\/avatar\/7728b29aac2719421e1a9159b2254c44?s=96&d=mm&r=g","contentUrl":"https:\/\/secure.gravatar.com\/avatar\/7728b29aac2719421e1a9159b2254c44?s=96&d=mm&r=g","caption":"Cl\u00e9ment"},"sameAs":["https:\/\/footdavant.fr\/"]}]}},"_links":{"self":[{"href":"https:\/\/footdavant.fr\/actualites\/wp-json\/wp\/v2\/posts\/18159"}],"collection":[{"href":"https:\/\/footdavant.fr\/actualites\/wp-json\/wp\/v2\/posts"}],"about":[{"href":"https:\/\/footdavant.fr\/actualites\/wp-json\/wp\/v2\/types\/post"}],"author":[{"embeddable":true,"href":"https:\/\/footdavant.fr\/actualites\/wp-json\/wp\/v2\/users\/1"}],"replies":[{"embeddable":true,"href":"https:\/\/footdavant.fr\/actualites\/wp-json\/wp\/v2\/comments?post=18159"}],"version-history":[{"count":1,"href":"https:\/\/footdavant.fr\/actualites\/wp-json\/wp\/v2\/posts\/18159\/revisions"}],"predecessor-version":[{"id":18161,"href":"https:\/\/footdavant.fr\/actualites\/wp-json\/wp\/v2\/posts\/18159\/revisions\/18161"}],"wp:featuredmedia":[{"embeddable":true,"href":"https:\/\/footdavant.fr\/actualites\/wp-json\/wp\/v2\/media\/18160"}],"wp:attachment":[{"href":"https:\/\/footdavant.fr\/actualites\/wp-json\/wp\/v2\/media?parent=18159"}],"wp:term":[{"taxonomy":"category","embeddable":true,"href":"https:\/\/footdavant.fr\/actualites\/wp-json\/wp\/v2\/categories?post=18159"},{"taxonomy":"post_tag","embeddable":true,"href":"https:\/\/footdavant.fr\/actualites\/wp-json\/wp\/v2\/tags?post=18159"}],"curies":[{"name":"wp","href":"https:\/\/api.w.org\/{rel}","templated":true}]}}