{"id":18162,"date":"2025-01-01T04:48:16","date_gmt":"2025-01-01T03:48:16","guid":{"rendered":"https:\/\/footdavant.fr\/actualites\/bonne-annee-un-blog-darsenal\/"},"modified":"2025-01-01T04:48:18","modified_gmt":"2025-01-01T03:48:18","slug":"bonne-annee-un-blog-darsenal","status":"publish","type":"post","link":"https:\/\/footdavant.fr\/actualites\/bonne-annee-un-blog-darsenal\/","title":{"rendered":"Bonne ann\u00e9e |  &#8230;un blog d&#39;Arsenal"},"content":{"rendered":"<div>\n<p>Matin.<\/p>\n<p>C&#39;est le dernier jour de 2024, et lorsque je regarde par la fen\u00eatre, le ciel est d&#39;une teinte rose saisissante. Est-ce de bon augure ? Je ne sais pas. Je ne suis pas skyologue.<\/p>\n<p>Ce que je sais, c&#39;est qu&#39;il n&#39;y a pas de nouvelles d&#39;Arsenal, j&#39;ai bu un peu trop de vin rouge hier soir et j&#39;aurais aim\u00e9 dormir. M\u00eame si je r\u00eavais, j&#39;\u00e9tais dans un train \u00e9pouvantable vers une destination \u00e0 partir de laquelle je pourrais changer de train, puis prendre un autre train pour rentrer chez moi. C&#39;\u00e9tait beaucoup de tracas, mais Madonna n&#39;a pas aid\u00e9 \u00e0 tout g\u00e2cher avec son incapacit\u00e9 \u00e0 garer sa voiture correctement. Dans un train. Je sais.<\/p>\n<p>Ainsi, demain, nous pouvons envisager notre match contre Brentford. Il y aura peut-\u00eatre des nouvelles de l&#39;\u00e9quipe un peu plus tard ou quelque chose du genre. Maintenant, j&#39;aimerais juste prendre un moment pour vous remercier tous d&#39;avoir fait partie d&#39;Arseblog au cours des 12 derniers mois. Sans votre lecture, votre \u00e9coute et votre soutien \u00e0 ce que nous faisons sur Patreon, nous ne ferions que crier dans le vide et, de par leur nature m\u00eame, les vides ne sont pas de grandes choses. Vous n\u2019entendez jamais quelqu\u2019un faire une bonne chanson sur son amour du vide \u00e0 l\u2019ancienne.<\/p>\n<p>Mais s\u00e9rieusement, merci. De moi et de toute l&#39;\u00e9quipe. Nous avons l\u2019extraordinaire privil\u00e8ge d\u2019\u00e9crire et de parler d\u2019Arsenal pour gagner notre vie, et nous ne le tenons jamais pour acquis. Nous ne pourrions pas le faire sans vous, et nous ne le voudrions pas de toute fa\u00e7on. Esp\u00e9rons que 2024 pourra apporter \u00e0 cette \u00e9quipe le succ\u00e8s dont nous aspirons tous. L\u2019exp\u00e9rience d\u2019Arsenal a \u00e9t\u00e9 tr\u00e8s amusante ces derni\u00e8res ann\u00e9es. Je sais qu&#39;il y a eu des frustrations, cela fait partie du sport, mais nous sommes si pr\u00e8s de gagner quelque chose dont nous semblions \u00e0 des millions de kilom\u00e8tres il n&#39;y a pas si longtemps. C&#39;est un bon endroit o\u00f9 \u00eatre, quoi qu&#39;il arrive.<\/p>\n<p>Je pense qu&#39;il est parfois bon de se rappeler que m\u00eame si nous voulons tous des troph\u00e9es et de l&#39;argenterie, ce n&#39;est pas le seul moyen de mesurer la qualit\u00e9 d&#39;une \u00e9quipe de football et de ses joueurs\/personnel. Mais \u00e9videmment, ces choses sont l\u2019objectif, et j\u2019esp\u00e8re sinc\u00e8rement que nous pourrons les atteindre avec ce groupe de joueurs et ce manager. \u00c0 l&#39;heure actuelle, nous sommes actifs dans quatre comp\u00e9titions et nous esp\u00e9rons pouvoir tenir la distance dans au moins l&#39;une d&#39;entre elles. Voir Arsenal remporter \u00e0 nouveau le titre serait incroyable, et je souhaite \u00e0 cette \u00e9quipe durabilit\u00e9, disponibilit\u00e9, pleine forme physique, un peu de chance ici et l\u00e0, et une merveilleuse arriv\u00e9e en janvier.<\/p>\n<p>\u00c0 vous tous, o\u00f9 que vous soyez dans le monde, je vous souhaite sant\u00e9 et bonheur pour 2025. Prenez soin les uns des autres, prenez soin de vous et croisons les doigts pour que nous puissions tous c\u00e9l\u00e9brer ensemble en mai (et au-del\u00e0).<\/p>\n<p>\u2764\ufe0f<\/p>\n<p>Vous pourrez \u00e9galement nous rejoindre un peu plus tard sur Patreon pour quelques podcasts. Nous rassemblerons l&#39;action de la Premier League dans The 30, et apr\u00e8s cela, nous aurons \u00e9galement un module de pr\u00e9visualisation de Brentford.<\/p>\n<p>Plus ici demain. Bonnes f\u00eates plus tard, on se parle l&#39;ann\u00e9e prochaine !<\/p>\n<\/div>\n","protected":false},"excerpt":{"rendered":"<p>Matin. C&#39;est le dernier jour de 2024, et lorsque je regarde par la fen\u00eatre, le ciel est d&#39;une teinte rose saisissante. Est-ce de bon augure<\/p>\n","protected":false},"author":1,"featured_media":18163,"comment_status":"closed","ping_status":"","sticky":false,"template":"","format":"standard","meta":{"footnotes":""},"categories":[3],"tags":[57,2183,58,1646,4221],"yoast_head":"<!-- This site is optimized with the Yoast SEO plugin v21.0 - https:\/\/yoast.com\/wordpress\/plugins\/seo\/ -->\n<title>Bonne ann\u00e9e | ...un blog d&#039;Arsenal<\/title>\n<meta name=\"robots\" content=\"index, follow, max-snippet:-1, max-image-preview:large, max-video-preview:-1\" \/>\n<link rel=\"canonical\" href=\"https:\/\/footdavant.fr\/actualites\/bonne-annee-un-blog-darsenal\/\" \/>\n<meta property=\"og:locale\" content=\"fr_FR\" \/>\n<meta property=\"og:type\" content=\"article\" \/>\n<meta property=\"og:title\" content=\"Bonne ann\u00e9e | ...un blog d&#039;Arsenal\" \/>\n<meta property=\"og:description\" content=\"Matin. C&#039;est le dernier jour de 2024, et lorsque je regarde par la fen\u00eatre, le ciel est d&#039;une teinte rose saisissante. Est-ce de bon augure\" \/>\n<meta property=\"og:url\" content=\"https:\/\/footdavant.fr\/actualites\/bonne-annee-un-blog-darsenal\/\" \/>\n<meta property=\"og:site_name\" content=\"Foot d&#039;avant\" \/>\n<meta property=\"article:publisher\" content=\"https:\/\/www.facebook.com\/Footdavant\/\" \/>\n<meta property=\"article:published_time\" content=\"2025-01-01T03:48:16+00:00\" \/>\n<meta property=\"article:modified_time\" content=\"2025-01-01T03:48:18+00:00\" \/>\n<meta property=\"og:image\" content=\"https:\/\/footdavant.fr\/actualites\/wp-content\/uploads\/2025\/01\/Bonne-annee-un-blog-d39Arsenal.jpg\" \/>\n\t<meta property=\"og:image:width\" content=\"1500\" \/>\n\t<meta property=\"og:image:height\" content=\"750\" \/>\n\t<meta property=\"og:image:type\" content=\"image\/jpeg\" \/>\n<meta name=\"author\" content=\"Cl\u00e9ment\" \/>\n<meta name=\"twitter:card\" content=\"summary_large_image\" \/>\n<meta name=\"twitter:creator\" content=\"@FootdavantFr\" \/>\n<meta name=\"twitter:site\" content=\"@FootdavantFr\" \/>\n<meta name=\"twitter:label1\" content=\"\u00c9crit par\" \/>\n\t<meta name=\"twitter:data1\" content=\"Cl\u00e9ment\" \/>\n\t<meta name=\"twitter:label2\" content=\"Dur\u00e9e de lecture estim\u00e9e\" \/>\n\t<meta name=\"twitter:data2\" content=\"3 minutes\" \/>\n<script type=\"application\/ld+json\" class=\"yoast-schema-graph\">{\"@context\":\"https:\/\/schema.org\",\"@graph\":[{\"@type\":\"Article\",\"@id\":\"https:\/\/footdavant.fr\/actualites\/bonne-annee-un-blog-darsenal\/#article\",\"isPartOf\":{\"@id\":\"https:\/\/footdavant.fr\/actualites\/bonne-annee-un-blog-darsenal\/\"},\"author\":{\"name\":\"Cl\u00e9ment\",\"@id\":\"https:\/\/footdavant.fr\/actualites\/#\/schema\/person\/bc222566d95871b37e597b3ed3ba5e1d\"},\"headline\":\"Bonne ann\u00e9e | &#8230;un blog d&#39;Arsenal\",\"datePublished\":\"2025-01-01T03:48:16+00:00\",\"dateModified\":\"2025-01-01T03:48:18+00:00\",\"mainEntityOfPage\":{\"@id\":\"https:\/\/footdavant.fr\/actualites\/bonne-annee-un-blog-darsenal\/\"},\"wordCount\":595,\"publisher\":{\"@id\":\"https:\/\/footdavant.fr\/actualites\/#organization\"},\"keywords\":[\"...un\",\"ann\u00e9e\",\"blog\",\"bonne\",\"d39Arsenal\"],\"articleSection\":[\"Football\"],\"inLanguage\":\"fr-FR\"},{\"@type\":\"WebPage\",\"@id\":\"https:\/\/footdavant.fr\/actualites\/bonne-annee-un-blog-darsenal\/\",\"url\":\"https:\/\/footdavant.fr\/actualites\/bonne-annee-un-blog-darsenal\/\",\"name\":\"Bonne ann\u00e9e | ...un blog d&#39;Arsenal\",\"isPartOf\":{\"@id\":\"https:\/\/footdavant.fr\/actualites\/#website\"},\"datePublished\":\"2025-01-01T03:48:16+00:00\",\"dateModified\":\"2025-01-01T03:48:18+00:00\",\"breadcrumb\":{\"@id\":\"https:\/\/footdavant.fr\/actualites\/bonne-annee-un-blog-darsenal\/#breadcrumb\"},\"inLanguage\":\"fr-FR\",\"potentialAction\":[{\"@type\":\"ReadAction\",\"target\":[\"https:\/\/footdavant.fr\/actualites\/bonne-annee-un-blog-darsenal\/\"]}]},{\"@type\":\"BreadcrumbList\",\"@id\":\"https:\/\/footdavant.fr\/actualites\/bonne-annee-un-blog-darsenal\/#breadcrumb\",\"itemListElement\":[{\"@type\":\"ListItem\",\"position\":1,\"name\":\"Accueil\",\"item\":\"https:\/\/footdavant.fr\/actualites\/\"},{\"@type\":\"ListItem\",\"position\":2,\"name\":\"Bonne ann\u00e9e | &#8230;un blog d&#39;Arsenal\"}]},{\"@type\":\"WebSite\",\"@id\":\"https:\/\/footdavant.fr\/actualites\/#website\",\"url\":\"https:\/\/footdavant.fr\/actualites\/\",\"name\":\"Foot d'avant\",\"description\":\"\",\"publisher\":{\"@id\":\"https:\/\/footdavant.fr\/actualites\/#organization\"},\"potentialAction\":[{\"@type\":\"SearchAction\",\"target\":{\"@type\":\"EntryPoint\",\"urlTemplate\":\"https:\/\/footdavant.fr\/actualites\/?s={search_term_string}\"},\"query-input\":\"required name=search_term_string\"}],\"inLanguage\":\"fr-FR\"},{\"@type\":\"Organization\",\"@id\":\"https:\/\/footdavant.fr\/actualites\/#organization\",\"name\":\"Foot d'avant\",\"url\":\"https:\/\/footdavant.fr\/actualites\/\",\"logo\":{\"@type\":\"ImageObject\",\"inLanguage\":\"fr-FR\",\"@id\":\"https:\/\/footdavant.fr\/actualites\/#\/schema\/logo\/image\/\",\"url\":\"https:\/\/footdavant.fr\/actualites\/wp-content\/uploads\/2023\/09\/Copy-of-FootDavant-Logo.png\",\"contentUrl\":\"https:\/\/footdavant.fr\/actualites\/wp-content\/uploads\/2023\/09\/Copy-of-FootDavant-Logo.png\",\"width\":936,\"height\":549,\"caption\":\"Foot d'avant\"},\"image\":{\"@id\":\"https:\/\/footdavant.fr\/actualites\/#\/schema\/logo\/image\/\"},\"sameAs\":[\"https:\/\/www.facebook.com\/Footdavant\/\",\"https:\/\/twitter.com\/FootdavantFr\",\"https:\/\/www.instagram.com\/footdavant.fr\/\"]},{\"@type\":\"Person\",\"@id\":\"https:\/\/footdavant.fr\/actualites\/#\/schema\/person\/bc222566d95871b37e597b3ed3ba5e1d\",\"name\":\"Cl\u00e9ment\",\"image\":{\"@type\":\"ImageObject\",\"inLanguage\":\"fr-FR\",\"@id\":\"https:\/\/footdavant.fr\/actualites\/#\/schema\/person\/image\/\",\"url\":\"https:\/\/secure.gravatar.com\/avatar\/7728b29aac2719421e1a9159b2254c44?s=96&d=mm&r=g\",\"contentUrl\":\"https:\/\/secure.gravatar.com\/avatar\/7728b29aac2719421e1a9159b2254c44?s=96&d=mm&r=g\",\"caption\":\"Cl\u00e9ment\"},\"sameAs\":[\"https:\/\/footdavant.fr\/\"]}]}<\/script>\n<!-- \/ Yoast SEO plugin. -->","yoast_head_json":{"title":"Bonne ann\u00e9e | ...un blog d&#39;Arsenal","robots":{"index":"index","follow":"follow","max-snippet":"max-snippet:-1","max-image-preview":"max-image-preview:large","max-video-preview":"max-video-preview:-1"},"canonical":"https:\/\/footdavant.fr\/actualites\/bonne-annee-un-blog-darsenal\/","og_locale":"fr_FR","og_type":"article","og_title":"Bonne ann\u00e9e | ...un blog d&#39;Arsenal","og_description":"Matin. C&#39;est le dernier jour de 2024, et lorsque je regarde par la fen\u00eatre, le ciel est d&#39;une teinte rose saisissante. Est-ce de bon augure","og_url":"https:\/\/footdavant.fr\/actualites\/bonne-annee-un-blog-darsenal\/","og_site_name":"Foot d&#039;avant","article_publisher":"https:\/\/www.facebook.com\/Footdavant\/","article_published_time":"2025-01-01T03:48:16+00:00","article_modified_time":"2025-01-01T03:48:18+00:00","og_image":[{"width":1500,"height":750,"url":"https:\/\/footdavant.fr\/actualites\/wp-content\/uploads\/2025\/01\/Bonne-annee-un-blog-d39Arsenal.jpg","type":"image\/jpeg"}],"author":"Cl\u00e9ment","twitter_card":"summary_large_image","twitter_creator":"@FootdavantFr","twitter_site":"@FootdavantFr","twitter_misc":{"\u00c9crit par":"Cl\u00e9ment","Dur\u00e9e de lecture estim\u00e9e":"3 minutes"},"schema":{"@context":"https:\/\/schema.org","@graph":[{"@type":"Article","@id":"https:\/\/footdavant.fr\/actualites\/bonne-annee-un-blog-darsenal\/#article","isPartOf":{"@id":"https:\/\/footdavant.fr\/actualites\/bonne-annee-un-blog-darsenal\/"},"author":{"name":"Cl\u00e9ment","@id":"https:\/\/footdavant.fr\/actualites\/#\/schema\/person\/bc222566d95871b37e597b3ed3ba5e1d"},"headline":"Bonne ann\u00e9e | &#8230;un blog d&#39;Arsenal","datePublished":"2025-01-01T03:48:16+00:00","dateModified":"2025-01-01T03:48:18+00:00","mainEntityOfPage":{"@id":"https:\/\/footdavant.fr\/actualites\/bonne-annee-un-blog-darsenal\/"},"wordCount":595,"publisher":{"@id":"https:\/\/footdavant.fr\/actualites\/#organization"},"keywords":["...un","ann\u00e9e","blog","bonne","d39Arsenal"],"articleSection":["Football"],"inLanguage":"fr-FR"},{"@type":"WebPage","@id":"https:\/\/footdavant.fr\/actualites\/bonne-annee-un-blog-darsenal\/","url":"https:\/\/footdavant.fr\/actualites\/bonne-annee-un-blog-darsenal\/","name":"Bonne ann\u00e9e | ...un blog d&#39;Arsenal","isPartOf":{"@id":"https:\/\/footdavant.fr\/actualites\/#website"},"datePublished":"2025-01-01T03:48:16+00:00","dateModified":"2025-01-01T03:48:18+00:00","breadcrumb":{"@id":"https:\/\/footdavant.fr\/actualites\/bonne-annee-un-blog-darsenal\/#breadcrumb"},"inLanguage":"fr-FR","potentialAction":[{"@type":"ReadAction","target":["https:\/\/footdavant.fr\/actualites\/bonne-annee-un-blog-darsenal\/"]}]},{"@type":"BreadcrumbList","@id":"https:\/\/footdavant.fr\/actualites\/bonne-annee-un-blog-darsenal\/#breadcrumb","itemListElement":[{"@type":"ListItem","position":1,"name":"Accueil","item":"https:\/\/footdavant.fr\/actualites\/"},{"@type":"ListItem","position":2,"name":"Bonne ann\u00e9e | &#8230;un blog d&#39;Arsenal"}]},{"@type":"WebSite","@id":"https:\/\/footdavant.fr\/actualites\/#website","url":"https:\/\/footdavant.fr\/actualites\/","name":"Foot d'avant","description":"","publisher":{"@id":"https:\/\/footdavant.fr\/actualites\/#organization"},"potentialAction":[{"@type":"SearchAction","target":{"@type":"EntryPoint","urlTemplate":"https:\/\/footdavant.fr\/actualites\/?s={search_term_string}"},"query-input":"required name=search_term_string"}],"inLanguage":"fr-FR"},{"@type":"Organization","@id":"https:\/\/footdavant.fr\/actualites\/#organization","name":"Foot d'avant","url":"https:\/\/footdavant.fr\/actualites\/","logo":{"@type":"ImageObject","inLanguage":"fr-FR","@id":"https:\/\/footdavant.fr\/actualites\/#\/schema\/logo\/image\/","url":"https:\/\/footdavant.fr\/actualites\/wp-content\/uploads\/2023\/09\/Copy-of-FootDavant-Logo.png","contentUrl":"https:\/\/footdavant.fr\/actualites\/wp-content\/uploads\/2023\/09\/Copy-of-FootDavant-Logo.png","width":936,"height":549,"caption":"Foot d'avant"},"image":{"@id":"https:\/\/footdavant.fr\/actualites\/#\/schema\/logo\/image\/"},"sameAs":["https:\/\/www.facebook.com\/Footdavant\/","https:\/\/twitter.com\/FootdavantFr","https:\/\/www.instagram.com\/footdavant.fr\/"]},{"@type":"Person","@id":"https:\/\/footdavant.fr\/actualites\/#\/schema\/person\/bc222566d95871b37e597b3ed3ba5e1d","name":"Cl\u00e9ment","image":{"@type":"ImageObject","inLanguage":"fr-FR","@id":"https:\/\/footdavant.fr\/actualites\/#\/schema\/person\/image\/","url":"https:\/\/secure.gravatar.com\/avatar\/7728b29aac2719421e1a9159b2254c44?s=96&d=mm&r=g","contentUrl":"https:\/\/secure.gravatar.com\/avatar\/7728b29aac2719421e1a9159b2254c44?s=96&d=mm&r=g","caption":"Cl\u00e9ment"},"sameAs":["https:\/\/footdavant.fr\/"]}]}},"_links":{"self":[{"href":"https:\/\/footdavant.fr\/actualites\/wp-json\/wp\/v2\/posts\/18162"}],"collection":[{"href":"https:\/\/footdavant.fr\/actualites\/wp-json\/wp\/v2\/posts"}],"about":[{"href":"https:\/\/footdavant.fr\/actualites\/wp-json\/wp\/v2\/types\/post"}],"author":[{"embeddable":true,"href":"https:\/\/footdavant.fr\/actualites\/wp-json\/wp\/v2\/users\/1"}],"replies":[{"embeddable":true,"href":"https:\/\/footdavant.fr\/actualites\/wp-json\/wp\/v2\/comments?post=18162"}],"version-history":[{"count":1,"href":"https:\/\/footdavant.fr\/actualites\/wp-json\/wp\/v2\/posts\/18162\/revisions"}],"predecessor-version":[{"id":18164,"href":"https:\/\/footdavant.fr\/actualites\/wp-json\/wp\/v2\/posts\/18162\/revisions\/18164"}],"wp:featuredmedia":[{"embeddable":true,"href":"https:\/\/footdavant.fr\/actualites\/wp-json\/wp\/v2\/media\/18163"}],"wp:attachment":[{"href":"https:\/\/footdavant.fr\/actualites\/wp-json\/wp\/v2\/media?parent=18162"}],"wp:term":[{"taxonomy":"category","embeddable":true,"href":"https:\/\/footdavant.fr\/actualites\/wp-json\/wp\/v2\/categories?post=18162"},{"taxonomy":"post_tag","embeddable":true,"href":"https:\/\/footdavant.fr\/actualites\/wp-json\/wp\/v2\/tags?post=18162"}],"curies":[{"name":"wp","href":"https:\/\/api.w.org\/{rel}","templated":true}]}}