{"id":18180,"date":"2025-01-01T18:48:22","date_gmt":"2025-01-01T17:48:22","guid":{"rendered":"https:\/\/footdavant.fr\/actualites\/nouvelles-des-transferts-de-man-city-james-mcatee-sur-le-radar-des-geants-de-la-bundesliga\/"},"modified":"2025-01-01T18:48:23","modified_gmt":"2025-01-01T17:48:23","slug":"nouvelles-des-transferts-de-man-city-james-mcatee-sur-le-radar-des-geants-de-la-bundesliga","status":"publish","type":"post","link":"https:\/\/footdavant.fr\/actualites\/nouvelles-des-transferts-de-man-city-james-mcatee-sur-le-radar-des-geants-de-la-bundesliga\/","title":{"rendered":"Nouvelles des transferts de Man City : James McAtee sur le radar des g\u00e9ants de la Bundesliga ?"},"content":{"rendered":"<p>Manchester City courrait un risque croissant de perdre un autre de ses dipl\u00f4m\u00e9s de l\u2019acad\u00e9mie au profit d\u2019un club de Bundesliga en 2025.<\/p>\n<div id=\"article_body\" itemprop=\"articleBody\">\n<h3 class=\"firstPara\">\n<strong class=\"autotag\">Manchester City<\/strong> seraient confront\u00e9s \u00e0 la perspective de susciter un int\u00e9r\u00eat accru pour <strong class=\"autotag\">James McAtee<\/strong> courant 2025.<\/h3>\n<p>En d\u00e9but de saison, <strong class=\"autotag\">Pep Guardiola<\/strong> a tenu \u00e0 d\u00e9clarer qu&#39;il souhaitait garder le dipl\u00f4m\u00e9 de l&#39;acad\u00e9mie dans son \u00e9quipe premi\u00e8re gr\u00e2ce \u00e0 un pr\u00eat avec Sheffield United.<\/p>\n<p>Cependant, bien que City ait connu sa pire forme de m\u00e9moire r\u00e9cente et souffre de nombreux probl\u00e8mes de forme physique, le joueur de 22 ans a \u00e0 peine \u00e9t\u00e9 utilis\u00e9.<\/p>\n<p>M\u00eame si le meneur de jeu a jou\u00e9 un r\u00f4le cl\u00e9 en dehors du banc des rempla\u00e7ants <strong>Victoire 2-0 dimanche \u00e0 Leicester City<\/strong>il n&#39;a effectu\u00e9 que trois titularisations et six sorties en remplacement toute la saison.<\/p>\n<p class=\"imgI\">\n<h2 class=\"k3\">Quel g\u00e9ant de la Bundesliga poursuit McAtee ?<\/h2>\n<p>Avec City dans une position o\u00f9 plusieurs jeunes apparaissent sur le banc des rempla\u00e7ants, McAtee ne suscitera pas n\u00e9cessairement d&#39;int\u00e9r\u00eat pour l&#39;international anglais des moins de 21 ans.<\/p>\n<p>N\u00e9anmoins, selon le <em>Courrier quotidien<\/em>, <strong class=\"autotag\">Bayer Leverkusen<\/strong> surveillent la situation avant d\u2019\u00e9ventuellement prendre une approche.<\/p>\n<p>Le rapport sugg\u00e8re que les champions de Bundesliga r\u00e9fl\u00e9chissent \u00e0 l&#39;opportunit\u00e9 d&#39;essayer de profiter des 18 mois restants du contrat de McAtee.<\/p>\n<p>Compte tenu de sa situation actuelle concernant le temps de jeu, il semble hautement improbable que McAtee soit pr\u00eat \u00e0 prolonger son contrat actuel.<\/p>\n<p><strong class=\"autotag\">RB Leipzig<\/strong>, <strong class=\"autotag\">Borussia Dortmund<\/strong>, <strong class=\"autotag\">Fiorentine<\/strong> et <strong class=\"autotag\">Bologne<\/strong> seraient \u00e9galement des admirateurs d\u2019un joueur qui devrait donner la priorit\u00e9 au football r\u00e9gulier plut\u00f4t qu\u2019\u00e0 engager son avenir avec City.<\/p>\n<p class=\"imgI\"><img decoding=\"async\" loading=\"lazy\" class=\"l\" src=\"https:\/\/footdavant.fr\/actualites\/wp-content\/uploads\/2025\/01\/1735753702_80_Nouvelles-des-transferts-de-Man-City-James-McAtee-sur.jpg\" title=\"Pep Guardiola, manager de Manchester City, le 5 novembre 2024\" alt=\"Pep Guardiola, manager de Manchester City, le 5 novembre 2024\" width=\"640\" height=\"480\"><\/p>\n<h2 class=\"k3\">Quelle sera la position de Guardiola ?<\/h2>\n<p>Guardiola a rarement emp\u00each\u00e9 les joueurs de quitter le stade Etihad, \u00e0 condition que City re\u00e7oive les frais souhait\u00e9s pour leur signature.<\/p>\n<p>Dans le cas de McAtee, il est difficile de d\u00e9terminer quel peut \u00eatre son prix demand\u00e9 alors qu&#39;il n&#39;a jou\u00e9 que 359 minutes depuis d\u00e9but ao\u00fbt.<\/p>\n<p>Cela dit, le rapport all\u00e8gue que City pourrait exiger environ 25 millions de livres sterling s\u2019il veut donner le feu vert \u00e0 une vente, en particulier en janvier.<\/p>\n<p>Les go\u00fbts de <strong class=\"autotag\">For\u00eat de Nottingham<\/strong>, <strong class=\"autotag\">Brentford<\/strong>, <strong class=\"autotag\">West Ham United<\/strong> et <strong class=\"autotag\">Palais de Cristal<\/strong> sont des \u00e9quipes de Premier League qui d\u00e9tiennent \u00e9galement un int\u00e9r\u00eat.<\/p>\n<div class=\"author_box\">\n<div class=\"author_box_banner\">\n<img decoding=\"async\" class=\"author_img\" src=\"https:\/\/footdavant.fr\/actualites\/wp-content\/uploads\/2025\/01\/1735753702_974_Nouvelles-des-transferts-de-Man-City-James-McAtee-sur.jpg\"><\/p>\n<\/div>\n<\/div>\n<\/div>\n","protected":false},"excerpt":{"rendered":"<p>Manchester City courrait un risque croissant de perdre un autre de ses dipl\u00f4m\u00e9s de l\u2019acad\u00e9mie au profit d\u2019un club de Bundesliga en 2025. Manchester City<\/p>\n","protected":false},"author":1,"featured_media":18181,"comment_status":"closed","ping_status":"","sticky":false,"template":"","format":"standard","meta":{"footnotes":""},"categories":[5],"tags":[1504,27,12,4740,111,24,2098,461,5090,103,1376],"yoast_head":"<!-- This site is optimized with the Yoast SEO plugin v21.0 - https:\/\/yoast.com\/wordpress\/plugins\/seo\/ -->\n<title>Nouvelles des transferts de Man City : James McAtee sur le radar des g\u00e9ants de la Bundesliga ?<\/title>\n<meta name=\"robots\" content=\"index, follow, max-snippet:-1, max-image-preview:large, max-video-preview:-1\" \/>\n<link rel=\"canonical\" href=\"https:\/\/footdavant.fr\/actualites\/nouvelles-des-transferts-de-man-city-james-mcatee-sur-le-radar-des-geants-de-la-bundesliga\/\" \/>\n<meta property=\"og:locale\" content=\"fr_FR\" \/>\n<meta property=\"og:type\" content=\"article\" \/>\n<meta property=\"og:title\" content=\"Nouvelles des transferts de Man City : James McAtee sur le radar des g\u00e9ants de la Bundesliga ?\" \/>\n<meta property=\"og:description\" content=\"Manchester City courrait un risque croissant de perdre un autre de ses dipl\u00f4m\u00e9s de l\u2019acad\u00e9mie au profit d\u2019un club de Bundesliga en 2025. Manchester City\" \/>\n<meta property=\"og:url\" content=\"https:\/\/footdavant.fr\/actualites\/nouvelles-des-transferts-de-man-city-james-mcatee-sur-le-radar-des-geants-de-la-bundesliga\/\" \/>\n<meta property=\"og:site_name\" content=\"Foot d&#039;avant\" \/>\n<meta property=\"article:publisher\" content=\"https:\/\/www.facebook.com\/Footdavant\/\" \/>\n<meta property=\"article:published_time\" content=\"2025-01-01T17:48:22+00:00\" \/>\n<meta property=\"article:modified_time\" content=\"2025-01-01T17:48:23+00:00\" \/>\n<meta property=\"og:image\" content=\"https:\/\/footdavant.fr\/actualites\/wp-content\/uploads\/2025\/01\/Nouvelles-des-transferts-de-Man-City-James-McAtee-sur.jpg\" \/>\n\t<meta property=\"og:image:width\" content=\"640\" \/>\n\t<meta property=\"og:image:height\" content=\"480\" \/>\n\t<meta property=\"og:image:type\" content=\"image\/jpeg\" \/>\n<meta name=\"author\" content=\"Cl\u00e9ment\" \/>\n<meta name=\"twitter:card\" content=\"summary_large_image\" \/>\n<meta name=\"twitter:creator\" content=\"@FootdavantFr\" \/>\n<meta name=\"twitter:site\" content=\"@FootdavantFr\" \/>\n<meta name=\"twitter:label1\" content=\"\u00c9crit par\" \/>\n\t<meta name=\"twitter:data1\" content=\"Cl\u00e9ment\" \/>\n\t<meta name=\"twitter:label2\" content=\"Dur\u00e9e de lecture estim\u00e9e\" \/>\n\t<meta name=\"twitter:data2\" content=\"2 minutes\" \/>\n<script type=\"application\/ld+json\" class=\"yoast-schema-graph\">{\"@context\":\"https:\/\/schema.org\",\"@graph\":[{\"@type\":\"Article\",\"@id\":\"https:\/\/footdavant.fr\/actualites\/nouvelles-des-transferts-de-man-city-james-mcatee-sur-le-radar-des-geants-de-la-bundesliga\/#article\",\"isPartOf\":{\"@id\":\"https:\/\/footdavant.fr\/actualites\/nouvelles-des-transferts-de-man-city-james-mcatee-sur-le-radar-des-geants-de-la-bundesliga\/\"},\"author\":{\"name\":\"Cl\u00e9ment\",\"@id\":\"https:\/\/footdavant.fr\/actualites\/#\/schema\/person\/bc222566d95871b37e597b3ed3ba5e1d\"},\"headline\":\"Nouvelles des transferts de Man City : James McAtee sur le radar des g\u00e9ants de la Bundesliga ?\",\"datePublished\":\"2025-01-01T17:48:22+00:00\",\"dateModified\":\"2025-01-01T17:48:23+00:00\",\"mainEntityOfPage\":{\"@id\":\"https:\/\/footdavant.fr\/actualites\/nouvelles-des-transferts-de-man-city-james-mcatee-sur-le-radar-des-geants-de-la-bundesliga\/\"},\"wordCount\":423,\"publisher\":{\"@id\":\"https:\/\/footdavant.fr\/actualites\/#organization\"},\"keywords\":[\"Bundesliga\",\"City\",\"des\",\"g\u00e9ants\",\"James\",\"Man\",\"McAtee\",\"Nouvelles\",\"radar\",\"sur\",\"transferts\"],\"articleSection\":[\"Premier League\"],\"inLanguage\":\"fr-FR\"},{\"@type\":\"WebPage\",\"@id\":\"https:\/\/footdavant.fr\/actualites\/nouvelles-des-transferts-de-man-city-james-mcatee-sur-le-radar-des-geants-de-la-bundesliga\/\",\"url\":\"https:\/\/footdavant.fr\/actualites\/nouvelles-des-transferts-de-man-city-james-mcatee-sur-le-radar-des-geants-de-la-bundesliga\/\",\"name\":\"Nouvelles des transferts de Man City : James McAtee sur le radar des g\u00e9ants de la Bundesliga ?\",\"isPartOf\":{\"@id\":\"https:\/\/footdavant.fr\/actualites\/#website\"},\"datePublished\":\"2025-01-01T17:48:22+00:00\",\"dateModified\":\"2025-01-01T17:48:23+00:00\",\"breadcrumb\":{\"@id\":\"https:\/\/footdavant.fr\/actualites\/nouvelles-des-transferts-de-man-city-james-mcatee-sur-le-radar-des-geants-de-la-bundesliga\/#breadcrumb\"},\"inLanguage\":\"fr-FR\",\"potentialAction\":[{\"@type\":\"ReadAction\",\"target\":[\"https:\/\/footdavant.fr\/actualites\/nouvelles-des-transferts-de-man-city-james-mcatee-sur-le-radar-des-geants-de-la-bundesliga\/\"]}]},{\"@type\":\"BreadcrumbList\",\"@id\":\"https:\/\/footdavant.fr\/actualites\/nouvelles-des-transferts-de-man-city-james-mcatee-sur-le-radar-des-geants-de-la-bundesliga\/#breadcrumb\",\"itemListElement\":[{\"@type\":\"ListItem\",\"position\":1,\"name\":\"Accueil\",\"item\":\"https:\/\/footdavant.fr\/actualites\/\"},{\"@type\":\"ListItem\",\"position\":2,\"name\":\"Nouvelles des transferts de Man City : James McAtee sur le radar des g\u00e9ants de la Bundesliga ?\"}]},{\"@type\":\"WebSite\",\"@id\":\"https:\/\/footdavant.fr\/actualites\/#website\",\"url\":\"https:\/\/footdavant.fr\/actualites\/\",\"name\":\"Foot d'avant\",\"description\":\"\",\"publisher\":{\"@id\":\"https:\/\/footdavant.fr\/actualites\/#organization\"},\"potentialAction\":[{\"@type\":\"SearchAction\",\"target\":{\"@type\":\"EntryPoint\",\"urlTemplate\":\"https:\/\/footdavant.fr\/actualites\/?s={search_term_string}\"},\"query-input\":\"required name=search_term_string\"}],\"inLanguage\":\"fr-FR\"},{\"@type\":\"Organization\",\"@id\":\"https:\/\/footdavant.fr\/actualites\/#organization\",\"name\":\"Foot d'avant\",\"url\":\"https:\/\/footdavant.fr\/actualites\/\",\"logo\":{\"@type\":\"ImageObject\",\"inLanguage\":\"fr-FR\",\"@id\":\"https:\/\/footdavant.fr\/actualites\/#\/schema\/logo\/image\/\",\"url\":\"https:\/\/footdavant.fr\/actualites\/wp-content\/uploads\/2023\/09\/Copy-of-FootDavant-Logo.png\",\"contentUrl\":\"https:\/\/footdavant.fr\/actualites\/wp-content\/uploads\/2023\/09\/Copy-of-FootDavant-Logo.png\",\"width\":936,\"height\":549,\"caption\":\"Foot d'avant\"},\"image\":{\"@id\":\"https:\/\/footdavant.fr\/actualites\/#\/schema\/logo\/image\/\"},\"sameAs\":[\"https:\/\/www.facebook.com\/Footdavant\/\",\"https:\/\/twitter.com\/FootdavantFr\",\"https:\/\/www.instagram.com\/footdavant.fr\/\"]},{\"@type\":\"Person\",\"@id\":\"https:\/\/footdavant.fr\/actualites\/#\/schema\/person\/bc222566d95871b37e597b3ed3ba5e1d\",\"name\":\"Cl\u00e9ment\",\"image\":{\"@type\":\"ImageObject\",\"inLanguage\":\"fr-FR\",\"@id\":\"https:\/\/footdavant.fr\/actualites\/#\/schema\/person\/image\/\",\"url\":\"https:\/\/secure.gravatar.com\/avatar\/7728b29aac2719421e1a9159b2254c44?s=96&d=mm&r=g\",\"contentUrl\":\"https:\/\/secure.gravatar.com\/avatar\/7728b29aac2719421e1a9159b2254c44?s=96&d=mm&r=g\",\"caption\":\"Cl\u00e9ment\"},\"sameAs\":[\"https:\/\/footdavant.fr\/\"]}]}<\/script>\n<!-- \/ Yoast SEO plugin. -->","yoast_head_json":{"title":"Nouvelles des transferts de Man City : James McAtee sur le radar des g\u00e9ants de la Bundesliga ?","robots":{"index":"index","follow":"follow","max-snippet":"max-snippet:-1","max-image-preview":"max-image-preview:large","max-video-preview":"max-video-preview:-1"},"canonical":"https:\/\/footdavant.fr\/actualites\/nouvelles-des-transferts-de-man-city-james-mcatee-sur-le-radar-des-geants-de-la-bundesliga\/","og_locale":"fr_FR","og_type":"article","og_title":"Nouvelles des transferts de Man City : James McAtee sur le radar des g\u00e9ants de la Bundesliga ?","og_description":"Manchester City courrait un risque croissant de perdre un autre de ses dipl\u00f4m\u00e9s de l\u2019acad\u00e9mie au profit d\u2019un club de Bundesliga en 2025. Manchester City","og_url":"https:\/\/footdavant.fr\/actualites\/nouvelles-des-transferts-de-man-city-james-mcatee-sur-le-radar-des-geants-de-la-bundesliga\/","og_site_name":"Foot d&#039;avant","article_publisher":"https:\/\/www.facebook.com\/Footdavant\/","article_published_time":"2025-01-01T17:48:22+00:00","article_modified_time":"2025-01-01T17:48:23+00:00","og_image":[{"width":640,"height":480,"url":"https:\/\/footdavant.fr\/actualites\/wp-content\/uploads\/2025\/01\/Nouvelles-des-transferts-de-Man-City-James-McAtee-sur.jpg","type":"image\/jpeg"}],"author":"Cl\u00e9ment","twitter_card":"summary_large_image","twitter_creator":"@FootdavantFr","twitter_site":"@FootdavantFr","twitter_misc":{"\u00c9crit par":"Cl\u00e9ment","Dur\u00e9e de lecture estim\u00e9e":"2 minutes"},"schema":{"@context":"https:\/\/schema.org","@graph":[{"@type":"Article","@id":"https:\/\/footdavant.fr\/actualites\/nouvelles-des-transferts-de-man-city-james-mcatee-sur-le-radar-des-geants-de-la-bundesliga\/#article","isPartOf":{"@id":"https:\/\/footdavant.fr\/actualites\/nouvelles-des-transferts-de-man-city-james-mcatee-sur-le-radar-des-geants-de-la-bundesliga\/"},"author":{"name":"Cl\u00e9ment","@id":"https:\/\/footdavant.fr\/actualites\/#\/schema\/person\/bc222566d95871b37e597b3ed3ba5e1d"},"headline":"Nouvelles des transferts de Man City : James McAtee sur le radar des g\u00e9ants de la Bundesliga ?","datePublished":"2025-01-01T17:48:22+00:00","dateModified":"2025-01-01T17:48:23+00:00","mainEntityOfPage":{"@id":"https:\/\/footdavant.fr\/actualites\/nouvelles-des-transferts-de-man-city-james-mcatee-sur-le-radar-des-geants-de-la-bundesliga\/"},"wordCount":423,"publisher":{"@id":"https:\/\/footdavant.fr\/actualites\/#organization"},"keywords":["Bundesliga","City","des","g\u00e9ants","James","Man","McAtee","Nouvelles","radar","sur","transferts"],"articleSection":["Premier League"],"inLanguage":"fr-FR"},{"@type":"WebPage","@id":"https:\/\/footdavant.fr\/actualites\/nouvelles-des-transferts-de-man-city-james-mcatee-sur-le-radar-des-geants-de-la-bundesliga\/","url":"https:\/\/footdavant.fr\/actualites\/nouvelles-des-transferts-de-man-city-james-mcatee-sur-le-radar-des-geants-de-la-bundesliga\/","name":"Nouvelles des transferts de Man City : James McAtee sur le radar des g\u00e9ants de la Bundesliga ?","isPartOf":{"@id":"https:\/\/footdavant.fr\/actualites\/#website"},"datePublished":"2025-01-01T17:48:22+00:00","dateModified":"2025-01-01T17:48:23+00:00","breadcrumb":{"@id":"https:\/\/footdavant.fr\/actualites\/nouvelles-des-transferts-de-man-city-james-mcatee-sur-le-radar-des-geants-de-la-bundesliga\/#breadcrumb"},"inLanguage":"fr-FR","potentialAction":[{"@type":"ReadAction","target":["https:\/\/footdavant.fr\/actualites\/nouvelles-des-transferts-de-man-city-james-mcatee-sur-le-radar-des-geants-de-la-bundesliga\/"]}]},{"@type":"BreadcrumbList","@id":"https:\/\/footdavant.fr\/actualites\/nouvelles-des-transferts-de-man-city-james-mcatee-sur-le-radar-des-geants-de-la-bundesliga\/#breadcrumb","itemListElement":[{"@type":"ListItem","position":1,"name":"Accueil","item":"https:\/\/footdavant.fr\/actualites\/"},{"@type":"ListItem","position":2,"name":"Nouvelles des transferts de Man City : James McAtee sur le radar des g\u00e9ants de la Bundesliga ?"}]},{"@type":"WebSite","@id":"https:\/\/footdavant.fr\/actualites\/#website","url":"https:\/\/footdavant.fr\/actualites\/","name":"Foot d'avant","description":"","publisher":{"@id":"https:\/\/footdavant.fr\/actualites\/#organization"},"potentialAction":[{"@type":"SearchAction","target":{"@type":"EntryPoint","urlTemplate":"https:\/\/footdavant.fr\/actualites\/?s={search_term_string}"},"query-input":"required name=search_term_string"}],"inLanguage":"fr-FR"},{"@type":"Organization","@id":"https:\/\/footdavant.fr\/actualites\/#organization","name":"Foot d'avant","url":"https:\/\/footdavant.fr\/actualites\/","logo":{"@type":"ImageObject","inLanguage":"fr-FR","@id":"https:\/\/footdavant.fr\/actualites\/#\/schema\/logo\/image\/","url":"https:\/\/footdavant.fr\/actualites\/wp-content\/uploads\/2023\/09\/Copy-of-FootDavant-Logo.png","contentUrl":"https:\/\/footdavant.fr\/actualites\/wp-content\/uploads\/2023\/09\/Copy-of-FootDavant-Logo.png","width":936,"height":549,"caption":"Foot d'avant"},"image":{"@id":"https:\/\/footdavant.fr\/actualites\/#\/schema\/logo\/image\/"},"sameAs":["https:\/\/www.facebook.com\/Footdavant\/","https:\/\/twitter.com\/FootdavantFr","https:\/\/www.instagram.com\/footdavant.fr\/"]},{"@type":"Person","@id":"https:\/\/footdavant.fr\/actualites\/#\/schema\/person\/bc222566d95871b37e597b3ed3ba5e1d","name":"Cl\u00e9ment","image":{"@type":"ImageObject","inLanguage":"fr-FR","@id":"https:\/\/footdavant.fr\/actualites\/#\/schema\/person\/image\/","url":"https:\/\/secure.gravatar.com\/avatar\/7728b29aac2719421e1a9159b2254c44?s=96&d=mm&r=g","contentUrl":"https:\/\/secure.gravatar.com\/avatar\/7728b29aac2719421e1a9159b2254c44?s=96&d=mm&r=g","caption":"Cl\u00e9ment"},"sameAs":["https:\/\/footdavant.fr\/"]}]}},"_links":{"self":[{"href":"https:\/\/footdavant.fr\/actualites\/wp-json\/wp\/v2\/posts\/18180"}],"collection":[{"href":"https:\/\/footdavant.fr\/actualites\/wp-json\/wp\/v2\/posts"}],"about":[{"href":"https:\/\/footdavant.fr\/actualites\/wp-json\/wp\/v2\/types\/post"}],"author":[{"embeddable":true,"href":"https:\/\/footdavant.fr\/actualites\/wp-json\/wp\/v2\/users\/1"}],"replies":[{"embeddable":true,"href":"https:\/\/footdavant.fr\/actualites\/wp-json\/wp\/v2\/comments?post=18180"}],"version-history":[{"count":1,"href":"https:\/\/footdavant.fr\/actualites\/wp-json\/wp\/v2\/posts\/18180\/revisions"}],"predecessor-version":[{"id":18182,"href":"https:\/\/footdavant.fr\/actualites\/wp-json\/wp\/v2\/posts\/18180\/revisions\/18182"}],"wp:featuredmedia":[{"embeddable":true,"href":"https:\/\/footdavant.fr\/actualites\/wp-json\/wp\/v2\/media\/18181"}],"wp:attachment":[{"href":"https:\/\/footdavant.fr\/actualites\/wp-json\/wp\/v2\/media?parent=18180"}],"wp:term":[{"taxonomy":"category","embeddable":true,"href":"https:\/\/footdavant.fr\/actualites\/wp-json\/wp\/v2\/categories?post=18180"},{"taxonomy":"post_tag","embeddable":true,"href":"https:\/\/footdavant.fr\/actualites\/wp-json\/wp\/v2\/tags?post=18180"}],"curies":[{"name":"wp","href":"https:\/\/api.w.org\/{rel}","templated":true}]}}