{"id":182,"date":"2023-11-02T11:38:37","date_gmt":"2023-11-02T10:38:37","guid":{"rendered":"https:\/\/footdavant.fr\/actualites\/eddie-howe-fournit-une-mise-a-jour-sur-sandro-tonali-et-alexander-isak-pour-le-choc-contre-le-borussia-dortmund\/"},"modified":"2023-11-02T11:38:37","modified_gmt":"2023-11-02T10:38:37","slug":"eddie-howe-fournit-une-mise-a-jour-sur-sandro-tonali-et-alexander-isak-pour-le-choc-contre-le-borussia-dortmund","status":"publish","type":"post","link":"https:\/\/footdavant.fr\/actualites\/eddie-howe-fournit-une-mise-a-jour-sur-sandro-tonali-et-alexander-isak-pour-le-choc-contre-le-borussia-dortmund\/","title":{"rendered":"Eddie Howe fournit une mise \u00e0 jour sur Sandro Tonali et Alexander Isak pour le choc contre le Borussia Dortmund"},"content":{"rendered":"<p>Le manager de Newcastle United, Eddie Howe, fait le point sur Sandro Tonali, Alexander Isak et Sven Botman avant le choc de la Ligue des champions de mercredi avec le Borussia Dortmund.<\/p>\n<div id=\"article_body\" itemprop=\"articleBody\">\n<h3 class=\"firstPara\">\n<strong class=\"autotag\">Newcastle United<\/strong> directeur <strong class=\"autotag\">Eddie Howe<\/strong> a confirm\u00e9 que <strong class=\"autotag\">Sandro Tonali<\/strong> et <strong class=\"autotag\">Alexandre Isak<\/strong> sont tous les deux en forme et disponibles pour le mercredi <strong class=\"autotag\">Ligue des champions<\/strong> entrer en conflit avec <strong class=\"autotag\">Borussia Dortmund<\/strong> au parc St James.<\/h3>\n<p>Tonali fait actuellement l&rsquo;objet d&rsquo;une enqu\u00eate de la part des procureurs italiens et de la F\u00e9d\u00e9ration italienne de football pour activit\u00e9s de paris ill\u00e9gaux, et il risque une longue interdiction de football.<\/p>\n<p>Selon <em>Actualit\u00e9s Sky Sports<\/em>l&rsquo;\u00e9quipe juridique du joueur de 23 ans travaille sur un accord de plaidoyer apr\u00e8s que le milieu de terrain a admis avoir pari\u00e9 sur son ancien club. <strong class=\"autotag\">AC Milan<\/strong> gagner des matchs lors d&rsquo;une audience au tribunal \u00e0 Turin la semaine derni\u00e8re.<\/p>\n<p>Un accord sur la dur\u00e9e de la suspension de Tonali serait proche, l&rsquo;international italien pouvant potentiellement recevoir une interdiction qui le verrait rater le reste de la saison 2023-24 et l&rsquo;Euro 2024.<\/p>\n<p>Tonali est entr\u00e9 en jeu en seconde p\u00e9riode lors de la victoire 4-0 de Newcastle contre Crystal Palace en Premier League le week-end dernier, et Howe a confirm\u00e9 que le milieu de terrain \u00e9tait \u00e0 nouveau disponible pour la s\u00e9lection mercredi.<\/p>\n<p class=\"imgI\">\n<p>S&rsquo;exprimant lors d&rsquo;une conf\u00e9rence de presse mardi avant le choc de la Ligue des Champions contre Dortmund, Howe a d\u00e9clar\u00e9 : \u00ab\u00a0Sandro est en forme et bien. \u00c9videmment, il se passe des choses, mais c&rsquo;est la m\u00eame chose qu&rsquo;avant le match contre Crystal Palace.<\/p>\n<p>\u00ab\u00a0Pour autant que je sache, je m&rsquo;attends \u00e0 ce qu&rsquo;il soit disponible demain.\u00a0\u00bb<\/p>\n<p>\u00ab\u00a0Je suis dans une position o\u00f9 je planifierai comme \u00e7a jusqu&rsquo;\u00e0 ce qu&rsquo;on me dise le contraire. Je ne peux pas deviner ce qui va se passer\u00a0\u00bb, a ajout\u00e9 Howe.  \u00ab\u00a0Il s&rsquo;est entra\u00een\u00e9 aujourd&rsquo;hui et il est disponible. J&rsquo;ai tr\u00e8s peu entendu parler pendant que je me pr\u00e9parais pour le match et j&rsquo;attendrai que quelque chose de concret se concr\u00e9tise.<\/p>\n<p>\u00ab\u00a0Je ne lui ai pas parl\u00e9. C&rsquo;\u00e9tait tr\u00e8s \u00e9mouvant pour lui \u00e0 la fin (du match contre Palace) et c&rsquo;\u00e9tait clair pour tout le monde. Mais cela l&rsquo;aidera \u00e0 long terme car il pourra toujours r\u00e9fl\u00e9chir. retour sur l&rsquo;amour qu&rsquo;il recevait des supporters quand il en avait vraiment besoin.<\/p>\n<p>\u00ab\u00a0Cela aidera sa relation \u00e0 long terme, avec un peu de chance avec les supporters.\u00a0\u00bb<\/p>\n<p class=\"imgI\"><img decoding=\"async\" loading=\"lazy\" class=\"l\" src=\"https:\/\/footdavant.fr\/actualites\/wp-content\/uploads\/2023\/11\/1698921517_807_Eddie-Howe-fournit-une-mise-a-jour-sur-Sandro-Tonali.jpg\" title=\"Alexander Isak de Newcastle United c\u00e9l\u00e8bre son premier but le 8 octobre 2023\" alt=\"Alexander Isak de Newcastle United c\u00e9l\u00e8bre son premier but le 8 octobre 2023\" width=\"640\" height=\"480\"><\/p>\n<p>Pendant ce temps, Howe a confirm\u00e9 que l&rsquo;attaquant de Newcastle, Isak, \u00e9tait revenu en pleine forme et \u00e9tait en lice pour jouer contre son ancien club de Dortmund.<\/p>\n<p>Isak a contract\u00e9 un probl\u00e8me \u00e0 l&rsquo;aine apr\u00e8s avoir marqu\u00e9 deux fois lors du match nul 2-2 des Magpies contre West Ham avant la tr\u00eave internationale, et il n&rsquo;a pas pu repr\u00e9senter la Su\u00e8de avant de d\u00e9buter sur le banc des rempla\u00e7ants contre Palace le week-end dernier.<\/p>\n<p>\u00ab\u00a0Je suis vraiment content de l&rsquo;endroit o\u00f9 [Isak] est \u00e0.  Vraiment satisfait du match contre West Ham, il a \u00e9t\u00e9 exceptionnel.  Il est de retour en pleine forme apr\u00e8s un probl\u00e8me \u00e0 l&rsquo;aine\u00a0\u00bb, a d\u00e9clar\u00e9 Howe. \u00ab\u00a0Je suis s\u00fbr qu&rsquo;il voudra bien faire [against his former side]\u00a0\u00bb.<\/p>\n<p>Howe a \u00e9galement r\u00e9v\u00e9l\u00e9 que le milieu de terrain <strong class=\"autotag\">Joe Willock<\/strong> (ischio-jambiers) \u00ab\u00a0se rapproche\u00a0\u00bb d&rsquo;un retour en \u00e9quipe premi\u00e8re, mais ne sera pas impliqu\u00e9 mercredi, tandis que le d\u00e9fenseur central <strong class=\"autotag\">Sven Botman<\/strong> \u00ab\u00a0est toujours absent\u00a0\u00bb alors qu&rsquo;il continue de se remettre d&rsquo;une blessure au genou.<\/p>\n<p>Apr\u00e8s avoir fait match nul 0-0 contre l&rsquo;AC Milan et remport\u00e9 une c\u00e9l\u00e8bre victoire 4-1 contre le Paris Saint-Germain, Newcastle occupe actuellement la t\u00eate du Groupe F avec quatre points lors de ses deux premiers matches, trois points devant son adversaire de mercredi, Dortmund, qui est toujours \u00e0 la recherche de leur premi\u00e8re victoire.<\/p>\n<\/div>\n","protected":false},"excerpt":{"rendered":"<p>Le manager de Newcastle United, Eddie Howe, fait le point sur Sandro Tonali, Alexander Isak et Sven Botman avant le choc de la Ligue des<\/p>\n","protected":false},"author":1,"featured_media":183,"comment_status":"closed","ping_status":"","sticky":false,"template":"","format":"standard","meta":{"footnotes":""},"categories":[4],"tags":[331,96,332,20,107,38,326,39,42,328,327,51,329,103,330,92],"yoast_head":"<!-- This site is optimized with the Yoast SEO plugin v21.0 - https:\/\/yoast.com\/wordpress\/plugins\/seo\/ -->\n<title>Eddie Howe fournit une mise \u00e0 jour sur Sandro Tonali et Alexander Isak pour le choc contre le Borussia Dortmund<\/title>\n<meta name=\"robots\" content=\"index, follow, max-snippet:-1, max-image-preview:large, max-video-preview:-1\" \/>\n<link rel=\"canonical\" href=\"https:\/\/footdavant.fr\/actualites\/eddie-howe-fournit-une-mise-a-jour-sur-sandro-tonali-et-alexander-isak-pour-le-choc-contre-le-borussia-dortmund\/\" \/>\n<meta property=\"og:locale\" content=\"fr_FR\" \/>\n<meta property=\"og:type\" content=\"article\" \/>\n<meta property=\"og:title\" content=\"Eddie Howe fournit une mise \u00e0 jour sur Sandro Tonali et Alexander Isak pour le choc contre le Borussia Dortmund\" \/>\n<meta property=\"og:description\" content=\"Le manager de Newcastle United, Eddie Howe, fait le point sur Sandro Tonali, Alexander Isak et Sven Botman avant le choc de la Ligue des\" \/>\n<meta property=\"og:url\" content=\"https:\/\/footdavant.fr\/actualites\/eddie-howe-fournit-une-mise-a-jour-sur-sandro-tonali-et-alexander-isak-pour-le-choc-contre-le-borussia-dortmund\/\" \/>\n<meta property=\"og:site_name\" content=\"Foot d&#039;avant\" \/>\n<meta property=\"article:publisher\" content=\"https:\/\/www.facebook.com\/Footdavant\/\" \/>\n<meta property=\"article:published_time\" content=\"2023-11-02T10:38:37+00:00\" \/>\n<meta property=\"og:image\" content=\"https:\/\/footdavant.fr\/actualites\/wp-content\/uploads\/2023\/11\/Eddie-Howe-fournit-une-mise-a-jour-sur-Sandro-Tonali.jpg\" \/>\n\t<meta property=\"og:image:width\" content=\"640\" \/>\n\t<meta property=\"og:image:height\" content=\"480\" \/>\n\t<meta property=\"og:image:type\" content=\"image\/jpeg\" \/>\n<meta name=\"author\" content=\"Cl\u00e9ment\" \/>\n<meta name=\"twitter:card\" content=\"summary_large_image\" \/>\n<meta name=\"twitter:creator\" content=\"@FootdavantFr\" \/>\n<meta name=\"twitter:site\" content=\"@FootdavantFr\" \/>\n<meta name=\"twitter:label1\" content=\"\u00c9crit par\" \/>\n\t<meta name=\"twitter:data1\" content=\"Cl\u00e9ment\" \/>\n\t<meta name=\"twitter:label2\" content=\"Dur\u00e9e de lecture estim\u00e9e\" \/>\n\t<meta name=\"twitter:data2\" content=\"3 minutes\" \/>\n<script type=\"application\/ld+json\" class=\"yoast-schema-graph\">{\"@context\":\"https:\/\/schema.org\",\"@graph\":[{\"@type\":\"Article\",\"@id\":\"https:\/\/footdavant.fr\/actualites\/eddie-howe-fournit-une-mise-a-jour-sur-sandro-tonali-et-alexander-isak-pour-le-choc-contre-le-borussia-dortmund\/#article\",\"isPartOf\":{\"@id\":\"https:\/\/footdavant.fr\/actualites\/eddie-howe-fournit-une-mise-a-jour-sur-sandro-tonali-et-alexander-isak-pour-le-choc-contre-le-borussia-dortmund\/\"},\"author\":{\"name\":\"Cl\u00e9ment\",\"@id\":\"https:\/\/footdavant.fr\/actualites\/#\/schema\/person\/bc222566d95871b37e597b3ed3ba5e1d\"},\"headline\":\"Eddie Howe fournit une mise \u00e0 jour sur Sandro Tonali et Alexander Isak pour le choc contre le Borussia Dortmund\",\"datePublished\":\"2023-11-02T10:38:37+00:00\",\"dateModified\":\"2023-11-02T10:38:37+00:00\",\"mainEntityOfPage\":{\"@id\":\"https:\/\/footdavant.fr\/actualites\/eddie-howe-fournit-une-mise-a-jour-sur-sandro-tonali-et-alexander-isak-pour-le-choc-contre-le-borussia-dortmund\/\"},\"wordCount\":671,\"publisher\":{\"@id\":\"https:\/\/footdavant.fr\/actualites\/#organization\"},\"keywords\":[\"Alexander\",\"Borussia\",\"choc\",\"contre\",\"Dortmund\",\"Eddie\",\"fournit\",\"Howe\",\"Isak\",\"jour\",\"mise\",\"pour\",\"Sandro\",\"sur\",\"Tonali\",\"une\"],\"articleSection\":[\"Champions League\"],\"inLanguage\":\"fr-FR\"},{\"@type\":\"WebPage\",\"@id\":\"https:\/\/footdavant.fr\/actualites\/eddie-howe-fournit-une-mise-a-jour-sur-sandro-tonali-et-alexander-isak-pour-le-choc-contre-le-borussia-dortmund\/\",\"url\":\"https:\/\/footdavant.fr\/actualites\/eddie-howe-fournit-une-mise-a-jour-sur-sandro-tonali-et-alexander-isak-pour-le-choc-contre-le-borussia-dortmund\/\",\"name\":\"Eddie Howe fournit une mise \u00e0 jour sur Sandro Tonali et Alexander Isak pour le choc contre le Borussia Dortmund\",\"isPartOf\":{\"@id\":\"https:\/\/footdavant.fr\/actualites\/#website\"},\"datePublished\":\"2023-11-02T10:38:37+00:00\",\"dateModified\":\"2023-11-02T10:38:37+00:00\",\"breadcrumb\":{\"@id\":\"https:\/\/footdavant.fr\/actualites\/eddie-howe-fournit-une-mise-a-jour-sur-sandro-tonali-et-alexander-isak-pour-le-choc-contre-le-borussia-dortmund\/#breadcrumb\"},\"inLanguage\":\"fr-FR\",\"potentialAction\":[{\"@type\":\"ReadAction\",\"target\":[\"https:\/\/footdavant.fr\/actualites\/eddie-howe-fournit-une-mise-a-jour-sur-sandro-tonali-et-alexander-isak-pour-le-choc-contre-le-borussia-dortmund\/\"]}]},{\"@type\":\"BreadcrumbList\",\"@id\":\"https:\/\/footdavant.fr\/actualites\/eddie-howe-fournit-une-mise-a-jour-sur-sandro-tonali-et-alexander-isak-pour-le-choc-contre-le-borussia-dortmund\/#breadcrumb\",\"itemListElement\":[{\"@type\":\"ListItem\",\"position\":1,\"name\":\"Accueil\",\"item\":\"https:\/\/footdavant.fr\/actualites\/\"},{\"@type\":\"ListItem\",\"position\":2,\"name\":\"Eddie Howe fournit une mise \u00e0 jour sur Sandro Tonali et Alexander Isak pour le choc contre le Borussia Dortmund\"}]},{\"@type\":\"WebSite\",\"@id\":\"https:\/\/footdavant.fr\/actualites\/#website\",\"url\":\"https:\/\/footdavant.fr\/actualites\/\",\"name\":\"Foot d'avant\",\"description\":\"\",\"publisher\":{\"@id\":\"https:\/\/footdavant.fr\/actualites\/#organization\"},\"potentialAction\":[{\"@type\":\"SearchAction\",\"target\":{\"@type\":\"EntryPoint\",\"urlTemplate\":\"https:\/\/footdavant.fr\/actualites\/?s={search_term_string}\"},\"query-input\":\"required name=search_term_string\"}],\"inLanguage\":\"fr-FR\"},{\"@type\":\"Organization\",\"@id\":\"https:\/\/footdavant.fr\/actualites\/#organization\",\"name\":\"Foot d'avant\",\"url\":\"https:\/\/footdavant.fr\/actualites\/\",\"logo\":{\"@type\":\"ImageObject\",\"inLanguage\":\"fr-FR\",\"@id\":\"https:\/\/footdavant.fr\/actualites\/#\/schema\/logo\/image\/\",\"url\":\"https:\/\/footdavant.fr\/actualites\/wp-content\/uploads\/2023\/09\/Copy-of-FootDavant-Logo.png\",\"contentUrl\":\"https:\/\/footdavant.fr\/actualites\/wp-content\/uploads\/2023\/09\/Copy-of-FootDavant-Logo.png\",\"width\":936,\"height\":549,\"caption\":\"Foot d'avant\"},\"image\":{\"@id\":\"https:\/\/footdavant.fr\/actualites\/#\/schema\/logo\/image\/\"},\"sameAs\":[\"https:\/\/www.facebook.com\/Footdavant\/\",\"https:\/\/twitter.com\/FootdavantFr\",\"https:\/\/www.instagram.com\/footdavant.fr\/\"]},{\"@type\":\"Person\",\"@id\":\"https:\/\/footdavant.fr\/actualites\/#\/schema\/person\/bc222566d95871b37e597b3ed3ba5e1d\",\"name\":\"Cl\u00e9ment\",\"image\":{\"@type\":\"ImageObject\",\"inLanguage\":\"fr-FR\",\"@id\":\"https:\/\/footdavant.fr\/actualites\/#\/schema\/person\/image\/\",\"url\":\"https:\/\/secure.gravatar.com\/avatar\/7728b29aac2719421e1a9159b2254c44?s=96&d=mm&r=g\",\"contentUrl\":\"https:\/\/secure.gravatar.com\/avatar\/7728b29aac2719421e1a9159b2254c44?s=96&d=mm&r=g\",\"caption\":\"Cl\u00e9ment\"},\"sameAs\":[\"https:\/\/footdavant.fr\/\"]}]}<\/script>\n<!-- \/ Yoast SEO plugin. -->","yoast_head_json":{"title":"Eddie Howe fournit une mise \u00e0 jour sur Sandro Tonali et Alexander Isak pour le choc contre le Borussia Dortmund","robots":{"index":"index","follow":"follow","max-snippet":"max-snippet:-1","max-image-preview":"max-image-preview:large","max-video-preview":"max-video-preview:-1"},"canonical":"https:\/\/footdavant.fr\/actualites\/eddie-howe-fournit-une-mise-a-jour-sur-sandro-tonali-et-alexander-isak-pour-le-choc-contre-le-borussia-dortmund\/","og_locale":"fr_FR","og_type":"article","og_title":"Eddie Howe fournit une mise \u00e0 jour sur Sandro Tonali et Alexander Isak pour le choc contre le Borussia Dortmund","og_description":"Le manager de Newcastle United, Eddie Howe, fait le point sur Sandro Tonali, Alexander Isak et Sven Botman avant le choc de la Ligue des","og_url":"https:\/\/footdavant.fr\/actualites\/eddie-howe-fournit-une-mise-a-jour-sur-sandro-tonali-et-alexander-isak-pour-le-choc-contre-le-borussia-dortmund\/","og_site_name":"Foot d&#039;avant","article_publisher":"https:\/\/www.facebook.com\/Footdavant\/","article_published_time":"2023-11-02T10:38:37+00:00","og_image":[{"width":640,"height":480,"url":"https:\/\/footdavant.fr\/actualites\/wp-content\/uploads\/2023\/11\/Eddie-Howe-fournit-une-mise-a-jour-sur-Sandro-Tonali.jpg","type":"image\/jpeg"}],"author":"Cl\u00e9ment","twitter_card":"summary_large_image","twitter_creator":"@FootdavantFr","twitter_site":"@FootdavantFr","twitter_misc":{"\u00c9crit par":"Cl\u00e9ment","Dur\u00e9e de lecture estim\u00e9e":"3 minutes"},"schema":{"@context":"https:\/\/schema.org","@graph":[{"@type":"Article","@id":"https:\/\/footdavant.fr\/actualites\/eddie-howe-fournit-une-mise-a-jour-sur-sandro-tonali-et-alexander-isak-pour-le-choc-contre-le-borussia-dortmund\/#article","isPartOf":{"@id":"https:\/\/footdavant.fr\/actualites\/eddie-howe-fournit-une-mise-a-jour-sur-sandro-tonali-et-alexander-isak-pour-le-choc-contre-le-borussia-dortmund\/"},"author":{"name":"Cl\u00e9ment","@id":"https:\/\/footdavant.fr\/actualites\/#\/schema\/person\/bc222566d95871b37e597b3ed3ba5e1d"},"headline":"Eddie Howe fournit une mise \u00e0 jour sur Sandro Tonali et Alexander Isak pour le choc contre le Borussia Dortmund","datePublished":"2023-11-02T10:38:37+00:00","dateModified":"2023-11-02T10:38:37+00:00","mainEntityOfPage":{"@id":"https:\/\/footdavant.fr\/actualites\/eddie-howe-fournit-une-mise-a-jour-sur-sandro-tonali-et-alexander-isak-pour-le-choc-contre-le-borussia-dortmund\/"},"wordCount":671,"publisher":{"@id":"https:\/\/footdavant.fr\/actualites\/#organization"},"keywords":["Alexander","Borussia","choc","contre","Dortmund","Eddie","fournit","Howe","Isak","jour","mise","pour","Sandro","sur","Tonali","une"],"articleSection":["Champions League"],"inLanguage":"fr-FR"},{"@type":"WebPage","@id":"https:\/\/footdavant.fr\/actualites\/eddie-howe-fournit-une-mise-a-jour-sur-sandro-tonali-et-alexander-isak-pour-le-choc-contre-le-borussia-dortmund\/","url":"https:\/\/footdavant.fr\/actualites\/eddie-howe-fournit-une-mise-a-jour-sur-sandro-tonali-et-alexander-isak-pour-le-choc-contre-le-borussia-dortmund\/","name":"Eddie Howe fournit une mise \u00e0 jour sur Sandro Tonali et Alexander Isak pour le choc contre le Borussia Dortmund","isPartOf":{"@id":"https:\/\/footdavant.fr\/actualites\/#website"},"datePublished":"2023-11-02T10:38:37+00:00","dateModified":"2023-11-02T10:38:37+00:00","breadcrumb":{"@id":"https:\/\/footdavant.fr\/actualites\/eddie-howe-fournit-une-mise-a-jour-sur-sandro-tonali-et-alexander-isak-pour-le-choc-contre-le-borussia-dortmund\/#breadcrumb"},"inLanguage":"fr-FR","potentialAction":[{"@type":"ReadAction","target":["https:\/\/footdavant.fr\/actualites\/eddie-howe-fournit-une-mise-a-jour-sur-sandro-tonali-et-alexander-isak-pour-le-choc-contre-le-borussia-dortmund\/"]}]},{"@type":"BreadcrumbList","@id":"https:\/\/footdavant.fr\/actualites\/eddie-howe-fournit-une-mise-a-jour-sur-sandro-tonali-et-alexander-isak-pour-le-choc-contre-le-borussia-dortmund\/#breadcrumb","itemListElement":[{"@type":"ListItem","position":1,"name":"Accueil","item":"https:\/\/footdavant.fr\/actualites\/"},{"@type":"ListItem","position":2,"name":"Eddie Howe fournit une mise \u00e0 jour sur Sandro Tonali et Alexander Isak pour le choc contre le Borussia Dortmund"}]},{"@type":"WebSite","@id":"https:\/\/footdavant.fr\/actualites\/#website","url":"https:\/\/footdavant.fr\/actualites\/","name":"Foot d'avant","description":"","publisher":{"@id":"https:\/\/footdavant.fr\/actualites\/#organization"},"potentialAction":[{"@type":"SearchAction","target":{"@type":"EntryPoint","urlTemplate":"https:\/\/footdavant.fr\/actualites\/?s={search_term_string}"},"query-input":"required name=search_term_string"}],"inLanguage":"fr-FR"},{"@type":"Organization","@id":"https:\/\/footdavant.fr\/actualites\/#organization","name":"Foot d'avant","url":"https:\/\/footdavant.fr\/actualites\/","logo":{"@type":"ImageObject","inLanguage":"fr-FR","@id":"https:\/\/footdavant.fr\/actualites\/#\/schema\/logo\/image\/","url":"https:\/\/footdavant.fr\/actualites\/wp-content\/uploads\/2023\/09\/Copy-of-FootDavant-Logo.png","contentUrl":"https:\/\/footdavant.fr\/actualites\/wp-content\/uploads\/2023\/09\/Copy-of-FootDavant-Logo.png","width":936,"height":549,"caption":"Foot d'avant"},"image":{"@id":"https:\/\/footdavant.fr\/actualites\/#\/schema\/logo\/image\/"},"sameAs":["https:\/\/www.facebook.com\/Footdavant\/","https:\/\/twitter.com\/FootdavantFr","https:\/\/www.instagram.com\/footdavant.fr\/"]},{"@type":"Person","@id":"https:\/\/footdavant.fr\/actualites\/#\/schema\/person\/bc222566d95871b37e597b3ed3ba5e1d","name":"Cl\u00e9ment","image":{"@type":"ImageObject","inLanguage":"fr-FR","@id":"https:\/\/footdavant.fr\/actualites\/#\/schema\/person\/image\/","url":"https:\/\/secure.gravatar.com\/avatar\/7728b29aac2719421e1a9159b2254c44?s=96&d=mm&r=g","contentUrl":"https:\/\/secure.gravatar.com\/avatar\/7728b29aac2719421e1a9159b2254c44?s=96&d=mm&r=g","caption":"Cl\u00e9ment"},"sameAs":["https:\/\/footdavant.fr\/"]}]}},"_links":{"self":[{"href":"https:\/\/footdavant.fr\/actualites\/wp-json\/wp\/v2\/posts\/182"}],"collection":[{"href":"https:\/\/footdavant.fr\/actualites\/wp-json\/wp\/v2\/posts"}],"about":[{"href":"https:\/\/footdavant.fr\/actualites\/wp-json\/wp\/v2\/types\/post"}],"author":[{"embeddable":true,"href":"https:\/\/footdavant.fr\/actualites\/wp-json\/wp\/v2\/users\/1"}],"replies":[{"embeddable":true,"href":"https:\/\/footdavant.fr\/actualites\/wp-json\/wp\/v2\/comments?post=182"}],"version-history":[{"count":1,"href":"https:\/\/footdavant.fr\/actualites\/wp-json\/wp\/v2\/posts\/182\/revisions"}],"predecessor-version":[{"id":184,"href":"https:\/\/footdavant.fr\/actualites\/wp-json\/wp\/v2\/posts\/182\/revisions\/184"}],"wp:featuredmedia":[{"embeddable":true,"href":"https:\/\/footdavant.fr\/actualites\/wp-json\/wp\/v2\/media\/183"}],"wp:attachment":[{"href":"https:\/\/footdavant.fr\/actualites\/wp-json\/wp\/v2\/media?parent=182"}],"wp:term":[{"taxonomy":"category","embeddable":true,"href":"https:\/\/footdavant.fr\/actualites\/wp-json\/wp\/v2\/categories?post=182"},{"taxonomy":"post_tag","embeddable":true,"href":"https:\/\/footdavant.fr\/actualites\/wp-json\/wp\/v2\/tags?post=182"}],"curies":[{"name":"wp","href":"https:\/\/api.w.org\/{rel}","templated":true}]}}