{"id":1822,"date":"2023-12-02T11:56:29","date_gmt":"2023-12-02T10:56:29","guid":{"rendered":"https:\/\/footdavant.fr\/actualites\/apercu-des-loups-plus-de-la-meme-chose-mais-different\/"},"modified":"2023-12-02T11:56:30","modified_gmt":"2023-12-02T10:56:30","slug":"apercu-des-loups-plus-de-la-meme-chose-mais-different","status":"publish","type":"post","link":"https:\/\/footdavant.fr\/actualites\/apercu-des-loups-plus-de-la-meme-chose-mais-different\/","title":{"rendered":"Aper\u00e7u des loups\u00a0: plus de la m\u00eame chose, mais diff\u00e9rent&#8230;"},"content":{"rendered":"<div>\n<p>Ce sont les Wolves aujourd&rsquo;hui \u00e0 domicile, et comme les \u00e9quipes imm\u00e9diatement derri\u00e8re nous ne joueront que demain, c&rsquo;est l&rsquo;occasion de mettre un peu de pression avec trois points aujourd&rsquo;hui.<\/p>\n<p>Apr\u00e8s la d\u00e9route de Lens en milieu de semaine, que dire sinon &lsquo;Encore la m\u00eame chose, s&rsquo;il vous pla\u00eet ?&rsquo;.  La question est de savoir dans quelle mesure l\u2019approche des Wolves sera diff\u00e9rente de ce que nous avons vu du c\u00f4t\u00e9 fran\u00e7ais ?  Si vous \u00eates Gary O&rsquo;Neil, vous l&rsquo;avez s\u00fbrement regard\u00e9 et avez pens\u00e9 que donner \u00e0 Arsenal un espace dans lequel se heurter est en effet une tr\u00e8s mauvaise id\u00e9e, nous pourrions donc bien faire face \u00e0 un autre bloc bas et \u00e0 une \u00e9quipe qui restera assise en profondeur.<\/p>\n<p>Nous avons \u00e9t\u00e9 impitoyables mercredi soir et ce n&rsquo;est pas comme si Lens pressait tout le temps haut sur le terrain, nous avons juste tir\u00e9 le maximum des occasions que nous avons eues.  La fa\u00e7on dont nous pourrions jouer pourrait \u00e9galement dicter la r\u00e9action de l\u2019opposition.  M\u00eame si les Wolves ne veulent pas forc\u00e9ment d\u00e9fendre leur propre surface avec 10 hommes derri\u00e8re le ballon, notre domination de la possession et du territoire pourrait de toute fa\u00e7on voir les choses se d\u00e9rouler ainsi.<\/p>\n<p>Il leur manque leurs deux principaux milieux de terrain centraux de d\u00e9part, ils sont donc plus faibles que d&rsquo;habitude dans une zone importante du terrain, ce qui pourrait donc \u00eatre quelque chose dont Mikel Arteta cherche \u00e0 profiter.  J&rsquo;irais avec le m\u00eame trio qui a d\u00e9but\u00e9 en Ligue des Champions.  Kai Havertz et Martin Odegaard ont tous deux inscrit sur la feuille de match, tandis que Declan Rice a peut-\u00eatre \u00e9t\u00e9 un peu \u00e9clips\u00e9 par le score et les buteurs, mais a de nouveau \u00e9t\u00e9 exceptionnel.<\/p>\n<p>Au-del\u00e0 de cela, les changements des lat\u00e9raux \u00e0 la mi-temps sugg\u00e8rent qu&rsquo;on pourrait y voir un peu de rotation, avec Ben White pr\u00eat \u00e0 repartir \u00e0 droite, et ce pourrait \u00eatre l&rsquo;un de Takehiro Tomiyasu, Oleksandr Zinchenko ou encore Jakub Kiwior sur le c\u00f4t\u00e9 droit. la gauche.  En haut, si Gabriel Jesus peut g\u00e9rer la charge, il est notre meilleure option \u00e0 l&rsquo;avant, mais Leandro Trossard et Eddie Nketiah offrent des options avec les deux hommes principaux sur les ailes.<\/p>\n<p>J&rsquo;ai trouv\u00e9 le manager int\u00e9ressant lorsqu&rsquo;on lui a pos\u00e9 des questions sur la fluidit\u00e9 offensive en r\u00e9f\u00e9rence \u00e0 la saison derni\u00e8re, en r\u00e9pondant\u00a0:<\/p>\n<blockquote>\n<p>Ce sera diff\u00e9rent, ce ne sera pas pareil, et nous ne pouvons pas nous attendre \u00e0 la m\u00eame chose.  Cette \u00e9quipe va \u00eatre diff\u00e9rente de la saison derni\u00e8re et, esp\u00e9rons-le, tr\u00e8s diff\u00e9rente de la saison prochaine, et cela fait partie de l&rsquo;\u00e9volution en laissant certaines choses dans le pass\u00e9 pour faire place \u00e0 de nouvelles choses, c&rsquo;est une transition.  Nous voulons rester comp\u00e9titifs et gagner des matches et je pense que l\u2019\u00e9quipe concourt tr\u00e8s bien.<\/p>\n<\/blockquote>\n<p>C&rsquo;est Arteta 2.0, ou quelque chose comme \u00e7a.  La saison derni\u00e8re, c&rsquo;\u00e9tait son propre truc.  Cette fois-ci, il a dit tr\u00e8s clairement que c&rsquo;\u00e9tait diff\u00e9rent de par sa conception, et c&rsquo;est quelque chose que nous devrons accepter.  L&rsquo;id\u00e9e selon laquelle nous arriverons juste un week-end et que tout sera comme la saison derni\u00e8re (performance, ambiance), etc. est une id\u00e9e que nous devons mettre de c\u00f4t\u00e9.  C&rsquo;est un nouveau bateau.<\/p>\n<p>Ce qui ne veut pas dire que cela ne peut pas \u00eatre amusant ou agr\u00e9able, mercredi l&rsquo;\u00e9tait certainement.  Les victoires 4-0 contre le PSV et Bournemouth \u00e9taient.  Je pense qu&rsquo;il recherche un retour maximum de plaisir en mai, plut\u00f4t que de grandes alouettes tout au long de la campagne.  Aujourd&rsquo;hui, c&rsquo;est environ trois points, environ un tiers d&rsquo;efficacit\u00e9 face \u00e0 une \u00e9quipe qui a eu du mal cette semaine (et ce n&rsquo;est pas la premi\u00e8re fois cette saison), et qui va nous compliquer la t\u00e2che.  Si ces points s&rsquo;accompagnent d&rsquo;une sorte de cruaut\u00e9 de Terminator plut\u00f4t que d&rsquo;un peu de LEEEROOOOY JENKINS, qu&rsquo;il en soit ainsi.<\/p>\n<p>Doigts crois\u00e9s!<\/p>\n<p>\u2014<\/p>\n<p>Rejoignez-nous plus tard pour une couverture en direct du match sur le blog et toutes les informations d&rsquo;apr\u00e8s-match sur Arseblog News.  Il existe \u00e9galement notre podcast en avant-premi\u00e8re sur Patreon pour vous aider \u00e0 passer un peu de temps.<\/p>\n<p>Jusqu&rsquo;\u00e0 plus tard.<\/p>\n<\/p>\n<\/div>\n","protected":false},"excerpt":{"rendered":"<p>Ce sont les Wolves aujourd&rsquo;hui \u00e0 domicile, et comme les \u00e9quipes imm\u00e9diatement derri\u00e8re nous ne joueront que demain, c&rsquo;est l&rsquo;occasion de mettre un peu de<\/p>\n","protected":false},"author":1,"featured_media":1823,"comment_status":"closed","ping_status":"","sticky":false,"template":"","format":"standard","meta":{"footnotes":""},"categories":[3],"tags":[284,1817,12,1818,1815,365,1816],"yoast_head":"<!-- This site is optimized with the Yoast SEO plugin v21.0 - https:\/\/yoast.com\/wordpress\/plugins\/seo\/ -->\n<title>Aper\u00e7u des loups\u00a0: plus de la m\u00eame chose, mais diff\u00e9rent...<\/title>\n<meta name=\"robots\" content=\"index, follow, max-snippet:-1, max-image-preview:large, max-video-preview:-1\" \/>\n<link rel=\"canonical\" href=\"https:\/\/footdavant.fr\/actualites\/apercu-des-loups-plus-de-la-meme-chose-mais-different\/\" \/>\n<meta property=\"og:locale\" content=\"fr_FR\" \/>\n<meta property=\"og:type\" content=\"article\" \/>\n<meta property=\"og:title\" content=\"Aper\u00e7u des loups\u00a0: plus de la m\u00eame chose, mais diff\u00e9rent...\" \/>\n<meta property=\"og:description\" content=\"Ce sont les Wolves aujourd&rsquo;hui \u00e0 domicile, et comme les \u00e9quipes imm\u00e9diatement derri\u00e8re nous ne joueront que demain, c&rsquo;est l&rsquo;occasion de mettre un peu de\" \/>\n<meta property=\"og:url\" content=\"https:\/\/footdavant.fr\/actualites\/apercu-des-loups-plus-de-la-meme-chose-mais-different\/\" \/>\n<meta property=\"og:site_name\" content=\"Foot d&#039;avant\" \/>\n<meta property=\"article:publisher\" content=\"https:\/\/www.facebook.com\/Footdavant\/\" \/>\n<meta property=\"article:published_time\" content=\"2023-12-02T10:56:29+00:00\" \/>\n<meta property=\"article:modified_time\" content=\"2023-12-02T10:56:30+00:00\" \/>\n<meta property=\"og:image\" content=\"https:\/\/footdavant.fr\/actualites\/wp-content\/uploads\/2023\/12\/Apercu-des-loups-plus-de-la-meme-chose-mais-different.jpg\" \/>\n\t<meta property=\"og:image:width\" content=\"1500\" \/>\n\t<meta property=\"og:image:height\" content=\"750\" \/>\n\t<meta property=\"og:image:type\" content=\"image\/jpeg\" \/>\n<meta name=\"author\" content=\"Cl\u00e9ment\" \/>\n<meta name=\"twitter:card\" content=\"summary_large_image\" \/>\n<meta name=\"twitter:creator\" content=\"@FootdavantFr\" \/>\n<meta name=\"twitter:site\" content=\"@FootdavantFr\" \/>\n<meta name=\"twitter:label1\" content=\"\u00c9crit par\" \/>\n\t<meta name=\"twitter:data1\" content=\"Cl\u00e9ment\" \/>\n\t<meta name=\"twitter:label2\" content=\"Dur\u00e9e de lecture estim\u00e9e\" \/>\n\t<meta name=\"twitter:data2\" content=\"4 minutes\" \/>\n<script type=\"application\/ld+json\" class=\"yoast-schema-graph\">{\"@context\":\"https:\/\/schema.org\",\"@graph\":[{\"@type\":\"Article\",\"@id\":\"https:\/\/footdavant.fr\/actualites\/apercu-des-loups-plus-de-la-meme-chose-mais-different\/#article\",\"isPartOf\":{\"@id\":\"https:\/\/footdavant.fr\/actualites\/apercu-des-loups-plus-de-la-meme-chose-mais-different\/\"},\"author\":{\"name\":\"Cl\u00e9ment\",\"@id\":\"https:\/\/footdavant.fr\/actualites\/#\/schema\/person\/bc222566d95871b37e597b3ed3ba5e1d\"},\"headline\":\"Aper\u00e7u des loups\u00a0: plus de la m\u00eame chose, mais diff\u00e9rent&#8230;\",\"datePublished\":\"2023-12-02T10:56:29+00:00\",\"dateModified\":\"2023-12-02T10:56:30+00:00\",\"mainEntityOfPage\":{\"@id\":\"https:\/\/footdavant.fr\/actualites\/apercu-des-loups-plus-de-la-meme-chose-mais-different\/\"},\"wordCount\":748,\"publisher\":{\"@id\":\"https:\/\/footdavant.fr\/actualites\/#organization\"},\"keywords\":[\"Aper\u00e7u\",\"chose\",\"des\",\"diff\u00e9rent..\",\"loups\",\"mais\",\"m\u00eame\"],\"articleSection\":[\"Football\"],\"inLanguage\":\"fr-FR\"},{\"@type\":\"WebPage\",\"@id\":\"https:\/\/footdavant.fr\/actualites\/apercu-des-loups-plus-de-la-meme-chose-mais-different\/\",\"url\":\"https:\/\/footdavant.fr\/actualites\/apercu-des-loups-plus-de-la-meme-chose-mais-different\/\",\"name\":\"Aper\u00e7u des loups\u00a0: plus de la m\u00eame chose, mais diff\u00e9rent...\",\"isPartOf\":{\"@id\":\"https:\/\/footdavant.fr\/actualites\/#website\"},\"datePublished\":\"2023-12-02T10:56:29+00:00\",\"dateModified\":\"2023-12-02T10:56:30+00:00\",\"breadcrumb\":{\"@id\":\"https:\/\/footdavant.fr\/actualites\/apercu-des-loups-plus-de-la-meme-chose-mais-different\/#breadcrumb\"},\"inLanguage\":\"fr-FR\",\"potentialAction\":[{\"@type\":\"ReadAction\",\"target\":[\"https:\/\/footdavant.fr\/actualites\/apercu-des-loups-plus-de-la-meme-chose-mais-different\/\"]}]},{\"@type\":\"BreadcrumbList\",\"@id\":\"https:\/\/footdavant.fr\/actualites\/apercu-des-loups-plus-de-la-meme-chose-mais-different\/#breadcrumb\",\"itemListElement\":[{\"@type\":\"ListItem\",\"position\":1,\"name\":\"Accueil\",\"item\":\"https:\/\/footdavant.fr\/actualites\/\"},{\"@type\":\"ListItem\",\"position\":2,\"name\":\"Aper\u00e7u des loups\u00a0: plus de la m\u00eame chose, mais diff\u00e9rent&#8230;\"}]},{\"@type\":\"WebSite\",\"@id\":\"https:\/\/footdavant.fr\/actualites\/#website\",\"url\":\"https:\/\/footdavant.fr\/actualites\/\",\"name\":\"Foot d'avant\",\"description\":\"\",\"publisher\":{\"@id\":\"https:\/\/footdavant.fr\/actualites\/#organization\"},\"potentialAction\":[{\"@type\":\"SearchAction\",\"target\":{\"@type\":\"EntryPoint\",\"urlTemplate\":\"https:\/\/footdavant.fr\/actualites\/?s={search_term_string}\"},\"query-input\":\"required name=search_term_string\"}],\"inLanguage\":\"fr-FR\"},{\"@type\":\"Organization\",\"@id\":\"https:\/\/footdavant.fr\/actualites\/#organization\",\"name\":\"Foot d'avant\",\"url\":\"https:\/\/footdavant.fr\/actualites\/\",\"logo\":{\"@type\":\"ImageObject\",\"inLanguage\":\"fr-FR\",\"@id\":\"https:\/\/footdavant.fr\/actualites\/#\/schema\/logo\/image\/\",\"url\":\"https:\/\/footdavant.fr\/actualites\/wp-content\/uploads\/2023\/09\/Copy-of-FootDavant-Logo.png\",\"contentUrl\":\"https:\/\/footdavant.fr\/actualites\/wp-content\/uploads\/2023\/09\/Copy-of-FootDavant-Logo.png\",\"width\":936,\"height\":549,\"caption\":\"Foot d'avant\"},\"image\":{\"@id\":\"https:\/\/footdavant.fr\/actualites\/#\/schema\/logo\/image\/\"},\"sameAs\":[\"https:\/\/www.facebook.com\/Footdavant\/\",\"https:\/\/twitter.com\/FootdavantFr\",\"https:\/\/www.instagram.com\/footdavant.fr\/\"]},{\"@type\":\"Person\",\"@id\":\"https:\/\/footdavant.fr\/actualites\/#\/schema\/person\/bc222566d95871b37e597b3ed3ba5e1d\",\"name\":\"Cl\u00e9ment\",\"image\":{\"@type\":\"ImageObject\",\"inLanguage\":\"fr-FR\",\"@id\":\"https:\/\/footdavant.fr\/actualites\/#\/schema\/person\/image\/\",\"url\":\"https:\/\/secure.gravatar.com\/avatar\/7728b29aac2719421e1a9159b2254c44?s=96&d=mm&r=g\",\"contentUrl\":\"https:\/\/secure.gravatar.com\/avatar\/7728b29aac2719421e1a9159b2254c44?s=96&d=mm&r=g\",\"caption\":\"Cl\u00e9ment\"},\"sameAs\":[\"https:\/\/footdavant.fr\/\"]}]}<\/script>\n<!-- \/ Yoast SEO plugin. -->","yoast_head_json":{"title":"Aper\u00e7u des loups\u00a0: plus de la m\u00eame chose, mais diff\u00e9rent...","robots":{"index":"index","follow":"follow","max-snippet":"max-snippet:-1","max-image-preview":"max-image-preview:large","max-video-preview":"max-video-preview:-1"},"canonical":"https:\/\/footdavant.fr\/actualites\/apercu-des-loups-plus-de-la-meme-chose-mais-different\/","og_locale":"fr_FR","og_type":"article","og_title":"Aper\u00e7u des loups\u00a0: plus de la m\u00eame chose, mais diff\u00e9rent...","og_description":"Ce sont les Wolves aujourd&rsquo;hui \u00e0 domicile, et comme les \u00e9quipes imm\u00e9diatement derri\u00e8re nous ne joueront que demain, c&rsquo;est l&rsquo;occasion de mettre un peu de","og_url":"https:\/\/footdavant.fr\/actualites\/apercu-des-loups-plus-de-la-meme-chose-mais-different\/","og_site_name":"Foot d&#039;avant","article_publisher":"https:\/\/www.facebook.com\/Footdavant\/","article_published_time":"2023-12-02T10:56:29+00:00","article_modified_time":"2023-12-02T10:56:30+00:00","og_image":[{"width":1500,"height":750,"url":"https:\/\/footdavant.fr\/actualites\/wp-content\/uploads\/2023\/12\/Apercu-des-loups-plus-de-la-meme-chose-mais-different.jpg","type":"image\/jpeg"}],"author":"Cl\u00e9ment","twitter_card":"summary_large_image","twitter_creator":"@FootdavantFr","twitter_site":"@FootdavantFr","twitter_misc":{"\u00c9crit par":"Cl\u00e9ment","Dur\u00e9e de lecture estim\u00e9e":"4 minutes"},"schema":{"@context":"https:\/\/schema.org","@graph":[{"@type":"Article","@id":"https:\/\/footdavant.fr\/actualites\/apercu-des-loups-plus-de-la-meme-chose-mais-different\/#article","isPartOf":{"@id":"https:\/\/footdavant.fr\/actualites\/apercu-des-loups-plus-de-la-meme-chose-mais-different\/"},"author":{"name":"Cl\u00e9ment","@id":"https:\/\/footdavant.fr\/actualites\/#\/schema\/person\/bc222566d95871b37e597b3ed3ba5e1d"},"headline":"Aper\u00e7u des loups\u00a0: plus de la m\u00eame chose, mais diff\u00e9rent&#8230;","datePublished":"2023-12-02T10:56:29+00:00","dateModified":"2023-12-02T10:56:30+00:00","mainEntityOfPage":{"@id":"https:\/\/footdavant.fr\/actualites\/apercu-des-loups-plus-de-la-meme-chose-mais-different\/"},"wordCount":748,"publisher":{"@id":"https:\/\/footdavant.fr\/actualites\/#organization"},"keywords":["Aper\u00e7u","chose","des","diff\u00e9rent..","loups","mais","m\u00eame"],"articleSection":["Football"],"inLanguage":"fr-FR"},{"@type":"WebPage","@id":"https:\/\/footdavant.fr\/actualites\/apercu-des-loups-plus-de-la-meme-chose-mais-different\/","url":"https:\/\/footdavant.fr\/actualites\/apercu-des-loups-plus-de-la-meme-chose-mais-different\/","name":"Aper\u00e7u des loups\u00a0: plus de la m\u00eame chose, mais diff\u00e9rent...","isPartOf":{"@id":"https:\/\/footdavant.fr\/actualites\/#website"},"datePublished":"2023-12-02T10:56:29+00:00","dateModified":"2023-12-02T10:56:30+00:00","breadcrumb":{"@id":"https:\/\/footdavant.fr\/actualites\/apercu-des-loups-plus-de-la-meme-chose-mais-different\/#breadcrumb"},"inLanguage":"fr-FR","potentialAction":[{"@type":"ReadAction","target":["https:\/\/footdavant.fr\/actualites\/apercu-des-loups-plus-de-la-meme-chose-mais-different\/"]}]},{"@type":"BreadcrumbList","@id":"https:\/\/footdavant.fr\/actualites\/apercu-des-loups-plus-de-la-meme-chose-mais-different\/#breadcrumb","itemListElement":[{"@type":"ListItem","position":1,"name":"Accueil","item":"https:\/\/footdavant.fr\/actualites\/"},{"@type":"ListItem","position":2,"name":"Aper\u00e7u des loups\u00a0: plus de la m\u00eame chose, mais diff\u00e9rent&#8230;"}]},{"@type":"WebSite","@id":"https:\/\/footdavant.fr\/actualites\/#website","url":"https:\/\/footdavant.fr\/actualites\/","name":"Foot d'avant","description":"","publisher":{"@id":"https:\/\/footdavant.fr\/actualites\/#organization"},"potentialAction":[{"@type":"SearchAction","target":{"@type":"EntryPoint","urlTemplate":"https:\/\/footdavant.fr\/actualites\/?s={search_term_string}"},"query-input":"required name=search_term_string"}],"inLanguage":"fr-FR"},{"@type":"Organization","@id":"https:\/\/footdavant.fr\/actualites\/#organization","name":"Foot d'avant","url":"https:\/\/footdavant.fr\/actualites\/","logo":{"@type":"ImageObject","inLanguage":"fr-FR","@id":"https:\/\/footdavant.fr\/actualites\/#\/schema\/logo\/image\/","url":"https:\/\/footdavant.fr\/actualites\/wp-content\/uploads\/2023\/09\/Copy-of-FootDavant-Logo.png","contentUrl":"https:\/\/footdavant.fr\/actualites\/wp-content\/uploads\/2023\/09\/Copy-of-FootDavant-Logo.png","width":936,"height":549,"caption":"Foot d'avant"},"image":{"@id":"https:\/\/footdavant.fr\/actualites\/#\/schema\/logo\/image\/"},"sameAs":["https:\/\/www.facebook.com\/Footdavant\/","https:\/\/twitter.com\/FootdavantFr","https:\/\/www.instagram.com\/footdavant.fr\/"]},{"@type":"Person","@id":"https:\/\/footdavant.fr\/actualites\/#\/schema\/person\/bc222566d95871b37e597b3ed3ba5e1d","name":"Cl\u00e9ment","image":{"@type":"ImageObject","inLanguage":"fr-FR","@id":"https:\/\/footdavant.fr\/actualites\/#\/schema\/person\/image\/","url":"https:\/\/secure.gravatar.com\/avatar\/7728b29aac2719421e1a9159b2254c44?s=96&d=mm&r=g","contentUrl":"https:\/\/secure.gravatar.com\/avatar\/7728b29aac2719421e1a9159b2254c44?s=96&d=mm&r=g","caption":"Cl\u00e9ment"},"sameAs":["https:\/\/footdavant.fr\/"]}]}},"_links":{"self":[{"href":"https:\/\/footdavant.fr\/actualites\/wp-json\/wp\/v2\/posts\/1822"}],"collection":[{"href":"https:\/\/footdavant.fr\/actualites\/wp-json\/wp\/v2\/posts"}],"about":[{"href":"https:\/\/footdavant.fr\/actualites\/wp-json\/wp\/v2\/types\/post"}],"author":[{"embeddable":true,"href":"https:\/\/footdavant.fr\/actualites\/wp-json\/wp\/v2\/users\/1"}],"replies":[{"embeddable":true,"href":"https:\/\/footdavant.fr\/actualites\/wp-json\/wp\/v2\/comments?post=1822"}],"version-history":[{"count":1,"href":"https:\/\/footdavant.fr\/actualites\/wp-json\/wp\/v2\/posts\/1822\/revisions"}],"predecessor-version":[{"id":1824,"href":"https:\/\/footdavant.fr\/actualites\/wp-json\/wp\/v2\/posts\/1822\/revisions\/1824"}],"wp:featuredmedia":[{"embeddable":true,"href":"https:\/\/footdavant.fr\/actualites\/wp-json\/wp\/v2\/media\/1823"}],"wp:attachment":[{"href":"https:\/\/footdavant.fr\/actualites\/wp-json\/wp\/v2\/media?parent=1822"}],"wp:term":[{"taxonomy":"category","embeddable":true,"href":"https:\/\/footdavant.fr\/actualites\/wp-json\/wp\/v2\/categories?post=1822"},{"taxonomy":"post_tag","embeddable":true,"href":"https:\/\/footdavant.fr\/actualites\/wp-json\/wp\/v2\/tags?post=1822"}],"curies":[{"name":"wp","href":"https:\/\/api.w.org\/{rel}","templated":true}]}}