{"id":1825,"date":"2023-12-02T12:51:33","date_gmt":"2023-12-02T11:51:33","guid":{"rendered":"https:\/\/footdavant.fr\/actualites\/carlo-ancelotti-naime-pas-les-comparaisons-entre-jude-bellingham-et-zinedine-zidane\/"},"modified":"2023-12-02T12:51:34","modified_gmt":"2023-12-02T11:51:34","slug":"carlo-ancelotti-naime-pas-les-comparaisons-entre-jude-bellingham-et-zinedine-zidane","status":"publish","type":"post","link":"https:\/\/footdavant.fr\/actualites\/carlo-ancelotti-naime-pas-les-comparaisons-entre-jude-bellingham-et-zinedine-zidane\/","title":{"rendered":"Carlo Ancelotti n&rsquo;aime pas les comparaisons entre Jude Bellingham et Zinedine Zidane"},"content":{"rendered":"<p>L&rsquo;entra\u00eeneur du Real Madrid, Carlo Ancelotti, a d\u00e9clar\u00e9 qu&rsquo;il \u00e9tait \u00ab\u00a0difficile de comparer\u00a0\u00bb Jude Bellingham avec l&rsquo;ancien milieu de terrain l\u00e9gendaire du club, Zinedine Zidane.<\/p>\n<div id=\"article_body\" itemprop=\"articleBody\">\n<h3 class=\"firstPara\">\n<strong class=\"autotag\">Real Madrid<\/strong> l&rsquo;entra\u00eeneur-chef <strong class=\"autotag\">Carlo Ancelotti<\/strong> a dit qu&rsquo;il \u00e9tait \u00ab\u00a0difficile de comparer\u00a0\u00bb <strong class=\"autotag\">Jude Bellingham<\/strong> avec <strong class=\"autotag\">Zinedine Zidane<\/strong> en raison des qualit\u00e9s diff\u00e9rentes des deux joueurs.<\/h3>\n<p>Bellingham a fait un d\u00e9but incroyable dans sa carri\u00e8re \u00e0 Los Blancos, marquant 15 buts et enregistrant quatre passes d\u00e9cisives en 16 apparitions toutes comp\u00e9titions confondues.<\/p>\n<p>Le joueur de 20 ans \u00e9tait encore une fois en excellente forme contre <strong class=\"autotag\">Naples<\/strong> dans le <strong class=\"autotag\">Ligue des champions<\/strong> Mercredi soir, il a marqu\u00e9 et aid\u00e9 lors d&rsquo;un succ\u00e8s 4-2 contre les g\u00e9ants italiens, ce qui a permis au Real Madrid de se qualifier pour les huiti\u00e8mes de finale de la comp\u00e9tition en tant que vainqueur du Groupe C.<\/p>\n<p>L&rsquo;impact de Bellingham l&rsquo;a compar\u00e9 \u00e0 Zidane, qui a jou\u00e9 pour les g\u00e9ants de la capitale entre 2001 et 2006, le Fran\u00e7ais \u00e9tant largement consid\u00e9r\u00e9 comme l&rsquo;un des meilleurs joueurs du club de tous les temps.<\/p>\n<p>Ancelotti a \u00e9t\u00e9 interrog\u00e9 sur les similitudes qui ont \u00e9t\u00e9 \u00e9tablies entre les deux apr\u00e8s le succ\u00e8s contre Naples, et l&rsquo;Italien a admis qu&rsquo;il avait du mal \u00e0 les comparer.<\/p>\n<p class=\"imgI\">\n<p>\u00ab\u00a0C&rsquo;est difficile de le comparer \u00e0 Zidane. Ce sont deux g\u00e9n\u00e9rations diff\u00e9rentes. Bellingham a une pr\u00e9sence dans la surface que Zidane n&rsquo;avait pas et Zidane avait une qualit\u00e9 individuelle que Bellingham n&rsquo;a pas\u00a0\u00bb, a-t-il d\u00e9clar\u00e9 aux journalistes.<\/p>\n<p>\u00ab\u00a0Le football moderne veut des joueurs physiquement forts et capables de parcourir rapidement un grand nombre de terrains.\u00a0\u00bb<\/p>\n<p>Ancelotti a \u00e9galement d\u00e9clar\u00e9 qu&rsquo;il continue d&rsquo;\u00eatre \u00ab\u00a0surpris\u00a0\u00bb par Bellingham, qui compte 11 buts en Liga et quatre en Ligue des Champions pour le club cette saison.<\/p>\n<p>\u00ab\u00a0Surpris chaque jour et chaque match. Pas seulement pour nous mais pour tout le monde. C&rsquo;est un cadeau pour le football. Les co\u00e9quipiers et les supporters sont ravis de lui et du monde entier du football, qui voit un joueur avec ce potentiel et cette image positive. ,\u00a0\u00bb il ajouta.<\/p>\n<p class=\"imgI\"><img decoding=\"async\" loading=\"lazy\" class=\"l\" src=\"https:\/\/footdavant.fr\/actualites\/wp-content\/uploads\/2023\/12\/Carlo-Ancelotti-naime-pas-les-comparaisons-entre-Jude-Bellingham-et.JPG\" title=\"Jude Bellingham du Real Madrid le 26 novembre 2023\" alt=\"Jude Bellingham du Real Madrid le 26 novembre 2023\" width=\"640\" height=\"480\"><\/p>\n<p>\u00ab\u00a0J&rsquo;esp\u00e8re qu&rsquo;il pourra continuer comme \u00e7a. Je n&rsquo;aborde pas la question de l&rsquo;argent que cela a co\u00fbt\u00e9, mais c&rsquo;est une signature spectaculaire. Nous devons garder \u00e0 l&rsquo;esprit qu&rsquo;il a 20 ans. C&rsquo;est le joueur id\u00e9al. pour le football d&rsquo;aujourd&rsquo;hui : d&rsquo;intensit\u00e9 et qui couvre le terrain rapide.<\/p>\n<p>\u00ab\u00a0Il est s\u00e9rieux, professionnel et s&rsquo;est tr\u00e8s bien adapt\u00e9 au vestiaire. Il travaille et se comprend tr\u00e8s bien avec les autres. Il doit am\u00e9liorer son espagnol [laughs].  Personne n&rsquo;est parfait.\u00a0\u00bb<\/p>\n<p>De son c\u00f4t\u00e9, Ancelotti a \u00e9galement \u00e9voqu\u00e9 le succ\u00e8s de son \u00e9quipe contre Naples, en ajoutant : \u00ab\u00a0Cela a \u00e9t\u00e9 un match contre un rival de qualit\u00e9. Au niveau du jeu de ballon, nous avons bien jou\u00e9, sans pr\u00e9cipitation, et avons bien g\u00e9r\u00e9 la sortie par derri\u00e8re. Nous Nous avons pu faire mieux sur le plan d\u00e9fensif, nous avons \u00e9t\u00e9 soign\u00e9s, mais pas agressifs.<\/p>\n<p>\u00ab\u00a0Quand il semblait que nous n&rsquo;avions pas assez d&rsquo;\u00e9nergie pour gagner, nous avons prouv\u00e9 le contraire et c&rsquo;est pour cela que nous avons gagn\u00e9 le match. Nous sommes fatigu\u00e9s et nous avons eu des joueurs avec des crampes. C&rsquo;est normal parce que \u00e7a a \u00e9t\u00e9 un match ouvert et tr\u00e8s intense. \u00ab\u00a0<\/p>\n<p>Le Real Madrid tentera de remporter cinq victoires cons\u00e9cutives toutes comp\u00e9titions confondues lorsqu&rsquo;il reprendra sa campagne en Liga \u00e0 domicile contre Grenade samedi soir.<\/p>\n<\/div>\n","protected":false},"excerpt":{"rendered":"<p>L&rsquo;entra\u00eeneur du Real Madrid, Carlo Ancelotti, a d\u00e9clar\u00e9 qu&rsquo;il \u00e9tait \u00ab\u00a0difficile de comparer\u00a0\u00bb Jude Bellingham avec l&rsquo;ancien milieu de terrain l\u00e9gendaire du club, Zinedine Zidane.<\/p>\n","protected":false},"author":1,"featured_media":1826,"comment_status":"closed","ping_status":"","sticky":false,"template":"","format":"standard","meta":{"footnotes":""},"categories":[4],"tags":[727,454,726,1820,279,637,93,1819,71,1822,1821],"yoast_head":"<!-- This site is optimized with the Yoast SEO plugin v21.0 - https:\/\/yoast.com\/wordpress\/plugins\/seo\/ -->\n<title>Carlo Ancelotti n&#039;aime pas les comparaisons entre Jude Bellingham et Zinedine Zidane<\/title>\n<meta name=\"robots\" content=\"index, follow, max-snippet:-1, max-image-preview:large, max-video-preview:-1\" \/>\n<link rel=\"canonical\" href=\"https:\/\/footdavant.fr\/actualites\/carlo-ancelotti-naime-pas-les-comparaisons-entre-jude-bellingham-et-zinedine-zidane\/\" \/>\n<meta property=\"og:locale\" content=\"fr_FR\" \/>\n<meta property=\"og:type\" content=\"article\" \/>\n<meta property=\"og:title\" content=\"Carlo Ancelotti n&#039;aime pas les comparaisons entre Jude Bellingham et Zinedine Zidane\" \/>\n<meta property=\"og:description\" content=\"L&rsquo;entra\u00eeneur du Real Madrid, Carlo Ancelotti, a d\u00e9clar\u00e9 qu&rsquo;il \u00e9tait \u00ab\u00a0difficile de comparer\u00a0\u00bb Jude Bellingham avec l&rsquo;ancien milieu de terrain l\u00e9gendaire du club, Zinedine Zidane.\" \/>\n<meta property=\"og:url\" content=\"https:\/\/footdavant.fr\/actualites\/carlo-ancelotti-naime-pas-les-comparaisons-entre-jude-bellingham-et-zinedine-zidane\/\" \/>\n<meta property=\"og:site_name\" content=\"Foot d&#039;avant\" \/>\n<meta property=\"article:publisher\" content=\"https:\/\/www.facebook.com\/Footdavant\/\" \/>\n<meta property=\"article:published_time\" content=\"2023-12-02T11:51:33+00:00\" \/>\n<meta property=\"article:modified_time\" content=\"2023-12-02T11:51:34+00:00\" \/>\n<meta property=\"og:image\" content=\"https:\/\/footdavant.fr\/actualites\/wp-content\/uploads\/2023\/12\/Carlo-Ancelotti-naime-pas-les-comparaisons-entre-Jude-Bellingham-et.jpg\" \/>\n\t<meta property=\"og:image:width\" content=\"640\" \/>\n\t<meta property=\"og:image:height\" content=\"480\" \/>\n\t<meta property=\"og:image:type\" content=\"image\/jpeg\" \/>\n<meta name=\"author\" content=\"Cl\u00e9ment\" \/>\n<meta name=\"twitter:card\" content=\"summary_large_image\" \/>\n<meta name=\"twitter:creator\" content=\"@FootdavantFr\" \/>\n<meta name=\"twitter:site\" content=\"@FootdavantFr\" \/>\n<meta name=\"twitter:label1\" content=\"\u00c9crit par\" \/>\n\t<meta name=\"twitter:data1\" content=\"Cl\u00e9ment\" \/>\n\t<meta name=\"twitter:label2\" content=\"Dur\u00e9e de lecture estim\u00e9e\" \/>\n\t<meta name=\"twitter:data2\" content=\"3 minutes\" \/>\n<script type=\"application\/ld+json\" class=\"yoast-schema-graph\">{\"@context\":\"https:\/\/schema.org\",\"@graph\":[{\"@type\":\"Article\",\"@id\":\"https:\/\/footdavant.fr\/actualites\/carlo-ancelotti-naime-pas-les-comparaisons-entre-jude-bellingham-et-zinedine-zidane\/#article\",\"isPartOf\":{\"@id\":\"https:\/\/footdavant.fr\/actualites\/carlo-ancelotti-naime-pas-les-comparaisons-entre-jude-bellingham-et-zinedine-zidane\/\"},\"author\":{\"name\":\"Cl\u00e9ment\",\"@id\":\"https:\/\/footdavant.fr\/actualites\/#\/schema\/person\/bc222566d95871b37e597b3ed3ba5e1d\"},\"headline\":\"Carlo Ancelotti n&rsquo;aime pas les comparaisons entre Jude Bellingham et Zinedine Zidane\",\"datePublished\":\"2023-12-02T11:51:33+00:00\",\"dateModified\":\"2023-12-02T11:51:34+00:00\",\"mainEntityOfPage\":{\"@id\":\"https:\/\/footdavant.fr\/actualites\/carlo-ancelotti-naime-pas-les-comparaisons-entre-jude-bellingham-et-zinedine-zidane\/\"},\"wordCount\":591,\"publisher\":{\"@id\":\"https:\/\/footdavant.fr\/actualites\/#organization\"},\"keywords\":[\"Ancelotti\",\"Bellingham\",\"Carlo\",\"comparaisons\",\"entre\",\"Jude\",\"les\",\"naime\",\"pas\",\"Zidane\",\"Zinedine\"],\"articleSection\":[\"Champions League\"],\"inLanguage\":\"fr-FR\"},{\"@type\":\"WebPage\",\"@id\":\"https:\/\/footdavant.fr\/actualites\/carlo-ancelotti-naime-pas-les-comparaisons-entre-jude-bellingham-et-zinedine-zidane\/\",\"url\":\"https:\/\/footdavant.fr\/actualites\/carlo-ancelotti-naime-pas-les-comparaisons-entre-jude-bellingham-et-zinedine-zidane\/\",\"name\":\"Carlo Ancelotti n'aime pas les comparaisons entre Jude Bellingham et Zinedine Zidane\",\"isPartOf\":{\"@id\":\"https:\/\/footdavant.fr\/actualites\/#website\"},\"datePublished\":\"2023-12-02T11:51:33+00:00\",\"dateModified\":\"2023-12-02T11:51:34+00:00\",\"breadcrumb\":{\"@id\":\"https:\/\/footdavant.fr\/actualites\/carlo-ancelotti-naime-pas-les-comparaisons-entre-jude-bellingham-et-zinedine-zidane\/#breadcrumb\"},\"inLanguage\":\"fr-FR\",\"potentialAction\":[{\"@type\":\"ReadAction\",\"target\":[\"https:\/\/footdavant.fr\/actualites\/carlo-ancelotti-naime-pas-les-comparaisons-entre-jude-bellingham-et-zinedine-zidane\/\"]}]},{\"@type\":\"BreadcrumbList\",\"@id\":\"https:\/\/footdavant.fr\/actualites\/carlo-ancelotti-naime-pas-les-comparaisons-entre-jude-bellingham-et-zinedine-zidane\/#breadcrumb\",\"itemListElement\":[{\"@type\":\"ListItem\",\"position\":1,\"name\":\"Accueil\",\"item\":\"https:\/\/footdavant.fr\/actualites\/\"},{\"@type\":\"ListItem\",\"position\":2,\"name\":\"Carlo Ancelotti n&rsquo;aime pas les comparaisons entre Jude Bellingham et Zinedine Zidane\"}]},{\"@type\":\"WebSite\",\"@id\":\"https:\/\/footdavant.fr\/actualites\/#website\",\"url\":\"https:\/\/footdavant.fr\/actualites\/\",\"name\":\"Foot d'avant\",\"description\":\"\",\"publisher\":{\"@id\":\"https:\/\/footdavant.fr\/actualites\/#organization\"},\"potentialAction\":[{\"@type\":\"SearchAction\",\"target\":{\"@type\":\"EntryPoint\",\"urlTemplate\":\"https:\/\/footdavant.fr\/actualites\/?s={search_term_string}\"},\"query-input\":\"required name=search_term_string\"}],\"inLanguage\":\"fr-FR\"},{\"@type\":\"Organization\",\"@id\":\"https:\/\/footdavant.fr\/actualites\/#organization\",\"name\":\"Foot d'avant\",\"url\":\"https:\/\/footdavant.fr\/actualites\/\",\"logo\":{\"@type\":\"ImageObject\",\"inLanguage\":\"fr-FR\",\"@id\":\"https:\/\/footdavant.fr\/actualites\/#\/schema\/logo\/image\/\",\"url\":\"https:\/\/footdavant.fr\/actualites\/wp-content\/uploads\/2023\/09\/Copy-of-FootDavant-Logo.png\",\"contentUrl\":\"https:\/\/footdavant.fr\/actualites\/wp-content\/uploads\/2023\/09\/Copy-of-FootDavant-Logo.png\",\"width\":936,\"height\":549,\"caption\":\"Foot d'avant\"},\"image\":{\"@id\":\"https:\/\/footdavant.fr\/actualites\/#\/schema\/logo\/image\/\"},\"sameAs\":[\"https:\/\/www.facebook.com\/Footdavant\/\",\"https:\/\/twitter.com\/FootdavantFr\",\"https:\/\/www.instagram.com\/footdavant.fr\/\"]},{\"@type\":\"Person\",\"@id\":\"https:\/\/footdavant.fr\/actualites\/#\/schema\/person\/bc222566d95871b37e597b3ed3ba5e1d\",\"name\":\"Cl\u00e9ment\",\"image\":{\"@type\":\"ImageObject\",\"inLanguage\":\"fr-FR\",\"@id\":\"https:\/\/footdavant.fr\/actualites\/#\/schema\/person\/image\/\",\"url\":\"https:\/\/secure.gravatar.com\/avatar\/7728b29aac2719421e1a9159b2254c44?s=96&d=mm&r=g\",\"contentUrl\":\"https:\/\/secure.gravatar.com\/avatar\/7728b29aac2719421e1a9159b2254c44?s=96&d=mm&r=g\",\"caption\":\"Cl\u00e9ment\"},\"sameAs\":[\"https:\/\/footdavant.fr\/\"]}]}<\/script>\n<!-- \/ Yoast SEO plugin. -->","yoast_head_json":{"title":"Carlo Ancelotti n'aime pas les comparaisons entre Jude Bellingham et Zinedine Zidane","robots":{"index":"index","follow":"follow","max-snippet":"max-snippet:-1","max-image-preview":"max-image-preview:large","max-video-preview":"max-video-preview:-1"},"canonical":"https:\/\/footdavant.fr\/actualites\/carlo-ancelotti-naime-pas-les-comparaisons-entre-jude-bellingham-et-zinedine-zidane\/","og_locale":"fr_FR","og_type":"article","og_title":"Carlo Ancelotti n'aime pas les comparaisons entre Jude Bellingham et Zinedine Zidane","og_description":"L&rsquo;entra\u00eeneur du Real Madrid, Carlo Ancelotti, a d\u00e9clar\u00e9 qu&rsquo;il \u00e9tait \u00ab\u00a0difficile de comparer\u00a0\u00bb Jude Bellingham avec l&rsquo;ancien milieu de terrain l\u00e9gendaire du club, Zinedine Zidane.","og_url":"https:\/\/footdavant.fr\/actualites\/carlo-ancelotti-naime-pas-les-comparaisons-entre-jude-bellingham-et-zinedine-zidane\/","og_site_name":"Foot d&#039;avant","article_publisher":"https:\/\/www.facebook.com\/Footdavant\/","article_published_time":"2023-12-02T11:51:33+00:00","article_modified_time":"2023-12-02T11:51:34+00:00","og_image":[{"width":640,"height":480,"url":"https:\/\/footdavant.fr\/actualites\/wp-content\/uploads\/2023\/12\/Carlo-Ancelotti-naime-pas-les-comparaisons-entre-Jude-Bellingham-et.jpg","type":"image\/jpeg"}],"author":"Cl\u00e9ment","twitter_card":"summary_large_image","twitter_creator":"@FootdavantFr","twitter_site":"@FootdavantFr","twitter_misc":{"\u00c9crit par":"Cl\u00e9ment","Dur\u00e9e de lecture estim\u00e9e":"3 minutes"},"schema":{"@context":"https:\/\/schema.org","@graph":[{"@type":"Article","@id":"https:\/\/footdavant.fr\/actualites\/carlo-ancelotti-naime-pas-les-comparaisons-entre-jude-bellingham-et-zinedine-zidane\/#article","isPartOf":{"@id":"https:\/\/footdavant.fr\/actualites\/carlo-ancelotti-naime-pas-les-comparaisons-entre-jude-bellingham-et-zinedine-zidane\/"},"author":{"name":"Cl\u00e9ment","@id":"https:\/\/footdavant.fr\/actualites\/#\/schema\/person\/bc222566d95871b37e597b3ed3ba5e1d"},"headline":"Carlo Ancelotti n&rsquo;aime pas les comparaisons entre Jude Bellingham et Zinedine Zidane","datePublished":"2023-12-02T11:51:33+00:00","dateModified":"2023-12-02T11:51:34+00:00","mainEntityOfPage":{"@id":"https:\/\/footdavant.fr\/actualites\/carlo-ancelotti-naime-pas-les-comparaisons-entre-jude-bellingham-et-zinedine-zidane\/"},"wordCount":591,"publisher":{"@id":"https:\/\/footdavant.fr\/actualites\/#organization"},"keywords":["Ancelotti","Bellingham","Carlo","comparaisons","entre","Jude","les","naime","pas","Zidane","Zinedine"],"articleSection":["Champions League"],"inLanguage":"fr-FR"},{"@type":"WebPage","@id":"https:\/\/footdavant.fr\/actualites\/carlo-ancelotti-naime-pas-les-comparaisons-entre-jude-bellingham-et-zinedine-zidane\/","url":"https:\/\/footdavant.fr\/actualites\/carlo-ancelotti-naime-pas-les-comparaisons-entre-jude-bellingham-et-zinedine-zidane\/","name":"Carlo Ancelotti n'aime pas les comparaisons entre Jude Bellingham et Zinedine Zidane","isPartOf":{"@id":"https:\/\/footdavant.fr\/actualites\/#website"},"datePublished":"2023-12-02T11:51:33+00:00","dateModified":"2023-12-02T11:51:34+00:00","breadcrumb":{"@id":"https:\/\/footdavant.fr\/actualites\/carlo-ancelotti-naime-pas-les-comparaisons-entre-jude-bellingham-et-zinedine-zidane\/#breadcrumb"},"inLanguage":"fr-FR","potentialAction":[{"@type":"ReadAction","target":["https:\/\/footdavant.fr\/actualites\/carlo-ancelotti-naime-pas-les-comparaisons-entre-jude-bellingham-et-zinedine-zidane\/"]}]},{"@type":"BreadcrumbList","@id":"https:\/\/footdavant.fr\/actualites\/carlo-ancelotti-naime-pas-les-comparaisons-entre-jude-bellingham-et-zinedine-zidane\/#breadcrumb","itemListElement":[{"@type":"ListItem","position":1,"name":"Accueil","item":"https:\/\/footdavant.fr\/actualites\/"},{"@type":"ListItem","position":2,"name":"Carlo Ancelotti n&rsquo;aime pas les comparaisons entre Jude Bellingham et Zinedine Zidane"}]},{"@type":"WebSite","@id":"https:\/\/footdavant.fr\/actualites\/#website","url":"https:\/\/footdavant.fr\/actualites\/","name":"Foot d'avant","description":"","publisher":{"@id":"https:\/\/footdavant.fr\/actualites\/#organization"},"potentialAction":[{"@type":"SearchAction","target":{"@type":"EntryPoint","urlTemplate":"https:\/\/footdavant.fr\/actualites\/?s={search_term_string}"},"query-input":"required name=search_term_string"}],"inLanguage":"fr-FR"},{"@type":"Organization","@id":"https:\/\/footdavant.fr\/actualites\/#organization","name":"Foot d'avant","url":"https:\/\/footdavant.fr\/actualites\/","logo":{"@type":"ImageObject","inLanguage":"fr-FR","@id":"https:\/\/footdavant.fr\/actualites\/#\/schema\/logo\/image\/","url":"https:\/\/footdavant.fr\/actualites\/wp-content\/uploads\/2023\/09\/Copy-of-FootDavant-Logo.png","contentUrl":"https:\/\/footdavant.fr\/actualites\/wp-content\/uploads\/2023\/09\/Copy-of-FootDavant-Logo.png","width":936,"height":549,"caption":"Foot d'avant"},"image":{"@id":"https:\/\/footdavant.fr\/actualites\/#\/schema\/logo\/image\/"},"sameAs":["https:\/\/www.facebook.com\/Footdavant\/","https:\/\/twitter.com\/FootdavantFr","https:\/\/www.instagram.com\/footdavant.fr\/"]},{"@type":"Person","@id":"https:\/\/footdavant.fr\/actualites\/#\/schema\/person\/bc222566d95871b37e597b3ed3ba5e1d","name":"Cl\u00e9ment","image":{"@type":"ImageObject","inLanguage":"fr-FR","@id":"https:\/\/footdavant.fr\/actualites\/#\/schema\/person\/image\/","url":"https:\/\/secure.gravatar.com\/avatar\/7728b29aac2719421e1a9159b2254c44?s=96&d=mm&r=g","contentUrl":"https:\/\/secure.gravatar.com\/avatar\/7728b29aac2719421e1a9159b2254c44?s=96&d=mm&r=g","caption":"Cl\u00e9ment"},"sameAs":["https:\/\/footdavant.fr\/"]}]}},"_links":{"self":[{"href":"https:\/\/footdavant.fr\/actualites\/wp-json\/wp\/v2\/posts\/1825"}],"collection":[{"href":"https:\/\/footdavant.fr\/actualites\/wp-json\/wp\/v2\/posts"}],"about":[{"href":"https:\/\/footdavant.fr\/actualites\/wp-json\/wp\/v2\/types\/post"}],"author":[{"embeddable":true,"href":"https:\/\/footdavant.fr\/actualites\/wp-json\/wp\/v2\/users\/1"}],"replies":[{"embeddable":true,"href":"https:\/\/footdavant.fr\/actualites\/wp-json\/wp\/v2\/comments?post=1825"}],"version-history":[{"count":1,"href":"https:\/\/footdavant.fr\/actualites\/wp-json\/wp\/v2\/posts\/1825\/revisions"}],"predecessor-version":[{"id":1827,"href":"https:\/\/footdavant.fr\/actualites\/wp-json\/wp\/v2\/posts\/1825\/revisions\/1827"}],"wp:featuredmedia":[{"embeddable":true,"href":"https:\/\/footdavant.fr\/actualites\/wp-json\/wp\/v2\/media\/1826"}],"wp:attachment":[{"href":"https:\/\/footdavant.fr\/actualites\/wp-json\/wp\/v2\/media?parent=1825"}],"wp:term":[{"taxonomy":"category","embeddable":true,"href":"https:\/\/footdavant.fr\/actualites\/wp-json\/wp\/v2\/categories?post=1825"},{"taxonomy":"post_tag","embeddable":true,"href":"https:\/\/footdavant.fr\/actualites\/wp-json\/wp\/v2\/tags?post=1825"}],"curies":[{"name":"wp","href":"https:\/\/api.w.org\/{rel}","templated":true}]}}