{"id":1828,"date":"2023-12-02T13:51:39","date_gmt":"2023-12-02T12:51:39","guid":{"rendered":"https:\/\/footdavant.fr\/actualites\/manchester-united-fait-le-point-sur-la-blessure-de-tyrell-malacia\/"},"modified":"2023-12-02T13:51:40","modified_gmt":"2023-12-02T12:51:40","slug":"manchester-united-fait-le-point-sur-la-blessure-de-tyrell-malacia","status":"publish","type":"post","link":"https:\/\/footdavant.fr\/actualites\/manchester-united-fait-le-point-sur-la-blessure-de-tyrell-malacia\/","title":{"rendered":"Manchester United fait le point sur la blessure de Tyrell Malacia"},"content":{"rendered":"<p>Manchester United r\u00e9v\u00e8le que le d\u00e9fenseur n\u00e9erlandais Tyrell Malacia a subi deux op\u00e9rations suite \u00e0 une blessure au genou.<\/p>\n<div id=\"article_body\" itemprop=\"articleBody\">\n<h3 class=\"firstPara\">\n<strong class=\"autotag\">Manchester United<\/strong> ont r\u00e9v\u00e9l\u00e9 que <strong class=\"autotag\">Tyrell Malacia<\/strong> a subi deux op\u00e9rations suite \u00e0 une blessure au genou, l&rsquo;arri\u00e8re gauche s&rsquo;effor\u00e7ant d\u00e9sormais d&rsquo;\u00eatre en forme au d\u00e9but de 2024.<\/h3>\n<p>Il y avait eu une confusion autour de l&rsquo;absence du d\u00e9fenseur, les Red Devils n&rsquo;ayant pas fourni de mise \u00e0 jour officielle sur l&rsquo;international n\u00e9erlandais malgr\u00e9 le fait qu&rsquo;il ait rat\u00e9 toute leur pr\u00e9-saison.<\/p>\n<p>En octobre, il a \u00e9t\u00e9 affirm\u00e9 que Malacia avait \u00e9t\u00e9 contraint de subir une op\u00e9ration au genou suite \u00e0 une blessure qu&rsquo;il avait subie vers la fin de la saison derni\u00e8re.<\/p>\n<p>Le joueur de 24 ans a \u00e9t\u00e9 impliqu\u00e9 pour son pays dans la Ligue des Nations de l&rsquo;UEFA \u00e0 la mi-juin, mais il ne s&rsquo;est pas pr\u00e9sent\u00e9 pour le d\u00e9but de l&rsquo;entra\u00eenement de pr\u00e9-saison avec Man United et n&rsquo;a pas fait partie de l&rsquo;\u00e9quipe pour la journ\u00e9e cette saison.<\/p>\n<p>Selon le <em>Nouvelles du soir de Manchester<\/em>le club esp\u00e9rait que des injections antidouleur r\u00e9gleraient le probl\u00e8me, mais il a \u00e9t\u00e9 d\u00e9cid\u00e9 plus tard que Malacia aurait besoin d&rsquo;une intervention chirurgicale, le d\u00e9fenseur passant du temps aux Pays-Bas pendant sa convalescence.<\/p>\n<p class=\"imgI\">\n<p>Man United a maintenant fourni une mise \u00e0 jour officielle, r\u00e9v\u00e9lant que le N\u00e9erlandais est sur le point de revenir \u00e0 l&rsquo;action au d\u00e9but de 2024 apr\u00e8s avoir subi une deuxi\u00e8me op\u00e9ration apr\u00e8s avoir subi un revers dans sa convalescence.<\/p>\n<p>\u00ab\u00a0Le d\u00e9fenseur de Manchester United, Tyrell Malacia, est sur le point de revenir au jeu au d\u00e9but de l&rsquo;ann\u00e9e prochaine, alors qu&rsquo;il se remet d&rsquo;une blessure au genou\u00a0\u00bb, peut-on lire dans un communiqu\u00e9 publi\u00e9 sur le site officiel du club.<\/p>\n<p>\u00ab\u00a0L&rsquo;arri\u00e8re gauche n\u00e9erlandais n&rsquo;a pas jou\u00e9 jusqu&rsquo;\u00e0 pr\u00e9sent cette saison, suite \u00e0 une op\u00e9ration effectu\u00e9e cet \u00e9t\u00e9. Malheureusement, il a subi un revers lors de sa r\u00e9\u00e9ducation, qui a n\u00e9cessit\u00e9 une nouvelle intervention chirurgicale.<\/p>\n<p>\u00ab\u00a0Cela a \u00e9t\u00e9 r\u00e9alis\u00e9 avec succ\u00e8s et Malacia est maintenant de retour \u00e0 Carrington et travaille dur pour \u00eatre en forme au d\u00e9but de la nouvelle ann\u00e9e.\u00a0\u00bb<\/p>\n<p class=\"imgI\"><img decoding=\"async\" loading=\"lazy\" class=\"l\" src=\"https:\/\/footdavant.fr\/actualites\/wp-content\/uploads\/2023\/12\/1701521499_317_Manchester-United-fait-le-point-sur-la-blessure-de-Tyrell.JPG\" title=\"Tyrell Malacia de Manchester United en action avec Riyad Mahrez de Manchester City le 14 janvier 2023\" alt=\"Tyrell Malacia de Manchester United en action avec Riyad Mahrez de Manchester City le 14 janvier 2023\" width=\"640\" height=\"480\"><\/p>\n<p>Malacia a \u00e9t\u00e9 sign\u00e9 par Man United en <strong class=\"autotag\">Erik Ten Hag<\/strong>Il s&rsquo;agit du premier mercato du club, l&rsquo;arri\u00e8re gauche arrivant avec un premier contrat de quatre ans en provenance de Feyenoord.<\/p>\n<p>Le d\u00e9fenseur \u00e9tait un habitu\u00e9 de la campagne 2022-23, faisant 39 apparitions toutes comp\u00e9titions confondues, dont 22 dans l&rsquo;\u00e9lite anglaise au cours d&rsquo;une premi\u00e8re saison r\u00e9ussie.<\/p>\n<p>Les probl\u00e8mes de blessures de Man United \u00e0 l&rsquo;arri\u00e8re gauche ont conduit \u00e0 <strong class=\"autotag\">Sergio R\u00e9guilon<\/strong> arrivant en pr\u00eat de Tottenham Hotspur dans les derni\u00e8res \u00e9tapes du mercato estival.<\/p>\n<p>Cependant, <strong class=\"autotag\">Luc Shaw<\/strong> est maintenant de retour d&rsquo;un probl\u00e8me musculaire, l&rsquo;international anglais ayant disput\u00e9 les deux derniers matchs contre Everton et Galatasaray apr\u00e8s plus de trois mois d&rsquo;absence.<\/p>\n<p>On pense qu&rsquo;il y a une clause de rupture dans l&rsquo;accord de pr\u00eat de Reguilon, et un retour en forme de Malacia pourrait potentiellement conduire l&rsquo;Espagnol \u00e0 retourner \u00e0 Tottenham d\u00e9but 2024.<\/p>\n<\/div>\n","protected":false},"excerpt":{"rendered":"<p>Manchester United r\u00e9v\u00e8le que le d\u00e9fenseur n\u00e9erlandais Tyrell Malacia a subi deux op\u00e9rations suite \u00e0 une blessure au genou. Manchester United ont r\u00e9v\u00e9l\u00e9 que Tyrell<\/p>\n","protected":false},"author":1,"featured_media":1829,"comment_status":"closed","ping_status":"","sticky":false,"template":"","format":"standard","meta":{"footnotes":""},"categories":[5],"tags":[15,152,1824,11,153,103,1823,13],"yoast_head":"<!-- This site is optimized with the Yoast SEO plugin v21.0 - https:\/\/yoast.com\/wordpress\/plugins\/seo\/ -->\n<title>Manchester United fait le point sur la blessure de Tyrell Malacia<\/title>\n<meta name=\"robots\" content=\"index, follow, max-snippet:-1, max-image-preview:large, max-video-preview:-1\" \/>\n<link rel=\"canonical\" href=\"https:\/\/footdavant.fr\/actualites\/manchester-united-fait-le-point-sur-la-blessure-de-tyrell-malacia\/\" \/>\n<meta property=\"og:locale\" content=\"fr_FR\" \/>\n<meta property=\"og:type\" content=\"article\" \/>\n<meta property=\"og:title\" content=\"Manchester United fait le point sur la blessure de Tyrell Malacia\" \/>\n<meta property=\"og:description\" content=\"Manchester United r\u00e9v\u00e8le que le d\u00e9fenseur n\u00e9erlandais Tyrell Malacia a subi deux op\u00e9rations suite \u00e0 une blessure au genou. Manchester United ont r\u00e9v\u00e9l\u00e9 que Tyrell\" \/>\n<meta property=\"og:url\" content=\"https:\/\/footdavant.fr\/actualites\/manchester-united-fait-le-point-sur-la-blessure-de-tyrell-malacia\/\" \/>\n<meta property=\"og:site_name\" content=\"Foot d&#039;avant\" \/>\n<meta property=\"article:publisher\" content=\"https:\/\/www.facebook.com\/Footdavant\/\" \/>\n<meta property=\"article:published_time\" content=\"2023-12-02T12:51:39+00:00\" \/>\n<meta property=\"article:modified_time\" content=\"2023-12-02T12:51:40+00:00\" \/>\n<meta property=\"og:image\" content=\"https:\/\/footdavant.fr\/actualites\/wp-content\/uploads\/2023\/12\/Manchester-United-fait-le-point-sur-la-blessure-de-Tyrell.JPG\" \/>\n\t<meta property=\"og:image:width\" content=\"640\" \/>\n\t<meta property=\"og:image:height\" content=\"480\" \/>\n\t<meta property=\"og:image:type\" content=\"image\/jpeg\" \/>\n<meta name=\"author\" content=\"Cl\u00e9ment\" \/>\n<meta name=\"twitter:card\" content=\"summary_large_image\" \/>\n<meta name=\"twitter:creator\" content=\"@FootdavantFr\" \/>\n<meta name=\"twitter:site\" content=\"@FootdavantFr\" \/>\n<meta name=\"twitter:label1\" content=\"\u00c9crit par\" \/>\n\t<meta name=\"twitter:data1\" content=\"Cl\u00e9ment\" \/>\n\t<meta name=\"twitter:label2\" content=\"Dur\u00e9e de lecture estim\u00e9e\" \/>\n\t<meta name=\"twitter:data2\" content=\"3 minutes\" \/>\n<script type=\"application\/ld+json\" class=\"yoast-schema-graph\">{\"@context\":\"https:\/\/schema.org\",\"@graph\":[{\"@type\":\"Article\",\"@id\":\"https:\/\/footdavant.fr\/actualites\/manchester-united-fait-le-point-sur-la-blessure-de-tyrell-malacia\/#article\",\"isPartOf\":{\"@id\":\"https:\/\/footdavant.fr\/actualites\/manchester-united-fait-le-point-sur-la-blessure-de-tyrell-malacia\/\"},\"author\":{\"name\":\"Cl\u00e9ment\",\"@id\":\"https:\/\/footdavant.fr\/actualites\/#\/schema\/person\/bc222566d95871b37e597b3ed3ba5e1d\"},\"headline\":\"Manchester United fait le point sur la blessure de Tyrell Malacia\",\"datePublished\":\"2023-12-02T12:51:39+00:00\",\"dateModified\":\"2023-12-02T12:51:40+00:00\",\"mainEntityOfPage\":{\"@id\":\"https:\/\/footdavant.fr\/actualites\/manchester-united-fait-le-point-sur-la-blessure-de-tyrell-malacia\/\"},\"wordCount\":545,\"publisher\":{\"@id\":\"https:\/\/footdavant.fr\/actualites\/#organization\"},\"keywords\":[\"Blessure\",\"fait\",\"Malacia\",\"Manchester\",\"point\",\"sur\",\"Tyrell\",\"United\"],\"articleSection\":[\"Premier League\"],\"inLanguage\":\"fr-FR\"},{\"@type\":\"WebPage\",\"@id\":\"https:\/\/footdavant.fr\/actualites\/manchester-united-fait-le-point-sur-la-blessure-de-tyrell-malacia\/\",\"url\":\"https:\/\/footdavant.fr\/actualites\/manchester-united-fait-le-point-sur-la-blessure-de-tyrell-malacia\/\",\"name\":\"Manchester United fait le point sur la blessure de Tyrell Malacia\",\"isPartOf\":{\"@id\":\"https:\/\/footdavant.fr\/actualites\/#website\"},\"datePublished\":\"2023-12-02T12:51:39+00:00\",\"dateModified\":\"2023-12-02T12:51:40+00:00\",\"breadcrumb\":{\"@id\":\"https:\/\/footdavant.fr\/actualites\/manchester-united-fait-le-point-sur-la-blessure-de-tyrell-malacia\/#breadcrumb\"},\"inLanguage\":\"fr-FR\",\"potentialAction\":[{\"@type\":\"ReadAction\",\"target\":[\"https:\/\/footdavant.fr\/actualites\/manchester-united-fait-le-point-sur-la-blessure-de-tyrell-malacia\/\"]}]},{\"@type\":\"BreadcrumbList\",\"@id\":\"https:\/\/footdavant.fr\/actualites\/manchester-united-fait-le-point-sur-la-blessure-de-tyrell-malacia\/#breadcrumb\",\"itemListElement\":[{\"@type\":\"ListItem\",\"position\":1,\"name\":\"Accueil\",\"item\":\"https:\/\/footdavant.fr\/actualites\/\"},{\"@type\":\"ListItem\",\"position\":2,\"name\":\"Manchester United fait le point sur la blessure de Tyrell Malacia\"}]},{\"@type\":\"WebSite\",\"@id\":\"https:\/\/footdavant.fr\/actualites\/#website\",\"url\":\"https:\/\/footdavant.fr\/actualites\/\",\"name\":\"Foot d'avant\",\"description\":\"\",\"publisher\":{\"@id\":\"https:\/\/footdavant.fr\/actualites\/#organization\"},\"potentialAction\":[{\"@type\":\"SearchAction\",\"target\":{\"@type\":\"EntryPoint\",\"urlTemplate\":\"https:\/\/footdavant.fr\/actualites\/?s={search_term_string}\"},\"query-input\":\"required name=search_term_string\"}],\"inLanguage\":\"fr-FR\"},{\"@type\":\"Organization\",\"@id\":\"https:\/\/footdavant.fr\/actualites\/#organization\",\"name\":\"Foot d'avant\",\"url\":\"https:\/\/footdavant.fr\/actualites\/\",\"logo\":{\"@type\":\"ImageObject\",\"inLanguage\":\"fr-FR\",\"@id\":\"https:\/\/footdavant.fr\/actualites\/#\/schema\/logo\/image\/\",\"url\":\"https:\/\/footdavant.fr\/actualites\/wp-content\/uploads\/2023\/09\/Copy-of-FootDavant-Logo.png\",\"contentUrl\":\"https:\/\/footdavant.fr\/actualites\/wp-content\/uploads\/2023\/09\/Copy-of-FootDavant-Logo.png\",\"width\":936,\"height\":549,\"caption\":\"Foot d'avant\"},\"image\":{\"@id\":\"https:\/\/footdavant.fr\/actualites\/#\/schema\/logo\/image\/\"},\"sameAs\":[\"https:\/\/www.facebook.com\/Footdavant\/\",\"https:\/\/twitter.com\/FootdavantFr\",\"https:\/\/www.instagram.com\/footdavant.fr\/\"]},{\"@type\":\"Person\",\"@id\":\"https:\/\/footdavant.fr\/actualites\/#\/schema\/person\/bc222566d95871b37e597b3ed3ba5e1d\",\"name\":\"Cl\u00e9ment\",\"image\":{\"@type\":\"ImageObject\",\"inLanguage\":\"fr-FR\",\"@id\":\"https:\/\/footdavant.fr\/actualites\/#\/schema\/person\/image\/\",\"url\":\"https:\/\/secure.gravatar.com\/avatar\/7728b29aac2719421e1a9159b2254c44?s=96&d=mm&r=g\",\"contentUrl\":\"https:\/\/secure.gravatar.com\/avatar\/7728b29aac2719421e1a9159b2254c44?s=96&d=mm&r=g\",\"caption\":\"Cl\u00e9ment\"},\"sameAs\":[\"https:\/\/footdavant.fr\/\"]}]}<\/script>\n<!-- \/ Yoast SEO plugin. -->","yoast_head_json":{"title":"Manchester United fait le point sur la blessure de Tyrell Malacia","robots":{"index":"index","follow":"follow","max-snippet":"max-snippet:-1","max-image-preview":"max-image-preview:large","max-video-preview":"max-video-preview:-1"},"canonical":"https:\/\/footdavant.fr\/actualites\/manchester-united-fait-le-point-sur-la-blessure-de-tyrell-malacia\/","og_locale":"fr_FR","og_type":"article","og_title":"Manchester United fait le point sur la blessure de Tyrell Malacia","og_description":"Manchester United r\u00e9v\u00e8le que le d\u00e9fenseur n\u00e9erlandais Tyrell Malacia a subi deux op\u00e9rations suite \u00e0 une blessure au genou. Manchester United ont r\u00e9v\u00e9l\u00e9 que Tyrell","og_url":"https:\/\/footdavant.fr\/actualites\/manchester-united-fait-le-point-sur-la-blessure-de-tyrell-malacia\/","og_site_name":"Foot d&#039;avant","article_publisher":"https:\/\/www.facebook.com\/Footdavant\/","article_published_time":"2023-12-02T12:51:39+00:00","article_modified_time":"2023-12-02T12:51:40+00:00","og_image":[{"width":640,"height":480,"url":"https:\/\/footdavant.fr\/actualites\/wp-content\/uploads\/2023\/12\/Manchester-United-fait-le-point-sur-la-blessure-de-Tyrell.JPG","type":"image\/jpeg"}],"author":"Cl\u00e9ment","twitter_card":"summary_large_image","twitter_creator":"@FootdavantFr","twitter_site":"@FootdavantFr","twitter_misc":{"\u00c9crit par":"Cl\u00e9ment","Dur\u00e9e de lecture estim\u00e9e":"3 minutes"},"schema":{"@context":"https:\/\/schema.org","@graph":[{"@type":"Article","@id":"https:\/\/footdavant.fr\/actualites\/manchester-united-fait-le-point-sur-la-blessure-de-tyrell-malacia\/#article","isPartOf":{"@id":"https:\/\/footdavant.fr\/actualites\/manchester-united-fait-le-point-sur-la-blessure-de-tyrell-malacia\/"},"author":{"name":"Cl\u00e9ment","@id":"https:\/\/footdavant.fr\/actualites\/#\/schema\/person\/bc222566d95871b37e597b3ed3ba5e1d"},"headline":"Manchester United fait le point sur la blessure de Tyrell Malacia","datePublished":"2023-12-02T12:51:39+00:00","dateModified":"2023-12-02T12:51:40+00:00","mainEntityOfPage":{"@id":"https:\/\/footdavant.fr\/actualites\/manchester-united-fait-le-point-sur-la-blessure-de-tyrell-malacia\/"},"wordCount":545,"publisher":{"@id":"https:\/\/footdavant.fr\/actualites\/#organization"},"keywords":["Blessure","fait","Malacia","Manchester","point","sur","Tyrell","United"],"articleSection":["Premier League"],"inLanguage":"fr-FR"},{"@type":"WebPage","@id":"https:\/\/footdavant.fr\/actualites\/manchester-united-fait-le-point-sur-la-blessure-de-tyrell-malacia\/","url":"https:\/\/footdavant.fr\/actualites\/manchester-united-fait-le-point-sur-la-blessure-de-tyrell-malacia\/","name":"Manchester United fait le point sur la blessure de Tyrell Malacia","isPartOf":{"@id":"https:\/\/footdavant.fr\/actualites\/#website"},"datePublished":"2023-12-02T12:51:39+00:00","dateModified":"2023-12-02T12:51:40+00:00","breadcrumb":{"@id":"https:\/\/footdavant.fr\/actualites\/manchester-united-fait-le-point-sur-la-blessure-de-tyrell-malacia\/#breadcrumb"},"inLanguage":"fr-FR","potentialAction":[{"@type":"ReadAction","target":["https:\/\/footdavant.fr\/actualites\/manchester-united-fait-le-point-sur-la-blessure-de-tyrell-malacia\/"]}]},{"@type":"BreadcrumbList","@id":"https:\/\/footdavant.fr\/actualites\/manchester-united-fait-le-point-sur-la-blessure-de-tyrell-malacia\/#breadcrumb","itemListElement":[{"@type":"ListItem","position":1,"name":"Accueil","item":"https:\/\/footdavant.fr\/actualites\/"},{"@type":"ListItem","position":2,"name":"Manchester United fait le point sur la blessure de Tyrell Malacia"}]},{"@type":"WebSite","@id":"https:\/\/footdavant.fr\/actualites\/#website","url":"https:\/\/footdavant.fr\/actualites\/","name":"Foot d'avant","description":"","publisher":{"@id":"https:\/\/footdavant.fr\/actualites\/#organization"},"potentialAction":[{"@type":"SearchAction","target":{"@type":"EntryPoint","urlTemplate":"https:\/\/footdavant.fr\/actualites\/?s={search_term_string}"},"query-input":"required name=search_term_string"}],"inLanguage":"fr-FR"},{"@type":"Organization","@id":"https:\/\/footdavant.fr\/actualites\/#organization","name":"Foot d'avant","url":"https:\/\/footdavant.fr\/actualites\/","logo":{"@type":"ImageObject","inLanguage":"fr-FR","@id":"https:\/\/footdavant.fr\/actualites\/#\/schema\/logo\/image\/","url":"https:\/\/footdavant.fr\/actualites\/wp-content\/uploads\/2023\/09\/Copy-of-FootDavant-Logo.png","contentUrl":"https:\/\/footdavant.fr\/actualites\/wp-content\/uploads\/2023\/09\/Copy-of-FootDavant-Logo.png","width":936,"height":549,"caption":"Foot d'avant"},"image":{"@id":"https:\/\/footdavant.fr\/actualites\/#\/schema\/logo\/image\/"},"sameAs":["https:\/\/www.facebook.com\/Footdavant\/","https:\/\/twitter.com\/FootdavantFr","https:\/\/www.instagram.com\/footdavant.fr\/"]},{"@type":"Person","@id":"https:\/\/footdavant.fr\/actualites\/#\/schema\/person\/bc222566d95871b37e597b3ed3ba5e1d","name":"Cl\u00e9ment","image":{"@type":"ImageObject","inLanguage":"fr-FR","@id":"https:\/\/footdavant.fr\/actualites\/#\/schema\/person\/image\/","url":"https:\/\/secure.gravatar.com\/avatar\/7728b29aac2719421e1a9159b2254c44?s=96&d=mm&r=g","contentUrl":"https:\/\/secure.gravatar.com\/avatar\/7728b29aac2719421e1a9159b2254c44?s=96&d=mm&r=g","caption":"Cl\u00e9ment"},"sameAs":["https:\/\/footdavant.fr\/"]}]}},"_links":{"self":[{"href":"https:\/\/footdavant.fr\/actualites\/wp-json\/wp\/v2\/posts\/1828"}],"collection":[{"href":"https:\/\/footdavant.fr\/actualites\/wp-json\/wp\/v2\/posts"}],"about":[{"href":"https:\/\/footdavant.fr\/actualites\/wp-json\/wp\/v2\/types\/post"}],"author":[{"embeddable":true,"href":"https:\/\/footdavant.fr\/actualites\/wp-json\/wp\/v2\/users\/1"}],"replies":[{"embeddable":true,"href":"https:\/\/footdavant.fr\/actualites\/wp-json\/wp\/v2\/comments?post=1828"}],"version-history":[{"count":1,"href":"https:\/\/footdavant.fr\/actualites\/wp-json\/wp\/v2\/posts\/1828\/revisions"}],"predecessor-version":[{"id":1830,"href":"https:\/\/footdavant.fr\/actualites\/wp-json\/wp\/v2\/posts\/1828\/revisions\/1830"}],"wp:featuredmedia":[{"embeddable":true,"href":"https:\/\/footdavant.fr\/actualites\/wp-json\/wp\/v2\/media\/1829"}],"wp:attachment":[{"href":"https:\/\/footdavant.fr\/actualites\/wp-json\/wp\/v2\/media?parent=1828"}],"wp:term":[{"taxonomy":"category","embeddable":true,"href":"https:\/\/footdavant.fr\/actualites\/wp-json\/wp\/v2\/categories?post=1828"},{"taxonomy":"post_tag","embeddable":true,"href":"https:\/\/footdavant.fr\/actualites\/wp-json\/wp\/v2\/tags?post=1828"}],"curies":[{"name":"wp","href":"https:\/\/api.w.org\/{rel}","templated":true}]}}