{"id":18379,"date":"2025-01-07T10:48:13","date_gmt":"2025-01-07T09:48:13","guid":{"rendered":"https:\/\/footdavant.fr\/actualites\/le-capitaine-de-man-united-bruno-fernandes-admet-sa-frustration-suite-a-la-demonstration-animee-des-red-devils-a-anfield\/"},"modified":"2025-01-07T10:48:14","modified_gmt":"2025-01-07T09:48:14","slug":"le-capitaine-de-man-united-bruno-fernandes-admet-sa-frustration-suite-a-la-demonstration-animee-des-red-devils-a-anfield","status":"publish","type":"post","link":"https:\/\/footdavant.fr\/actualites\/le-capitaine-de-man-united-bruno-fernandes-admet-sa-frustration-suite-a-la-demonstration-animee-des-red-devils-a-anfield\/","title":{"rendered":"Le capitaine de Man United, Bruno Fernandes, admet sa frustration suite \u00e0 la d\u00e9monstration anim\u00e9e des Red Devils \u00e0 Anfield"},"content":{"rendered":"<p>Le capitaine de Manchester United, Bruno Fernandes, a d\u00e9clar\u00e9 qu&#39;il \u00e9tait \u00ab\u00a0assez contrari\u00e9\u00a0\u00bb par son \u00e9quipe apr\u00e8s le match nul 2-2 de dimanche contre Liverpool en Premier League.<\/p>\n<div id=\"article_body\" itemprop=\"articleBody\">\n<h3 class=\"firstPara\">\n<strong class=\"autotag\">Manchester United<\/strong> capitaine <strong class=\"autotag\">Bruno Fernandes<\/strong> a d\u00e9clar\u00e9 qu&#39;il \u00e9tait \u00ab\u00a0assez contrari\u00e9\u00a0\u00bb par le fait que son \u00e9quipe ait suivi <strong>Match nul 2-2 dimanche<\/strong> avec <strong class=\"autotag\">Liverpool<\/strong> en Premier League.<\/h3>\n<p>Les Red Devils ont r\u00e9alis\u00e9 une performance pleine d&#39;entrain \u00e0 Anfield, menant 1-0 avant de devoir revenir 2-1 pour s&#39;assurer une part du butin contre les leaders de la division.<\/p>\n<p><strong class=\"autotag\">Amad Diallo<\/strong>L&#39;effort de 80e minute a suffi \u00e0 Man United pour remporter un point, et c&#39;\u00e9tait sans doute sa meilleure performance depuis <strong class=\"autotag\">Ruben Amorim<\/strong>l&#39;arriv\u00e9e de en tant qu&#39;entra\u00eeneur-chef.<\/p>\n<p>Fernandes a admis qu&#39;il \u00e9tait \u00ab\u00a0assez boulevers\u00e9\u00a0\u00bb apr\u00e8s le match, alors que le capitaine du club se demandait pourquoi son \u00e9quipe n&#39;\u00e9tait pas en mesure de performer \u00e0 ce niveau sur une base hebdomadaire.<\/p>\n<p class=\"imgI\">\n<h2 class=\"k3\">Man United a remport\u00e9 un point m\u00e9rit\u00e9 \u00e0 Anfield<\/h2>\n<p>\u00ab\u00a0Nous avons \u00e9t\u00e9 critiqu\u00e9s et \u00e0 juste titre. Notre position au classement veut tout dire, nous avons perdu trop de points. M\u00eame aujourd&#39;hui, nous ne pouvons pas nous contenter d&#39;un point. Nous avons besoin de points et nous aurions pu gagner le match \u00e0 la fin du match. fin, mais c&#39;est un r\u00e9sultat juste. Les deux \u00e9quipes ont jou\u00e9 un bon football\u00a0\u00bb, a d\u00e9clar\u00e9 Fernandes. <em>Actualit\u00e9s Sky Sports<\/em>.<\/p>\n<p>\u00ab\u00a0Je suis assez contrari\u00e9. Si nous montrons ce niveau \u00e0 Liverpool, premier en championnat, pourquoi ne pouvons-nous pas faire cela partout ? Cela me frustre. De plus, j&#39;ai finalement fait une bonne performance. Nous avons dit que nous avions besoin de beaucoup plus de nous-m\u00eames. pour tirer le meilleur parti de cette saison.<\/p>\n<p>\u00ab\u00a0\u00catre men\u00e9 2-1 puis marquer, c&#39;est bien de marquer un point mais nous en avons besoin de plus. Maintenant, nous avons un match nul en FA Cup \u00e0 Arsenal et \u00e7a va \u00eatre tr\u00e8s difficile mais nous voulons \u00e0 nouveau atteindre la finale.<\/p>\n<p>\u00ab\u00a0Nous savons \u00e0 quel point il est difficile de jouer contre Liverpool. Aujourd&#39;hui, nous avons fait un r\u00e9el effort dans le jeu, jouer avec passion et c\u0153ur, c&#39;est ce qui va vous apporter quelque chose du match. Vous devez faire des efforts et c&#39;est pourquoi nous avons pris quelque chose d&#39;aujourd&#39;hui.<\/p>\n<p>\u00ab\u00a0Cela ne peut pas s&#39;arr\u00eater l\u00e0. Nous devons apporter cette frustration au prochain match pour comprendre que cela doit \u00eatre le niveau. Si nous pouvons le faire \u00e0 Anfield, nous devons le faire partout.\u00a0\u00bb<\/p>\n<p class=\"imgI\"><img decoding=\"async\" loading=\"lazy\" class=\"l\" src=\"https:\/\/footdavant.fr\/actualites\/wp-content\/uploads\/2025\/01\/1736243293_997_Le-capitaine-de-Man-United-Bruno-Fernandes-admet-sa-frustration.jpg\" title=\"Le capitaine de Manchester United, Bruno Fernandes, le 22 d\u00e9cembre 2024\" alt=\"Le capitaine de Manchester United, Bruno Fernandes, le 22 d\u00e9cembre 2024\" width=\"640\" height=\"480\"><\/p>\n<h2 class=\"k3\">Quelle est la prochaine \u00e9tape pour Man United ?<\/h2>\n<p>Le tirage au sort \u00e0 Liverpool a permis \u00e0 Man United de gagner une place dans le classement. <strong>Tableau de la Premier League<\/strong> \u00e0 la 13e place, les Red Devils \u00e9tant d\u00e9sormais \u00e0 un point de Tottenham Hotspur, 12e.<\/p>\n<p>Les 20 fois champions d&#39;Angleterre seront de retour en action contre Arsenal au troisi\u00e8me tour de la FA Cup le week-end prochain, avant d&#39;affronter Southampton et Brighton &#038; Hove Albion lors de matchs successifs \u00e0 domicile en Premier League les 16 et 19 janvier respectivement.<\/p>\n<div class=\"author_box\">\n<div class=\"author_box_banner\">\n<img decoding=\"async\" class=\"author_img\" src=\"https:\/\/footdavant.fr\/actualites\/wp-content\/uploads\/2025\/01\/1736243293_637_Le-capitaine-de-Man-United-Bruno-Fernandes-admet-sa-frustration.jpg\"><\/p>\n<\/div>\n<\/div>\n<\/div>\n","protected":false},"excerpt":{"rendered":"<p>Le capitaine de Manchester United, Bruno Fernandes, a d\u00e9clar\u00e9 qu&#39;il \u00e9tait \u00ab\u00a0assez contrari\u00e9\u00a0\u00bb par son \u00e9quipe apr\u00e8s le match nul 2-2 de dimanche contre Liverpool<\/p>\n","protected":false},"author":1,"featured_media":18380,"comment_status":"closed","ping_status":"","sticky":false,"template":"","format":"standard","meta":{"footnotes":""},"categories":[5],"tags":[1266,1929,7578,138,141,4727,12,265,139,4752,24,536,936,13],"yoast_head":"<!-- This site is optimized with the Yoast SEO plugin v21.0 - https:\/\/yoast.com\/wordpress\/plugins\/seo\/ -->\n<title>Le capitaine de Man United, Bruno Fernandes, admet sa frustration suite \u00e0 la d\u00e9monstration anim\u00e9e des Red Devils \u00e0 Anfield<\/title>\n<meta name=\"robots\" content=\"index, follow, max-snippet:-1, max-image-preview:large, max-video-preview:-1\" \/>\n<link rel=\"canonical\" href=\"https:\/\/footdavant.fr\/actualites\/le-capitaine-de-man-united-bruno-fernandes-admet-sa-frustration-suite-a-la-demonstration-animee-des-red-devils-a-anfield\/\" \/>\n<meta property=\"og:locale\" content=\"fr_FR\" \/>\n<meta property=\"og:type\" content=\"article\" \/>\n<meta property=\"og:title\" content=\"Le capitaine de Man United, Bruno Fernandes, admet sa frustration suite \u00e0 la d\u00e9monstration anim\u00e9e des Red Devils \u00e0 Anfield\" \/>\n<meta property=\"og:description\" content=\"Le capitaine de Manchester United, Bruno Fernandes, a d\u00e9clar\u00e9 qu&#039;il \u00e9tait \u00ab\u00a0assez contrari\u00e9\u00a0\u00bb par son \u00e9quipe apr\u00e8s le match nul 2-2 de dimanche contre Liverpool\" \/>\n<meta property=\"og:url\" content=\"https:\/\/footdavant.fr\/actualites\/le-capitaine-de-man-united-bruno-fernandes-admet-sa-frustration-suite-a-la-demonstration-animee-des-red-devils-a-anfield\/\" \/>\n<meta property=\"og:site_name\" content=\"Foot d&#039;avant\" \/>\n<meta property=\"article:publisher\" content=\"https:\/\/www.facebook.com\/Footdavant\/\" \/>\n<meta property=\"article:published_time\" content=\"2025-01-07T09:48:13+00:00\" \/>\n<meta property=\"article:modified_time\" content=\"2025-01-07T09:48:14+00:00\" \/>\n<meta property=\"og:image\" content=\"https:\/\/footdavant.fr\/actualites\/wp-content\/uploads\/2025\/01\/Le-capitaine-de-Man-United-Bruno-Fernandes-admet-sa-frustration.jpg\" \/>\n\t<meta property=\"og:image:width\" content=\"640\" \/>\n\t<meta property=\"og:image:height\" content=\"480\" \/>\n\t<meta property=\"og:image:type\" content=\"image\/jpeg\" \/>\n<meta name=\"author\" content=\"Cl\u00e9ment\" \/>\n<meta name=\"twitter:card\" content=\"summary_large_image\" \/>\n<meta name=\"twitter:creator\" content=\"@FootdavantFr\" \/>\n<meta name=\"twitter:site\" content=\"@FootdavantFr\" \/>\n<meta name=\"twitter:label1\" content=\"\u00c9crit par\" \/>\n\t<meta name=\"twitter:data1\" content=\"Cl\u00e9ment\" \/>\n\t<meta name=\"twitter:label2\" content=\"Dur\u00e9e de lecture estim\u00e9e\" \/>\n\t<meta name=\"twitter:data2\" content=\"3 minutes\" \/>\n<script type=\"application\/ld+json\" class=\"yoast-schema-graph\">{\"@context\":\"https:\/\/schema.org\",\"@graph\":[{\"@type\":\"Article\",\"@id\":\"https:\/\/footdavant.fr\/actualites\/le-capitaine-de-man-united-bruno-fernandes-admet-sa-frustration-suite-a-la-demonstration-animee-des-red-devils-a-anfield\/#article\",\"isPartOf\":{\"@id\":\"https:\/\/footdavant.fr\/actualites\/le-capitaine-de-man-united-bruno-fernandes-admet-sa-frustration-suite-a-la-demonstration-animee-des-red-devils-a-anfield\/\"},\"author\":{\"name\":\"Cl\u00e9ment\",\"@id\":\"https:\/\/footdavant.fr\/actualites\/#\/schema\/person\/bc222566d95871b37e597b3ed3ba5e1d\"},\"headline\":\"Le capitaine de Man United, Bruno Fernandes, admet sa frustration suite \u00e0 la d\u00e9monstration anim\u00e9e des Red Devils \u00e0 Anfield\",\"datePublished\":\"2025-01-07T09:48:13+00:00\",\"dateModified\":\"2025-01-07T09:48:14+00:00\",\"mainEntityOfPage\":{\"@id\":\"https:\/\/footdavant.fr\/actualites\/le-capitaine-de-man-united-bruno-fernandes-admet-sa-frustration-suite-a-la-demonstration-animee-des-red-devils-a-anfield\/\"},\"wordCount\":540,\"publisher\":{\"@id\":\"https:\/\/footdavant.fr\/actualites\/#organization\"},\"keywords\":[\"admet\",\"Anfield\",\"anim\u00e9e\",\"Bruno\",\"capitaine\",\"d\u00e9monstration\",\"des\",\"Devils\",\"Fernandes\",\"frustration\",\"Man\",\"Red\",\"suite\",\"United\"],\"articleSection\":[\"Premier League\"],\"inLanguage\":\"fr-FR\"},{\"@type\":\"WebPage\",\"@id\":\"https:\/\/footdavant.fr\/actualites\/le-capitaine-de-man-united-bruno-fernandes-admet-sa-frustration-suite-a-la-demonstration-animee-des-red-devils-a-anfield\/\",\"url\":\"https:\/\/footdavant.fr\/actualites\/le-capitaine-de-man-united-bruno-fernandes-admet-sa-frustration-suite-a-la-demonstration-animee-des-red-devils-a-anfield\/\",\"name\":\"Le capitaine de Man United, Bruno Fernandes, admet sa frustration suite \u00e0 la d\u00e9monstration anim\u00e9e des Red Devils \u00e0 Anfield\",\"isPartOf\":{\"@id\":\"https:\/\/footdavant.fr\/actualites\/#website\"},\"datePublished\":\"2025-01-07T09:48:13+00:00\",\"dateModified\":\"2025-01-07T09:48:14+00:00\",\"breadcrumb\":{\"@id\":\"https:\/\/footdavant.fr\/actualites\/le-capitaine-de-man-united-bruno-fernandes-admet-sa-frustration-suite-a-la-demonstration-animee-des-red-devils-a-anfield\/#breadcrumb\"},\"inLanguage\":\"fr-FR\",\"potentialAction\":[{\"@type\":\"ReadAction\",\"target\":[\"https:\/\/footdavant.fr\/actualites\/le-capitaine-de-man-united-bruno-fernandes-admet-sa-frustration-suite-a-la-demonstration-animee-des-red-devils-a-anfield\/\"]}]},{\"@type\":\"BreadcrumbList\",\"@id\":\"https:\/\/footdavant.fr\/actualites\/le-capitaine-de-man-united-bruno-fernandes-admet-sa-frustration-suite-a-la-demonstration-animee-des-red-devils-a-anfield\/#breadcrumb\",\"itemListElement\":[{\"@type\":\"ListItem\",\"position\":1,\"name\":\"Accueil\",\"item\":\"https:\/\/footdavant.fr\/actualites\/\"},{\"@type\":\"ListItem\",\"position\":2,\"name\":\"Le capitaine de Man United, Bruno Fernandes, admet sa frustration suite \u00e0 la d\u00e9monstration anim\u00e9e des Red Devils \u00e0 Anfield\"}]},{\"@type\":\"WebSite\",\"@id\":\"https:\/\/footdavant.fr\/actualites\/#website\",\"url\":\"https:\/\/footdavant.fr\/actualites\/\",\"name\":\"Foot d'avant\",\"description\":\"\",\"publisher\":{\"@id\":\"https:\/\/footdavant.fr\/actualites\/#organization\"},\"potentialAction\":[{\"@type\":\"SearchAction\",\"target\":{\"@type\":\"EntryPoint\",\"urlTemplate\":\"https:\/\/footdavant.fr\/actualites\/?s={search_term_string}\"},\"query-input\":\"required name=search_term_string\"}],\"inLanguage\":\"fr-FR\"},{\"@type\":\"Organization\",\"@id\":\"https:\/\/footdavant.fr\/actualites\/#organization\",\"name\":\"Foot d'avant\",\"url\":\"https:\/\/footdavant.fr\/actualites\/\",\"logo\":{\"@type\":\"ImageObject\",\"inLanguage\":\"fr-FR\",\"@id\":\"https:\/\/footdavant.fr\/actualites\/#\/schema\/logo\/image\/\",\"url\":\"https:\/\/footdavant.fr\/actualites\/wp-content\/uploads\/2023\/09\/Copy-of-FootDavant-Logo.png\",\"contentUrl\":\"https:\/\/footdavant.fr\/actualites\/wp-content\/uploads\/2023\/09\/Copy-of-FootDavant-Logo.png\",\"width\":936,\"height\":549,\"caption\":\"Foot d'avant\"},\"image\":{\"@id\":\"https:\/\/footdavant.fr\/actualites\/#\/schema\/logo\/image\/\"},\"sameAs\":[\"https:\/\/www.facebook.com\/Footdavant\/\",\"https:\/\/twitter.com\/FootdavantFr\",\"https:\/\/www.instagram.com\/footdavant.fr\/\"]},{\"@type\":\"Person\",\"@id\":\"https:\/\/footdavant.fr\/actualites\/#\/schema\/person\/bc222566d95871b37e597b3ed3ba5e1d\",\"name\":\"Cl\u00e9ment\",\"image\":{\"@type\":\"ImageObject\",\"inLanguage\":\"fr-FR\",\"@id\":\"https:\/\/footdavant.fr\/actualites\/#\/schema\/person\/image\/\",\"url\":\"https:\/\/secure.gravatar.com\/avatar\/7728b29aac2719421e1a9159b2254c44?s=96&d=mm&r=g\",\"contentUrl\":\"https:\/\/secure.gravatar.com\/avatar\/7728b29aac2719421e1a9159b2254c44?s=96&d=mm&r=g\",\"caption\":\"Cl\u00e9ment\"},\"sameAs\":[\"https:\/\/footdavant.fr\/\"]}]}<\/script>\n<!-- \/ Yoast SEO plugin. -->","yoast_head_json":{"title":"Le capitaine de Man United, Bruno Fernandes, admet sa frustration suite \u00e0 la d\u00e9monstration anim\u00e9e des Red Devils \u00e0 Anfield","robots":{"index":"index","follow":"follow","max-snippet":"max-snippet:-1","max-image-preview":"max-image-preview:large","max-video-preview":"max-video-preview:-1"},"canonical":"https:\/\/footdavant.fr\/actualites\/le-capitaine-de-man-united-bruno-fernandes-admet-sa-frustration-suite-a-la-demonstration-animee-des-red-devils-a-anfield\/","og_locale":"fr_FR","og_type":"article","og_title":"Le capitaine de Man United, Bruno Fernandes, admet sa frustration suite \u00e0 la d\u00e9monstration anim\u00e9e des Red Devils \u00e0 Anfield","og_description":"Le capitaine de Manchester United, Bruno Fernandes, a d\u00e9clar\u00e9 qu&#39;il \u00e9tait \u00ab\u00a0assez contrari\u00e9\u00a0\u00bb par son \u00e9quipe apr\u00e8s le match nul 2-2 de dimanche contre Liverpool","og_url":"https:\/\/footdavant.fr\/actualites\/le-capitaine-de-man-united-bruno-fernandes-admet-sa-frustration-suite-a-la-demonstration-animee-des-red-devils-a-anfield\/","og_site_name":"Foot d&#039;avant","article_publisher":"https:\/\/www.facebook.com\/Footdavant\/","article_published_time":"2025-01-07T09:48:13+00:00","article_modified_time":"2025-01-07T09:48:14+00:00","og_image":[{"width":640,"height":480,"url":"https:\/\/footdavant.fr\/actualites\/wp-content\/uploads\/2025\/01\/Le-capitaine-de-Man-United-Bruno-Fernandes-admet-sa-frustration.jpg","type":"image\/jpeg"}],"author":"Cl\u00e9ment","twitter_card":"summary_large_image","twitter_creator":"@FootdavantFr","twitter_site":"@FootdavantFr","twitter_misc":{"\u00c9crit par":"Cl\u00e9ment","Dur\u00e9e de lecture estim\u00e9e":"3 minutes"},"schema":{"@context":"https:\/\/schema.org","@graph":[{"@type":"Article","@id":"https:\/\/footdavant.fr\/actualites\/le-capitaine-de-man-united-bruno-fernandes-admet-sa-frustration-suite-a-la-demonstration-animee-des-red-devils-a-anfield\/#article","isPartOf":{"@id":"https:\/\/footdavant.fr\/actualites\/le-capitaine-de-man-united-bruno-fernandes-admet-sa-frustration-suite-a-la-demonstration-animee-des-red-devils-a-anfield\/"},"author":{"name":"Cl\u00e9ment","@id":"https:\/\/footdavant.fr\/actualites\/#\/schema\/person\/bc222566d95871b37e597b3ed3ba5e1d"},"headline":"Le capitaine de Man United, Bruno Fernandes, admet sa frustration suite \u00e0 la d\u00e9monstration anim\u00e9e des Red Devils \u00e0 Anfield","datePublished":"2025-01-07T09:48:13+00:00","dateModified":"2025-01-07T09:48:14+00:00","mainEntityOfPage":{"@id":"https:\/\/footdavant.fr\/actualites\/le-capitaine-de-man-united-bruno-fernandes-admet-sa-frustration-suite-a-la-demonstration-animee-des-red-devils-a-anfield\/"},"wordCount":540,"publisher":{"@id":"https:\/\/footdavant.fr\/actualites\/#organization"},"keywords":["admet","Anfield","anim\u00e9e","Bruno","capitaine","d\u00e9monstration","des","Devils","Fernandes","frustration","Man","Red","suite","United"],"articleSection":["Premier League"],"inLanguage":"fr-FR"},{"@type":"WebPage","@id":"https:\/\/footdavant.fr\/actualites\/le-capitaine-de-man-united-bruno-fernandes-admet-sa-frustration-suite-a-la-demonstration-animee-des-red-devils-a-anfield\/","url":"https:\/\/footdavant.fr\/actualites\/le-capitaine-de-man-united-bruno-fernandes-admet-sa-frustration-suite-a-la-demonstration-animee-des-red-devils-a-anfield\/","name":"Le capitaine de Man United, Bruno Fernandes, admet sa frustration suite \u00e0 la d\u00e9monstration anim\u00e9e des Red Devils \u00e0 Anfield","isPartOf":{"@id":"https:\/\/footdavant.fr\/actualites\/#website"},"datePublished":"2025-01-07T09:48:13+00:00","dateModified":"2025-01-07T09:48:14+00:00","breadcrumb":{"@id":"https:\/\/footdavant.fr\/actualites\/le-capitaine-de-man-united-bruno-fernandes-admet-sa-frustration-suite-a-la-demonstration-animee-des-red-devils-a-anfield\/#breadcrumb"},"inLanguage":"fr-FR","potentialAction":[{"@type":"ReadAction","target":["https:\/\/footdavant.fr\/actualites\/le-capitaine-de-man-united-bruno-fernandes-admet-sa-frustration-suite-a-la-demonstration-animee-des-red-devils-a-anfield\/"]}]},{"@type":"BreadcrumbList","@id":"https:\/\/footdavant.fr\/actualites\/le-capitaine-de-man-united-bruno-fernandes-admet-sa-frustration-suite-a-la-demonstration-animee-des-red-devils-a-anfield\/#breadcrumb","itemListElement":[{"@type":"ListItem","position":1,"name":"Accueil","item":"https:\/\/footdavant.fr\/actualites\/"},{"@type":"ListItem","position":2,"name":"Le capitaine de Man United, Bruno Fernandes, admet sa frustration suite \u00e0 la d\u00e9monstration anim\u00e9e des Red Devils \u00e0 Anfield"}]},{"@type":"WebSite","@id":"https:\/\/footdavant.fr\/actualites\/#website","url":"https:\/\/footdavant.fr\/actualites\/","name":"Foot d'avant","description":"","publisher":{"@id":"https:\/\/footdavant.fr\/actualites\/#organization"},"potentialAction":[{"@type":"SearchAction","target":{"@type":"EntryPoint","urlTemplate":"https:\/\/footdavant.fr\/actualites\/?s={search_term_string}"},"query-input":"required name=search_term_string"}],"inLanguage":"fr-FR"},{"@type":"Organization","@id":"https:\/\/footdavant.fr\/actualites\/#organization","name":"Foot d'avant","url":"https:\/\/footdavant.fr\/actualites\/","logo":{"@type":"ImageObject","inLanguage":"fr-FR","@id":"https:\/\/footdavant.fr\/actualites\/#\/schema\/logo\/image\/","url":"https:\/\/footdavant.fr\/actualites\/wp-content\/uploads\/2023\/09\/Copy-of-FootDavant-Logo.png","contentUrl":"https:\/\/footdavant.fr\/actualites\/wp-content\/uploads\/2023\/09\/Copy-of-FootDavant-Logo.png","width":936,"height":549,"caption":"Foot d'avant"},"image":{"@id":"https:\/\/footdavant.fr\/actualites\/#\/schema\/logo\/image\/"},"sameAs":["https:\/\/www.facebook.com\/Footdavant\/","https:\/\/twitter.com\/FootdavantFr","https:\/\/www.instagram.com\/footdavant.fr\/"]},{"@type":"Person","@id":"https:\/\/footdavant.fr\/actualites\/#\/schema\/person\/bc222566d95871b37e597b3ed3ba5e1d","name":"Cl\u00e9ment","image":{"@type":"ImageObject","inLanguage":"fr-FR","@id":"https:\/\/footdavant.fr\/actualites\/#\/schema\/person\/image\/","url":"https:\/\/secure.gravatar.com\/avatar\/7728b29aac2719421e1a9159b2254c44?s=96&d=mm&r=g","contentUrl":"https:\/\/secure.gravatar.com\/avatar\/7728b29aac2719421e1a9159b2254c44?s=96&d=mm&r=g","caption":"Cl\u00e9ment"},"sameAs":["https:\/\/footdavant.fr\/"]}]}},"_links":{"self":[{"href":"https:\/\/footdavant.fr\/actualites\/wp-json\/wp\/v2\/posts\/18379"}],"collection":[{"href":"https:\/\/footdavant.fr\/actualites\/wp-json\/wp\/v2\/posts"}],"about":[{"href":"https:\/\/footdavant.fr\/actualites\/wp-json\/wp\/v2\/types\/post"}],"author":[{"embeddable":true,"href":"https:\/\/footdavant.fr\/actualites\/wp-json\/wp\/v2\/users\/1"}],"replies":[{"embeddable":true,"href":"https:\/\/footdavant.fr\/actualites\/wp-json\/wp\/v2\/comments?post=18379"}],"version-history":[{"count":1,"href":"https:\/\/footdavant.fr\/actualites\/wp-json\/wp\/v2\/posts\/18379\/revisions"}],"predecessor-version":[{"id":18381,"href":"https:\/\/footdavant.fr\/actualites\/wp-json\/wp\/v2\/posts\/18379\/revisions\/18381"}],"wp:featuredmedia":[{"embeddable":true,"href":"https:\/\/footdavant.fr\/actualites\/wp-json\/wp\/v2\/media\/18380"}],"wp:attachment":[{"href":"https:\/\/footdavant.fr\/actualites\/wp-json\/wp\/v2\/media?parent=18379"}],"wp:term":[{"taxonomy":"category","embeddable":true,"href":"https:\/\/footdavant.fr\/actualites\/wp-json\/wp\/v2\/categories?post=18379"},{"taxonomy":"post_tag","embeddable":true,"href":"https:\/\/footdavant.fr\/actualites\/wp-json\/wp\/v2\/tags?post=18379"}],"curies":[{"name":"wp","href":"https:\/\/api.w.org\/{rel}","templated":true}]}}