{"id":1849,"date":"2023-12-02T21:48:38","date_gmt":"2023-12-02T20:48:38","guid":{"rendered":"https:\/\/footdavant.fr\/actualites\/bukayo-saka-rejoint-karim-benzema-et-luis-suarez-dans-le-groupe-exclusif-de-la-ligue-des-champions\/"},"modified":"2023-12-02T21:48:38","modified_gmt":"2023-12-02T20:48:38","slug":"bukayo-saka-rejoint-karim-benzema-et-luis-suarez-dans-le-groupe-exclusif-de-la-ligue-des-champions","status":"publish","type":"post","link":"https:\/\/footdavant.fr\/actualites\/bukayo-saka-rejoint-karim-benzema-et-luis-suarez-dans-le-groupe-exclusif-de-la-ligue-des-champions\/","title":{"rendered":"Bukayo Saka rejoint Karim Benzema et Luis Suarez dans le groupe exclusif de la Ligue des champions"},"content":{"rendered":"<p>L&rsquo;ailier d&rsquo;Arsenal Bukayo Saka rejoint Luis Suarez et Karim Benzema dans un groupe exclusif de Ligue des champions avec un but et une passe d\u00e9cisive lors de la d\u00e9faite 6-0 des Gunners contre Lens.<\/p>\n<div id=\"article_body\" itemprop=\"articleBody\">\n<h3 class=\"firstPara\">\n<strong class=\"autotag\">Arsenal<\/strong> ailier <strong class=\"autotag\">Bukayo Saka<\/strong> a rejoint <strong class=\"autotag\">Luis Suarez<\/strong> et <strong class=\"autotag\">Karim Benzema<\/strong> en exclusivit\u00e9 <strong class=\"autotag\">Ligue des champions<\/strong> club gr\u00e2ce \u00e0 sa contribution lors de la victoire 6-0 du groupe B mercredi contre <strong class=\"autotag\">Lentille<\/strong>.<\/h3>\n<p>En t\u00eate de l&rsquo;\u00e9quipe fran\u00e7aise et du PSV Eindhoven avec quatre points d&rsquo;avance avant l&rsquo;avant-derni\u00e8re journ\u00e9e, les Gunners auraient pu se qualifier pour les huiti\u00e8mes de finale sans toucher au ballon si ces derniers avaient perdu contre S\u00e9ville lors du coup d&rsquo;envoi pr\u00e9c\u00e9dent.<\/p>\n<p>La victoire 3-2 du PSV sur les vainqueurs de la Ligue Europa a mis \u00e0 mal cette id\u00e9e, mais <strong class=\"autotag\">Mikel Arteta<\/strong>Les hommes de savaient qu&rsquo;un point aux Emirats serait suffisant pour sceller leur top deux \u00e0 un match de la fin.<\/p>\n<p><strong class=\"autotag\">Arsenal<\/strong>Le jeu offensif d&rsquo;Arteta a laiss\u00e9 beaucoup \u00e0 d\u00e9sirer lors d&rsquo;une d\u00e9faite 2-1 contre Lens en octobre, qui marquait un troisi\u00e8me match de Ligue des Champions sans victoire contre Les Sang et Or, mais les hommes d&rsquo;Arteta ont d\u00e9chir\u00e9 leurs adversaires dans une premi\u00e8re impitoyable. demi-exposition dans le nord de Londres.<\/p>\n<p><strong class=\"autotag\">Kai Havertz<\/strong>, <strong class=\"autotag\">Gabriel J\u00e9sus<\/strong>Saka, <strong class=\"autotag\">Gabriel Martinelli<\/strong> et <strong class=\"autotag\">Martin Odegaard<\/strong> tous viol\u00e9s <strong class=\"autotag\">Brice Samba<\/strong>le but de lors des 45 premi\u00e8res minutes, avant <strong class=\"autotag\">Jorginho<\/strong>Le penalty tardif de a port\u00e9 le total des h\u00f4tes \u00e0 six, garantissant avec insistance qu&rsquo;ils se qualifieraient pour les huiti\u00e8mes de finale en tant que vainqueurs de groupe.<\/p>\n<p class=\"imgI\">\n<p>Plusieurs records d&rsquo;\u00e9quipe ont \u00e9t\u00e9 battus par le club du nord de Londres mercredi soir, mais il y a eu un exploit personnel notable pour Saka, qui a transmis le ballon \u00e0 Jesus avant de se marquer, alors que Samba parait un tir de Martinelli sur son chemin.<\/p>\n<p>Ce faisant, l&rsquo;international anglais a inscrit un but et une passe d\u00e9cisive pour le troisi\u00e8me match cons\u00e9cutif \u00e0 domicile de la Ligue des champions, apr\u00e8s en avoir \u00e9galement marqu\u00e9 un et en avoir r\u00e9alis\u00e9 un autre lors des victoires d&rsquo;Arsenal contre le PSV et S\u00e9ville.<\/p>\n<p>Depuis la campagne 2003-04, seuls Suarez et Benzema ont \u00e9galement marqu\u00e9 et aid\u00e9 lors de trois matches cons\u00e9cutifs \u00e0 domicile de la Ligue des Champions, le premier l&rsquo;ayant fait pour Barcelone, alors champion en titre, lors de la campagne 2015-16.<\/p>\n<p>Pendant ce temps, Benzema a inscrit un but et une passe d\u00e9cisive lors de quatre matches europ\u00e9ens cons\u00e9cutifs \u00e0 domicile pour le Real Madrid lors de la saison 2011-12, et Arteta \u00e9tait ravi de l&rsquo;approche \u00ab\u00a0agressive\u00a0\u00bb de Saka, lui permettant d&rsquo;\u00eatre au bon endroit au poste. bon moment pour marquer son objectif.<\/p>\n<p>\u00ab\u00a0C&rsquo;est un avantage diff\u00e9rent de marquer des buts moches \u00e9galement et d&rsquo;\u00eatre impliqu\u00e9 dans cette action qui donne un avantage \u00e0 votre co\u00e9quipier et il l&rsquo;a \u00e9galement fait contre Burnley lorsqu&rsquo;il a remport\u00e9 cette t\u00eate pour Leo, et c&rsquo;est un type d&rsquo;agression diff\u00e9rent qui est bon dans ce match et c&rsquo;est une chose vraiment positive \u00e0 voir\u00a0\u00bb, a d\u00e9clar\u00e9 Arteta lors de sa conf\u00e9rence de presse d&rsquo;apr\u00e8s-match.<\/p>\n<p class=\"imgI\"><img decoding=\"async\" loading=\"lazy\" class=\"l\" src=\"https:\/\/footdavant.fr\/actualites\/wp-content\/uploads\/2023\/12\/1701550118_889_Bukayo-Saka-rejoint-Karim-Benzema-et-Luis-Suarez-dans-le.jpg\" title=\"Mikel Arteta, manager d'Arsenal, photographi\u00e9 le 29 novembre 2023\" alt=\"Mikel Arteta, manager d'Arsenal, photographi\u00e9 le 29 novembre 2023\" width=\"640\" height=\"480\"><\/p>\n<p>En plus de l&rsquo;exploit remarquable de Saka, Jesus a \u00e9galement poursuivi son histoire d&rsquo;amour avec la Ligue des champions, devenant le premier joueur \u00e0 marquer lors de chacun de ses quatre premiers matchs du tournoi pour un club anglais.<\/p>\n<p>Avant l&rsquo;arriv\u00e9e calme de Jesus, le Br\u00e9silien a dirig\u00e9 le ballon vers Havertz pour marquer le premier match \u00e0 bout portant, ce qui a vu l&rsquo;ancien joueur de Chelsea s&rsquo;inscrire lors de matchs cons\u00e9cutifs apr\u00e8s son vainqueur contre Brentford ce week-end.<\/p>\n<p>Havertz avait d\u00e9j\u00e0 disput\u00e9 31 matchs sans but sans penalty avant sa t\u00eate au deuxi\u00e8me poteau contre Brentford, et Arteta s&rsquo;est montr\u00e9 lyrique \u00e0 propos de \u00ab\u00a0l&rsquo;\u00e9norme\u00a0\u00bb Allemand, ajoutant : \u00ab\u00a0Oui, marquer des buts, bien jouer, participer \u00e0 des victoires ; c&rsquo;est positif. les attributs. <\/p>\n<p>\u00ab\u00a0Vous avez vu l&rsquo;accueil de ses co\u00e9quipiers, le public chantant son nom et \u00e9tant avec lui dans chaque action positive qu&rsquo;il a r\u00e9alis\u00e9, ce sont toutes de bonnes choses qui vont l&rsquo;aider \u00e0 montrer pourquoi il est un joueur formidable.\u00a0\u00bb<\/p>\n<p>Garanti de terminer premier de son groupe europ\u00e9en, Arsenal revient samedi en Premier League contre Wolverhampton Wanderers dans le but de maintenir ou d&rsquo;augmenter son avance d&rsquo;un point sur Manchester City en t\u00eate du classement.<\/p>\n<\/div>\n","protected":false},"excerpt":{"rendered":"<p>L&rsquo;ailier d&rsquo;Arsenal Bukayo Saka rejoint Luis Suarez et Karim Benzema dans un groupe exclusif de Ligue des champions avec un but et une passe d\u00e9cisive<\/p>\n","protected":false},"author":1,"featured_media":1850,"comment_status":"closed","ping_status":"","sticky":false,"template":"","format":"standard","meta":{"footnotes":""},"categories":[4],"tags":[1841,865,31,19,12,1843,90,1840,30,240,1444,185,1842],"yoast_head":"<!-- This site is optimized with the Yoast SEO plugin v21.0 - https:\/\/yoast.com\/wordpress\/plugins\/seo\/ -->\n<title>Bukayo Saka rejoint Karim Benzema et Luis Suarez dans le groupe exclusif de la Ligue des champions<\/title>\n<meta name=\"robots\" content=\"index, follow, max-snippet:-1, max-image-preview:large, max-video-preview:-1\" \/>\n<link rel=\"canonical\" href=\"https:\/\/footdavant.fr\/actualites\/bukayo-saka-rejoint-karim-benzema-et-luis-suarez-dans-le-groupe-exclusif-de-la-ligue-des-champions\/\" \/>\n<meta property=\"og:locale\" content=\"fr_FR\" \/>\n<meta property=\"og:type\" content=\"article\" \/>\n<meta property=\"og:title\" content=\"Bukayo Saka rejoint Karim Benzema et Luis Suarez dans le groupe exclusif de la Ligue des champions\" \/>\n<meta property=\"og:description\" content=\"L&rsquo;ailier d&rsquo;Arsenal Bukayo Saka rejoint Luis Suarez et Karim Benzema dans un groupe exclusif de Ligue des champions avec un but et une passe d\u00e9cisive\" \/>\n<meta property=\"og:url\" content=\"https:\/\/footdavant.fr\/actualites\/bukayo-saka-rejoint-karim-benzema-et-luis-suarez-dans-le-groupe-exclusif-de-la-ligue-des-champions\/\" \/>\n<meta property=\"og:site_name\" content=\"Foot d&#039;avant\" \/>\n<meta property=\"article:publisher\" content=\"https:\/\/www.facebook.com\/Footdavant\/\" \/>\n<meta property=\"article:published_time\" content=\"2023-12-02T20:48:38+00:00\" \/>\n<meta property=\"og:image\" content=\"https:\/\/footdavant.fr\/actualites\/wp-content\/uploads\/2023\/12\/Bukayo-Saka-rejoint-Karim-Benzema-et-Luis-Suarez-dans-le.jpg\" \/>\n\t<meta property=\"og:image:width\" content=\"640\" \/>\n\t<meta property=\"og:image:height\" content=\"480\" \/>\n\t<meta property=\"og:image:type\" content=\"image\/jpeg\" \/>\n<meta name=\"author\" content=\"Cl\u00e9ment\" \/>\n<meta name=\"twitter:card\" content=\"summary_large_image\" \/>\n<meta name=\"twitter:creator\" content=\"@FootdavantFr\" \/>\n<meta name=\"twitter:site\" content=\"@FootdavantFr\" \/>\n<meta name=\"twitter:label1\" content=\"\u00c9crit par\" \/>\n\t<meta name=\"twitter:data1\" content=\"Cl\u00e9ment\" \/>\n\t<meta name=\"twitter:label2\" content=\"Dur\u00e9e de lecture estim\u00e9e\" \/>\n\t<meta name=\"twitter:data2\" content=\"4 minutes\" \/>\n<script type=\"application\/ld+json\" class=\"yoast-schema-graph\">{\"@context\":\"https:\/\/schema.org\",\"@graph\":[{\"@type\":\"Article\",\"@id\":\"https:\/\/footdavant.fr\/actualites\/bukayo-saka-rejoint-karim-benzema-et-luis-suarez-dans-le-groupe-exclusif-de-la-ligue-des-champions\/#article\",\"isPartOf\":{\"@id\":\"https:\/\/footdavant.fr\/actualites\/bukayo-saka-rejoint-karim-benzema-et-luis-suarez-dans-le-groupe-exclusif-de-la-ligue-des-champions\/\"},\"author\":{\"name\":\"Cl\u00e9ment\",\"@id\":\"https:\/\/footdavant.fr\/actualites\/#\/schema\/person\/bc222566d95871b37e597b3ed3ba5e1d\"},\"headline\":\"Bukayo Saka rejoint Karim Benzema et Luis Suarez dans le groupe exclusif de la Ligue des champions\",\"datePublished\":\"2023-12-02T20:48:38+00:00\",\"dateModified\":\"2023-12-02T20:48:38+00:00\",\"mainEntityOfPage\":{\"@id\":\"https:\/\/footdavant.fr\/actualites\/bukayo-saka-rejoint-karim-benzema-et-luis-suarez-dans-le-groupe-exclusif-de-la-ligue-des-champions\/\"},\"wordCount\":755,\"publisher\":{\"@id\":\"https:\/\/footdavant.fr\/actualites\/#organization\"},\"keywords\":[\"Benzema\",\"Bukayo\",\"champions\",\"dans\",\"des\",\"exclusif\",\"Groupe\",\"Karim\",\"Ligue\",\"Luis\",\"rejoint\",\"Saka\",\"Suarez\"],\"articleSection\":[\"Champions League\"],\"inLanguage\":\"fr-FR\"},{\"@type\":\"WebPage\",\"@id\":\"https:\/\/footdavant.fr\/actualites\/bukayo-saka-rejoint-karim-benzema-et-luis-suarez-dans-le-groupe-exclusif-de-la-ligue-des-champions\/\",\"url\":\"https:\/\/footdavant.fr\/actualites\/bukayo-saka-rejoint-karim-benzema-et-luis-suarez-dans-le-groupe-exclusif-de-la-ligue-des-champions\/\",\"name\":\"Bukayo Saka rejoint Karim Benzema et Luis Suarez dans le groupe exclusif de la Ligue des champions\",\"isPartOf\":{\"@id\":\"https:\/\/footdavant.fr\/actualites\/#website\"},\"datePublished\":\"2023-12-02T20:48:38+00:00\",\"dateModified\":\"2023-12-02T20:48:38+00:00\",\"breadcrumb\":{\"@id\":\"https:\/\/footdavant.fr\/actualites\/bukayo-saka-rejoint-karim-benzema-et-luis-suarez-dans-le-groupe-exclusif-de-la-ligue-des-champions\/#breadcrumb\"},\"inLanguage\":\"fr-FR\",\"potentialAction\":[{\"@type\":\"ReadAction\",\"target\":[\"https:\/\/footdavant.fr\/actualites\/bukayo-saka-rejoint-karim-benzema-et-luis-suarez-dans-le-groupe-exclusif-de-la-ligue-des-champions\/\"]}]},{\"@type\":\"BreadcrumbList\",\"@id\":\"https:\/\/footdavant.fr\/actualites\/bukayo-saka-rejoint-karim-benzema-et-luis-suarez-dans-le-groupe-exclusif-de-la-ligue-des-champions\/#breadcrumb\",\"itemListElement\":[{\"@type\":\"ListItem\",\"position\":1,\"name\":\"Accueil\",\"item\":\"https:\/\/footdavant.fr\/actualites\/\"},{\"@type\":\"ListItem\",\"position\":2,\"name\":\"Bukayo Saka rejoint Karim Benzema et Luis Suarez dans le groupe exclusif de la Ligue des champions\"}]},{\"@type\":\"WebSite\",\"@id\":\"https:\/\/footdavant.fr\/actualites\/#website\",\"url\":\"https:\/\/footdavant.fr\/actualites\/\",\"name\":\"Foot d'avant\",\"description\":\"\",\"publisher\":{\"@id\":\"https:\/\/footdavant.fr\/actualites\/#organization\"},\"potentialAction\":[{\"@type\":\"SearchAction\",\"target\":{\"@type\":\"EntryPoint\",\"urlTemplate\":\"https:\/\/footdavant.fr\/actualites\/?s={search_term_string}\"},\"query-input\":\"required name=search_term_string\"}],\"inLanguage\":\"fr-FR\"},{\"@type\":\"Organization\",\"@id\":\"https:\/\/footdavant.fr\/actualites\/#organization\",\"name\":\"Foot d'avant\",\"url\":\"https:\/\/footdavant.fr\/actualites\/\",\"logo\":{\"@type\":\"ImageObject\",\"inLanguage\":\"fr-FR\",\"@id\":\"https:\/\/footdavant.fr\/actualites\/#\/schema\/logo\/image\/\",\"url\":\"https:\/\/footdavant.fr\/actualites\/wp-content\/uploads\/2023\/09\/Copy-of-FootDavant-Logo.png\",\"contentUrl\":\"https:\/\/footdavant.fr\/actualites\/wp-content\/uploads\/2023\/09\/Copy-of-FootDavant-Logo.png\",\"width\":936,\"height\":549,\"caption\":\"Foot d'avant\"},\"image\":{\"@id\":\"https:\/\/footdavant.fr\/actualites\/#\/schema\/logo\/image\/\"},\"sameAs\":[\"https:\/\/www.facebook.com\/Footdavant\/\",\"https:\/\/twitter.com\/FootdavantFr\",\"https:\/\/www.instagram.com\/footdavant.fr\/\"]},{\"@type\":\"Person\",\"@id\":\"https:\/\/footdavant.fr\/actualites\/#\/schema\/person\/bc222566d95871b37e597b3ed3ba5e1d\",\"name\":\"Cl\u00e9ment\",\"image\":{\"@type\":\"ImageObject\",\"inLanguage\":\"fr-FR\",\"@id\":\"https:\/\/footdavant.fr\/actualites\/#\/schema\/person\/image\/\",\"url\":\"https:\/\/secure.gravatar.com\/avatar\/7728b29aac2719421e1a9159b2254c44?s=96&d=mm&r=g\",\"contentUrl\":\"https:\/\/secure.gravatar.com\/avatar\/7728b29aac2719421e1a9159b2254c44?s=96&d=mm&r=g\",\"caption\":\"Cl\u00e9ment\"},\"sameAs\":[\"https:\/\/footdavant.fr\/\"]}]}<\/script>\n<!-- \/ Yoast SEO plugin. -->","yoast_head_json":{"title":"Bukayo Saka rejoint Karim Benzema et Luis Suarez dans le groupe exclusif de la Ligue des champions","robots":{"index":"index","follow":"follow","max-snippet":"max-snippet:-1","max-image-preview":"max-image-preview:large","max-video-preview":"max-video-preview:-1"},"canonical":"https:\/\/footdavant.fr\/actualites\/bukayo-saka-rejoint-karim-benzema-et-luis-suarez-dans-le-groupe-exclusif-de-la-ligue-des-champions\/","og_locale":"fr_FR","og_type":"article","og_title":"Bukayo Saka rejoint Karim Benzema et Luis Suarez dans le groupe exclusif de la Ligue des champions","og_description":"L&rsquo;ailier d&rsquo;Arsenal Bukayo Saka rejoint Luis Suarez et Karim Benzema dans un groupe exclusif de Ligue des champions avec un but et une passe d\u00e9cisive","og_url":"https:\/\/footdavant.fr\/actualites\/bukayo-saka-rejoint-karim-benzema-et-luis-suarez-dans-le-groupe-exclusif-de-la-ligue-des-champions\/","og_site_name":"Foot d&#039;avant","article_publisher":"https:\/\/www.facebook.com\/Footdavant\/","article_published_time":"2023-12-02T20:48:38+00:00","og_image":[{"width":640,"height":480,"url":"https:\/\/footdavant.fr\/actualites\/wp-content\/uploads\/2023\/12\/Bukayo-Saka-rejoint-Karim-Benzema-et-Luis-Suarez-dans-le.jpg","type":"image\/jpeg"}],"author":"Cl\u00e9ment","twitter_card":"summary_large_image","twitter_creator":"@FootdavantFr","twitter_site":"@FootdavantFr","twitter_misc":{"\u00c9crit par":"Cl\u00e9ment","Dur\u00e9e de lecture estim\u00e9e":"4 minutes"},"schema":{"@context":"https:\/\/schema.org","@graph":[{"@type":"Article","@id":"https:\/\/footdavant.fr\/actualites\/bukayo-saka-rejoint-karim-benzema-et-luis-suarez-dans-le-groupe-exclusif-de-la-ligue-des-champions\/#article","isPartOf":{"@id":"https:\/\/footdavant.fr\/actualites\/bukayo-saka-rejoint-karim-benzema-et-luis-suarez-dans-le-groupe-exclusif-de-la-ligue-des-champions\/"},"author":{"name":"Cl\u00e9ment","@id":"https:\/\/footdavant.fr\/actualites\/#\/schema\/person\/bc222566d95871b37e597b3ed3ba5e1d"},"headline":"Bukayo Saka rejoint Karim Benzema et Luis Suarez dans le groupe exclusif de la Ligue des champions","datePublished":"2023-12-02T20:48:38+00:00","dateModified":"2023-12-02T20:48:38+00:00","mainEntityOfPage":{"@id":"https:\/\/footdavant.fr\/actualites\/bukayo-saka-rejoint-karim-benzema-et-luis-suarez-dans-le-groupe-exclusif-de-la-ligue-des-champions\/"},"wordCount":755,"publisher":{"@id":"https:\/\/footdavant.fr\/actualites\/#organization"},"keywords":["Benzema","Bukayo","champions","dans","des","exclusif","Groupe","Karim","Ligue","Luis","rejoint","Saka","Suarez"],"articleSection":["Champions League"],"inLanguage":"fr-FR"},{"@type":"WebPage","@id":"https:\/\/footdavant.fr\/actualites\/bukayo-saka-rejoint-karim-benzema-et-luis-suarez-dans-le-groupe-exclusif-de-la-ligue-des-champions\/","url":"https:\/\/footdavant.fr\/actualites\/bukayo-saka-rejoint-karim-benzema-et-luis-suarez-dans-le-groupe-exclusif-de-la-ligue-des-champions\/","name":"Bukayo Saka rejoint Karim Benzema et Luis Suarez dans le groupe exclusif de la Ligue des champions","isPartOf":{"@id":"https:\/\/footdavant.fr\/actualites\/#website"},"datePublished":"2023-12-02T20:48:38+00:00","dateModified":"2023-12-02T20:48:38+00:00","breadcrumb":{"@id":"https:\/\/footdavant.fr\/actualites\/bukayo-saka-rejoint-karim-benzema-et-luis-suarez-dans-le-groupe-exclusif-de-la-ligue-des-champions\/#breadcrumb"},"inLanguage":"fr-FR","potentialAction":[{"@type":"ReadAction","target":["https:\/\/footdavant.fr\/actualites\/bukayo-saka-rejoint-karim-benzema-et-luis-suarez-dans-le-groupe-exclusif-de-la-ligue-des-champions\/"]}]},{"@type":"BreadcrumbList","@id":"https:\/\/footdavant.fr\/actualites\/bukayo-saka-rejoint-karim-benzema-et-luis-suarez-dans-le-groupe-exclusif-de-la-ligue-des-champions\/#breadcrumb","itemListElement":[{"@type":"ListItem","position":1,"name":"Accueil","item":"https:\/\/footdavant.fr\/actualites\/"},{"@type":"ListItem","position":2,"name":"Bukayo Saka rejoint Karim Benzema et Luis Suarez dans le groupe exclusif de la Ligue des champions"}]},{"@type":"WebSite","@id":"https:\/\/footdavant.fr\/actualites\/#website","url":"https:\/\/footdavant.fr\/actualites\/","name":"Foot d'avant","description":"","publisher":{"@id":"https:\/\/footdavant.fr\/actualites\/#organization"},"potentialAction":[{"@type":"SearchAction","target":{"@type":"EntryPoint","urlTemplate":"https:\/\/footdavant.fr\/actualites\/?s={search_term_string}"},"query-input":"required name=search_term_string"}],"inLanguage":"fr-FR"},{"@type":"Organization","@id":"https:\/\/footdavant.fr\/actualites\/#organization","name":"Foot d'avant","url":"https:\/\/footdavant.fr\/actualites\/","logo":{"@type":"ImageObject","inLanguage":"fr-FR","@id":"https:\/\/footdavant.fr\/actualites\/#\/schema\/logo\/image\/","url":"https:\/\/footdavant.fr\/actualites\/wp-content\/uploads\/2023\/09\/Copy-of-FootDavant-Logo.png","contentUrl":"https:\/\/footdavant.fr\/actualites\/wp-content\/uploads\/2023\/09\/Copy-of-FootDavant-Logo.png","width":936,"height":549,"caption":"Foot d'avant"},"image":{"@id":"https:\/\/footdavant.fr\/actualites\/#\/schema\/logo\/image\/"},"sameAs":["https:\/\/www.facebook.com\/Footdavant\/","https:\/\/twitter.com\/FootdavantFr","https:\/\/www.instagram.com\/footdavant.fr\/"]},{"@type":"Person","@id":"https:\/\/footdavant.fr\/actualites\/#\/schema\/person\/bc222566d95871b37e597b3ed3ba5e1d","name":"Cl\u00e9ment","image":{"@type":"ImageObject","inLanguage":"fr-FR","@id":"https:\/\/footdavant.fr\/actualites\/#\/schema\/person\/image\/","url":"https:\/\/secure.gravatar.com\/avatar\/7728b29aac2719421e1a9159b2254c44?s=96&d=mm&r=g","contentUrl":"https:\/\/secure.gravatar.com\/avatar\/7728b29aac2719421e1a9159b2254c44?s=96&d=mm&r=g","caption":"Cl\u00e9ment"},"sameAs":["https:\/\/footdavant.fr\/"]}]}},"_links":{"self":[{"href":"https:\/\/footdavant.fr\/actualites\/wp-json\/wp\/v2\/posts\/1849"}],"collection":[{"href":"https:\/\/footdavant.fr\/actualites\/wp-json\/wp\/v2\/posts"}],"about":[{"href":"https:\/\/footdavant.fr\/actualites\/wp-json\/wp\/v2\/types\/post"}],"author":[{"embeddable":true,"href":"https:\/\/footdavant.fr\/actualites\/wp-json\/wp\/v2\/users\/1"}],"replies":[{"embeddable":true,"href":"https:\/\/footdavant.fr\/actualites\/wp-json\/wp\/v2\/comments?post=1849"}],"version-history":[{"count":1,"href":"https:\/\/footdavant.fr\/actualites\/wp-json\/wp\/v2\/posts\/1849\/revisions"}],"predecessor-version":[{"id":1851,"href":"https:\/\/footdavant.fr\/actualites\/wp-json\/wp\/v2\/posts\/1849\/revisions\/1851"}],"wp:featuredmedia":[{"embeddable":true,"href":"https:\/\/footdavant.fr\/actualites\/wp-json\/wp\/v2\/media\/1850"}],"wp:attachment":[{"href":"https:\/\/footdavant.fr\/actualites\/wp-json\/wp\/v2\/media?parent=1849"}],"wp:term":[{"taxonomy":"category","embeddable":true,"href":"https:\/\/footdavant.fr\/actualites\/wp-json\/wp\/v2\/categories?post=1849"},{"taxonomy":"post_tag","embeddable":true,"href":"https:\/\/footdavant.fr\/actualites\/wp-json\/wp\/v2\/tags?post=1849"}],"curies":[{"name":"wp","href":"https:\/\/api.w.org\/{rel}","templated":true}]}}