{"id":18580,"date":"2025-01-13T06:48:05","date_gmt":"2025-01-13T05:48:05","guid":{"rendered":"https:\/\/footdavant.fr\/actualites\/man-united-intensifie-linteret-des-attaquants-alors-que-des-pourparlers-de-transfert-tres-specifiques-ont-lieu-avec-les-geants-europeens\/"},"modified":"2025-01-13T06:48:06","modified_gmt":"2025-01-13T05:48:06","slug":"man-united-intensifie-linteret-des-attaquants-alors-que-des-pourparlers-de-transfert-tres-specifiques-ont-lieu-avec-les-geants-europeens","status":"publish","type":"post","link":"https:\/\/footdavant.fr\/actualites\/man-united-intensifie-linteret-des-attaquants-alors-que-des-pourparlers-de-transfert-tres-specifiques-ont-lieu-avec-les-geants-europeens\/","title":{"rendered":"Man United \u00ab\u00a0intensifie\u00a0\u00bb l&#39;int\u00e9r\u00eat des attaquants alors que des pourparlers de transfert \u00ab\u00a0tr\u00e8s sp\u00e9cifiques\u00a0\u00bb ont lieu avec les g\u00e9ants europ\u00e9ens"},"content":{"rendered":"<p>Manchester United aurait accru son int\u00e9r\u00eat pour l&#39;attaquant du Paris Saint-Germain Randal Kolo Muani, les Red Devils faisant pression pour le signer.<\/p>\n<div id=\"article_body\" itemprop=\"articleBody\">\n<h3 class=\"firstPara\">\n<strong class=\"autotag\">Manchester United<\/strong> auraient accru leur int\u00e9r\u00eat pour <strong class=\"autotag\">Paris Saint-Germain<\/strong> avant <strong class=\"autotag\">Randal Kolo Muani<\/strong>les Diables Rouges faisant d\u00e9sormais pression pour recruter l&#39;international fran\u00e7ais lors du mercato de janvier.<\/h3>\n<p>Il y a actuellement beaucoup de sp\u00e9culations autour de l&#39;avenir de Kolo Muani, l&#39;attaquant \u00e9tant autoris\u00e9 \u00e0 quitter les champions de France ce mois-ci, et il y aurait un int\u00e9r\u00eat de la part de personnalit\u00e9s comme <strong class=\"autotag\">Chelsea<\/strong>, <strong class=\"autotag\">Tottenham Hotspur<\/strong> et <strong class=\"autotag\">Juve<\/strong>.<\/p>\n<p>Man United a \u00e9galement \u00e9t\u00e9 li\u00e9 au joueur de 26 ans, qui a marqu\u00e9 deux buts et enregistr\u00e9 une passe d\u00e9cisive en 14 apparitions pour les champions de France au cours de la campagne 2024-25.<\/p>\n<p>Selon un journaliste allemand <strong class=\"autotag\">Florian Plettenberg<\/strong>l&#39;int\u00e9r\u00eat du club anglais pour Kolo Muani est devenu \u00ab\u00a0plus concret\u00a0\u00bb, et ils font d\u00e9sormais \u00ab\u00a0tout leur possible\u00a0\u00bb pour tenter de le signer ce mois-ci.<\/p>\n<p>\u00ab Les efforts de Manchester United pour recruter Randal Kolo Muani deviennent de plus en plus concrets ! \u00ab Les Red Devils sont d\u00e9sormais d\u00e9termin\u00e9s \u00e0 faire tout leur possible pour assurer son transfert cet hiver. R\u00e9cemment, il y a eu des discussions tr\u00e8s sp\u00e9cifiques avec sa direction, et des n\u00e9gociations directes avec le Paris Saint-Germain devraient suivre\u00a0\u00bb, a d\u00e9clar\u00e9 Plettenberg sur son site Internet. <em>X<\/em> compte.<\/p>\n<p>\u00ab\u00a0Le #MUFC envisage un accord de pr\u00eat, id\u00e9alement avec une option d&#39;achat. Parmi les autres clubs encore en course figurent Chelsea, Aston Villa, Tottenham, la Juventus, l&#39;AC Milan et d&#39;autres.\u00a0\u00bb<\/p>\n<p class=\"imgI\">\n<h2 class=\"k3\">Man United \u00ab accro\u00eet son int\u00e9r\u00eat \u00bb pour Kolo Muani<\/h2>\n<p>Kolo Muani a rejoint le PSG en provenance de l&#39;Eintracht Francfort en septembre 2023, et il a repr\u00e9sent\u00e9 les g\u00e9ants fran\u00e7ais \u00e0 54 reprises, marquant 11 buts et enregistrant sept passes d\u00e9cisives.<\/p>\n<p>On pense que Man United a s\u00e9rieusement envisag\u00e9 de se diriger vers l&#39;attaquant \u00e0 l&#39;\u00e9t\u00e9 2023, mais a plut\u00f4t fait appel \u00e0 lui. <strong class=\"autotag\">Rasmus Hojlund<\/strong> d&#39;Atalante BC.<\/p>\n<p>Les Diables Rouges sont d\u00e9termin\u00e9s \u00e0 renforcer leur d\u00e9partement offensif ce mois-ci en raison de leurs probl\u00e8mes dans cette zone du terrain, tandis que le d\u00e9part attendu de <strong class=\"autotag\">Marcus Rashford<\/strong> ouvrira une place dans l\u2019\u00e9quipe.<\/p>\n<p><strong class=\"autotag\">Josu\u00e9 Zirkzee<\/strong> a \u00e9galement \u00e9t\u00e9 associ\u00e9e \u00e0 un d\u00e9part, m\u00eame si un rapport r\u00e9cent affirmait que l&#39;international n\u00e9erlandais <strong>restera \u00e0 Old Trafford<\/strong> malgr\u00e9 le ferme int\u00e9r\u00eat de plusieurs grands clubs italiens.<\/p>\n<p class=\"imgI\"><img decoding=\"async\" loading=\"lazy\" class=\"l\" src=\"https:\/\/footdavant.fr\/actualites\/wp-content\/uploads\/2025\/01\/1736747285_835_Man-United-intensifie-l39interet-des-attaquants-alors-que-des-pourparlers.jpg\" title=\"L&#39;attaquant du Paris Saint-Germain Randal Kolo Muani le 16 ao\u00fbt 2024\" alt=\"L&#39;attaquant du Paris Saint-Germain Randal Kolo Muani le 16 ao\u00fbt 2024\" width=\"640\" height=\"480\"><\/p>\n<h2 class=\"k3\">Pourquoi Man United veut-il signer Kolo Muani ?<\/h2>\n<p>Janvier est un mois incroyablement difficile pour faire des affaires, avec des clubs, pour des raisons \u00e9videntes, r\u00e9ticents \u00e0 laisser partir des joueurs importants en pleine campagne, mais Kolo Muani est disponible ce mois-ci.<\/p>\n<p>Le rythme et la force de Kolo Muani, en plus de sa polyvalence, le rendraient attrayant pour Man United, selon l&#39;entra\u00eeneur-chef du club anglais. <strong class=\"autotag\">Ruben Amorim<\/strong> on croit \u00eatre <strong>un fervent admirateur de ses talents<\/strong>.<\/p>\n<p>La capacit\u00e9 du Fran\u00e7ais \u00e0 \u00ab passer le temps derri\u00e8re les d\u00e9fenses \u00bb est consid\u00e9r\u00e9e comme l&#39;une des principales raisons pour lesquelles Amorim fait pression pour le signer, Hojlund et Zirkzee ayant tous deux des difficult\u00e9s lorsqu&#39;il s&#39;agit de cette comp\u00e9tence particuli\u00e8re.<\/p>\n<p>Kolo Muani a \u00e9galement eu un excellent bilan de but \u00e0 Francfort, trouvant le chemin des filets \u00e0 26 reprises en 50 apparitions, en plus d&#39;enregistrer 17 passes d\u00e9cisives, et il peut d\u00e9sormais poursuivre sa carri\u00e8re en Premier League apr\u00e8s une p\u00e9riode difficile \u00e0 Paris.<\/p>\n<div class=\"author_box\">\n<div class=\"author_box_banner\">\n<img decoding=\"async\" class=\"author_img\" src=\"https:\/\/footdavant.fr\/actualites\/wp-content\/uploads\/2025\/01\/1736747285_633_Man-United-intensifie-l39interet-des-attaquants-alors-que-des-pourparlers.jpg\"><\/p>\n<\/div>\n<\/div>\n<\/div>\n","protected":false},"excerpt":{"rendered":"<p>Manchester United aurait accru son int\u00e9r\u00eat pour l&#39;attaquant du Paris Saint-Germain Randal Kolo Muani, les Red Devils faisant pression pour le signer. Manchester United auraient<\/p>\n","protected":false},"author":1,"featured_media":18581,"comment_status":"closed","ping_status":"","sticky":false,"template":"","format":"standard","meta":{"footnotes":""},"categories":[5],"tags":[318,1431,91,12,3718,4740,1648,4310,93,2866,24,244,2077,7648,700,852,13],"yoast_head":"<!-- This site is optimized with the Yoast SEO plugin v21.0 - https:\/\/yoast.com\/wordpress\/plugins\/seo\/ -->\n<title>Man United &quot;intensifie&quot; l&#039;int\u00e9r\u00eat des attaquants alors que des pourparlers de transfert &quot;tr\u00e8s sp\u00e9cifiques&quot; ont lieu avec les g\u00e9ants europ\u00e9ens<\/title>\n<meta name=\"robots\" content=\"index, follow, max-snippet:-1, max-image-preview:large, max-video-preview:-1\" \/>\n<link rel=\"canonical\" href=\"https:\/\/footdavant.fr\/actualites\/man-united-intensifie-linteret-des-attaquants-alors-que-des-pourparlers-de-transfert-tres-specifiques-ont-lieu-avec-les-geants-europeens\/\" \/>\n<meta property=\"og:locale\" content=\"fr_FR\" \/>\n<meta property=\"og:type\" content=\"article\" \/>\n<meta property=\"og:title\" content=\"Man United &quot;intensifie&quot; l&#039;int\u00e9r\u00eat des attaquants alors que des pourparlers de transfert &quot;tr\u00e8s sp\u00e9cifiques&quot; ont lieu avec les g\u00e9ants europ\u00e9ens\" \/>\n<meta property=\"og:description\" content=\"Manchester United aurait accru son int\u00e9r\u00eat pour l&#039;attaquant du Paris Saint-Germain Randal Kolo Muani, les Red Devils faisant pression pour le signer. Manchester United auraient\" \/>\n<meta property=\"og:url\" content=\"https:\/\/footdavant.fr\/actualites\/man-united-intensifie-linteret-des-attaquants-alors-que-des-pourparlers-de-transfert-tres-specifiques-ont-lieu-avec-les-geants-europeens\/\" \/>\n<meta property=\"og:site_name\" content=\"Foot d&#039;avant\" \/>\n<meta property=\"article:publisher\" content=\"https:\/\/www.facebook.com\/Footdavant\/\" \/>\n<meta property=\"article:published_time\" content=\"2025-01-13T05:48:05+00:00\" \/>\n<meta property=\"article:modified_time\" content=\"2025-01-13T05:48:06+00:00\" \/>\n<meta property=\"og:image\" content=\"https:\/\/footdavant.fr\/actualites\/wp-content\/uploads\/2025\/01\/Man-United-intensifie-l39interet-des-attaquants-alors-que-des-pourparlers.jpg\" \/>\n\t<meta property=\"og:image:width\" content=\"640\" \/>\n\t<meta property=\"og:image:height\" content=\"480\" \/>\n\t<meta property=\"og:image:type\" content=\"image\/jpeg\" \/>\n<meta name=\"author\" content=\"Cl\u00e9ment\" \/>\n<meta name=\"twitter:card\" content=\"summary_large_image\" \/>\n<meta name=\"twitter:creator\" content=\"@FootdavantFr\" \/>\n<meta name=\"twitter:site\" content=\"@FootdavantFr\" \/>\n<meta name=\"twitter:label1\" content=\"\u00c9crit par\" \/>\n\t<meta name=\"twitter:data1\" content=\"Cl\u00e9ment\" \/>\n\t<meta name=\"twitter:label2\" content=\"Dur\u00e9e de lecture estim\u00e9e\" \/>\n\t<meta name=\"twitter:data2\" content=\"3 minutes\" \/>\n<script type=\"application\/ld+json\" class=\"yoast-schema-graph\">{\"@context\":\"https:\/\/schema.org\",\"@graph\":[{\"@type\":\"Article\",\"@id\":\"https:\/\/footdavant.fr\/actualites\/man-united-intensifie-linteret-des-attaquants-alors-que-des-pourparlers-de-transfert-tres-specifiques-ont-lieu-avec-les-geants-europeens\/#article\",\"isPartOf\":{\"@id\":\"https:\/\/footdavant.fr\/actualites\/man-united-intensifie-linteret-des-attaquants-alors-que-des-pourparlers-de-transfert-tres-specifiques-ont-lieu-avec-les-geants-europeens\/\"},\"author\":{\"name\":\"Cl\u00e9ment\",\"@id\":\"https:\/\/footdavant.fr\/actualites\/#\/schema\/person\/bc222566d95871b37e597b3ed3ba5e1d\"},\"headline\":\"Man United \u00ab\u00a0intensifie\u00a0\u00bb l&#39;int\u00e9r\u00eat des attaquants alors que des pourparlers de transfert \u00ab\u00a0tr\u00e8s sp\u00e9cifiques\u00a0\u00bb ont lieu avec les g\u00e9ants europ\u00e9ens\",\"datePublished\":\"2025-01-13T05:48:05+00:00\",\"dateModified\":\"2025-01-13T05:48:06+00:00\",\"mainEntityOfPage\":{\"@id\":\"https:\/\/footdavant.fr\/actualites\/man-united-intensifie-linteret-des-attaquants-alors-que-des-pourparlers-de-transfert-tres-specifiques-ont-lieu-avec-les-geants-europeens\/\"},\"wordCount\":627,\"publisher\":{\"@id\":\"https:\/\/footdavant.fr\/actualites\/#organization\"},\"keywords\":[\"alors\",\"attaquants\",\"avec\",\"des\",\"europ\u00e9ens\",\"g\u00e9ants\",\"intensifie\",\"l39int\u00e9r\u00eat\",\"les\",\"lieu\",\"Man\",\"ont\",\"pourparlers\",\"sp\u00e9cifiques\",\"transfert\",\"tr\u00e8s\",\"United\"],\"articleSection\":[\"Premier League\"],\"inLanguage\":\"fr-FR\"},{\"@type\":\"WebPage\",\"@id\":\"https:\/\/footdavant.fr\/actualites\/man-united-intensifie-linteret-des-attaquants-alors-que-des-pourparlers-de-transfert-tres-specifiques-ont-lieu-avec-les-geants-europeens\/\",\"url\":\"https:\/\/footdavant.fr\/actualites\/man-united-intensifie-linteret-des-attaquants-alors-que-des-pourparlers-de-transfert-tres-specifiques-ont-lieu-avec-les-geants-europeens\/\",\"name\":\"Man United \\\"intensifie\\\" l&#39;int\u00e9r\u00eat des attaquants alors que des pourparlers de transfert \\\"tr\u00e8s sp\u00e9cifiques\\\" ont lieu avec les g\u00e9ants europ\u00e9ens\",\"isPartOf\":{\"@id\":\"https:\/\/footdavant.fr\/actualites\/#website\"},\"datePublished\":\"2025-01-13T05:48:05+00:00\",\"dateModified\":\"2025-01-13T05:48:06+00:00\",\"breadcrumb\":{\"@id\":\"https:\/\/footdavant.fr\/actualites\/man-united-intensifie-linteret-des-attaquants-alors-que-des-pourparlers-de-transfert-tres-specifiques-ont-lieu-avec-les-geants-europeens\/#breadcrumb\"},\"inLanguage\":\"fr-FR\",\"potentialAction\":[{\"@type\":\"ReadAction\",\"target\":[\"https:\/\/footdavant.fr\/actualites\/man-united-intensifie-linteret-des-attaquants-alors-que-des-pourparlers-de-transfert-tres-specifiques-ont-lieu-avec-les-geants-europeens\/\"]}]},{\"@type\":\"BreadcrumbList\",\"@id\":\"https:\/\/footdavant.fr\/actualites\/man-united-intensifie-linteret-des-attaquants-alors-que-des-pourparlers-de-transfert-tres-specifiques-ont-lieu-avec-les-geants-europeens\/#breadcrumb\",\"itemListElement\":[{\"@type\":\"ListItem\",\"position\":1,\"name\":\"Accueil\",\"item\":\"https:\/\/footdavant.fr\/actualites\/\"},{\"@type\":\"ListItem\",\"position\":2,\"name\":\"Man United \u00ab\u00a0intensifie\u00a0\u00bb l&#39;int\u00e9r\u00eat des attaquants alors que des pourparlers de transfert \u00ab\u00a0tr\u00e8s sp\u00e9cifiques\u00a0\u00bb ont lieu avec les g\u00e9ants europ\u00e9ens\"}]},{\"@type\":\"WebSite\",\"@id\":\"https:\/\/footdavant.fr\/actualites\/#website\",\"url\":\"https:\/\/footdavant.fr\/actualites\/\",\"name\":\"Foot d'avant\",\"description\":\"\",\"publisher\":{\"@id\":\"https:\/\/footdavant.fr\/actualites\/#organization\"},\"potentialAction\":[{\"@type\":\"SearchAction\",\"target\":{\"@type\":\"EntryPoint\",\"urlTemplate\":\"https:\/\/footdavant.fr\/actualites\/?s={search_term_string}\"},\"query-input\":\"required name=search_term_string\"}],\"inLanguage\":\"fr-FR\"},{\"@type\":\"Organization\",\"@id\":\"https:\/\/footdavant.fr\/actualites\/#organization\",\"name\":\"Foot d'avant\",\"url\":\"https:\/\/footdavant.fr\/actualites\/\",\"logo\":{\"@type\":\"ImageObject\",\"inLanguage\":\"fr-FR\",\"@id\":\"https:\/\/footdavant.fr\/actualites\/#\/schema\/logo\/image\/\",\"url\":\"https:\/\/footdavant.fr\/actualites\/wp-content\/uploads\/2023\/09\/Copy-of-FootDavant-Logo.png\",\"contentUrl\":\"https:\/\/footdavant.fr\/actualites\/wp-content\/uploads\/2023\/09\/Copy-of-FootDavant-Logo.png\",\"width\":936,\"height\":549,\"caption\":\"Foot d'avant\"},\"image\":{\"@id\":\"https:\/\/footdavant.fr\/actualites\/#\/schema\/logo\/image\/\"},\"sameAs\":[\"https:\/\/www.facebook.com\/Footdavant\/\",\"https:\/\/twitter.com\/FootdavantFr\",\"https:\/\/www.instagram.com\/footdavant.fr\/\"]},{\"@type\":\"Person\",\"@id\":\"https:\/\/footdavant.fr\/actualites\/#\/schema\/person\/bc222566d95871b37e597b3ed3ba5e1d\",\"name\":\"Cl\u00e9ment\",\"image\":{\"@type\":\"ImageObject\",\"inLanguage\":\"fr-FR\",\"@id\":\"https:\/\/footdavant.fr\/actualites\/#\/schema\/person\/image\/\",\"url\":\"https:\/\/secure.gravatar.com\/avatar\/7728b29aac2719421e1a9159b2254c44?s=96&d=mm&r=g\",\"contentUrl\":\"https:\/\/secure.gravatar.com\/avatar\/7728b29aac2719421e1a9159b2254c44?s=96&d=mm&r=g\",\"caption\":\"Cl\u00e9ment\"},\"sameAs\":[\"https:\/\/footdavant.fr\/\"]}]}<\/script>\n<!-- \/ Yoast SEO plugin. -->","yoast_head_json":{"title":"Man United \"intensifie\" l&#39;int\u00e9r\u00eat des attaquants alors que des pourparlers de transfert \"tr\u00e8s sp\u00e9cifiques\" ont lieu avec les g\u00e9ants europ\u00e9ens","robots":{"index":"index","follow":"follow","max-snippet":"max-snippet:-1","max-image-preview":"max-image-preview:large","max-video-preview":"max-video-preview:-1"},"canonical":"https:\/\/footdavant.fr\/actualites\/man-united-intensifie-linteret-des-attaquants-alors-que-des-pourparlers-de-transfert-tres-specifiques-ont-lieu-avec-les-geants-europeens\/","og_locale":"fr_FR","og_type":"article","og_title":"Man United \"intensifie\" l&#39;int\u00e9r\u00eat des attaquants alors que des pourparlers de transfert \"tr\u00e8s sp\u00e9cifiques\" ont lieu avec les g\u00e9ants europ\u00e9ens","og_description":"Manchester United aurait accru son int\u00e9r\u00eat pour l&#39;attaquant du Paris Saint-Germain Randal Kolo Muani, les Red Devils faisant pression pour le signer. Manchester United auraient","og_url":"https:\/\/footdavant.fr\/actualites\/man-united-intensifie-linteret-des-attaquants-alors-que-des-pourparlers-de-transfert-tres-specifiques-ont-lieu-avec-les-geants-europeens\/","og_site_name":"Foot d&#039;avant","article_publisher":"https:\/\/www.facebook.com\/Footdavant\/","article_published_time":"2025-01-13T05:48:05+00:00","article_modified_time":"2025-01-13T05:48:06+00:00","og_image":[{"width":640,"height":480,"url":"https:\/\/footdavant.fr\/actualites\/wp-content\/uploads\/2025\/01\/Man-United-intensifie-l39interet-des-attaquants-alors-que-des-pourparlers.jpg","type":"image\/jpeg"}],"author":"Cl\u00e9ment","twitter_card":"summary_large_image","twitter_creator":"@FootdavantFr","twitter_site":"@FootdavantFr","twitter_misc":{"\u00c9crit par":"Cl\u00e9ment","Dur\u00e9e de lecture estim\u00e9e":"3 minutes"},"schema":{"@context":"https:\/\/schema.org","@graph":[{"@type":"Article","@id":"https:\/\/footdavant.fr\/actualites\/man-united-intensifie-linteret-des-attaquants-alors-que-des-pourparlers-de-transfert-tres-specifiques-ont-lieu-avec-les-geants-europeens\/#article","isPartOf":{"@id":"https:\/\/footdavant.fr\/actualites\/man-united-intensifie-linteret-des-attaquants-alors-que-des-pourparlers-de-transfert-tres-specifiques-ont-lieu-avec-les-geants-europeens\/"},"author":{"name":"Cl\u00e9ment","@id":"https:\/\/footdavant.fr\/actualites\/#\/schema\/person\/bc222566d95871b37e597b3ed3ba5e1d"},"headline":"Man United \u00ab\u00a0intensifie\u00a0\u00bb l&#39;int\u00e9r\u00eat des attaquants alors que des pourparlers de transfert \u00ab\u00a0tr\u00e8s sp\u00e9cifiques\u00a0\u00bb ont lieu avec les g\u00e9ants europ\u00e9ens","datePublished":"2025-01-13T05:48:05+00:00","dateModified":"2025-01-13T05:48:06+00:00","mainEntityOfPage":{"@id":"https:\/\/footdavant.fr\/actualites\/man-united-intensifie-linteret-des-attaquants-alors-que-des-pourparlers-de-transfert-tres-specifiques-ont-lieu-avec-les-geants-europeens\/"},"wordCount":627,"publisher":{"@id":"https:\/\/footdavant.fr\/actualites\/#organization"},"keywords":["alors","attaquants","avec","des","europ\u00e9ens","g\u00e9ants","intensifie","l39int\u00e9r\u00eat","les","lieu","Man","ont","pourparlers","sp\u00e9cifiques","transfert","tr\u00e8s","United"],"articleSection":["Premier League"],"inLanguage":"fr-FR"},{"@type":"WebPage","@id":"https:\/\/footdavant.fr\/actualites\/man-united-intensifie-linteret-des-attaquants-alors-que-des-pourparlers-de-transfert-tres-specifiques-ont-lieu-avec-les-geants-europeens\/","url":"https:\/\/footdavant.fr\/actualites\/man-united-intensifie-linteret-des-attaquants-alors-que-des-pourparlers-de-transfert-tres-specifiques-ont-lieu-avec-les-geants-europeens\/","name":"Man United \"intensifie\" l&#39;int\u00e9r\u00eat des attaquants alors que des pourparlers de transfert \"tr\u00e8s sp\u00e9cifiques\" ont lieu avec les g\u00e9ants europ\u00e9ens","isPartOf":{"@id":"https:\/\/footdavant.fr\/actualites\/#website"},"datePublished":"2025-01-13T05:48:05+00:00","dateModified":"2025-01-13T05:48:06+00:00","breadcrumb":{"@id":"https:\/\/footdavant.fr\/actualites\/man-united-intensifie-linteret-des-attaquants-alors-que-des-pourparlers-de-transfert-tres-specifiques-ont-lieu-avec-les-geants-europeens\/#breadcrumb"},"inLanguage":"fr-FR","potentialAction":[{"@type":"ReadAction","target":["https:\/\/footdavant.fr\/actualites\/man-united-intensifie-linteret-des-attaquants-alors-que-des-pourparlers-de-transfert-tres-specifiques-ont-lieu-avec-les-geants-europeens\/"]}]},{"@type":"BreadcrumbList","@id":"https:\/\/footdavant.fr\/actualites\/man-united-intensifie-linteret-des-attaquants-alors-que-des-pourparlers-de-transfert-tres-specifiques-ont-lieu-avec-les-geants-europeens\/#breadcrumb","itemListElement":[{"@type":"ListItem","position":1,"name":"Accueil","item":"https:\/\/footdavant.fr\/actualites\/"},{"@type":"ListItem","position":2,"name":"Man United \u00ab\u00a0intensifie\u00a0\u00bb l&#39;int\u00e9r\u00eat des attaquants alors que des pourparlers de transfert \u00ab\u00a0tr\u00e8s sp\u00e9cifiques\u00a0\u00bb ont lieu avec les g\u00e9ants europ\u00e9ens"}]},{"@type":"WebSite","@id":"https:\/\/footdavant.fr\/actualites\/#website","url":"https:\/\/footdavant.fr\/actualites\/","name":"Foot d'avant","description":"","publisher":{"@id":"https:\/\/footdavant.fr\/actualites\/#organization"},"potentialAction":[{"@type":"SearchAction","target":{"@type":"EntryPoint","urlTemplate":"https:\/\/footdavant.fr\/actualites\/?s={search_term_string}"},"query-input":"required name=search_term_string"}],"inLanguage":"fr-FR"},{"@type":"Organization","@id":"https:\/\/footdavant.fr\/actualites\/#organization","name":"Foot d'avant","url":"https:\/\/footdavant.fr\/actualites\/","logo":{"@type":"ImageObject","inLanguage":"fr-FR","@id":"https:\/\/footdavant.fr\/actualites\/#\/schema\/logo\/image\/","url":"https:\/\/footdavant.fr\/actualites\/wp-content\/uploads\/2023\/09\/Copy-of-FootDavant-Logo.png","contentUrl":"https:\/\/footdavant.fr\/actualites\/wp-content\/uploads\/2023\/09\/Copy-of-FootDavant-Logo.png","width":936,"height":549,"caption":"Foot d'avant"},"image":{"@id":"https:\/\/footdavant.fr\/actualites\/#\/schema\/logo\/image\/"},"sameAs":["https:\/\/www.facebook.com\/Footdavant\/","https:\/\/twitter.com\/FootdavantFr","https:\/\/www.instagram.com\/footdavant.fr\/"]},{"@type":"Person","@id":"https:\/\/footdavant.fr\/actualites\/#\/schema\/person\/bc222566d95871b37e597b3ed3ba5e1d","name":"Cl\u00e9ment","image":{"@type":"ImageObject","inLanguage":"fr-FR","@id":"https:\/\/footdavant.fr\/actualites\/#\/schema\/person\/image\/","url":"https:\/\/secure.gravatar.com\/avatar\/7728b29aac2719421e1a9159b2254c44?s=96&d=mm&r=g","contentUrl":"https:\/\/secure.gravatar.com\/avatar\/7728b29aac2719421e1a9159b2254c44?s=96&d=mm&r=g","caption":"Cl\u00e9ment"},"sameAs":["https:\/\/footdavant.fr\/"]}]}},"_links":{"self":[{"href":"https:\/\/footdavant.fr\/actualites\/wp-json\/wp\/v2\/posts\/18580"}],"collection":[{"href":"https:\/\/footdavant.fr\/actualites\/wp-json\/wp\/v2\/posts"}],"about":[{"href":"https:\/\/footdavant.fr\/actualites\/wp-json\/wp\/v2\/types\/post"}],"author":[{"embeddable":true,"href":"https:\/\/footdavant.fr\/actualites\/wp-json\/wp\/v2\/users\/1"}],"replies":[{"embeddable":true,"href":"https:\/\/footdavant.fr\/actualites\/wp-json\/wp\/v2\/comments?post=18580"}],"version-history":[{"count":1,"href":"https:\/\/footdavant.fr\/actualites\/wp-json\/wp\/v2\/posts\/18580\/revisions"}],"predecessor-version":[{"id":18582,"href":"https:\/\/footdavant.fr\/actualites\/wp-json\/wp\/v2\/posts\/18580\/revisions\/18582"}],"wp:featuredmedia":[{"embeddable":true,"href":"https:\/\/footdavant.fr\/actualites\/wp-json\/wp\/v2\/media\/18581"}],"wp:attachment":[{"href":"https:\/\/footdavant.fr\/actualites\/wp-json\/wp\/v2\/media?parent=18580"}],"wp:term":[{"taxonomy":"category","embeddable":true,"href":"https:\/\/footdavant.fr\/actualites\/wp-json\/wp\/v2\/categories?post=18580"},{"taxonomy":"post_tag","embeddable":true,"href":"https:\/\/footdavant.fr\/actualites\/wp-json\/wp\/v2\/tags?post=18580"}],"curies":[{"name":"wp","href":"https:\/\/api.w.org\/{rel}","templated":true}]}}