{"id":18583,"date":"2025-01-13T08:48:02","date_gmt":"2025-01-13T07:48:02","guid":{"rendered":"https:\/\/footdavant.fr\/actualites\/bouleverse-ancelotti-qualifie-madrid-de-pas-bon-des-la-premiere-minute-lors-de-la-super-coupe-despagne\/"},"modified":"2025-01-13T08:48:04","modified_gmt":"2025-01-13T07:48:04","slug":"bouleverse-ancelotti-qualifie-madrid-de-pas-bon-des-la-premiere-minute-lors-de-la-super-coupe-despagne","status":"publish","type":"post","link":"https:\/\/footdavant.fr\/actualites\/bouleverse-ancelotti-qualifie-madrid-de-pas-bon-des-la-premiere-minute-lors-de-la-super-coupe-despagne\/","title":{"rendered":"\u00ab\u00a0Boulevers\u00e9\u00a0\u00bb Ancelotti qualifie Madrid de \u00ab\u00a0pas bon d\u00e8s la premi\u00e8re minute\u00a0\u00bb lors de la Super Coupe d&#39;Espagne"},"content":{"rendered":"<div>\n<p>Carlo Ancelotti a critiqu\u00e9 la d\u00e9fense du Real Madrid et s&#39;est dit \u00ab\u00a0boulevers\u00e9 par tout le match\u00a0\u00bb apr\u00e8s avoir \u00e9t\u00e9 battu 5-2 par Barcelone en finale de la Super Coupe d&#39;Espagne.<\/p>\n<p>Ancelotti, double vainqueur de la Super Coupe, a consid\u00e9r\u00e9 la performance de Kylian Mbappe comme positive apr\u00e8s que l&#39;attaquant ait marqu\u00e9 un premier match scintillant \u00e0 la cinqui\u00e8me minute, mais le Bar\u00e7a a marqu\u00e9 gr\u00e2ce \u00e0 Lamine Yamal, Robert Lewandowski, Raphinha et Alejandro Balde pour mener 4-1 \u00e0 la mi-temps \u00e0 Djeddah.<\/p>\n<p>\u00ab\u00a0Nous devrions essayer de jouer au football, car nous ne l&#39;avons pas fait en premi\u00e8re mi-temps\u00a0\u00bb, a d\u00e9clar\u00e9 Ancelotti \u00e0 Movistar, via AS, lorsqu&#39;on lui a demand\u00e9 ce qu&#39;il avait dit \u00e0 ses joueurs \u00e0 la pause.<\/p>\n<p>\u00ab Nous avons profit\u00e9 des longs ballons mais cela aurait d\u00fb \u00eatre une option, pas une id\u00e9e. L&#39;id\u00e9e \u00e9tait de jouer et nous ne l&#39;avons pas fait. J&#39;ai dit que nous pourrions perdre, mais pas comme en premi\u00e8re mi-temps.<\/p>\n<blockquote class=\"instagram-media\" style=\"background: #FFF; border: 0; border-radius: 3px; box-shadow: 0 0 1px 0 rgba(0,0,0,0.5),0 1px 10px 0 rgba(0,0,0,0.15); margin: 1px; max-width: 540px; min-width: 326px; padding: 0; width: calc(100% - 2px);\" data-instgrm-permalink=\"https:\/\/www.instagram.com\/p\/DEvLQKVud4-\/?utm_source=ig_embed&amp;utm_campaign=loading\" data-instgrm-version=\"14\">\n<\/blockquote>\n<h2><span id=\"Madrid_vs_Barcelona\">Madrid contre Barcelone<\/span><\/h2>\n<p>Apr\u00e8s que Raphinha ait port\u00e9 le score \u00e0 4-1 \u00e0 la 48e minute, Madrid a re\u00e7u un coup de pouce bien m\u00e9rit\u00e9 lorsque le gardien du Bar\u00e7a Wojciech Szczesny a re\u00e7u un carton rouge huit minutes plus tard pour avoir g\u00ean\u00e9 Mbappe.<\/p>\n<p>La r\u00e9ponse de Rodrygo sur un coup franc \u00e0 la 60e minute a \u00e9t\u00e9 \u00e0 la hauteur du retour des champions d&#39;Europe, le Bar\u00e7a vengeant sa d\u00e9faite 4-1 en finale de la saison derni\u00e8re.<\/p>\n<p>\u00ab\u00a0Nous devons regarder la r\u00e9alit\u00e9\u00a0\u00bb, a d\u00e9clar\u00e9 Ancelotti. \u00ab Nous n&#39;avons pas bien d\u00e9fendu. Ils ont marqu\u00e9 des buts tr\u00e8s facilement. Nous n&#39;avons pas bien travaill\u00e9 au niveau collectif ou individuel.<\/p>\n<p>\u00abCela nous laisse tristes et d\u00e9\u00e7us. Notre tristesse est celle de nos fans. Je ne veux pointer du doigt qui que ce soit. Ils n&#39;ont pas bien d\u00e9fendu en d\u00e9fense. L&#39;\u00e9quipe n&#39;\u00e9tait pas compacte.<\/p>\n<p>\u00ab Le match n&#39;a pas \u00e9t\u00e9 bon de la premi\u00e8re minute \u00e0 la derni\u00e8re. Nous \u00e9tions en t\u00eate et nous n&#39;avons pas pu nous cr\u00e9er d&#39;occasions. Je suis boulevers\u00e9 par tout le match.<\/p>\n<blockquote class=\"instagram-media\" style=\"background: #FFF; border: 0; border-radius: 3px; box-shadow: 0 0 1px 0 rgba(0,0,0,0.5),0 1px 10px 0 rgba(0,0,0,0.15); margin: 1px; max-width: 540px; min-width: 326px; padding: 0; width: calc(100% - 2px);\" data-instgrm-permalink=\"https:\/\/www.instagram.com\/p\/DEvXTSDu3gw\/?utm_source=ig_embed&amp;utm_campaign=loading\" data-instgrm-version=\"14\">\n<\/blockquote>\n<h2><span id=\"La_Liga_Madrid_fixtures\">Liga : calendrier de Madrid<\/span><\/h2>\n<p>Madrid, champion d&#39;Espagne en titre, a cinq points d&#39;avance sur Barcelone, deuxi\u00e8me de la Liga, tandis que le leader, l&#39;Atletico Madrid, a un point d&#39;avance.<\/p>\n<p>Les tenants de la Ligue des champions accueilleront le Celta Vigo en huiti\u00e8mes de finale de la Copa del Rey jeudi (20h30) et accueilleront Las Palmas, 14e du championnat, dimanche (15h15).<\/p>\n<p>\u00ab\u00a0Il reste encore beaucoup de saison et nous devons regarder vers l&#39;avenir\u00a0\u00bb, a d\u00e9clar\u00e9 Ancelotti. \u00ab\u00a0[We will] rentrez chez vous, r\u00e9fl\u00e9chissez et pr\u00e9parez-vous pour le match de jeudi.<\/p>\n<\/p><\/div>\n<p><script async src=\"\/\/www.instagram.com\/embed.js\"><\/script><\/p>\n","protected":false},"excerpt":{"rendered":"<p>Carlo Ancelotti a critiqu\u00e9 la d\u00e9fense du Real Madrid et s&#39;est dit \u00ab\u00a0boulevers\u00e9 par tout le match\u00a0\u00bb apr\u00e8s avoir \u00e9t\u00e9 battu 5-2 par Barcelone en<\/p>\n","protected":false},"author":1,"featured_media":18584,"comment_status":"closed","ping_status":"","sticky":false,"template":"","format":"standard","meta":{"footnotes":""},"categories":[3],"tags":[727,271,6100,1946,5132,12,64,303,658,71,1024,907,1480],"yoast_head":"<!-- This site is optimized with the Yoast SEO plugin v21.0 - https:\/\/yoast.com\/wordpress\/plugins\/seo\/ -->\n<title>&quot;Boulevers\u00e9&quot; Ancelotti qualifie Madrid de &quot;pas bon d\u00e8s la premi\u00e8re minute&quot; lors de la Super Coupe d&#039;Espagne<\/title>\n<meta name=\"robots\" content=\"index, follow, max-snippet:-1, max-image-preview:large, max-video-preview:-1\" \/>\n<link rel=\"canonical\" href=\"https:\/\/footdavant.fr\/actualites\/bouleverse-ancelotti-qualifie-madrid-de-pas-bon-des-la-premiere-minute-lors-de-la-super-coupe-despagne\/\" \/>\n<meta property=\"og:locale\" content=\"fr_FR\" \/>\n<meta property=\"og:type\" content=\"article\" \/>\n<meta property=\"og:title\" content=\"&quot;Boulevers\u00e9&quot; Ancelotti qualifie Madrid de &quot;pas bon d\u00e8s la premi\u00e8re minute&quot; lors de la Super Coupe d&#039;Espagne\" \/>\n<meta property=\"og:description\" content=\"Carlo Ancelotti a critiqu\u00e9 la d\u00e9fense du Real Madrid et s&#039;est dit \u00ab\u00a0boulevers\u00e9 par tout le match\u00a0\u00bb apr\u00e8s avoir \u00e9t\u00e9 battu 5-2 par Barcelone en\" \/>\n<meta property=\"og:url\" content=\"https:\/\/footdavant.fr\/actualites\/bouleverse-ancelotti-qualifie-madrid-de-pas-bon-des-la-premiere-minute-lors-de-la-super-coupe-despagne\/\" \/>\n<meta property=\"og:site_name\" content=\"Foot d&#039;avant\" \/>\n<meta property=\"article:publisher\" content=\"https:\/\/www.facebook.com\/Footdavant\/\" \/>\n<meta property=\"article:published_time\" content=\"2025-01-13T07:48:02+00:00\" \/>\n<meta property=\"article:modified_time\" content=\"2025-01-13T07:48:04+00:00\" \/>\n<meta property=\"og:image\" content=\"https:\/\/footdavant.fr\/actualites\/wp-content\/uploads\/2025\/01\/Bouleverse-Ancelotti-qualifie-Madrid-de-pas-bon-des-la-premiere.jpg\" \/>\n\t<meta property=\"og:image:width\" content=\"1200\" \/>\n\t<meta property=\"og:image:height\" content=\"675\" \/>\n\t<meta property=\"og:image:type\" content=\"image\/jpeg\" \/>\n<meta name=\"author\" content=\"Cl\u00e9ment\" \/>\n<meta name=\"twitter:card\" content=\"summary_large_image\" \/>\n<meta name=\"twitter:creator\" content=\"@FootdavantFr\" \/>\n<meta name=\"twitter:site\" content=\"@FootdavantFr\" \/>\n<meta name=\"twitter:label1\" content=\"\u00c9crit par\" \/>\n\t<meta name=\"twitter:data1\" content=\"Cl\u00e9ment\" \/>\n\t<meta name=\"twitter:label2\" content=\"Dur\u00e9e de lecture estim\u00e9e\" \/>\n\t<meta name=\"twitter:data2\" content=\"2 minutes\" \/>\n<script type=\"application\/ld+json\" class=\"yoast-schema-graph\">{\"@context\":\"https:\/\/schema.org\",\"@graph\":[{\"@type\":\"Article\",\"@id\":\"https:\/\/footdavant.fr\/actualites\/bouleverse-ancelotti-qualifie-madrid-de-pas-bon-des-la-premiere-minute-lors-de-la-super-coupe-despagne\/#article\",\"isPartOf\":{\"@id\":\"https:\/\/footdavant.fr\/actualites\/bouleverse-ancelotti-qualifie-madrid-de-pas-bon-des-la-premiere-minute-lors-de-la-super-coupe-despagne\/\"},\"author\":{\"name\":\"Cl\u00e9ment\",\"@id\":\"https:\/\/footdavant.fr\/actualites\/#\/schema\/person\/bc222566d95871b37e597b3ed3ba5e1d\"},\"headline\":\"\u00ab\u00a0Boulevers\u00e9\u00a0\u00bb Ancelotti qualifie Madrid de \u00ab\u00a0pas bon d\u00e8s la premi\u00e8re minute\u00a0\u00bb lors de la Super Coupe d&#39;Espagne\",\"datePublished\":\"2025-01-13T07:48:02+00:00\",\"dateModified\":\"2025-01-13T07:48:04+00:00\",\"mainEntityOfPage\":{\"@id\":\"https:\/\/footdavant.fr\/actualites\/bouleverse-ancelotti-qualifie-madrid-de-pas-bon-des-la-premiere-minute-lors-de-la-super-coupe-despagne\/\"},\"wordCount\":491,\"publisher\":{\"@id\":\"https:\/\/footdavant.fr\/actualites\/#organization\"},\"keywords\":[\"Ancelotti\",\"bon\",\"bouleverse\",\"Coupe\",\"d39Espagne\",\"des\",\"lors\",\"Madrid\",\"minute\",\"pas\",\"premi\u00e8re\",\"qualifie\",\"Super\"],\"articleSection\":[\"Football\"],\"inLanguage\":\"fr-FR\"},{\"@type\":\"WebPage\",\"@id\":\"https:\/\/footdavant.fr\/actualites\/bouleverse-ancelotti-qualifie-madrid-de-pas-bon-des-la-premiere-minute-lors-de-la-super-coupe-despagne\/\",\"url\":\"https:\/\/footdavant.fr\/actualites\/bouleverse-ancelotti-qualifie-madrid-de-pas-bon-des-la-premiere-minute-lors-de-la-super-coupe-despagne\/\",\"name\":\"\\\"Boulevers\u00e9\\\" Ancelotti qualifie Madrid de \\\"pas bon d\u00e8s la premi\u00e8re minute\\\" lors de la Super Coupe d&#39;Espagne\",\"isPartOf\":{\"@id\":\"https:\/\/footdavant.fr\/actualites\/#website\"},\"datePublished\":\"2025-01-13T07:48:02+00:00\",\"dateModified\":\"2025-01-13T07:48:04+00:00\",\"breadcrumb\":{\"@id\":\"https:\/\/footdavant.fr\/actualites\/bouleverse-ancelotti-qualifie-madrid-de-pas-bon-des-la-premiere-minute-lors-de-la-super-coupe-despagne\/#breadcrumb\"},\"inLanguage\":\"fr-FR\",\"potentialAction\":[{\"@type\":\"ReadAction\",\"target\":[\"https:\/\/footdavant.fr\/actualites\/bouleverse-ancelotti-qualifie-madrid-de-pas-bon-des-la-premiere-minute-lors-de-la-super-coupe-despagne\/\"]}]},{\"@type\":\"BreadcrumbList\",\"@id\":\"https:\/\/footdavant.fr\/actualites\/bouleverse-ancelotti-qualifie-madrid-de-pas-bon-des-la-premiere-minute-lors-de-la-super-coupe-despagne\/#breadcrumb\",\"itemListElement\":[{\"@type\":\"ListItem\",\"position\":1,\"name\":\"Accueil\",\"item\":\"https:\/\/footdavant.fr\/actualites\/\"},{\"@type\":\"ListItem\",\"position\":2,\"name\":\"\u00ab\u00a0Boulevers\u00e9\u00a0\u00bb Ancelotti qualifie Madrid de \u00ab\u00a0pas bon d\u00e8s la premi\u00e8re minute\u00a0\u00bb lors de la Super Coupe d&#39;Espagne\"}]},{\"@type\":\"WebSite\",\"@id\":\"https:\/\/footdavant.fr\/actualites\/#website\",\"url\":\"https:\/\/footdavant.fr\/actualites\/\",\"name\":\"Foot d'avant\",\"description\":\"\",\"publisher\":{\"@id\":\"https:\/\/footdavant.fr\/actualites\/#organization\"},\"potentialAction\":[{\"@type\":\"SearchAction\",\"target\":{\"@type\":\"EntryPoint\",\"urlTemplate\":\"https:\/\/footdavant.fr\/actualites\/?s={search_term_string}\"},\"query-input\":\"required name=search_term_string\"}],\"inLanguage\":\"fr-FR\"},{\"@type\":\"Organization\",\"@id\":\"https:\/\/footdavant.fr\/actualites\/#organization\",\"name\":\"Foot d'avant\",\"url\":\"https:\/\/footdavant.fr\/actualites\/\",\"logo\":{\"@type\":\"ImageObject\",\"inLanguage\":\"fr-FR\",\"@id\":\"https:\/\/footdavant.fr\/actualites\/#\/schema\/logo\/image\/\",\"url\":\"https:\/\/footdavant.fr\/actualites\/wp-content\/uploads\/2023\/09\/Copy-of-FootDavant-Logo.png\",\"contentUrl\":\"https:\/\/footdavant.fr\/actualites\/wp-content\/uploads\/2023\/09\/Copy-of-FootDavant-Logo.png\",\"width\":936,\"height\":549,\"caption\":\"Foot d'avant\"},\"image\":{\"@id\":\"https:\/\/footdavant.fr\/actualites\/#\/schema\/logo\/image\/\"},\"sameAs\":[\"https:\/\/www.facebook.com\/Footdavant\/\",\"https:\/\/twitter.com\/FootdavantFr\",\"https:\/\/www.instagram.com\/footdavant.fr\/\"]},{\"@type\":\"Person\",\"@id\":\"https:\/\/footdavant.fr\/actualites\/#\/schema\/person\/bc222566d95871b37e597b3ed3ba5e1d\",\"name\":\"Cl\u00e9ment\",\"image\":{\"@type\":\"ImageObject\",\"inLanguage\":\"fr-FR\",\"@id\":\"https:\/\/footdavant.fr\/actualites\/#\/schema\/person\/image\/\",\"url\":\"https:\/\/secure.gravatar.com\/avatar\/7728b29aac2719421e1a9159b2254c44?s=96&d=mm&r=g\",\"contentUrl\":\"https:\/\/secure.gravatar.com\/avatar\/7728b29aac2719421e1a9159b2254c44?s=96&d=mm&r=g\",\"caption\":\"Cl\u00e9ment\"},\"sameAs\":[\"https:\/\/footdavant.fr\/\"]}]}<\/script>\n<!-- \/ Yoast SEO plugin. -->","yoast_head_json":{"title":"\"Boulevers\u00e9\" Ancelotti qualifie Madrid de \"pas bon d\u00e8s la premi\u00e8re minute\" lors de la Super Coupe d&#39;Espagne","robots":{"index":"index","follow":"follow","max-snippet":"max-snippet:-1","max-image-preview":"max-image-preview:large","max-video-preview":"max-video-preview:-1"},"canonical":"https:\/\/footdavant.fr\/actualites\/bouleverse-ancelotti-qualifie-madrid-de-pas-bon-des-la-premiere-minute-lors-de-la-super-coupe-despagne\/","og_locale":"fr_FR","og_type":"article","og_title":"\"Boulevers\u00e9\" Ancelotti qualifie Madrid de \"pas bon d\u00e8s la premi\u00e8re minute\" lors de la Super Coupe d&#39;Espagne","og_description":"Carlo Ancelotti a critiqu\u00e9 la d\u00e9fense du Real Madrid et s&#39;est dit \u00ab\u00a0boulevers\u00e9 par tout le match\u00a0\u00bb apr\u00e8s avoir \u00e9t\u00e9 battu 5-2 par Barcelone en","og_url":"https:\/\/footdavant.fr\/actualites\/bouleverse-ancelotti-qualifie-madrid-de-pas-bon-des-la-premiere-minute-lors-de-la-super-coupe-despagne\/","og_site_name":"Foot d&#039;avant","article_publisher":"https:\/\/www.facebook.com\/Footdavant\/","article_published_time":"2025-01-13T07:48:02+00:00","article_modified_time":"2025-01-13T07:48:04+00:00","og_image":[{"width":1200,"height":675,"url":"https:\/\/footdavant.fr\/actualites\/wp-content\/uploads\/2025\/01\/Bouleverse-Ancelotti-qualifie-Madrid-de-pas-bon-des-la-premiere.jpg","type":"image\/jpeg"}],"author":"Cl\u00e9ment","twitter_card":"summary_large_image","twitter_creator":"@FootdavantFr","twitter_site":"@FootdavantFr","twitter_misc":{"\u00c9crit par":"Cl\u00e9ment","Dur\u00e9e de lecture estim\u00e9e":"2 minutes"},"schema":{"@context":"https:\/\/schema.org","@graph":[{"@type":"Article","@id":"https:\/\/footdavant.fr\/actualites\/bouleverse-ancelotti-qualifie-madrid-de-pas-bon-des-la-premiere-minute-lors-de-la-super-coupe-despagne\/#article","isPartOf":{"@id":"https:\/\/footdavant.fr\/actualites\/bouleverse-ancelotti-qualifie-madrid-de-pas-bon-des-la-premiere-minute-lors-de-la-super-coupe-despagne\/"},"author":{"name":"Cl\u00e9ment","@id":"https:\/\/footdavant.fr\/actualites\/#\/schema\/person\/bc222566d95871b37e597b3ed3ba5e1d"},"headline":"\u00ab\u00a0Boulevers\u00e9\u00a0\u00bb Ancelotti qualifie Madrid de \u00ab\u00a0pas bon d\u00e8s la premi\u00e8re minute\u00a0\u00bb lors de la Super Coupe d&#39;Espagne","datePublished":"2025-01-13T07:48:02+00:00","dateModified":"2025-01-13T07:48:04+00:00","mainEntityOfPage":{"@id":"https:\/\/footdavant.fr\/actualites\/bouleverse-ancelotti-qualifie-madrid-de-pas-bon-des-la-premiere-minute-lors-de-la-super-coupe-despagne\/"},"wordCount":491,"publisher":{"@id":"https:\/\/footdavant.fr\/actualites\/#organization"},"keywords":["Ancelotti","bon","bouleverse","Coupe","d39Espagne","des","lors","Madrid","minute","pas","premi\u00e8re","qualifie","Super"],"articleSection":["Football"],"inLanguage":"fr-FR"},{"@type":"WebPage","@id":"https:\/\/footdavant.fr\/actualites\/bouleverse-ancelotti-qualifie-madrid-de-pas-bon-des-la-premiere-minute-lors-de-la-super-coupe-despagne\/","url":"https:\/\/footdavant.fr\/actualites\/bouleverse-ancelotti-qualifie-madrid-de-pas-bon-des-la-premiere-minute-lors-de-la-super-coupe-despagne\/","name":"\"Boulevers\u00e9\" Ancelotti qualifie Madrid de \"pas bon d\u00e8s la premi\u00e8re minute\" lors de la Super Coupe d&#39;Espagne","isPartOf":{"@id":"https:\/\/footdavant.fr\/actualites\/#website"},"datePublished":"2025-01-13T07:48:02+00:00","dateModified":"2025-01-13T07:48:04+00:00","breadcrumb":{"@id":"https:\/\/footdavant.fr\/actualites\/bouleverse-ancelotti-qualifie-madrid-de-pas-bon-des-la-premiere-minute-lors-de-la-super-coupe-despagne\/#breadcrumb"},"inLanguage":"fr-FR","potentialAction":[{"@type":"ReadAction","target":["https:\/\/footdavant.fr\/actualites\/bouleverse-ancelotti-qualifie-madrid-de-pas-bon-des-la-premiere-minute-lors-de-la-super-coupe-despagne\/"]}]},{"@type":"BreadcrumbList","@id":"https:\/\/footdavant.fr\/actualites\/bouleverse-ancelotti-qualifie-madrid-de-pas-bon-des-la-premiere-minute-lors-de-la-super-coupe-despagne\/#breadcrumb","itemListElement":[{"@type":"ListItem","position":1,"name":"Accueil","item":"https:\/\/footdavant.fr\/actualites\/"},{"@type":"ListItem","position":2,"name":"\u00ab\u00a0Boulevers\u00e9\u00a0\u00bb Ancelotti qualifie Madrid de \u00ab\u00a0pas bon d\u00e8s la premi\u00e8re minute\u00a0\u00bb lors de la Super Coupe d&#39;Espagne"}]},{"@type":"WebSite","@id":"https:\/\/footdavant.fr\/actualites\/#website","url":"https:\/\/footdavant.fr\/actualites\/","name":"Foot d'avant","description":"","publisher":{"@id":"https:\/\/footdavant.fr\/actualites\/#organization"},"potentialAction":[{"@type":"SearchAction","target":{"@type":"EntryPoint","urlTemplate":"https:\/\/footdavant.fr\/actualites\/?s={search_term_string}"},"query-input":"required name=search_term_string"}],"inLanguage":"fr-FR"},{"@type":"Organization","@id":"https:\/\/footdavant.fr\/actualites\/#organization","name":"Foot d'avant","url":"https:\/\/footdavant.fr\/actualites\/","logo":{"@type":"ImageObject","inLanguage":"fr-FR","@id":"https:\/\/footdavant.fr\/actualites\/#\/schema\/logo\/image\/","url":"https:\/\/footdavant.fr\/actualites\/wp-content\/uploads\/2023\/09\/Copy-of-FootDavant-Logo.png","contentUrl":"https:\/\/footdavant.fr\/actualites\/wp-content\/uploads\/2023\/09\/Copy-of-FootDavant-Logo.png","width":936,"height":549,"caption":"Foot d'avant"},"image":{"@id":"https:\/\/footdavant.fr\/actualites\/#\/schema\/logo\/image\/"},"sameAs":["https:\/\/www.facebook.com\/Footdavant\/","https:\/\/twitter.com\/FootdavantFr","https:\/\/www.instagram.com\/footdavant.fr\/"]},{"@type":"Person","@id":"https:\/\/footdavant.fr\/actualites\/#\/schema\/person\/bc222566d95871b37e597b3ed3ba5e1d","name":"Cl\u00e9ment","image":{"@type":"ImageObject","inLanguage":"fr-FR","@id":"https:\/\/footdavant.fr\/actualites\/#\/schema\/person\/image\/","url":"https:\/\/secure.gravatar.com\/avatar\/7728b29aac2719421e1a9159b2254c44?s=96&d=mm&r=g","contentUrl":"https:\/\/secure.gravatar.com\/avatar\/7728b29aac2719421e1a9159b2254c44?s=96&d=mm&r=g","caption":"Cl\u00e9ment"},"sameAs":["https:\/\/footdavant.fr\/"]}]}},"_links":{"self":[{"href":"https:\/\/footdavant.fr\/actualites\/wp-json\/wp\/v2\/posts\/18583"}],"collection":[{"href":"https:\/\/footdavant.fr\/actualites\/wp-json\/wp\/v2\/posts"}],"about":[{"href":"https:\/\/footdavant.fr\/actualites\/wp-json\/wp\/v2\/types\/post"}],"author":[{"embeddable":true,"href":"https:\/\/footdavant.fr\/actualites\/wp-json\/wp\/v2\/users\/1"}],"replies":[{"embeddable":true,"href":"https:\/\/footdavant.fr\/actualites\/wp-json\/wp\/v2\/comments?post=18583"}],"version-history":[{"count":1,"href":"https:\/\/footdavant.fr\/actualites\/wp-json\/wp\/v2\/posts\/18583\/revisions"}],"predecessor-version":[{"id":18585,"href":"https:\/\/footdavant.fr\/actualites\/wp-json\/wp\/v2\/posts\/18583\/revisions\/18585"}],"wp:featuredmedia":[{"embeddable":true,"href":"https:\/\/footdavant.fr\/actualites\/wp-json\/wp\/v2\/media\/18584"}],"wp:attachment":[{"href":"https:\/\/footdavant.fr\/actualites\/wp-json\/wp\/v2\/media?parent=18583"}],"wp:term":[{"taxonomy":"category","embeddable":true,"href":"https:\/\/footdavant.fr\/actualites\/wp-json\/wp\/v2\/categories?post=18583"},{"taxonomy":"post_tag","embeddable":true,"href":"https:\/\/footdavant.fr\/actualites\/wp-json\/wp\/v2\/tags?post=18583"}],"curies":[{"name":"wp","href":"https:\/\/api.w.org\/{rel}","templated":true}]}}