{"id":1881,"date":"2023-12-03T08:49:29","date_gmt":"2023-12-03T07:49:29","guid":{"rendered":"https:\/\/footdavant.fr\/actualites\/la-marque-adidas-applaudit-kevin-durant-sur-les-reseaux-sociaux\/"},"modified":"2023-12-03T08:49:29","modified_gmt":"2023-12-03T07:49:29","slug":"la-marque-adidas-applaudit-kevin-durant-sur-les-reseaux-sociaux","status":"publish","type":"post","link":"https:\/\/footdavant.fr\/actualites\/la-marque-adidas-applaudit-kevin-durant-sur-les-reseaux-sociaux\/","title":{"rendered":"La marque Adidas applaudit Kevin Durant sur les r\u00e9seaux sociaux"},"content":{"rendered":"<div>\n<p>Il y a eu une interaction int\u00e9ressante sur Twitter\/X vendredi matin, et elle impliquait l&rsquo;une des plus grandes pr\u00e9sences de la NBA sur les r\u00e9seaux sociaux avec Kevin Durant.<\/p>\n<h2>NBA War Of Words vendredi matin sur Twitter\/X<\/h2>\n<blockquote class=\"twitter-tweet\">\n<p dir=\"ltr\" lang=\"en\">Je ne me verrai JAMAIS mettre un gros orteil dans ces Mfers.  https:\/\/t.co\/6dxKV55QPi<\/p>\n<p>-Kevin Durant (@KDTrey5) <a rel=\"nofollow\" href=\"https:\/\/twitter.com\/KDTrey5\/status\/1730606389314384087?ref_src=twsrc%5Etfw\">1 d\u00e9cembre 2023<\/a><\/p>\n<\/blockquote>\n<p>L&rsquo;ailier des Minnesota Timberwolves Anthony Edwards est en train de devenir l&rsquo;une des plus grandes jeunes stars de la ligue.  Il s&rsquo;est am\u00e9lior\u00e9 au cours de chacune de ses trois saisons compl\u00e8tes et a vu son score augmenter \u00e0 26,2 points par match, le pla\u00e7ant juste en dehors du top 10 actuel.  Il poss\u00e8de l&rsquo;un des styles de jeu les plus \u00e9lectrisants qui soient et a attir\u00e9 l&rsquo;attention des fans de la ligue bien qu&rsquo;il joue dans une ville et pour une \u00e9quipe un peu moins expos\u00e9e que celles de Los Angeles, New York et Miami.<\/p>\n<p>Edwards a d\u00e9sormais \u00e9galement sa propre chaussure signature.  Il est un athl\u00e8te Adidas et sortira la chaussure adidas AE1 le 16 d\u00e9cembre.<\/p>\n<p>Lors de la promotion de la chaussure, on a demand\u00e9 \u00e0 Edwards dans une interview quel joueur de la NBA il aimerait voir mettre sa chaussure et la porter sur le terrain.  Il n&rsquo;h\u00e9site pas \u00e0 r\u00e9pondre avec le nom de Kevin Durant et r\u00e9it\u00e8re \u00e0 l&rsquo;intervieweur qu&rsquo;il aimerait voir KD porter ces chaussures lors d&rsquo;un match, pas seulement lors d&rsquo;un entra\u00eenement.<\/p>\n<h2>Aller-retour entre Kevin Durant et Adidas<\/h2>\n<blockquote class=\"twitter-tweet\">\n<p dir=\"ltr\" lang=\"en\">Kevin Durant : \u00ab\u00a0Je ne me verrai JAMAIS mettre un gros orteil dans ces Mfers.\u00a0\u00bb<\/p>\n<p>Adidas : \u00ab De toute fa\u00e7on, tu prends bient\u00f4t ta retraite, poussi\u00e9reux. \u00bb<\/p>\n<p>KD, qui est avec Nike, en r\u00e9ponse \u00e0 la question de savoir s&rsquo;il porterait la sneaker d&rsquo;Anthony Edwards, AE 1 lors d&rsquo;un match NBA \ud83d\ude33 <a rel=\"nofollow\" href=\"https:\/\/t.co\/81lJxiBMqu\">pic.twitter.com\/81lJxiBMqu<\/a><\/p>\n<p>&#8211; Points d&#8217;embrayage (@ClutchPoints) <a rel=\"nofollow\" href=\"https:\/\/twitter.com\/ClutchPoints\/status\/1730630807901937885?ref_src=twsrc%5Etfw\">1 d\u00e9cembre 2023<\/a><\/p>\n<\/blockquote>\n<p>Le compte Twitter\/X @NiceKicks a publi\u00e9 la vid\u00e9o et y a tagu\u00e9 Durant, et il n&rsquo;a pas fallu longtemps pour que la superstar des Suns r\u00e9ponde.<\/p>\n<blockquote>\n<p>Je ne me verrai jamais mettre un gros orteil dedans Mfers<\/p>\n<\/blockquote>\n<p>Durant est un athl\u00e8te Nike et il \u00e9tait probablement simplement en train de jouer en faveur de la rivalit\u00e9 entre les deux fabricants de chaussures.  Mais le compte officiel d&rsquo;Adidas a eu vent du tweet et a lanc\u00e9 le sien, dans un message d\u00e9sormais supprim\u00e9\u00a0:<\/p>\n<blockquote>\n<p>tu prends bient\u00f4t ta retraite de toute fa\u00e7on<\/p>\n<\/blockquote>\n<p>C\u2019\u00e9tait plein d\u2019humour et un coup assez bas de la part d\u2019un compte officiel, en particulier celui repr\u00e9sentant une entreprise aussi grande qu\u2019Adidas.  Le tweet a circul\u00e9 et s\u2019est r\u00e9pandu comme une tra\u00een\u00e9e de poudre, mais il a \u00e9t\u00e9 rapidement supprim\u00e9 et n\u2019est plus visible.<\/p>\n<p>Il ne semble pas y avoir de probl\u00e8me ou de probl\u00e8me notable entre Durant et Edwards, et les allers-retours ne sont probablement que des plaisanteries inoffensives entre deux joueurs de la NBA.<\/p>\n<\/p><\/div>\n<p><script async src=\"https:\/\/platform.twitter.com\/widgets.js\" charset=\"utf-8\"><\/script><\/p>\n","protected":false},"excerpt":{"rendered":"<p>Il y a eu une interaction int\u00e9ressante sur Twitter\/X vendredi matin, et elle impliquait l&rsquo;une des plus grandes pr\u00e9sences de la NBA sur les r\u00e9seaux<\/p>\n","protected":false},"author":1,"featured_media":1882,"comment_status":"closed","ping_status":"","sticky":false,"template":"","format":"standard","meta":{"footnotes":""},"categories":[3],"tags":[1859,1860,1861,1731,93,274,1862,1863,103],"yoast_head":"<!-- This site is optimized with the Yoast SEO plugin v21.0 - https:\/\/yoast.com\/wordpress\/plugins\/seo\/ -->\n<title>La marque Adidas applaudit Kevin Durant sur les r\u00e9seaux sociaux<\/title>\n<meta name=\"robots\" content=\"index, follow, max-snippet:-1, max-image-preview:large, max-video-preview:-1\" \/>\n<link rel=\"canonical\" href=\"https:\/\/footdavant.fr\/actualites\/la-marque-adidas-applaudit-kevin-durant-sur-les-reseaux-sociaux\/\" \/>\n<meta property=\"og:locale\" content=\"fr_FR\" \/>\n<meta property=\"og:type\" content=\"article\" \/>\n<meta property=\"og:title\" content=\"La marque Adidas applaudit Kevin Durant sur les r\u00e9seaux sociaux\" \/>\n<meta property=\"og:description\" content=\"Il y a eu une interaction int\u00e9ressante sur Twitter\/X vendredi matin, et elle impliquait l&rsquo;une des plus grandes pr\u00e9sences de la NBA sur les r\u00e9seaux\" \/>\n<meta property=\"og:url\" content=\"https:\/\/footdavant.fr\/actualites\/la-marque-adidas-applaudit-kevin-durant-sur-les-reseaux-sociaux\/\" \/>\n<meta property=\"og:site_name\" content=\"Foot d&#039;avant\" \/>\n<meta property=\"article:publisher\" content=\"https:\/\/www.facebook.com\/Footdavant\/\" \/>\n<meta property=\"article:published_time\" content=\"2023-12-03T07:49:29+00:00\" \/>\n<meta property=\"og:image\" content=\"https:\/\/footdavant.fr\/actualites\/wp-content\/uploads\/2023\/12\/La-marque-Adidas-applaudit-Kevin-Durant-sur-les-reseaux-sociaux.jpeg\" \/>\n\t<meta property=\"og:image:width\" content=\"650\" \/>\n\t<meta property=\"og:image:height\" content=\"366\" \/>\n\t<meta property=\"og:image:type\" content=\"image\/jpeg\" \/>\n<meta name=\"author\" content=\"Cl\u00e9ment\" \/>\n<meta name=\"twitter:card\" content=\"summary_large_image\" \/>\n<meta name=\"twitter:creator\" content=\"@FootdavantFr\" \/>\n<meta name=\"twitter:site\" content=\"@FootdavantFr\" \/>\n<meta name=\"twitter:label1\" content=\"\u00c9crit par\" \/>\n\t<meta name=\"twitter:data1\" content=\"Cl\u00e9ment\" \/>\n\t<meta name=\"twitter:label2\" content=\"Dur\u00e9e de lecture estim\u00e9e\" \/>\n\t<meta name=\"twitter:data2\" content=\"3 minutes\" \/>\n<script type=\"application\/ld+json\" class=\"yoast-schema-graph\">{\"@context\":\"https:\/\/schema.org\",\"@graph\":[{\"@type\":\"Article\",\"@id\":\"https:\/\/footdavant.fr\/actualites\/la-marque-adidas-applaudit-kevin-durant-sur-les-reseaux-sociaux\/#article\",\"isPartOf\":{\"@id\":\"https:\/\/footdavant.fr\/actualites\/la-marque-adidas-applaudit-kevin-durant-sur-les-reseaux-sociaux\/\"},\"author\":{\"name\":\"Cl\u00e9ment\",\"@id\":\"https:\/\/footdavant.fr\/actualites\/#\/schema\/person\/bc222566d95871b37e597b3ed3ba5e1d\"},\"headline\":\"La marque Adidas applaudit Kevin Durant sur les r\u00e9seaux sociaux\",\"datePublished\":\"2023-12-03T07:49:29+00:00\",\"dateModified\":\"2023-12-03T07:49:29+00:00\",\"mainEntityOfPage\":{\"@id\":\"https:\/\/footdavant.fr\/actualites\/la-marque-adidas-applaudit-kevin-durant-sur-les-reseaux-sociaux\/\"},\"wordCount\":513,\"publisher\":{\"@id\":\"https:\/\/footdavant.fr\/actualites\/#organization\"},\"keywords\":[\"Adidas\",\"applaudit\",\"Durant\",\"Kevin\",\"les\",\"marqu\u00e9\",\"r\u00e9seaux\",\"sociaux\",\"sur\"],\"articleSection\":[\"Football\"],\"inLanguage\":\"fr-FR\"},{\"@type\":\"WebPage\",\"@id\":\"https:\/\/footdavant.fr\/actualites\/la-marque-adidas-applaudit-kevin-durant-sur-les-reseaux-sociaux\/\",\"url\":\"https:\/\/footdavant.fr\/actualites\/la-marque-adidas-applaudit-kevin-durant-sur-les-reseaux-sociaux\/\",\"name\":\"La marque Adidas applaudit Kevin Durant sur les r\u00e9seaux sociaux\",\"isPartOf\":{\"@id\":\"https:\/\/footdavant.fr\/actualites\/#website\"},\"datePublished\":\"2023-12-03T07:49:29+00:00\",\"dateModified\":\"2023-12-03T07:49:29+00:00\",\"breadcrumb\":{\"@id\":\"https:\/\/footdavant.fr\/actualites\/la-marque-adidas-applaudit-kevin-durant-sur-les-reseaux-sociaux\/#breadcrumb\"},\"inLanguage\":\"fr-FR\",\"potentialAction\":[{\"@type\":\"ReadAction\",\"target\":[\"https:\/\/footdavant.fr\/actualites\/la-marque-adidas-applaudit-kevin-durant-sur-les-reseaux-sociaux\/\"]}]},{\"@type\":\"BreadcrumbList\",\"@id\":\"https:\/\/footdavant.fr\/actualites\/la-marque-adidas-applaudit-kevin-durant-sur-les-reseaux-sociaux\/#breadcrumb\",\"itemListElement\":[{\"@type\":\"ListItem\",\"position\":1,\"name\":\"Accueil\",\"item\":\"https:\/\/footdavant.fr\/actualites\/\"},{\"@type\":\"ListItem\",\"position\":2,\"name\":\"La marque Adidas applaudit Kevin Durant sur les r\u00e9seaux sociaux\"}]},{\"@type\":\"WebSite\",\"@id\":\"https:\/\/footdavant.fr\/actualites\/#website\",\"url\":\"https:\/\/footdavant.fr\/actualites\/\",\"name\":\"Foot d'avant\",\"description\":\"\",\"publisher\":{\"@id\":\"https:\/\/footdavant.fr\/actualites\/#organization\"},\"potentialAction\":[{\"@type\":\"SearchAction\",\"target\":{\"@type\":\"EntryPoint\",\"urlTemplate\":\"https:\/\/footdavant.fr\/actualites\/?s={search_term_string}\"},\"query-input\":\"required name=search_term_string\"}],\"inLanguage\":\"fr-FR\"},{\"@type\":\"Organization\",\"@id\":\"https:\/\/footdavant.fr\/actualites\/#organization\",\"name\":\"Foot d'avant\",\"url\":\"https:\/\/footdavant.fr\/actualites\/\",\"logo\":{\"@type\":\"ImageObject\",\"inLanguage\":\"fr-FR\",\"@id\":\"https:\/\/footdavant.fr\/actualites\/#\/schema\/logo\/image\/\",\"url\":\"https:\/\/footdavant.fr\/actualites\/wp-content\/uploads\/2023\/09\/Copy-of-FootDavant-Logo.png\",\"contentUrl\":\"https:\/\/footdavant.fr\/actualites\/wp-content\/uploads\/2023\/09\/Copy-of-FootDavant-Logo.png\",\"width\":936,\"height\":549,\"caption\":\"Foot d'avant\"},\"image\":{\"@id\":\"https:\/\/footdavant.fr\/actualites\/#\/schema\/logo\/image\/\"},\"sameAs\":[\"https:\/\/www.facebook.com\/Footdavant\/\",\"https:\/\/twitter.com\/FootdavantFr\",\"https:\/\/www.instagram.com\/footdavant.fr\/\"]},{\"@type\":\"Person\",\"@id\":\"https:\/\/footdavant.fr\/actualites\/#\/schema\/person\/bc222566d95871b37e597b3ed3ba5e1d\",\"name\":\"Cl\u00e9ment\",\"image\":{\"@type\":\"ImageObject\",\"inLanguage\":\"fr-FR\",\"@id\":\"https:\/\/footdavant.fr\/actualites\/#\/schema\/person\/image\/\",\"url\":\"https:\/\/secure.gravatar.com\/avatar\/7728b29aac2719421e1a9159b2254c44?s=96&d=mm&r=g\",\"contentUrl\":\"https:\/\/secure.gravatar.com\/avatar\/7728b29aac2719421e1a9159b2254c44?s=96&d=mm&r=g\",\"caption\":\"Cl\u00e9ment\"},\"sameAs\":[\"https:\/\/footdavant.fr\/\"]}]}<\/script>\n<!-- \/ Yoast SEO plugin. -->","yoast_head_json":{"title":"La marque Adidas applaudit Kevin Durant sur les r\u00e9seaux sociaux","robots":{"index":"index","follow":"follow","max-snippet":"max-snippet:-1","max-image-preview":"max-image-preview:large","max-video-preview":"max-video-preview:-1"},"canonical":"https:\/\/footdavant.fr\/actualites\/la-marque-adidas-applaudit-kevin-durant-sur-les-reseaux-sociaux\/","og_locale":"fr_FR","og_type":"article","og_title":"La marque Adidas applaudit Kevin Durant sur les r\u00e9seaux sociaux","og_description":"Il y a eu une interaction int\u00e9ressante sur Twitter\/X vendredi matin, et elle impliquait l&rsquo;une des plus grandes pr\u00e9sences de la NBA sur les r\u00e9seaux","og_url":"https:\/\/footdavant.fr\/actualites\/la-marque-adidas-applaudit-kevin-durant-sur-les-reseaux-sociaux\/","og_site_name":"Foot d&#039;avant","article_publisher":"https:\/\/www.facebook.com\/Footdavant\/","article_published_time":"2023-12-03T07:49:29+00:00","og_image":[{"width":650,"height":366,"url":"https:\/\/footdavant.fr\/actualites\/wp-content\/uploads\/2023\/12\/La-marque-Adidas-applaudit-Kevin-Durant-sur-les-reseaux-sociaux.jpeg","type":"image\/jpeg"}],"author":"Cl\u00e9ment","twitter_card":"summary_large_image","twitter_creator":"@FootdavantFr","twitter_site":"@FootdavantFr","twitter_misc":{"\u00c9crit par":"Cl\u00e9ment","Dur\u00e9e de lecture estim\u00e9e":"3 minutes"},"schema":{"@context":"https:\/\/schema.org","@graph":[{"@type":"Article","@id":"https:\/\/footdavant.fr\/actualites\/la-marque-adidas-applaudit-kevin-durant-sur-les-reseaux-sociaux\/#article","isPartOf":{"@id":"https:\/\/footdavant.fr\/actualites\/la-marque-adidas-applaudit-kevin-durant-sur-les-reseaux-sociaux\/"},"author":{"name":"Cl\u00e9ment","@id":"https:\/\/footdavant.fr\/actualites\/#\/schema\/person\/bc222566d95871b37e597b3ed3ba5e1d"},"headline":"La marque Adidas applaudit Kevin Durant sur les r\u00e9seaux sociaux","datePublished":"2023-12-03T07:49:29+00:00","dateModified":"2023-12-03T07:49:29+00:00","mainEntityOfPage":{"@id":"https:\/\/footdavant.fr\/actualites\/la-marque-adidas-applaudit-kevin-durant-sur-les-reseaux-sociaux\/"},"wordCount":513,"publisher":{"@id":"https:\/\/footdavant.fr\/actualites\/#organization"},"keywords":["Adidas","applaudit","Durant","Kevin","les","marqu\u00e9","r\u00e9seaux","sociaux","sur"],"articleSection":["Football"],"inLanguage":"fr-FR"},{"@type":"WebPage","@id":"https:\/\/footdavant.fr\/actualites\/la-marque-adidas-applaudit-kevin-durant-sur-les-reseaux-sociaux\/","url":"https:\/\/footdavant.fr\/actualites\/la-marque-adidas-applaudit-kevin-durant-sur-les-reseaux-sociaux\/","name":"La marque Adidas applaudit Kevin Durant sur les r\u00e9seaux sociaux","isPartOf":{"@id":"https:\/\/footdavant.fr\/actualites\/#website"},"datePublished":"2023-12-03T07:49:29+00:00","dateModified":"2023-12-03T07:49:29+00:00","breadcrumb":{"@id":"https:\/\/footdavant.fr\/actualites\/la-marque-adidas-applaudit-kevin-durant-sur-les-reseaux-sociaux\/#breadcrumb"},"inLanguage":"fr-FR","potentialAction":[{"@type":"ReadAction","target":["https:\/\/footdavant.fr\/actualites\/la-marque-adidas-applaudit-kevin-durant-sur-les-reseaux-sociaux\/"]}]},{"@type":"BreadcrumbList","@id":"https:\/\/footdavant.fr\/actualites\/la-marque-adidas-applaudit-kevin-durant-sur-les-reseaux-sociaux\/#breadcrumb","itemListElement":[{"@type":"ListItem","position":1,"name":"Accueil","item":"https:\/\/footdavant.fr\/actualites\/"},{"@type":"ListItem","position":2,"name":"La marque Adidas applaudit Kevin Durant sur les r\u00e9seaux sociaux"}]},{"@type":"WebSite","@id":"https:\/\/footdavant.fr\/actualites\/#website","url":"https:\/\/footdavant.fr\/actualites\/","name":"Foot d'avant","description":"","publisher":{"@id":"https:\/\/footdavant.fr\/actualites\/#organization"},"potentialAction":[{"@type":"SearchAction","target":{"@type":"EntryPoint","urlTemplate":"https:\/\/footdavant.fr\/actualites\/?s={search_term_string}"},"query-input":"required name=search_term_string"}],"inLanguage":"fr-FR"},{"@type":"Organization","@id":"https:\/\/footdavant.fr\/actualites\/#organization","name":"Foot d'avant","url":"https:\/\/footdavant.fr\/actualites\/","logo":{"@type":"ImageObject","inLanguage":"fr-FR","@id":"https:\/\/footdavant.fr\/actualites\/#\/schema\/logo\/image\/","url":"https:\/\/footdavant.fr\/actualites\/wp-content\/uploads\/2023\/09\/Copy-of-FootDavant-Logo.png","contentUrl":"https:\/\/footdavant.fr\/actualites\/wp-content\/uploads\/2023\/09\/Copy-of-FootDavant-Logo.png","width":936,"height":549,"caption":"Foot d'avant"},"image":{"@id":"https:\/\/footdavant.fr\/actualites\/#\/schema\/logo\/image\/"},"sameAs":["https:\/\/www.facebook.com\/Footdavant\/","https:\/\/twitter.com\/FootdavantFr","https:\/\/www.instagram.com\/footdavant.fr\/"]},{"@type":"Person","@id":"https:\/\/footdavant.fr\/actualites\/#\/schema\/person\/bc222566d95871b37e597b3ed3ba5e1d","name":"Cl\u00e9ment","image":{"@type":"ImageObject","inLanguage":"fr-FR","@id":"https:\/\/footdavant.fr\/actualites\/#\/schema\/person\/image\/","url":"https:\/\/secure.gravatar.com\/avatar\/7728b29aac2719421e1a9159b2254c44?s=96&d=mm&r=g","contentUrl":"https:\/\/secure.gravatar.com\/avatar\/7728b29aac2719421e1a9159b2254c44?s=96&d=mm&r=g","caption":"Cl\u00e9ment"},"sameAs":["https:\/\/footdavant.fr\/"]}]}},"_links":{"self":[{"href":"https:\/\/footdavant.fr\/actualites\/wp-json\/wp\/v2\/posts\/1881"}],"collection":[{"href":"https:\/\/footdavant.fr\/actualites\/wp-json\/wp\/v2\/posts"}],"about":[{"href":"https:\/\/footdavant.fr\/actualites\/wp-json\/wp\/v2\/types\/post"}],"author":[{"embeddable":true,"href":"https:\/\/footdavant.fr\/actualites\/wp-json\/wp\/v2\/users\/1"}],"replies":[{"embeddable":true,"href":"https:\/\/footdavant.fr\/actualites\/wp-json\/wp\/v2\/comments?post=1881"}],"version-history":[{"count":1,"href":"https:\/\/footdavant.fr\/actualites\/wp-json\/wp\/v2\/posts\/1881\/revisions"}],"predecessor-version":[{"id":1883,"href":"https:\/\/footdavant.fr\/actualites\/wp-json\/wp\/v2\/posts\/1881\/revisions\/1883"}],"wp:featuredmedia":[{"embeddable":true,"href":"https:\/\/footdavant.fr\/actualites\/wp-json\/wp\/v2\/media\/1882"}],"wp:attachment":[{"href":"https:\/\/footdavant.fr\/actualites\/wp-json\/wp\/v2\/media?parent=1881"}],"wp:term":[{"taxonomy":"category","embeddable":true,"href":"https:\/\/footdavant.fr\/actualites\/wp-json\/wp\/v2\/categories?post=1881"},{"taxonomy":"post_tag","embeddable":true,"href":"https:\/\/footdavant.fr\/actualites\/wp-json\/wp\/v2\/tags?post=1881"}],"curies":[{"name":"wp","href":"https:\/\/api.w.org\/{rel}","templated":true}]}}