{"id":19026,"date":"2025-01-23T14:48:15","date_gmt":"2025-01-23T13:48:15","guid":{"rendered":"https:\/\/footdavant.fr\/actualites\/nouvelles-du-transfert-de-man-city-leintracht-francfort-publie-une-declaration-domar-marmoush-apres-un-accord-verbal\/"},"modified":"2025-01-23T14:48:16","modified_gmt":"2025-01-23T13:48:16","slug":"nouvelles-du-transfert-de-man-city-leintracht-francfort-publie-une-declaration-domar-marmoush-apres-un-accord-verbal","status":"publish","type":"post","link":"https:\/\/footdavant.fr\/actualites\/nouvelles-du-transfert-de-man-city-leintracht-francfort-publie-une-declaration-domar-marmoush-apres-un-accord-verbal\/","title":{"rendered":"Nouvelles du transfert de Man City: l&#39;Eintracht Francfort publie une d\u00e9claration d&#39;Omar Marmoush apr\u00e8s un \u00ab\u00a0accord verbal\u00a0\u00bb"},"content":{"rendered":"<p>L&#39;Eintracht Francfort confirme qu&#39;Omar Marmoush est en pourparlers avec \u00ab\u00a0un autre club\u00a0\u00bb au milieu des all\u00e9gations d&#39;un accord verbal avec Manchester City.<\/p>\n<div id=\"article_body\" itemprop=\"articleBody\">\n<h3 class=\"firstPara\">\n<strong class=\"autotag\">Eintracht Francfort<\/strong> ont confirm\u00e9 que <strong class=\"autotag\">Omar Marmouch<\/strong> est en pourparlers sur un transfert vers un club non pr\u00e9cis\u00e9 alors que des all\u00e9gations selon lesquelles <strong class=\"autotag\">Manchester City<\/strong> avoir <strong>est parvenu \u00e0 un accord verbal<\/strong> pour sa signature.<\/h3>\n<p>L&#39;international \u00e9gyptien \u00e9tait un absent notable de l&#39;\u00e9quipe de Die Adler pour affronter le Borussia Dortmund lors du choc de Bundesliga de vendredi, alimentant les sp\u00e9culations selon lesquelles son transfert \u00e0 l&#39;Etihad \u00e9tait sur le point d&#39;\u00eatre termin\u00e9.<\/p>\n<p>On ne pense pas que Marmoush soit bless\u00e9, et Francfort a maintenant annonc\u00e9 que le joueur de 25 ans n&#39;avait pas \u00e9t\u00e9 inclus dans l&#39;\u00e9quipe pour rencontrer Dortmund alors que les pourparlers se poursuivent.<\/p>\n<p>Bien que les vainqueurs de la Ligue Europa 2021-22 n\u2019aient pas directement annonc\u00e9 que Marmoush discutait d\u2019un transfert \u00e0 Man City, on pense que les champions de Premier League sont sur le point de conclure un accord.<\/p>\n<p>\u00ab\u00a0L&#39;Eintracht Francfort est actuellement en pourparlers avec un autre club concernant le transfert d&#39;Omar Marmoush. Par cons\u00e9quent, il n&#39;est pas inclus dans l&#39;\u00e9quipe aujourd&#39;hui\u00a0\u00bb, a d\u00e9clar\u00e9 Francfort sur X, anciennement connu sous le nom de Twitter.<\/p>\n<h2 class=\"k3\">Comment s&#39;est d\u00e9roul\u00e9e la situation du transfert de Marmoush<\/h2>\n<p class=\"imgI\">\n<p>Marmoush aurait \u00e9t\u00e9 courtis\u00e9 par plusieurs clubs de Premier League depuis la saison 2023-24, o\u00f9 il a fait des d\u00e9buts r\u00e9guliers au Deutsche Bank Park avec 17 buts et six passes d\u00e9cisives lors de sa premi\u00e8re saison.<\/p>\n<p>L&#39;attaquant a fait remuer les langues concernant un \u00e9ventuel d\u00e9m\u00e9nagement \u00e0 Liverpool l&#39;ann\u00e9e derni\u00e8re, d\u00e9crivant le partage d&#39;un terrain avec <strong class=\"autotag\">Mohamed Salah<\/strong> comme <strong>un \u00ab\u00a0sentiment fantastique\u00a0\u00bb<\/strong>et Liverpool aurait en effet d\u00e9tenu un int\u00e9r\u00eat aux c\u00f4t\u00e9s d&#39;Arsenal.<\/p>\n<p>Cependant, City a fait un effort concert\u00e9 pour faire d\u00e9barquer Marmoush ce mois-ci, et le PDG de Francfort <strong class=\"autotag\">Markus Krosche<\/strong> confirm\u00e9 la semaine derni\u00e8re que <strong>une \u00e9quipe avait pris contact<\/strong> \u00e0 ses c\u00f4t\u00e9s pour un accord d&#39;hiver.<\/p>\n<p><strong>Une premi\u00e8re offre pour le joueur de 25 ans a \u00e9t\u00e9 refus\u00e9e<\/strong>mais les Citizens auraient d\u00e9sormais conclu un accord verbal, qui les verra payer un total de 80 millions d&#39;euros (67,6 millions de livres sterling) si tous les ajouts sont respect\u00e9s.<\/p>\n<p>Des conditions personnelles auraient \u00e9galement \u00e9t\u00e9 convenues avec Marmoush, qui a accumul\u00e9 20 buts et 14 passes d\u00e9cisives en seulement 26 apparitions au cours de la saison 2024-25.<\/p>\n<h2 class=\"k3\">Quelles autres affaires de janvier Man City pourrait-il faire ?<\/h2>\n<p class=\"imgI\"><img decoding=\"async\" loading=\"lazy\" class=\"l\" src=\"https:\/\/footdavant.fr\/actualites\/wp-content\/uploads\/2025\/01\/1737640095_259_Nouvelles-du-transfert-de-Man-City-l39Eintracht-Francfort-publie-une.jpg\" title=\"Andrea Cambiaso de la Juventus photographi\u00e9 le 14 janvier 2025\" alt=\"Andrea Cambiaso de la Juventus photographi\u00e9 le 14 janvier 2025\" width=\"640\" height=\"480\"><\/p>\n<p>Si <strong class=\"autotag\">Pep Guardiola<\/strong> obtient ce qu&#39;il veut, Marmoush pourrait \u00eatre l&#39;un des trois nouveaux ajouts importants \u00e0 l&#39;Etihad Stadium ce mois-ci, une liste qui comprend \u00e9galement le d\u00e9fenseur central de Lens <strong class=\"autotag\">Abdukodir Khusanov<\/strong>.<\/p>\n<p>Le transfert de l&#39;international ouzbek serait sur le point d&#39;\u00eatre achev\u00e9 apr\u00e8s l&#39;approbation de son permis de travail, et les Citizens auraient intensifi\u00e9 leurs efforts pour signer le contrat de la Juventus. <strong class=\"autotag\">Andrea Cambiaso<\/strong> aussi.<\/p>\n<p>Il a \u00e9t\u00e9 rapport\u00e9 jeudi que les champions de Premier League <strong>\u00e9taient pr\u00eats \u00e0 offrir jusqu&#39;\u00e0 54,7 millions de livres sterling<\/strong> pour l&#39;international italien, mais la Juve l&#39;\u00e9value dans la fourchette de 80 millions d&#39;euros (67,6 millions de livres sterling) et est d\u00e9termin\u00e9e \u00e0 ne pas le perdre ce mois-ci.<\/p>\n<p>Cambiaso arriverait \u00e0 Manchester en remplacement direct de <strong class=\"autotag\">Kyle Walker<\/strong>qui se rapprocherait d&#39;un transfert de mi-saison \u00e0 l&#39;AC Milan apr\u00e8s <strong>informer Guardiola de son d\u00e9sir de partir<\/strong>.<\/p>\n<div class=\"author_box\">\n<div class=\"author_box_banner\">\n<img decoding=\"async\" class=\"author_img\" src=\"https:\/\/footdavant.fr\/actualites\/wp-content\/uploads\/2025\/01\/1737640095_469_Nouvelles-du-transfert-de-Man-City-l39Eintracht-Francfort-publie-une.jpg\"><\/p>\n<\/div>\n<\/div>\n<\/div>\n","protected":false},"excerpt":{"rendered":"<p>L&#39;Eintracht Francfort confirme qu&#39;Omar Marmoush est en pourparlers avec \u00ab\u00a0un autre club\u00a0\u00bb au milieu des all\u00e9gations d&#39;un accord verbal avec Manchester City. Eintracht Francfort ont<\/p>\n","protected":false},"author":1,"featured_media":19027,"comment_status":"closed","ping_status":"","sticky":false,"template":"","format":"standard","meta":{"footnotes":""},"categories":[5],"tags":[277,25,27,7734,749,2464,7226,24,6816,461,1107,700,92,4900],"yoast_head":"<!-- This site is optimized with the Yoast SEO plugin v21.0 - https:\/\/yoast.com\/wordpress\/plugins\/seo\/ -->\n<title>Nouvelles du transfert de Man City: l&#039;Eintracht Francfort publie une d\u00e9claration d&#039;Omar Marmoush apr\u00e8s un &quot;accord verbal&quot;<\/title>\n<meta name=\"robots\" content=\"index, follow, max-snippet:-1, max-image-preview:large, max-video-preview:-1\" \/>\n<link rel=\"canonical\" href=\"https:\/\/footdavant.fr\/actualites\/nouvelles-du-transfert-de-man-city-leintracht-francfort-publie-une-declaration-domar-marmoush-apres-un-accord-verbal\/\" \/>\n<meta property=\"og:locale\" content=\"fr_FR\" \/>\n<meta property=\"og:type\" content=\"article\" \/>\n<meta property=\"og:title\" content=\"Nouvelles du transfert de Man City: l&#039;Eintracht Francfort publie une d\u00e9claration d&#039;Omar Marmoush apr\u00e8s un &quot;accord verbal&quot;\" \/>\n<meta property=\"og:description\" content=\"L&#039;Eintracht Francfort confirme qu&#039;Omar Marmoush est en pourparlers avec \u00ab\u00a0un autre club\u00a0\u00bb au milieu des all\u00e9gations d&#039;un accord verbal avec Manchester City. Eintracht Francfort ont\" \/>\n<meta property=\"og:url\" content=\"https:\/\/footdavant.fr\/actualites\/nouvelles-du-transfert-de-man-city-leintracht-francfort-publie-une-declaration-domar-marmoush-apres-un-accord-verbal\/\" \/>\n<meta property=\"og:site_name\" content=\"Foot d&#039;avant\" \/>\n<meta property=\"article:publisher\" content=\"https:\/\/www.facebook.com\/Footdavant\/\" \/>\n<meta property=\"article:published_time\" content=\"2025-01-23T13:48:15+00:00\" \/>\n<meta property=\"article:modified_time\" content=\"2025-01-23T13:48:16+00:00\" \/>\n<meta property=\"og:image\" content=\"https:\/\/footdavant.fr\/actualites\/wp-content\/uploads\/2025\/01\/Nouvelles-du-transfert-de-Man-City-l39Eintracht-Francfort-publie-une.jpg\" \/>\n\t<meta property=\"og:image:width\" content=\"640\" \/>\n\t<meta property=\"og:image:height\" content=\"480\" \/>\n\t<meta property=\"og:image:type\" content=\"image\/jpeg\" \/>\n<meta name=\"author\" content=\"Cl\u00e9ment\" \/>\n<meta name=\"twitter:card\" content=\"summary_large_image\" \/>\n<meta name=\"twitter:creator\" content=\"@FootdavantFr\" \/>\n<meta name=\"twitter:site\" content=\"@FootdavantFr\" \/>\n<meta name=\"twitter:label1\" content=\"\u00c9crit par\" \/>\n\t<meta name=\"twitter:data1\" content=\"Cl\u00e9ment\" \/>\n\t<meta name=\"twitter:label2\" content=\"Dur\u00e9e de lecture estim\u00e9e\" \/>\n\t<meta name=\"twitter:data2\" content=\"3 minutes\" \/>\n<script type=\"application\/ld+json\" class=\"yoast-schema-graph\">{\"@context\":\"https:\/\/schema.org\",\"@graph\":[{\"@type\":\"Article\",\"@id\":\"https:\/\/footdavant.fr\/actualites\/nouvelles-du-transfert-de-man-city-leintracht-francfort-publie-une-declaration-domar-marmoush-apres-un-accord-verbal\/#article\",\"isPartOf\":{\"@id\":\"https:\/\/footdavant.fr\/actualites\/nouvelles-du-transfert-de-man-city-leintracht-francfort-publie-une-declaration-domar-marmoush-apres-un-accord-verbal\/\"},\"author\":{\"name\":\"Cl\u00e9ment\",\"@id\":\"https:\/\/footdavant.fr\/actualites\/#\/schema\/person\/bc222566d95871b37e597b3ed3ba5e1d\"},\"headline\":\"Nouvelles du transfert de Man City: l&#39;Eintracht Francfort publie une d\u00e9claration d&#39;Omar Marmoush apr\u00e8s un \u00ab\u00a0accord verbal\u00a0\u00bb\",\"datePublished\":\"2025-01-23T13:48:15+00:00\",\"dateModified\":\"2025-01-23T13:48:16+00:00\",\"mainEntityOfPage\":{\"@id\":\"https:\/\/footdavant.fr\/actualites\/nouvelles-du-transfert-de-man-city-leintracht-francfort-publie-une-declaration-domar-marmoush-apres-un-accord-verbal\/\"},\"wordCount\":618,\"publisher\":{\"@id\":\"https:\/\/footdavant.fr\/actualites\/#organization\"},\"keywords\":[\"accord\",\"apr\u00e8s\",\"City\",\"d39Omar\",\"D\u00e9claration\",\"Francfort\",\"l39Eintracht\",\"Man\",\"Marmoush\",\"Nouvelles\",\"publi\u00e9\",\"transfert\",\"une\",\"verbal\"],\"articleSection\":[\"Premier League\"],\"inLanguage\":\"fr-FR\"},{\"@type\":\"WebPage\",\"@id\":\"https:\/\/footdavant.fr\/actualites\/nouvelles-du-transfert-de-man-city-leintracht-francfort-publie-une-declaration-domar-marmoush-apres-un-accord-verbal\/\",\"url\":\"https:\/\/footdavant.fr\/actualites\/nouvelles-du-transfert-de-man-city-leintracht-francfort-publie-une-declaration-domar-marmoush-apres-un-accord-verbal\/\",\"name\":\"Nouvelles du transfert de Man City: l&#39;Eintracht Francfort publie une d\u00e9claration d&#39;Omar Marmoush apr\u00e8s un \\\"accord verbal\\\"\",\"isPartOf\":{\"@id\":\"https:\/\/footdavant.fr\/actualites\/#website\"},\"datePublished\":\"2025-01-23T13:48:15+00:00\",\"dateModified\":\"2025-01-23T13:48:16+00:00\",\"breadcrumb\":{\"@id\":\"https:\/\/footdavant.fr\/actualites\/nouvelles-du-transfert-de-man-city-leintracht-francfort-publie-une-declaration-domar-marmoush-apres-un-accord-verbal\/#breadcrumb\"},\"inLanguage\":\"fr-FR\",\"potentialAction\":[{\"@type\":\"ReadAction\",\"target\":[\"https:\/\/footdavant.fr\/actualites\/nouvelles-du-transfert-de-man-city-leintracht-francfort-publie-une-declaration-domar-marmoush-apres-un-accord-verbal\/\"]}]},{\"@type\":\"BreadcrumbList\",\"@id\":\"https:\/\/footdavant.fr\/actualites\/nouvelles-du-transfert-de-man-city-leintracht-francfort-publie-une-declaration-domar-marmoush-apres-un-accord-verbal\/#breadcrumb\",\"itemListElement\":[{\"@type\":\"ListItem\",\"position\":1,\"name\":\"Accueil\",\"item\":\"https:\/\/footdavant.fr\/actualites\/\"},{\"@type\":\"ListItem\",\"position\":2,\"name\":\"Nouvelles du transfert de Man City: l&#39;Eintracht Francfort publie une d\u00e9claration d&#39;Omar Marmoush apr\u00e8s un \u00ab\u00a0accord verbal\u00a0\u00bb\"}]},{\"@type\":\"WebSite\",\"@id\":\"https:\/\/footdavant.fr\/actualites\/#website\",\"url\":\"https:\/\/footdavant.fr\/actualites\/\",\"name\":\"Foot d'avant\",\"description\":\"\",\"publisher\":{\"@id\":\"https:\/\/footdavant.fr\/actualites\/#organization\"},\"potentialAction\":[{\"@type\":\"SearchAction\",\"target\":{\"@type\":\"EntryPoint\",\"urlTemplate\":\"https:\/\/footdavant.fr\/actualites\/?s={search_term_string}\"},\"query-input\":\"required name=search_term_string\"}],\"inLanguage\":\"fr-FR\"},{\"@type\":\"Organization\",\"@id\":\"https:\/\/footdavant.fr\/actualites\/#organization\",\"name\":\"Foot d'avant\",\"url\":\"https:\/\/footdavant.fr\/actualites\/\",\"logo\":{\"@type\":\"ImageObject\",\"inLanguage\":\"fr-FR\",\"@id\":\"https:\/\/footdavant.fr\/actualites\/#\/schema\/logo\/image\/\",\"url\":\"https:\/\/footdavant.fr\/actualites\/wp-content\/uploads\/2023\/09\/Copy-of-FootDavant-Logo.png\",\"contentUrl\":\"https:\/\/footdavant.fr\/actualites\/wp-content\/uploads\/2023\/09\/Copy-of-FootDavant-Logo.png\",\"width\":936,\"height\":549,\"caption\":\"Foot d'avant\"},\"image\":{\"@id\":\"https:\/\/footdavant.fr\/actualites\/#\/schema\/logo\/image\/\"},\"sameAs\":[\"https:\/\/www.facebook.com\/Footdavant\/\",\"https:\/\/twitter.com\/FootdavantFr\",\"https:\/\/www.instagram.com\/footdavant.fr\/\"]},{\"@type\":\"Person\",\"@id\":\"https:\/\/footdavant.fr\/actualites\/#\/schema\/person\/bc222566d95871b37e597b3ed3ba5e1d\",\"name\":\"Cl\u00e9ment\",\"image\":{\"@type\":\"ImageObject\",\"inLanguage\":\"fr-FR\",\"@id\":\"https:\/\/footdavant.fr\/actualites\/#\/schema\/person\/image\/\",\"url\":\"https:\/\/secure.gravatar.com\/avatar\/7728b29aac2719421e1a9159b2254c44?s=96&d=mm&r=g\",\"contentUrl\":\"https:\/\/secure.gravatar.com\/avatar\/7728b29aac2719421e1a9159b2254c44?s=96&d=mm&r=g\",\"caption\":\"Cl\u00e9ment\"},\"sameAs\":[\"https:\/\/footdavant.fr\/\"]}]}<\/script>\n<!-- \/ Yoast SEO plugin. -->","yoast_head_json":{"title":"Nouvelles du transfert de Man City: l&#39;Eintracht Francfort publie une d\u00e9claration d&#39;Omar Marmoush apr\u00e8s un \"accord verbal\"","robots":{"index":"index","follow":"follow","max-snippet":"max-snippet:-1","max-image-preview":"max-image-preview:large","max-video-preview":"max-video-preview:-1"},"canonical":"https:\/\/footdavant.fr\/actualites\/nouvelles-du-transfert-de-man-city-leintracht-francfort-publie-une-declaration-domar-marmoush-apres-un-accord-verbal\/","og_locale":"fr_FR","og_type":"article","og_title":"Nouvelles du transfert de Man City: l&#39;Eintracht Francfort publie une d\u00e9claration d&#39;Omar Marmoush apr\u00e8s un \"accord verbal\"","og_description":"L&#39;Eintracht Francfort confirme qu&#39;Omar Marmoush est en pourparlers avec \u00ab\u00a0un autre club\u00a0\u00bb au milieu des all\u00e9gations d&#39;un accord verbal avec Manchester City. Eintracht Francfort ont","og_url":"https:\/\/footdavant.fr\/actualites\/nouvelles-du-transfert-de-man-city-leintracht-francfort-publie-une-declaration-domar-marmoush-apres-un-accord-verbal\/","og_site_name":"Foot d&#039;avant","article_publisher":"https:\/\/www.facebook.com\/Footdavant\/","article_published_time":"2025-01-23T13:48:15+00:00","article_modified_time":"2025-01-23T13:48:16+00:00","og_image":[{"width":640,"height":480,"url":"https:\/\/footdavant.fr\/actualites\/wp-content\/uploads\/2025\/01\/Nouvelles-du-transfert-de-Man-City-l39Eintracht-Francfort-publie-une.jpg","type":"image\/jpeg"}],"author":"Cl\u00e9ment","twitter_card":"summary_large_image","twitter_creator":"@FootdavantFr","twitter_site":"@FootdavantFr","twitter_misc":{"\u00c9crit par":"Cl\u00e9ment","Dur\u00e9e de lecture estim\u00e9e":"3 minutes"},"schema":{"@context":"https:\/\/schema.org","@graph":[{"@type":"Article","@id":"https:\/\/footdavant.fr\/actualites\/nouvelles-du-transfert-de-man-city-leintracht-francfort-publie-une-declaration-domar-marmoush-apres-un-accord-verbal\/#article","isPartOf":{"@id":"https:\/\/footdavant.fr\/actualites\/nouvelles-du-transfert-de-man-city-leintracht-francfort-publie-une-declaration-domar-marmoush-apres-un-accord-verbal\/"},"author":{"name":"Cl\u00e9ment","@id":"https:\/\/footdavant.fr\/actualites\/#\/schema\/person\/bc222566d95871b37e597b3ed3ba5e1d"},"headline":"Nouvelles du transfert de Man City: l&#39;Eintracht Francfort publie une d\u00e9claration d&#39;Omar Marmoush apr\u00e8s un \u00ab\u00a0accord verbal\u00a0\u00bb","datePublished":"2025-01-23T13:48:15+00:00","dateModified":"2025-01-23T13:48:16+00:00","mainEntityOfPage":{"@id":"https:\/\/footdavant.fr\/actualites\/nouvelles-du-transfert-de-man-city-leintracht-francfort-publie-une-declaration-domar-marmoush-apres-un-accord-verbal\/"},"wordCount":618,"publisher":{"@id":"https:\/\/footdavant.fr\/actualites\/#organization"},"keywords":["accord","apr\u00e8s","City","d39Omar","D\u00e9claration","Francfort","l39Eintracht","Man","Marmoush","Nouvelles","publi\u00e9","transfert","une","verbal"],"articleSection":["Premier League"],"inLanguage":"fr-FR"},{"@type":"WebPage","@id":"https:\/\/footdavant.fr\/actualites\/nouvelles-du-transfert-de-man-city-leintracht-francfort-publie-une-declaration-domar-marmoush-apres-un-accord-verbal\/","url":"https:\/\/footdavant.fr\/actualites\/nouvelles-du-transfert-de-man-city-leintracht-francfort-publie-une-declaration-domar-marmoush-apres-un-accord-verbal\/","name":"Nouvelles du transfert de Man City: l&#39;Eintracht Francfort publie une d\u00e9claration d&#39;Omar Marmoush apr\u00e8s un \"accord verbal\"","isPartOf":{"@id":"https:\/\/footdavant.fr\/actualites\/#website"},"datePublished":"2025-01-23T13:48:15+00:00","dateModified":"2025-01-23T13:48:16+00:00","breadcrumb":{"@id":"https:\/\/footdavant.fr\/actualites\/nouvelles-du-transfert-de-man-city-leintracht-francfort-publie-une-declaration-domar-marmoush-apres-un-accord-verbal\/#breadcrumb"},"inLanguage":"fr-FR","potentialAction":[{"@type":"ReadAction","target":["https:\/\/footdavant.fr\/actualites\/nouvelles-du-transfert-de-man-city-leintracht-francfort-publie-une-declaration-domar-marmoush-apres-un-accord-verbal\/"]}]},{"@type":"BreadcrumbList","@id":"https:\/\/footdavant.fr\/actualites\/nouvelles-du-transfert-de-man-city-leintracht-francfort-publie-une-declaration-domar-marmoush-apres-un-accord-verbal\/#breadcrumb","itemListElement":[{"@type":"ListItem","position":1,"name":"Accueil","item":"https:\/\/footdavant.fr\/actualites\/"},{"@type":"ListItem","position":2,"name":"Nouvelles du transfert de Man City: l&#39;Eintracht Francfort publie une d\u00e9claration d&#39;Omar Marmoush apr\u00e8s un \u00ab\u00a0accord verbal\u00a0\u00bb"}]},{"@type":"WebSite","@id":"https:\/\/footdavant.fr\/actualites\/#website","url":"https:\/\/footdavant.fr\/actualites\/","name":"Foot d'avant","description":"","publisher":{"@id":"https:\/\/footdavant.fr\/actualites\/#organization"},"potentialAction":[{"@type":"SearchAction","target":{"@type":"EntryPoint","urlTemplate":"https:\/\/footdavant.fr\/actualites\/?s={search_term_string}"},"query-input":"required name=search_term_string"}],"inLanguage":"fr-FR"},{"@type":"Organization","@id":"https:\/\/footdavant.fr\/actualites\/#organization","name":"Foot d'avant","url":"https:\/\/footdavant.fr\/actualites\/","logo":{"@type":"ImageObject","inLanguage":"fr-FR","@id":"https:\/\/footdavant.fr\/actualites\/#\/schema\/logo\/image\/","url":"https:\/\/footdavant.fr\/actualites\/wp-content\/uploads\/2023\/09\/Copy-of-FootDavant-Logo.png","contentUrl":"https:\/\/footdavant.fr\/actualites\/wp-content\/uploads\/2023\/09\/Copy-of-FootDavant-Logo.png","width":936,"height":549,"caption":"Foot d'avant"},"image":{"@id":"https:\/\/footdavant.fr\/actualites\/#\/schema\/logo\/image\/"},"sameAs":["https:\/\/www.facebook.com\/Footdavant\/","https:\/\/twitter.com\/FootdavantFr","https:\/\/www.instagram.com\/footdavant.fr\/"]},{"@type":"Person","@id":"https:\/\/footdavant.fr\/actualites\/#\/schema\/person\/bc222566d95871b37e597b3ed3ba5e1d","name":"Cl\u00e9ment","image":{"@type":"ImageObject","inLanguage":"fr-FR","@id":"https:\/\/footdavant.fr\/actualites\/#\/schema\/person\/image\/","url":"https:\/\/secure.gravatar.com\/avatar\/7728b29aac2719421e1a9159b2254c44?s=96&d=mm&r=g","contentUrl":"https:\/\/secure.gravatar.com\/avatar\/7728b29aac2719421e1a9159b2254c44?s=96&d=mm&r=g","caption":"Cl\u00e9ment"},"sameAs":["https:\/\/footdavant.fr\/"]}]}},"_links":{"self":[{"href":"https:\/\/footdavant.fr\/actualites\/wp-json\/wp\/v2\/posts\/19026"}],"collection":[{"href":"https:\/\/footdavant.fr\/actualites\/wp-json\/wp\/v2\/posts"}],"about":[{"href":"https:\/\/footdavant.fr\/actualites\/wp-json\/wp\/v2\/types\/post"}],"author":[{"embeddable":true,"href":"https:\/\/footdavant.fr\/actualites\/wp-json\/wp\/v2\/users\/1"}],"replies":[{"embeddable":true,"href":"https:\/\/footdavant.fr\/actualites\/wp-json\/wp\/v2\/comments?post=19026"}],"version-history":[{"count":1,"href":"https:\/\/footdavant.fr\/actualites\/wp-json\/wp\/v2\/posts\/19026\/revisions"}],"predecessor-version":[{"id":19028,"href":"https:\/\/footdavant.fr\/actualites\/wp-json\/wp\/v2\/posts\/19026\/revisions\/19028"}],"wp:featuredmedia":[{"embeddable":true,"href":"https:\/\/footdavant.fr\/actualites\/wp-json\/wp\/v2\/media\/19027"}],"wp:attachment":[{"href":"https:\/\/footdavant.fr\/actualites\/wp-json\/wp\/v2\/media?parent=19026"}],"wp:term":[{"taxonomy":"category","embeddable":true,"href":"https:\/\/footdavant.fr\/actualites\/wp-json\/wp\/v2\/categories?post=19026"},{"taxonomy":"post_tag","embeddable":true,"href":"https:\/\/footdavant.fr\/actualites\/wp-json\/wp\/v2\/tags?post=19026"}],"curies":[{"name":"wp","href":"https:\/\/api.w.org\/{rel}","templated":true}]}}