{"id":19043,"date":"2025-01-23T20:48:02","date_gmt":"2025-01-23T19:48:02","guid":{"rendered":"https:\/\/footdavant.fr\/actualites\/man-city-perd-alors-que-liverpool-scelle-le-top-8\/"},"modified":"2025-01-23T20:48:07","modified_gmt":"2025-01-23T19:48:07","slug":"man-city-perd-alors-que-liverpool-scelle-le-top-8","status":"publish","type":"post","link":"https:\/\/footdavant.fr\/actualites\/man-city-perd-alors-que-liverpool-scelle-le-top-8\/","title":{"rendered":"Man City perd alors que Liverpool scelle le top 8"},"content":{"rendered":"<div>\n<p>Il y a eu de nombreux sujets de discussion sur le MD7 de la Ligue des Champions cette semaine, les \u00e9quipes de Premier League Aston Villa et Manchester City subissant des d\u00e9faites, tandis que Liverpool et Arsenal ont remport\u00e9 des victoires cruciales.<\/p>\n<h2>R\u00e9sum\u00e9 MD7 de la Ligue des champions\u00a0: Liverpool termine dans le top huit<\/h2>\n<p>Sachant qu&#39;une victoire assurerait une place parmi les huit premiers en phase de championnat et assurerait donc sa place en huiti\u00e8mes de finale de la comp\u00e9tition, Liverpool a devanc\u00e9 son adversaire de Ligue 1 Lille \u00e0 Anfield.<\/p>\n<p>Mohamed Salah a ouvert le score pour les Reds en premi\u00e8re p\u00e9riode, mais les visiteurs ont ripost\u00e9 gr\u00e2ce \u00e0 Jonathan David \u00e0 la 62e minute malgr\u00e9 une r\u00e9duction \u00e0 10 hommes. Heureusement pour Arne Slot and co., le rempla\u00e7ant \u00e0 la mi-temps Harvey Elliott a scell\u00e9 la victoire d&#39;un tir d\u00e9vi\u00e9 sur corner cinq minutes plus tard.<\/p>\n<blockquote class=\"twitter-tweet\" data-media-max-width=\"560\">\n<p dir=\"ltr\" lang=\"en\">Liverpool reprend l&#39;avantage gr\u00e2ce \u00e0 une \u00e9norme part de chance !<\/p>\n<p>La frappe d&#39;Harvey Elliott rentre via une m\u00e9chante d\u00e9viation ! \ud83d\udd34<a rel=\"nofollow\" href=\"https:\/\/twitter.com\/hashtag\/UCLonPrime?src=hash&amp;ref_src=twsrc%5Etfw\">#UCLonPrime<\/a> <a rel=\"nofollow\" href=\"https:\/\/t.co\/H8dE5wVzef\">pic.twitter.com\/H8dE5wVzef<\/a><\/p>\n<p>\u2013 Amazon Prime Vid\u00e9o Sport (@primevideosport) <a rel=\"nofollow\" href=\"https:\/\/twitter.com\/primevideosport\/status\/1881816181591449804?ref_src=twsrc%5Etfw\">21 janvier 2025<\/a><\/p>\n<\/blockquote>\n<p>Barcelone est \u00e9galement assur\u00e9 de terminer parmi les huit premiers, rejoignant Liverpool en huiti\u00e8mes de finale. L&#39;\u00e9quipe de Hansi Flick s&#39;est impos\u00e9e dans une confrontation folle contre Benfica lors de leur affrontement MD7, ripostant de 4-2 pour gagner 5-4 dans le temps additionnel.<\/p>\n<p>Ailleurs, Arsenal, l&#39;Inter Milan, l&#39;Atletico Madrid, l&#39;AC Milan, l&#39;Atalanta, le Bayer Leverkusen, Aston Villa, Monaco, Feyenoord, Lille, Brest, le Borussia Dortmund, le Bayern Munich, le Real Madrid, la Juventus et le Celtic sont assur\u00e9s de figurer parmi les 24 premiers, ce qui signifie qu&#39;ils ont tous acc\u00e9d\u00e9 aux huiti\u00e8mes de finale de la Ligue des Champions.<\/p>\n<p>Les six derni\u00e8res places \u00e0 \u00e9limination directe sont \u00e0 gagner, avec le PSV Eindhoven, le Club de Bruges, Benfica, le Paris Saint-Germain, le Sporting, Stuttgart, Manchester City, le Dinamo Zagreb et le Shakhtar Donetsk pr\u00eats \u00e0 se battre pour les places lors de la derni\u00e8re journ\u00e9e. (MD8) la semaine prochaine.<\/p>\n<p>City a pris une avance de 2-0 au d\u00e9but de la seconde p\u00e9riode contre le PSG mercredi soir, mais les Parisiens ont ripost\u00e9 en remportant le choc 4-2. Le r\u00e9sultat signifie que Man City DOIT battre le Club de Bruges \u00e0 l&#39;Etihad sur MD8.<\/p>\n<blockquote class=\"twitter-tweet\" data-media-max-width=\"560\">\n<p dir=\"ltr\" lang=\"en\">Apr\u00e8s un long contr\u00f4le VAR, le PSG prolonge son avance \u00e0 4-2 lors du dernier coup de pied du match \ud83d\udc4f<\/p>\n<p>Man City est d\u00e9sormais 25e de la Ligue des champions, \u00e0 une position des huiti\u00e8mes de finale des s\u00e9ries \u00e9liminatoires \ud83d\udc40<\/p>\n<p>\ud83d\udcfa <a rel=\"nofollow\" href=\"https:\/\/twitter.com\/tntsports?ref_src=twsrc%5Etfw\">@tntsports<\/a> &#038; <a rel=\"nofollow\" href=\"https:\/\/twitter.com\/discoveryplusUK?ref_src=twsrc%5Etfw\">@discoveryplusUK<\/a> <a rel=\"nofollow\" href=\"https:\/\/t.co\/GUGHj6BhkP\">pic.twitter.com\/GUGHj6BhkP<\/a><\/p>\n<p>\u2013 Football sur TNT Sports (@footballontnt) <a rel=\"nofollow\" href=\"https:\/\/twitter.com\/footballontnt\/status\/1882186465490174446?ref_src=twsrc%5Etfw\">22 janvier 2025<\/a><\/p>\n<\/blockquote>\n<p>Pendant ce temps, Arsenal a battu le Dinamo Zagreb 3-0 \u00e0 domicile, Aston Villa a perdu 1-0 \u00e0 l&#39;ext\u00e9rieur \u00e0 Monaco, le Celtic s&#39;est qualifi\u00e9 pour les huiti\u00e8mes de finale avec une victoire 1-0 contre les Young Boys, le Bayern a perdu 3-0 contre Feyenoord et le Real Madrid a battu RB Salzbourg 5-1 gr\u00e2ce \u00e0 un but de Kylian Mbappe et des doubl\u00e9s de Vinicius Junior et Rodrygo.<\/p>\n<h2>R\u00e9sultats complets de la Ligue des champions MD7<\/h2>\n<\/p>\n<ul>\n<li>AS Monaco 1-0 Aston Villa<\/li>\n<li>Atalante 5-0 Sturm Graz<\/li>\n<li>Atl\u00e9tico Madrid 2-1 Bayer Leverkusen<\/li>\n<li>Benfica 4-5 Barcelone<\/li>\n<li>Bologne 2-1 Borussia Dortmund<\/li>\n<li>Club de Bruges 0-0 Juventus<\/li>\n<li>\u00c9toile Rouge Belgrade 2-3 PSV Eindhoven<\/li>\n<li>Liverpool 2-1 Lille<\/li>\n<li>Slovan Bratislava 1-3 Stuttgart<\/li>\n<\/ul>\n<ul>\n<li>RB Leipzig 2-1 Sporting<\/li>\n<li>Shakhtar Donetsk 2-0 Stade Brestois<\/li>\n<li>Sparta Prague 0-1 Inter Milan<\/li>\n<li>Arsenal 3-0 Dinamo Zagreb<\/li>\n<li>Celtic 1-0 Jeunes Gar\u00e7ons<\/li>\n<li>Feyenoord 3-0 Bayern Munich<\/li>\n<li>AC Milan 1-0 G\u00e9rone<\/li>\n<li>PSG 4-2 Manchester City<\/li>\n<li>Real Madrid 5-1 RB Salzbourg<\/li>\n<\/ul>\n<h2>Tableau de la Ligue des Champions apr\u00e8s MD7<\/h2>\n<blockquote class=\"twitter-tweet\">\n<p dir=\"ltr\" lang=\"en\">Il reste une journ\u00e9e \u00e0 jouer ! \ud83d\ude32<a rel=\"nofollow\" href=\"https:\/\/twitter.com\/hashtag\/UCL?src=hash&amp;ref_src=twsrc%5Etfw\">#UCL<\/a> <a rel=\"nofollow\" href=\"https:\/\/t.co\/jEYfEM9kTC\">pic.twitter.com\/jEYfEM9kTC<\/a><\/p>\n<p>\u2013 Ligue des Champions de l&#39;UEFA (@ChampionsLeague) <a rel=\"nofollow\" href=\"https:\/\/twitter.com\/ChampionsLeague\/status\/1882207485299421612?ref_src=twsrc%5Etfw\">22 janvier 2025<\/a><\/p>\n<\/blockquote>\n<h2>Ligue des Champions MD8 Calendrier<\/h2>\n<\/p>\n<ul>\n<li>Aston Villa contre celtique<\/li>\n<li>Barcelone contre Atalante<\/li>\n<li>Bayer Leverkusen contre Sparta Prague<\/li>\n<li>Borussia Dortmund contre Shakhtar Donetsk<\/li>\n<li>Bayern Munich contre Slovan Bratislava<\/li>\n<li>G\u00e9rone contre Arsenal<\/li>\n<li>Dinamo Zagreb contre Milan AC<\/li>\n<li>Inter Milan contre AS Monaco<\/li>\n<li>Juventus contre Benfica<\/li>\n<li>Lille contre Feyenoord<\/li>\n<li>Manchester City contre Club de Bruges<\/li>\n<li>PSV Eindhoven contre Liverpool<\/li>\n<li>RB Salzbourg contre Atl\u00e9tico Madrid<\/li>\n<li>Sturm Graz contre RB Leipzig<\/li>\n<li>Sporting contre Bologne<\/li>\n<li>Stade Brestois contre Real Madrid<\/li>\n<li>Stuttgart contre PSG<\/li>\n<li>Jeunes gar\u00e7ons contre \u00e9toile rouge de Belgrade<\/li>\n<\/ul><\/div>\n<p><script async src=\"https:\/\/platform.twitter.com\/widgets.js\" charset=\"utf-8\"><\/script><\/p>\n","protected":false},"excerpt":{"rendered":"<p>Il y a eu de nombreux sujets de discussion sur le MD7 de la Ligue des Champions cette semaine, les \u00e9quipes de Premier League Aston<\/p>\n","protected":false},"author":1,"featured_media":19044,"comment_status":"closed","ping_status":"","sticky":false,"template":"","format":"standard","meta":{"footnotes":""},"categories":[3],"tags":[318,27,53,24,878,1752,372],"yoast_head":"<!-- This site is optimized with the Yoast SEO plugin v21.0 - https:\/\/yoast.com\/wordpress\/plugins\/seo\/ -->\n<title>Man City perd alors que Liverpool scelle le top 8<\/title>\n<meta name=\"robots\" content=\"index, follow, max-snippet:-1, max-image-preview:large, max-video-preview:-1\" \/>\n<link rel=\"canonical\" href=\"https:\/\/footdavant.fr\/actualites\/man-city-perd-alors-que-liverpool-scelle-le-top-8\/\" \/>\n<meta property=\"og:locale\" content=\"fr_FR\" \/>\n<meta property=\"og:type\" content=\"article\" \/>\n<meta property=\"og:title\" content=\"Man City perd alors que Liverpool scelle le top 8\" \/>\n<meta property=\"og:description\" content=\"Il y a eu de nombreux sujets de discussion sur le MD7 de la Ligue des Champions cette semaine, les \u00e9quipes de Premier League Aston\" \/>\n<meta property=\"og:url\" content=\"https:\/\/footdavant.fr\/actualites\/man-city-perd-alors-que-liverpool-scelle-le-top-8\/\" \/>\n<meta property=\"og:site_name\" content=\"Foot d&#039;avant\" \/>\n<meta property=\"article:publisher\" content=\"https:\/\/www.facebook.com\/Footdavant\/\" \/>\n<meta property=\"article:published_time\" content=\"2025-01-23T19:48:02+00:00\" \/>\n<meta property=\"article:modified_time\" content=\"2025-01-23T19:48:07+00:00\" \/>\n<meta property=\"og:image\" content=\"https:\/\/footdavant.fr\/actualites\/wp-content\/uploads\/2025\/01\/Man-City-perd-alors-que-Liverpool-scelle-le-top-8.jpg\" \/>\n\t<meta property=\"og:image:width\" content=\"1380\" \/>\n\t<meta property=\"og:image:height\" content=\"865\" \/>\n\t<meta property=\"og:image:type\" content=\"image\/jpeg\" \/>\n<meta name=\"author\" content=\"Cl\u00e9ment\" \/>\n<meta name=\"twitter:card\" content=\"summary_large_image\" \/>\n<meta name=\"twitter:creator\" content=\"@FootdavantFr\" \/>\n<meta name=\"twitter:site\" content=\"@FootdavantFr\" \/>\n<meta name=\"twitter:label1\" content=\"\u00c9crit par\" \/>\n\t<meta name=\"twitter:data1\" content=\"Cl\u00e9ment\" \/>\n\t<meta name=\"twitter:label2\" content=\"Dur\u00e9e de lecture estim\u00e9e\" \/>\n\t<meta name=\"twitter:data2\" content=\"4 minutes\" \/>\n<script type=\"application\/ld+json\" class=\"yoast-schema-graph\">{\"@context\":\"https:\/\/schema.org\",\"@graph\":[{\"@type\":\"Article\",\"@id\":\"https:\/\/footdavant.fr\/actualites\/man-city-perd-alors-que-liverpool-scelle-le-top-8\/#article\",\"isPartOf\":{\"@id\":\"https:\/\/footdavant.fr\/actualites\/man-city-perd-alors-que-liverpool-scelle-le-top-8\/\"},\"author\":{\"name\":\"Cl\u00e9ment\",\"@id\":\"https:\/\/footdavant.fr\/actualites\/#\/schema\/person\/bc222566d95871b37e597b3ed3ba5e1d\"},\"headline\":\"Man City perd alors que Liverpool scelle le top 8\",\"datePublished\":\"2025-01-23T19:48:02+00:00\",\"dateModified\":\"2025-01-23T19:48:07+00:00\",\"mainEntityOfPage\":{\"@id\":\"https:\/\/footdavant.fr\/actualites\/man-city-perd-alors-que-liverpool-scelle-le-top-8\/\"},\"wordCount\":741,\"publisher\":{\"@id\":\"https:\/\/footdavant.fr\/actualites\/#organization\"},\"keywords\":[\"alors\",\"City\",\"Liverpool\",\"Man\",\"perd\",\"scelle\",\"top\"],\"articleSection\":[\"Football\"],\"inLanguage\":\"fr-FR\"},{\"@type\":\"WebPage\",\"@id\":\"https:\/\/footdavant.fr\/actualites\/man-city-perd-alors-que-liverpool-scelle-le-top-8\/\",\"url\":\"https:\/\/footdavant.fr\/actualites\/man-city-perd-alors-que-liverpool-scelle-le-top-8\/\",\"name\":\"Man City perd alors que Liverpool scelle le top 8\",\"isPartOf\":{\"@id\":\"https:\/\/footdavant.fr\/actualites\/#website\"},\"datePublished\":\"2025-01-23T19:48:02+00:00\",\"dateModified\":\"2025-01-23T19:48:07+00:00\",\"breadcrumb\":{\"@id\":\"https:\/\/footdavant.fr\/actualites\/man-city-perd-alors-que-liverpool-scelle-le-top-8\/#breadcrumb\"},\"inLanguage\":\"fr-FR\",\"potentialAction\":[{\"@type\":\"ReadAction\",\"target\":[\"https:\/\/footdavant.fr\/actualites\/man-city-perd-alors-que-liverpool-scelle-le-top-8\/\"]}]},{\"@type\":\"BreadcrumbList\",\"@id\":\"https:\/\/footdavant.fr\/actualites\/man-city-perd-alors-que-liverpool-scelle-le-top-8\/#breadcrumb\",\"itemListElement\":[{\"@type\":\"ListItem\",\"position\":1,\"name\":\"Accueil\",\"item\":\"https:\/\/footdavant.fr\/actualites\/\"},{\"@type\":\"ListItem\",\"position\":2,\"name\":\"Man City perd alors que Liverpool scelle le top 8\"}]},{\"@type\":\"WebSite\",\"@id\":\"https:\/\/footdavant.fr\/actualites\/#website\",\"url\":\"https:\/\/footdavant.fr\/actualites\/\",\"name\":\"Foot d'avant\",\"description\":\"\",\"publisher\":{\"@id\":\"https:\/\/footdavant.fr\/actualites\/#organization\"},\"potentialAction\":[{\"@type\":\"SearchAction\",\"target\":{\"@type\":\"EntryPoint\",\"urlTemplate\":\"https:\/\/footdavant.fr\/actualites\/?s={search_term_string}\"},\"query-input\":\"required name=search_term_string\"}],\"inLanguage\":\"fr-FR\"},{\"@type\":\"Organization\",\"@id\":\"https:\/\/footdavant.fr\/actualites\/#organization\",\"name\":\"Foot d'avant\",\"url\":\"https:\/\/footdavant.fr\/actualites\/\",\"logo\":{\"@type\":\"ImageObject\",\"inLanguage\":\"fr-FR\",\"@id\":\"https:\/\/footdavant.fr\/actualites\/#\/schema\/logo\/image\/\",\"url\":\"https:\/\/footdavant.fr\/actualites\/wp-content\/uploads\/2023\/09\/Copy-of-FootDavant-Logo.png\",\"contentUrl\":\"https:\/\/footdavant.fr\/actualites\/wp-content\/uploads\/2023\/09\/Copy-of-FootDavant-Logo.png\",\"width\":936,\"height\":549,\"caption\":\"Foot d'avant\"},\"image\":{\"@id\":\"https:\/\/footdavant.fr\/actualites\/#\/schema\/logo\/image\/\"},\"sameAs\":[\"https:\/\/www.facebook.com\/Footdavant\/\",\"https:\/\/twitter.com\/FootdavantFr\",\"https:\/\/www.instagram.com\/footdavant.fr\/\"]},{\"@type\":\"Person\",\"@id\":\"https:\/\/footdavant.fr\/actualites\/#\/schema\/person\/bc222566d95871b37e597b3ed3ba5e1d\",\"name\":\"Cl\u00e9ment\",\"image\":{\"@type\":\"ImageObject\",\"inLanguage\":\"fr-FR\",\"@id\":\"https:\/\/footdavant.fr\/actualites\/#\/schema\/person\/image\/\",\"url\":\"https:\/\/secure.gravatar.com\/avatar\/7728b29aac2719421e1a9159b2254c44?s=96&d=mm&r=g\",\"contentUrl\":\"https:\/\/secure.gravatar.com\/avatar\/7728b29aac2719421e1a9159b2254c44?s=96&d=mm&r=g\",\"caption\":\"Cl\u00e9ment\"},\"sameAs\":[\"https:\/\/footdavant.fr\/\"]}]}<\/script>\n<!-- \/ Yoast SEO plugin. -->","yoast_head_json":{"title":"Man City perd alors que Liverpool scelle le top 8","robots":{"index":"index","follow":"follow","max-snippet":"max-snippet:-1","max-image-preview":"max-image-preview:large","max-video-preview":"max-video-preview:-1"},"canonical":"https:\/\/footdavant.fr\/actualites\/man-city-perd-alors-que-liverpool-scelle-le-top-8\/","og_locale":"fr_FR","og_type":"article","og_title":"Man City perd alors que Liverpool scelle le top 8","og_description":"Il y a eu de nombreux sujets de discussion sur le MD7 de la Ligue des Champions cette semaine, les \u00e9quipes de Premier League Aston","og_url":"https:\/\/footdavant.fr\/actualites\/man-city-perd-alors-que-liverpool-scelle-le-top-8\/","og_site_name":"Foot d&#039;avant","article_publisher":"https:\/\/www.facebook.com\/Footdavant\/","article_published_time":"2025-01-23T19:48:02+00:00","article_modified_time":"2025-01-23T19:48:07+00:00","og_image":[{"width":1380,"height":865,"url":"https:\/\/footdavant.fr\/actualites\/wp-content\/uploads\/2025\/01\/Man-City-perd-alors-que-Liverpool-scelle-le-top-8.jpg","type":"image\/jpeg"}],"author":"Cl\u00e9ment","twitter_card":"summary_large_image","twitter_creator":"@FootdavantFr","twitter_site":"@FootdavantFr","twitter_misc":{"\u00c9crit par":"Cl\u00e9ment","Dur\u00e9e de lecture estim\u00e9e":"4 minutes"},"schema":{"@context":"https:\/\/schema.org","@graph":[{"@type":"Article","@id":"https:\/\/footdavant.fr\/actualites\/man-city-perd-alors-que-liverpool-scelle-le-top-8\/#article","isPartOf":{"@id":"https:\/\/footdavant.fr\/actualites\/man-city-perd-alors-que-liverpool-scelle-le-top-8\/"},"author":{"name":"Cl\u00e9ment","@id":"https:\/\/footdavant.fr\/actualites\/#\/schema\/person\/bc222566d95871b37e597b3ed3ba5e1d"},"headline":"Man City perd alors que Liverpool scelle le top 8","datePublished":"2025-01-23T19:48:02+00:00","dateModified":"2025-01-23T19:48:07+00:00","mainEntityOfPage":{"@id":"https:\/\/footdavant.fr\/actualites\/man-city-perd-alors-que-liverpool-scelle-le-top-8\/"},"wordCount":741,"publisher":{"@id":"https:\/\/footdavant.fr\/actualites\/#organization"},"keywords":["alors","City","Liverpool","Man","perd","scelle","top"],"articleSection":["Football"],"inLanguage":"fr-FR"},{"@type":"WebPage","@id":"https:\/\/footdavant.fr\/actualites\/man-city-perd-alors-que-liverpool-scelle-le-top-8\/","url":"https:\/\/footdavant.fr\/actualites\/man-city-perd-alors-que-liverpool-scelle-le-top-8\/","name":"Man City perd alors que Liverpool scelle le top 8","isPartOf":{"@id":"https:\/\/footdavant.fr\/actualites\/#website"},"datePublished":"2025-01-23T19:48:02+00:00","dateModified":"2025-01-23T19:48:07+00:00","breadcrumb":{"@id":"https:\/\/footdavant.fr\/actualites\/man-city-perd-alors-que-liverpool-scelle-le-top-8\/#breadcrumb"},"inLanguage":"fr-FR","potentialAction":[{"@type":"ReadAction","target":["https:\/\/footdavant.fr\/actualites\/man-city-perd-alors-que-liverpool-scelle-le-top-8\/"]}]},{"@type":"BreadcrumbList","@id":"https:\/\/footdavant.fr\/actualites\/man-city-perd-alors-que-liverpool-scelle-le-top-8\/#breadcrumb","itemListElement":[{"@type":"ListItem","position":1,"name":"Accueil","item":"https:\/\/footdavant.fr\/actualites\/"},{"@type":"ListItem","position":2,"name":"Man City perd alors que Liverpool scelle le top 8"}]},{"@type":"WebSite","@id":"https:\/\/footdavant.fr\/actualites\/#website","url":"https:\/\/footdavant.fr\/actualites\/","name":"Foot d'avant","description":"","publisher":{"@id":"https:\/\/footdavant.fr\/actualites\/#organization"},"potentialAction":[{"@type":"SearchAction","target":{"@type":"EntryPoint","urlTemplate":"https:\/\/footdavant.fr\/actualites\/?s={search_term_string}"},"query-input":"required name=search_term_string"}],"inLanguage":"fr-FR"},{"@type":"Organization","@id":"https:\/\/footdavant.fr\/actualites\/#organization","name":"Foot d'avant","url":"https:\/\/footdavant.fr\/actualites\/","logo":{"@type":"ImageObject","inLanguage":"fr-FR","@id":"https:\/\/footdavant.fr\/actualites\/#\/schema\/logo\/image\/","url":"https:\/\/footdavant.fr\/actualites\/wp-content\/uploads\/2023\/09\/Copy-of-FootDavant-Logo.png","contentUrl":"https:\/\/footdavant.fr\/actualites\/wp-content\/uploads\/2023\/09\/Copy-of-FootDavant-Logo.png","width":936,"height":549,"caption":"Foot d'avant"},"image":{"@id":"https:\/\/footdavant.fr\/actualites\/#\/schema\/logo\/image\/"},"sameAs":["https:\/\/www.facebook.com\/Footdavant\/","https:\/\/twitter.com\/FootdavantFr","https:\/\/www.instagram.com\/footdavant.fr\/"]},{"@type":"Person","@id":"https:\/\/footdavant.fr\/actualites\/#\/schema\/person\/bc222566d95871b37e597b3ed3ba5e1d","name":"Cl\u00e9ment","image":{"@type":"ImageObject","inLanguage":"fr-FR","@id":"https:\/\/footdavant.fr\/actualites\/#\/schema\/person\/image\/","url":"https:\/\/secure.gravatar.com\/avatar\/7728b29aac2719421e1a9159b2254c44?s=96&d=mm&r=g","contentUrl":"https:\/\/secure.gravatar.com\/avatar\/7728b29aac2719421e1a9159b2254c44?s=96&d=mm&r=g","caption":"Cl\u00e9ment"},"sameAs":["https:\/\/footdavant.fr\/"]}]}},"_links":{"self":[{"href":"https:\/\/footdavant.fr\/actualites\/wp-json\/wp\/v2\/posts\/19043"}],"collection":[{"href":"https:\/\/footdavant.fr\/actualites\/wp-json\/wp\/v2\/posts"}],"about":[{"href":"https:\/\/footdavant.fr\/actualites\/wp-json\/wp\/v2\/types\/post"}],"author":[{"embeddable":true,"href":"https:\/\/footdavant.fr\/actualites\/wp-json\/wp\/v2\/users\/1"}],"replies":[{"embeddable":true,"href":"https:\/\/footdavant.fr\/actualites\/wp-json\/wp\/v2\/comments?post=19043"}],"version-history":[{"count":1,"href":"https:\/\/footdavant.fr\/actualites\/wp-json\/wp\/v2\/posts\/19043\/revisions"}],"predecessor-version":[{"id":19045,"href":"https:\/\/footdavant.fr\/actualites\/wp-json\/wp\/v2\/posts\/19043\/revisions\/19045"}],"wp:featuredmedia":[{"embeddable":true,"href":"https:\/\/footdavant.fr\/actualites\/wp-json\/wp\/v2\/media\/19044"}],"wp:attachment":[{"href":"https:\/\/footdavant.fr\/actualites\/wp-json\/wp\/v2\/media?parent=19043"}],"wp:term":[{"taxonomy":"category","embeddable":true,"href":"https:\/\/footdavant.fr\/actualites\/wp-json\/wp\/v2\/categories?post=19043"},{"taxonomy":"post_tag","embeddable":true,"href":"https:\/\/footdavant.fr\/actualites\/wp-json\/wp\/v2\/tags?post=19043"}],"curies":[{"name":"wp","href":"https:\/\/api.w.org\/{rel}","templated":true}]}}