{"id":19086,"date":"2025-01-24T16:48:33","date_gmt":"2025-01-24T15:48:33","guid":{"rendered":"https:\/\/footdavant.fr\/actualites\/diogo-jota-nomme-ses-trois-adversaires-les-plus-coriaces-de-sa-carriere\/"},"modified":"2025-01-24T16:48:38","modified_gmt":"2025-01-24T15:48:38","slug":"diogo-jota-nomme-ses-trois-adversaires-les-plus-coriaces-de-sa-carriere","status":"publish","type":"post","link":"https:\/\/footdavant.fr\/actualites\/diogo-jota-nomme-ses-trois-adversaires-les-plus-coriaces-de-sa-carriere\/","title":{"rendered":"Diogo Jota nomme ses trois adversaires les plus coriaces de sa carri\u00e8re"},"content":{"rendered":"<div id=\"article-body\">\n<!-- Article Start --><\/p>\n<p>Diogo Jota a pass\u00e9 cinq saisons \u00e0 Liverpool et a affront\u00e9 certains des meilleurs d\u00e9fenseurs du monde, ce sur quoi il a \u00e9t\u00e9 invit\u00e9 \u00e0 commenter.<\/p>\n<p>S&#39;adressant \u00e0 ESPN, l&#39;attaquant a nomm\u00e9 ses trois adversaires les plus coriaces comme suit\u00a0: <\/p>\n<\/p>\n<p>C&#39;est peut-\u00eatre une liste un peu surprenante mais qui a tout de m\u00eame beaucoup de sens pour trois grands joueurs, m\u00eame s&#39;ils n&#39;ont pas toujours eu le meilleur de notre n\u00b020.<\/p>\n<p>Bien qu&#39;il soit actuellement bless\u00e9, l&#39;international portugais est l&#39;un des attaquants les plus puissants de la Premier League et causera des maux de t\u00eate \u00e0 toute d\u00e9fense.<\/p>\n<h2>Diogo Jota pose de nombreux probl\u00e8mes aux d\u00e9fenses adverses<\/h2>\n<figure id=\"attachment_268037\" aria-describedby=\"caption-attachment-268037\" style=\"width: 770px\" class=\"wp-caption alignnone\"><picture><source type=\"image\/webp\" data- data-><\/source><\/picture><\/figure>\n<p>Avec la derni\u00e8re mise \u00e0 jour sur les blessures d&#39;Arne Slot confirmant qu&#39;il faudra encore quelques semaines avant de revoir le joueur de 28 ans sur le terrain, nous savons qu&#39;il faudra du temps avant qu&#39;il ne revienne sous une chemise rouge.<\/p>\n<p>Virgil van Dijk a d\u00e9clar\u00e9 \u00e0 quel point il avait \u00e9t\u00e9 impressionn\u00e9 par l&#39;homme qui a marqu\u00e9 huit buts pour les Reds cette saison et son absence se fera sentir.<\/p>\n<p>Avec l&#39;h\u00e9ro\u00efsme de Darwin Nunez \u00e0 Brentford, nous n&#39;avons pas imm\u00e9diatement remarqu\u00e9 la perte de l&#39;ancien homme des Wolves, mais il viendra un match o\u00f9 il nous manquera le plus.<\/p>\n<p>Avec des buts lors de ses deux matches pr\u00e9c\u00e9dents avant sa blessure, cela montre \u00e0 quel point Diogo \u00e9tait en pleine forme, mais il a \u00e9t\u00e9 maudit par un autre probl\u00e8me de forme physique.<\/p>\n<p>S&#39;il n&#39;y avait pas la fr\u00e9quence avec laquelle il manque des matchs, le respect envers l&#39;attaquant serait bien plus largement appr\u00e9ci\u00e9.<\/p>\n<\/p>\n<blockquote class=\"twitter-lazy tweet-img lazyload\" data-width=\"500\" data-dnt=\"true\">\n<p lang=\"en\" dir=\"ltr\">Diogo Jota r\u00e9v\u00e8le les trois d\u00e9fenseurs les plus coriaces qu&#39;il a affront\u00e9 \ud83d\ude05 <a rel=\"nofollow\" href=\"https:\/\/t.co\/CIGkuFkkND\">pic.twitter.com\/CIGkuFkkND<\/a><\/p>\n<p>\u2013 ESPN Royaume-Uni (@ESPNUK) <a rel=\"nofollow\" href=\"https:\/\/twitter.com\/ESPNUK\/status\/1882737679101812776?ref_src=twsrc%5Etfw\">24 janvier 2025<\/a><\/p>\n<\/blockquote>\n<p><!-- Article End -->\t\t\t\t<\/div>\n<p><script async src=\"https:\/\/platform.twitter.com\/widgets.js\" charset=\"utf-8\"><\/script><\/p>\n","protected":false},"excerpt":{"rendered":"<p>Diogo Jota a pass\u00e9 cinq saisons \u00e0 Liverpool et a affront\u00e9 certains des meilleurs d\u00e9fenseurs du monde, ce sur quoi il a \u00e9t\u00e9 invit\u00e9 \u00e0<\/p>\n","protected":false},"author":1,"featured_media":19087,"comment_status":"closed","ping_status":"","sticky":false,"template":"","format":"standard","meta":{"footnotes":""},"categories":[3],"tags":[5877,597,7749,1355,1590,93,1220,154,947],"yoast_head":"<!-- This site is optimized with the Yoast SEO plugin v21.0 - https:\/\/yoast.com\/wordpress\/plugins\/seo\/ -->\n<title>Diogo Jota nomme ses trois adversaires les plus coriaces de sa carri\u00e8re<\/title>\n<meta name=\"robots\" content=\"index, follow, max-snippet:-1, max-image-preview:large, max-video-preview:-1\" \/>\n<link rel=\"canonical\" href=\"https:\/\/footdavant.fr\/actualites\/diogo-jota-nomme-ses-trois-adversaires-les-plus-coriaces-de-sa-carriere\/\" \/>\n<meta property=\"og:locale\" content=\"fr_FR\" \/>\n<meta property=\"og:type\" content=\"article\" \/>\n<meta property=\"og:title\" content=\"Diogo Jota nomme ses trois adversaires les plus coriaces de sa carri\u00e8re\" \/>\n<meta property=\"og:description\" content=\"Diogo Jota a pass\u00e9 cinq saisons \u00e0 Liverpool et a affront\u00e9 certains des meilleurs d\u00e9fenseurs du monde, ce sur quoi il a \u00e9t\u00e9 invit\u00e9 \u00e0\" \/>\n<meta property=\"og:url\" content=\"https:\/\/footdavant.fr\/actualites\/diogo-jota-nomme-ses-trois-adversaires-les-plus-coriaces-de-sa-carriere\/\" \/>\n<meta property=\"og:site_name\" content=\"Foot d&#039;avant\" \/>\n<meta property=\"article:publisher\" content=\"https:\/\/www.facebook.com\/Footdavant\/\" \/>\n<meta property=\"article:published_time\" content=\"2025-01-24T15:48:33+00:00\" \/>\n<meta property=\"article:modified_time\" content=\"2025-01-24T15:48:38+00:00\" \/>\n<meta property=\"og:image\" content=\"https:\/\/footdavant.fr\/actualites\/wp-content\/uploads\/2025\/01\/1737733714_Diogo-Jota-nomme-ses-trois-adversaires-les-plus-coriaces-de.jpg\" \/>\n\t<meta property=\"og:image:width\" content=\"1920\" \/>\n\t<meta property=\"og:image:height\" content=\"960\" \/>\n\t<meta property=\"og:image:type\" content=\"image\/jpeg\" \/>\n<meta name=\"author\" content=\"Cl\u00e9ment\" \/>\n<meta name=\"twitter:card\" content=\"summary_large_image\" \/>\n<meta name=\"twitter:creator\" content=\"@FootdavantFr\" \/>\n<meta name=\"twitter:site\" content=\"@FootdavantFr\" \/>\n<meta name=\"twitter:label1\" content=\"\u00c9crit par\" \/>\n\t<meta name=\"twitter:data1\" content=\"Cl\u00e9ment\" \/>\n\t<meta name=\"twitter:label2\" content=\"Dur\u00e9e de lecture estim\u00e9e\" \/>\n\t<meta name=\"twitter:data2\" content=\"2 minutes\" \/>\n<script type=\"application\/ld+json\" class=\"yoast-schema-graph\">{\"@context\":\"https:\/\/schema.org\",\"@graph\":[{\"@type\":\"Article\",\"@id\":\"https:\/\/footdavant.fr\/actualites\/diogo-jota-nomme-ses-trois-adversaires-les-plus-coriaces-de-sa-carriere\/#article\",\"isPartOf\":{\"@id\":\"https:\/\/footdavant.fr\/actualites\/diogo-jota-nomme-ses-trois-adversaires-les-plus-coriaces-de-sa-carriere\/\"},\"author\":{\"name\":\"Cl\u00e9ment\",\"@id\":\"https:\/\/footdavant.fr\/actualites\/#\/schema\/person\/bc222566d95871b37e597b3ed3ba5e1d\"},\"headline\":\"Diogo Jota nomme ses trois adversaires les plus coriaces de sa carri\u00e8re\",\"datePublished\":\"2025-01-24T15:48:33+00:00\",\"dateModified\":\"2025-01-24T15:48:38+00:00\",\"mainEntityOfPage\":{\"@id\":\"https:\/\/footdavant.fr\/actualites\/diogo-jota-nomme-ses-trois-adversaires-les-plus-coriaces-de-sa-carriere\/\"},\"wordCount\":329,\"publisher\":{\"@id\":\"https:\/\/footdavant.fr\/actualites\/#organization\"},\"keywords\":[\"adversaires\",\"carri\u00e8re\",\"coriaces\",\"Diogo\",\"Jota\",\"les\",\"nomme\",\"ses\",\"trois\"],\"articleSection\":[\"Football\"],\"inLanguage\":\"fr-FR\"},{\"@type\":\"WebPage\",\"@id\":\"https:\/\/footdavant.fr\/actualites\/diogo-jota-nomme-ses-trois-adversaires-les-plus-coriaces-de-sa-carriere\/\",\"url\":\"https:\/\/footdavant.fr\/actualites\/diogo-jota-nomme-ses-trois-adversaires-les-plus-coriaces-de-sa-carriere\/\",\"name\":\"Diogo Jota nomme ses trois adversaires les plus coriaces de sa carri\u00e8re\",\"isPartOf\":{\"@id\":\"https:\/\/footdavant.fr\/actualites\/#website\"},\"datePublished\":\"2025-01-24T15:48:33+00:00\",\"dateModified\":\"2025-01-24T15:48:38+00:00\",\"breadcrumb\":{\"@id\":\"https:\/\/footdavant.fr\/actualites\/diogo-jota-nomme-ses-trois-adversaires-les-plus-coriaces-de-sa-carriere\/#breadcrumb\"},\"inLanguage\":\"fr-FR\",\"potentialAction\":[{\"@type\":\"ReadAction\",\"target\":[\"https:\/\/footdavant.fr\/actualites\/diogo-jota-nomme-ses-trois-adversaires-les-plus-coriaces-de-sa-carriere\/\"]}]},{\"@type\":\"BreadcrumbList\",\"@id\":\"https:\/\/footdavant.fr\/actualites\/diogo-jota-nomme-ses-trois-adversaires-les-plus-coriaces-de-sa-carriere\/#breadcrumb\",\"itemListElement\":[{\"@type\":\"ListItem\",\"position\":1,\"name\":\"Accueil\",\"item\":\"https:\/\/footdavant.fr\/actualites\/\"},{\"@type\":\"ListItem\",\"position\":2,\"name\":\"Diogo Jota nomme ses trois adversaires les plus coriaces de sa carri\u00e8re\"}]},{\"@type\":\"WebSite\",\"@id\":\"https:\/\/footdavant.fr\/actualites\/#website\",\"url\":\"https:\/\/footdavant.fr\/actualites\/\",\"name\":\"Foot d'avant\",\"description\":\"\",\"publisher\":{\"@id\":\"https:\/\/footdavant.fr\/actualites\/#organization\"},\"potentialAction\":[{\"@type\":\"SearchAction\",\"target\":{\"@type\":\"EntryPoint\",\"urlTemplate\":\"https:\/\/footdavant.fr\/actualites\/?s={search_term_string}\"},\"query-input\":\"required name=search_term_string\"}],\"inLanguage\":\"fr-FR\"},{\"@type\":\"Organization\",\"@id\":\"https:\/\/footdavant.fr\/actualites\/#organization\",\"name\":\"Foot d'avant\",\"url\":\"https:\/\/footdavant.fr\/actualites\/\",\"logo\":{\"@type\":\"ImageObject\",\"inLanguage\":\"fr-FR\",\"@id\":\"https:\/\/footdavant.fr\/actualites\/#\/schema\/logo\/image\/\",\"url\":\"https:\/\/footdavant.fr\/actualites\/wp-content\/uploads\/2023\/09\/Copy-of-FootDavant-Logo.png\",\"contentUrl\":\"https:\/\/footdavant.fr\/actualites\/wp-content\/uploads\/2023\/09\/Copy-of-FootDavant-Logo.png\",\"width\":936,\"height\":549,\"caption\":\"Foot d'avant\"},\"image\":{\"@id\":\"https:\/\/footdavant.fr\/actualites\/#\/schema\/logo\/image\/\"},\"sameAs\":[\"https:\/\/www.facebook.com\/Footdavant\/\",\"https:\/\/twitter.com\/FootdavantFr\",\"https:\/\/www.instagram.com\/footdavant.fr\/\"]},{\"@type\":\"Person\",\"@id\":\"https:\/\/footdavant.fr\/actualites\/#\/schema\/person\/bc222566d95871b37e597b3ed3ba5e1d\",\"name\":\"Cl\u00e9ment\",\"image\":{\"@type\":\"ImageObject\",\"inLanguage\":\"fr-FR\",\"@id\":\"https:\/\/footdavant.fr\/actualites\/#\/schema\/person\/image\/\",\"url\":\"https:\/\/secure.gravatar.com\/avatar\/7728b29aac2719421e1a9159b2254c44?s=96&d=mm&r=g\",\"contentUrl\":\"https:\/\/secure.gravatar.com\/avatar\/7728b29aac2719421e1a9159b2254c44?s=96&d=mm&r=g\",\"caption\":\"Cl\u00e9ment\"},\"sameAs\":[\"https:\/\/footdavant.fr\/\"]}]}<\/script>\n<!-- \/ Yoast SEO plugin. -->","yoast_head_json":{"title":"Diogo Jota nomme ses trois adversaires les plus coriaces de sa carri\u00e8re","robots":{"index":"index","follow":"follow","max-snippet":"max-snippet:-1","max-image-preview":"max-image-preview:large","max-video-preview":"max-video-preview:-1"},"canonical":"https:\/\/footdavant.fr\/actualites\/diogo-jota-nomme-ses-trois-adversaires-les-plus-coriaces-de-sa-carriere\/","og_locale":"fr_FR","og_type":"article","og_title":"Diogo Jota nomme ses trois adversaires les plus coriaces de sa carri\u00e8re","og_description":"Diogo Jota a pass\u00e9 cinq saisons \u00e0 Liverpool et a affront\u00e9 certains des meilleurs d\u00e9fenseurs du monde, ce sur quoi il a \u00e9t\u00e9 invit\u00e9 \u00e0","og_url":"https:\/\/footdavant.fr\/actualites\/diogo-jota-nomme-ses-trois-adversaires-les-plus-coriaces-de-sa-carriere\/","og_site_name":"Foot d&#039;avant","article_publisher":"https:\/\/www.facebook.com\/Footdavant\/","article_published_time":"2025-01-24T15:48:33+00:00","article_modified_time":"2025-01-24T15:48:38+00:00","og_image":[{"width":1920,"height":960,"url":"https:\/\/footdavant.fr\/actualites\/wp-content\/uploads\/2025\/01\/1737733714_Diogo-Jota-nomme-ses-trois-adversaires-les-plus-coriaces-de.jpg","type":"image\/jpeg"}],"author":"Cl\u00e9ment","twitter_card":"summary_large_image","twitter_creator":"@FootdavantFr","twitter_site":"@FootdavantFr","twitter_misc":{"\u00c9crit par":"Cl\u00e9ment","Dur\u00e9e de lecture estim\u00e9e":"2 minutes"},"schema":{"@context":"https:\/\/schema.org","@graph":[{"@type":"Article","@id":"https:\/\/footdavant.fr\/actualites\/diogo-jota-nomme-ses-trois-adversaires-les-plus-coriaces-de-sa-carriere\/#article","isPartOf":{"@id":"https:\/\/footdavant.fr\/actualites\/diogo-jota-nomme-ses-trois-adversaires-les-plus-coriaces-de-sa-carriere\/"},"author":{"name":"Cl\u00e9ment","@id":"https:\/\/footdavant.fr\/actualites\/#\/schema\/person\/bc222566d95871b37e597b3ed3ba5e1d"},"headline":"Diogo Jota nomme ses trois adversaires les plus coriaces de sa carri\u00e8re","datePublished":"2025-01-24T15:48:33+00:00","dateModified":"2025-01-24T15:48:38+00:00","mainEntityOfPage":{"@id":"https:\/\/footdavant.fr\/actualites\/diogo-jota-nomme-ses-trois-adversaires-les-plus-coriaces-de-sa-carriere\/"},"wordCount":329,"publisher":{"@id":"https:\/\/footdavant.fr\/actualites\/#organization"},"keywords":["adversaires","carri\u00e8re","coriaces","Diogo","Jota","les","nomme","ses","trois"],"articleSection":["Football"],"inLanguage":"fr-FR"},{"@type":"WebPage","@id":"https:\/\/footdavant.fr\/actualites\/diogo-jota-nomme-ses-trois-adversaires-les-plus-coriaces-de-sa-carriere\/","url":"https:\/\/footdavant.fr\/actualites\/diogo-jota-nomme-ses-trois-adversaires-les-plus-coriaces-de-sa-carriere\/","name":"Diogo Jota nomme ses trois adversaires les plus coriaces de sa carri\u00e8re","isPartOf":{"@id":"https:\/\/footdavant.fr\/actualites\/#website"},"datePublished":"2025-01-24T15:48:33+00:00","dateModified":"2025-01-24T15:48:38+00:00","breadcrumb":{"@id":"https:\/\/footdavant.fr\/actualites\/diogo-jota-nomme-ses-trois-adversaires-les-plus-coriaces-de-sa-carriere\/#breadcrumb"},"inLanguage":"fr-FR","potentialAction":[{"@type":"ReadAction","target":["https:\/\/footdavant.fr\/actualites\/diogo-jota-nomme-ses-trois-adversaires-les-plus-coriaces-de-sa-carriere\/"]}]},{"@type":"BreadcrumbList","@id":"https:\/\/footdavant.fr\/actualites\/diogo-jota-nomme-ses-trois-adversaires-les-plus-coriaces-de-sa-carriere\/#breadcrumb","itemListElement":[{"@type":"ListItem","position":1,"name":"Accueil","item":"https:\/\/footdavant.fr\/actualites\/"},{"@type":"ListItem","position":2,"name":"Diogo Jota nomme ses trois adversaires les plus coriaces de sa carri\u00e8re"}]},{"@type":"WebSite","@id":"https:\/\/footdavant.fr\/actualites\/#website","url":"https:\/\/footdavant.fr\/actualites\/","name":"Foot d'avant","description":"","publisher":{"@id":"https:\/\/footdavant.fr\/actualites\/#organization"},"potentialAction":[{"@type":"SearchAction","target":{"@type":"EntryPoint","urlTemplate":"https:\/\/footdavant.fr\/actualites\/?s={search_term_string}"},"query-input":"required name=search_term_string"}],"inLanguage":"fr-FR"},{"@type":"Organization","@id":"https:\/\/footdavant.fr\/actualites\/#organization","name":"Foot d'avant","url":"https:\/\/footdavant.fr\/actualites\/","logo":{"@type":"ImageObject","inLanguage":"fr-FR","@id":"https:\/\/footdavant.fr\/actualites\/#\/schema\/logo\/image\/","url":"https:\/\/footdavant.fr\/actualites\/wp-content\/uploads\/2023\/09\/Copy-of-FootDavant-Logo.png","contentUrl":"https:\/\/footdavant.fr\/actualites\/wp-content\/uploads\/2023\/09\/Copy-of-FootDavant-Logo.png","width":936,"height":549,"caption":"Foot d'avant"},"image":{"@id":"https:\/\/footdavant.fr\/actualites\/#\/schema\/logo\/image\/"},"sameAs":["https:\/\/www.facebook.com\/Footdavant\/","https:\/\/twitter.com\/FootdavantFr","https:\/\/www.instagram.com\/footdavant.fr\/"]},{"@type":"Person","@id":"https:\/\/footdavant.fr\/actualites\/#\/schema\/person\/bc222566d95871b37e597b3ed3ba5e1d","name":"Cl\u00e9ment","image":{"@type":"ImageObject","inLanguage":"fr-FR","@id":"https:\/\/footdavant.fr\/actualites\/#\/schema\/person\/image\/","url":"https:\/\/secure.gravatar.com\/avatar\/7728b29aac2719421e1a9159b2254c44?s=96&d=mm&r=g","contentUrl":"https:\/\/secure.gravatar.com\/avatar\/7728b29aac2719421e1a9159b2254c44?s=96&d=mm&r=g","caption":"Cl\u00e9ment"},"sameAs":["https:\/\/footdavant.fr\/"]}]}},"_links":{"self":[{"href":"https:\/\/footdavant.fr\/actualites\/wp-json\/wp\/v2\/posts\/19086"}],"collection":[{"href":"https:\/\/footdavant.fr\/actualites\/wp-json\/wp\/v2\/posts"}],"about":[{"href":"https:\/\/footdavant.fr\/actualites\/wp-json\/wp\/v2\/types\/post"}],"author":[{"embeddable":true,"href":"https:\/\/footdavant.fr\/actualites\/wp-json\/wp\/v2\/users\/1"}],"replies":[{"embeddable":true,"href":"https:\/\/footdavant.fr\/actualites\/wp-json\/wp\/v2\/comments?post=19086"}],"version-history":[{"count":1,"href":"https:\/\/footdavant.fr\/actualites\/wp-json\/wp\/v2\/posts\/19086\/revisions"}],"predecessor-version":[{"id":19088,"href":"https:\/\/footdavant.fr\/actualites\/wp-json\/wp\/v2\/posts\/19086\/revisions\/19088"}],"wp:featuredmedia":[{"embeddable":true,"href":"https:\/\/footdavant.fr\/actualites\/wp-json\/wp\/v2\/media\/19087"}],"wp:attachment":[{"href":"https:\/\/footdavant.fr\/actualites\/wp-json\/wp\/v2\/media?parent=19086"}],"wp:term":[{"taxonomy":"category","embeddable":true,"href":"https:\/\/footdavant.fr\/actualites\/wp-json\/wp\/v2\/categories?post=19086"},{"taxonomy":"post_tag","embeddable":true,"href":"https:\/\/footdavant.fr\/actualites\/wp-json\/wp\/v2\/tags?post=19086"}],"curies":[{"name":"wp","href":"https:\/\/api.w.org\/{rel}","templated":true}]}}