{"id":19093,"date":"2025-01-24T17:48:23","date_gmt":"2025-01-24T16:48:23","guid":{"rendered":"https:\/\/footdavant.fr\/actualites\/apercu-benfica-vs-barcelone-prediction-nouvelles-dequipe-alignements\/"},"modified":"2025-01-24T17:48:24","modified_gmt":"2025-01-24T16:48:24","slug":"apercu-benfica-vs-barcelone-prediction-nouvelles-dequipe-alignements","status":"publish","type":"post","link":"https:\/\/footdavant.fr\/actualites\/apercu-benfica-vs-barcelone-prediction-nouvelles-dequipe-alignements\/","title":{"rendered":"Aper\u00e7u: Benfica vs Barcelone &#8211; Pr\u00e9diction, nouvelles d&#39;\u00e9quipe, alignements"},"content":{"rendered":"<p>Sports Mole pr\u00e9visualise le conflit de la Ligue des champions de mardi entre Benfica et Barcelone, y compris les pr\u00e9dictions, les nouvelles de l&#39;\u00e9quipe et les alignements possibles.<\/p>\n<div id=\"article_body\" itemprop=\"articleBody\">\n<p class=\"firstPara\"><strong class=\"autotag\">Barcelone<\/strong> visera \u00e0 publier leur sixi\u00e8me <strong class=\"autotag\">Ligue des champions<\/strong> Victoire en sept matchs cette saison lorsqu&#39;ils affrontent les g\u00e9ants portugais <strong class=\"autotag\">Benfica<\/strong> \u00e0 Lisbonne mardi soir.<\/p>\n<p><strong class=\"autotag\">Film hansi<\/strong>Le c\u00f4t\u00e9 est actuellement deuxi\u00e8me dans le <strong>Table de la Ligue des champions<\/strong>avec 15 points de leurs six premiers matchs, tandis que Benfica est 15e, apr\u00e8s avoir r\u00e9colt\u00e9 10 points de leurs six matchs en phase de ligue de cette saison.<\/p>\n<h2>Aper\u00e7u de correspondance<\/h2>\n<p class=\"imgI\">\n<p>Benfica en a remport\u00e9 trois, en tirant un et a perdu deux de ses six matchs en Ligue des champions de cette saison, avec 10 points les laissant \u00e0 la 15e place, ce qui suffit, en ce moment, pour faire le tour des \u00e9liminatoires.<\/p>\n<p>Les Giants de Lisbonne ne sont que trois points derri\u00e8re Lille, huiti\u00e8me, cependant, dans la course pour garantir la qualification automatique pour le prochain tour, donc une victoire dans ce concours ferait \u00e9norm\u00e9ment pour leurs chances de faire le top huit.<\/p>\n<p><strong class=\"autotag\">Bruno<\/strong>L&#39;\u00e9quipe de l&#39;Organisation de quatre matchs de quatre matchs dans ce match, y compris un succ\u00e8s 4-0 sur Famalicao dans le meilleur vol du Portugal vendredi, et ils sont actuellement en deuxi\u00e8me position dans le <strong>Table de la liga de primeira<\/strong>trois points derri\u00e8re les leaders arborant Lisbonne.<\/p>\n<p>Benfica a remport\u00e9 deux de ses neuf matchs pr\u00e9c\u00e9dents contre Barcelone, dont la finale de la Coupe d&#39;Europe de 1961, mais leur seul succ\u00e8s depuis lors a \u00e9t\u00e9 une victoire 3-0 lors de la phase de groupes de la Ligue des champions 2021-22.<\/p>\n<p>Les Eagles en ont remport\u00e9 quatre, ont tir\u00e9 cinq et ont perdu cinq de leurs 14 matchs pr\u00e9c\u00e9dents \u00e0 domicile contre l&#39;opposition espagnole en Europe, avec l&#39;un de ces succ\u00e8s \u00e0 venir cette saison, battant l&#39;Atletico Madrid 4-0 le deuxi\u00e8me jour.<\/p>\n<p class=\"imgI\">\n<p>Barcelone vient de remporter la Super Cup espagnole et se termine aux quarts de finale de la Copa del Rey, mais ils sont sur leur pire forme \u00e0 La Liga depuis 17 ans, ayant triomph\u00e9 dans l&#39;un de leurs huit derniers matchs dans le concours.<\/p>\n<p>Le c\u00f4t\u00e9 de Flick est hors du rythme dans le <strong>Table de la liga<\/strong>actuellement en troisi\u00e8me place, sept points derri\u00e8re les dirigeants du Real Madrid, mais les g\u00e9ants catalans sont dans un excellent endroit lorsqu&#39;il s&#39;agit de faire la prochaine ronde de la Ligue des champions.<\/p>\n<p>En effet, Barcelone en a remport\u00e9 cinq et a perdu l&#39;un de ses six matches en phase de la ligue pour collecter 15 points, ce qui les a laiss\u00e9s au deuxi\u00e8me rang du tableau, \u00e0 trois points derri\u00e8re les leaders Liverpool et surtout trois \u00e0 trois du Borussia Dortmund en neuvi\u00e8me.<\/p>\n<p>Blaugrana en a remport\u00e9 six, tir\u00e9 trois et perdu cinq de leurs 14 matchs \u00e0 l&#39;ext\u00e9rieur pr\u00e9c\u00e9dents contre les clubs portugais en Europe, mais leur seul succ\u00e8s \u00e0 Benfica est venu pendant la phase de groupes de la Ligue des champions 2012-13.<\/p>\n<p>Barcelone est dans une excellente position lorsqu&#39;il s&#39;agit de faire le stade \u00e0 \u00e9limination directe de la comp\u00e9tition, mais un mauvais r\u00e9sultat ici les laisserait dans une position incertaine avant leur dernier match dans la phase de la ligue \u00e0 domicile d&#39;Atalanta BC le 29 janvier.<\/p>\n<p>Formulaire Benfica Champions League:<\/p>\n<p>Forme benfica (toutes les comp\u00e9titions):<\/p>\n<p>Barcelone Champions League Form:<\/p>\n<p>Barcelone Form (toutes les comp\u00e9titions):<\/p>\n<h2>Nouvelles de l&#39;\u00e9quipe<\/h2>\n<p class=\"imgI\">\n<p>Benfica sera manqu\u00e9 <strong class=\"autotag\">Tiago Gouveia<\/strong> et <strong class=\"autotag\">Sanches Renato<\/strong> par une blessure, tandis que <strong class=\"autotag\">Angel Di Maria<\/strong> est \u00e9galement un doute majeur, mais l&#39;\u00e9quipe locale est autrement en forme pour leur concours avec Barcelone.<\/p>\n<p>L&#39;absence de Di Maria serait grande \u00e9tant donn\u00e9 qu&#39;il a marqu\u00e9 13 buts et enregistr\u00e9 sept passes d\u00e9cisives en 27 apparitions cette saison, mais il y a toujours l&#39;espoir que l&#39;Argentin pourrait faire le banc.<\/p>\n<p><strong class=\"autotag\">Kerem akturkoglu<\/strong> a \u00e9galement impressionn\u00e9, g\u00e9rant 10 buts et sept passes d\u00e9cisives, et le joueur de 26 ans est un certain d\u00e9marreur pour Benfica ici, tandis que <strong class=\"autotag\">Vangelis Pavlidis<\/strong> est d\u00e9fini pour diriger la ligne pour les h\u00f4tes.<\/p>\n<p>Quant \u00e0 Barcelone, <strong class=\"autotag\">Dani Olmo<\/strong> est un nouveau coup de blessure pour la tenue catalane, l&#39;international espagnol souffrant d&#39;un probl\u00e8me musculaire pendant l&#39;\u00e9quipe <strong>1-1 tirage avec getafe<\/strong> \u00e0 La Liga samedi soir.<\/p>\n<p><strong class=\"autotag\">Marc-Andr\u00e9 Ter Stegen<\/strong>, <strong class=\"autotag\">Marc Bernal<\/strong> et <strong class=\"autotag\">Inigo Martinez<\/strong> Les testament sont \u00e9galement absents pour Barcelone au Portugal, mais <strong class=\"autotag\">Marc Casado<\/strong> est en forme, avec sa substitution contre Getafe la derni\u00e8re fois \u00e0 s&#39;av\u00e9rer \u00eatre un appel tactique.<\/p>\n<p>Le Flick de l&#39;entra\u00eeneur-chef pourrait nommer une \u00e9quipe inchang\u00e9e pour ce concours, avec <strong class=\"autotag\">Gavi<\/strong> \u00e0 nouveau devrait fonctionner dans la position num\u00e9ro 10, tandis que <strong class=\"autotag\">Ferran Torres<\/strong> et <strong class=\"autotag\">Frenkie de Jong<\/strong> devraient \u00eatre nomm\u00e9s parmi les substituts.<\/p>\n<p><strong>Benfica Possible LIGNAGE DE D\u00c9MARRAGE:<\/strong><br \/>Trubin; Bah, Araujo, Otamendi, Fernandez; Aursnes, Florentino, Kokcu; Amdouni, pavlidis, akturkoglu<\/p>\n<p><strong>Barcelone possible la gamme de d\u00e9part:<\/strong><br \/>Pena; Kounde, Araujo, Cubarsi, Balde; Casado, Pedri; Yamal, Gavi, Raphinha; Lewandowski<\/p>\n<p class=\"sm_center\">\n<h2 class=\"sm_center\">Nous disons: Benfica 1-1 Barcelone<\/h2>\n<p>C&#39;est un jeu tellement difficile \u00e0 appeler, car Barcelone a \u00e9t\u00e9 impressionnant en Europe cette saison, mais Benfica est une tenue chic et ont certainement les joueurs pour nuire aux g\u00e9ants catalans; Ce ne serait pas un choc de voir une maison ou une victoire \u00e0 l&#39;ext\u00e9rieur mardi, mais nous avons juste le sentiment qu&#39;un match serr\u00e9 se terminera par les points partag\u00e9s.<\/p>\n<p>Pour l&#39;analyse des donn\u00e9es des r\u00e9sultats les plus probables, les scores et plus encore pour cette correspondance <strong>Veuillez cliquer ici<\/strong>.<\/p>\n<div class=\"author_box\">\n<div class=\"author_box_banner\">\n<\/div>\n<\/div>\n<h2>Aper\u00e7u par e-mail<\/h2>\n<div>Cliquez ici pour obtenir <strong>Taupe de sport<\/strong>Email quotidien des aper\u00e7us et des pr\u00e9dictions pour chaque jeu majeur!<\/div>\n<p><\/div>\n","protected":false},"excerpt":{"rendered":"<p>Sports Mole pr\u00e9visualise le conflit de la Ligue des champions de mardi entre Benfica et Barcelone, y compris les pr\u00e9dictions, les nouvelles de l&#39;\u00e9quipe et<\/p>\n","protected":false},"author":1,"featured_media":14297,"comment_status":"closed","ping_status":"","sticky":false,"template":"","format":"standard","meta":{"footnotes":""},"categories":[4],"tags":[7750,284,130,528,4628,461,3917],"yoast_head":"<!-- This site is optimized with the Yoast SEO plugin v21.0 - https:\/\/yoast.com\/wordpress\/plugins\/seo\/ -->\n<title>Aper\u00e7u: Benfica vs Barcelone - Pr\u00e9diction, nouvelles d&#039;\u00e9quipe, alignements<\/title>\n<meta name=\"robots\" content=\"index, follow, max-snippet:-1, max-image-preview:large, max-video-preview:-1\" \/>\n<link rel=\"canonical\" href=\"https:\/\/footdavant.fr\/actualites\/apercu-benfica-vs-barcelone-prediction-nouvelles-dequipe-alignements\/\" \/>\n<meta property=\"og:locale\" content=\"fr_FR\" \/>\n<meta property=\"og:type\" content=\"article\" \/>\n<meta property=\"og:title\" content=\"Aper\u00e7u: Benfica vs Barcelone - Pr\u00e9diction, nouvelles d&#039;\u00e9quipe, alignements\" \/>\n<meta property=\"og:description\" content=\"Sports Mole pr\u00e9visualise le conflit de la Ligue des champions de mardi entre Benfica et Barcelone, y compris les pr\u00e9dictions, les nouvelles de l&#039;\u00e9quipe et\" \/>\n<meta property=\"og:url\" content=\"https:\/\/footdavant.fr\/actualites\/apercu-benfica-vs-barcelone-prediction-nouvelles-dequipe-alignements\/\" \/>\n<meta property=\"og:site_name\" content=\"Foot d&#039;avant\" \/>\n<meta property=\"article:publisher\" content=\"https:\/\/www.facebook.com\/Footdavant\/\" \/>\n<meta property=\"article:published_time\" content=\"2025-01-24T16:48:23+00:00\" \/>\n<meta property=\"article:modified_time\" content=\"2025-01-24T16:48:24+00:00\" \/>\n<meta property=\"og:image\" content=\"https:\/\/footdavant.fr\/actualites\/wp-content\/uploads\/2024\/10\/Apercu-Benfica-contre-Atletico-Madrid-\u2013-pronostics-actualites-de.jpg\" \/>\n\t<meta property=\"og:image:width\" content=\"1280\" \/>\n\t<meta property=\"og:image:height\" content=\"960\" \/>\n\t<meta property=\"og:image:type\" content=\"image\/jpeg\" \/>\n<meta name=\"author\" content=\"Cl\u00e9ment\" \/>\n<meta name=\"twitter:card\" content=\"summary_large_image\" \/>\n<meta name=\"twitter:creator\" content=\"@FootdavantFr\" \/>\n<meta name=\"twitter:site\" content=\"@FootdavantFr\" \/>\n<meta name=\"twitter:label1\" content=\"\u00c9crit par\" \/>\n\t<meta name=\"twitter:data1\" content=\"Cl\u00e9ment\" \/>\n\t<meta name=\"twitter:label2\" content=\"Dur\u00e9e de lecture estim\u00e9e\" \/>\n\t<meta name=\"twitter:data2\" content=\"5 minutes\" \/>\n<script type=\"application\/ld+json\" class=\"yoast-schema-graph\">{\"@context\":\"https:\/\/schema.org\",\"@graph\":[{\"@type\":\"Article\",\"@id\":\"https:\/\/footdavant.fr\/actualites\/apercu-benfica-vs-barcelone-prediction-nouvelles-dequipe-alignements\/#article\",\"isPartOf\":{\"@id\":\"https:\/\/footdavant.fr\/actualites\/apercu-benfica-vs-barcelone-prediction-nouvelles-dequipe-alignements\/\"},\"author\":{\"name\":\"Cl\u00e9ment\",\"@id\":\"https:\/\/footdavant.fr\/actualites\/#\/schema\/person\/bc222566d95871b37e597b3ed3ba5e1d\"},\"headline\":\"Aper\u00e7u: Benfica vs Barcelone &#8211; Pr\u00e9diction, nouvelles d&#39;\u00e9quipe, alignements\",\"datePublished\":\"2025-01-24T16:48:23+00:00\",\"dateModified\":\"2025-01-24T16:48:24+00:00\",\"mainEntityOfPage\":{\"@id\":\"https:\/\/footdavant.fr\/actualites\/apercu-benfica-vs-barcelone-prediction-nouvelles-dequipe-alignements\/\"},\"wordCount\":990,\"publisher\":{\"@id\":\"https:\/\/footdavant.fr\/actualites\/#organization\"},\"keywords\":[\"alignements\",\"Aper\u00e7u\",\"Barcelone\",\"Benfica\",\"d39\u00e9quipe\",\"Nouvelles\",\"pr\u00e9diction\"],\"articleSection\":[\"Champions League\"],\"inLanguage\":\"fr-FR\"},{\"@type\":\"WebPage\",\"@id\":\"https:\/\/footdavant.fr\/actualites\/apercu-benfica-vs-barcelone-prediction-nouvelles-dequipe-alignements\/\",\"url\":\"https:\/\/footdavant.fr\/actualites\/apercu-benfica-vs-barcelone-prediction-nouvelles-dequipe-alignements\/\",\"name\":\"Aper\u00e7u: Benfica vs Barcelone - Pr\u00e9diction, nouvelles d&#39;\u00e9quipe, alignements\",\"isPartOf\":{\"@id\":\"https:\/\/footdavant.fr\/actualites\/#website\"},\"datePublished\":\"2025-01-24T16:48:23+00:00\",\"dateModified\":\"2025-01-24T16:48:24+00:00\",\"breadcrumb\":{\"@id\":\"https:\/\/footdavant.fr\/actualites\/apercu-benfica-vs-barcelone-prediction-nouvelles-dequipe-alignements\/#breadcrumb\"},\"inLanguage\":\"fr-FR\",\"potentialAction\":[{\"@type\":\"ReadAction\",\"target\":[\"https:\/\/footdavant.fr\/actualites\/apercu-benfica-vs-barcelone-prediction-nouvelles-dequipe-alignements\/\"]}]},{\"@type\":\"BreadcrumbList\",\"@id\":\"https:\/\/footdavant.fr\/actualites\/apercu-benfica-vs-barcelone-prediction-nouvelles-dequipe-alignements\/#breadcrumb\",\"itemListElement\":[{\"@type\":\"ListItem\",\"position\":1,\"name\":\"Accueil\",\"item\":\"https:\/\/footdavant.fr\/actualites\/\"},{\"@type\":\"ListItem\",\"position\":2,\"name\":\"Aper\u00e7u: Benfica vs Barcelone &#8211; Pr\u00e9diction, nouvelles d&#39;\u00e9quipe, alignements\"}]},{\"@type\":\"WebSite\",\"@id\":\"https:\/\/footdavant.fr\/actualites\/#website\",\"url\":\"https:\/\/footdavant.fr\/actualites\/\",\"name\":\"Foot d'avant\",\"description\":\"\",\"publisher\":{\"@id\":\"https:\/\/footdavant.fr\/actualites\/#organization\"},\"potentialAction\":[{\"@type\":\"SearchAction\",\"target\":{\"@type\":\"EntryPoint\",\"urlTemplate\":\"https:\/\/footdavant.fr\/actualites\/?s={search_term_string}\"},\"query-input\":\"required name=search_term_string\"}],\"inLanguage\":\"fr-FR\"},{\"@type\":\"Organization\",\"@id\":\"https:\/\/footdavant.fr\/actualites\/#organization\",\"name\":\"Foot d'avant\",\"url\":\"https:\/\/footdavant.fr\/actualites\/\",\"logo\":{\"@type\":\"ImageObject\",\"inLanguage\":\"fr-FR\",\"@id\":\"https:\/\/footdavant.fr\/actualites\/#\/schema\/logo\/image\/\",\"url\":\"https:\/\/footdavant.fr\/actualites\/wp-content\/uploads\/2023\/09\/Copy-of-FootDavant-Logo.png\",\"contentUrl\":\"https:\/\/footdavant.fr\/actualites\/wp-content\/uploads\/2023\/09\/Copy-of-FootDavant-Logo.png\",\"width\":936,\"height\":549,\"caption\":\"Foot d'avant\"},\"image\":{\"@id\":\"https:\/\/footdavant.fr\/actualites\/#\/schema\/logo\/image\/\"},\"sameAs\":[\"https:\/\/www.facebook.com\/Footdavant\/\",\"https:\/\/twitter.com\/FootdavantFr\",\"https:\/\/www.instagram.com\/footdavant.fr\/\"]},{\"@type\":\"Person\",\"@id\":\"https:\/\/footdavant.fr\/actualites\/#\/schema\/person\/bc222566d95871b37e597b3ed3ba5e1d\",\"name\":\"Cl\u00e9ment\",\"image\":{\"@type\":\"ImageObject\",\"inLanguage\":\"fr-FR\",\"@id\":\"https:\/\/footdavant.fr\/actualites\/#\/schema\/person\/image\/\",\"url\":\"https:\/\/secure.gravatar.com\/avatar\/7728b29aac2719421e1a9159b2254c44?s=96&d=mm&r=g\",\"contentUrl\":\"https:\/\/secure.gravatar.com\/avatar\/7728b29aac2719421e1a9159b2254c44?s=96&d=mm&r=g\",\"caption\":\"Cl\u00e9ment\"},\"sameAs\":[\"https:\/\/footdavant.fr\/\"]}]}<\/script>\n<!-- \/ Yoast SEO plugin. -->","yoast_head_json":{"title":"Aper\u00e7u: Benfica vs Barcelone - Pr\u00e9diction, nouvelles d&#39;\u00e9quipe, alignements","robots":{"index":"index","follow":"follow","max-snippet":"max-snippet:-1","max-image-preview":"max-image-preview:large","max-video-preview":"max-video-preview:-1"},"canonical":"https:\/\/footdavant.fr\/actualites\/apercu-benfica-vs-barcelone-prediction-nouvelles-dequipe-alignements\/","og_locale":"fr_FR","og_type":"article","og_title":"Aper\u00e7u: Benfica vs Barcelone - Pr\u00e9diction, nouvelles d&#39;\u00e9quipe, alignements","og_description":"Sports Mole pr\u00e9visualise le conflit de la Ligue des champions de mardi entre Benfica et Barcelone, y compris les pr\u00e9dictions, les nouvelles de l&#39;\u00e9quipe et","og_url":"https:\/\/footdavant.fr\/actualites\/apercu-benfica-vs-barcelone-prediction-nouvelles-dequipe-alignements\/","og_site_name":"Foot d&#039;avant","article_publisher":"https:\/\/www.facebook.com\/Footdavant\/","article_published_time":"2025-01-24T16:48:23+00:00","article_modified_time":"2025-01-24T16:48:24+00:00","og_image":[{"width":1280,"height":960,"url":"https:\/\/footdavant.fr\/actualites\/wp-content\/uploads\/2024\/10\/Apercu-Benfica-contre-Atletico-Madrid-\u2013-pronostics-actualites-de.jpg","type":"image\/jpeg"}],"author":"Cl\u00e9ment","twitter_card":"summary_large_image","twitter_creator":"@FootdavantFr","twitter_site":"@FootdavantFr","twitter_misc":{"\u00c9crit par":"Cl\u00e9ment","Dur\u00e9e de lecture estim\u00e9e":"5 minutes"},"schema":{"@context":"https:\/\/schema.org","@graph":[{"@type":"Article","@id":"https:\/\/footdavant.fr\/actualites\/apercu-benfica-vs-barcelone-prediction-nouvelles-dequipe-alignements\/#article","isPartOf":{"@id":"https:\/\/footdavant.fr\/actualites\/apercu-benfica-vs-barcelone-prediction-nouvelles-dequipe-alignements\/"},"author":{"name":"Cl\u00e9ment","@id":"https:\/\/footdavant.fr\/actualites\/#\/schema\/person\/bc222566d95871b37e597b3ed3ba5e1d"},"headline":"Aper\u00e7u: Benfica vs Barcelone &#8211; Pr\u00e9diction, nouvelles d&#39;\u00e9quipe, alignements","datePublished":"2025-01-24T16:48:23+00:00","dateModified":"2025-01-24T16:48:24+00:00","mainEntityOfPage":{"@id":"https:\/\/footdavant.fr\/actualites\/apercu-benfica-vs-barcelone-prediction-nouvelles-dequipe-alignements\/"},"wordCount":990,"publisher":{"@id":"https:\/\/footdavant.fr\/actualites\/#organization"},"keywords":["alignements","Aper\u00e7u","Barcelone","Benfica","d39\u00e9quipe","Nouvelles","pr\u00e9diction"],"articleSection":["Champions League"],"inLanguage":"fr-FR"},{"@type":"WebPage","@id":"https:\/\/footdavant.fr\/actualites\/apercu-benfica-vs-barcelone-prediction-nouvelles-dequipe-alignements\/","url":"https:\/\/footdavant.fr\/actualites\/apercu-benfica-vs-barcelone-prediction-nouvelles-dequipe-alignements\/","name":"Aper\u00e7u: Benfica vs Barcelone - Pr\u00e9diction, nouvelles d&#39;\u00e9quipe, alignements","isPartOf":{"@id":"https:\/\/footdavant.fr\/actualites\/#website"},"datePublished":"2025-01-24T16:48:23+00:00","dateModified":"2025-01-24T16:48:24+00:00","breadcrumb":{"@id":"https:\/\/footdavant.fr\/actualites\/apercu-benfica-vs-barcelone-prediction-nouvelles-dequipe-alignements\/#breadcrumb"},"inLanguage":"fr-FR","potentialAction":[{"@type":"ReadAction","target":["https:\/\/footdavant.fr\/actualites\/apercu-benfica-vs-barcelone-prediction-nouvelles-dequipe-alignements\/"]}]},{"@type":"BreadcrumbList","@id":"https:\/\/footdavant.fr\/actualites\/apercu-benfica-vs-barcelone-prediction-nouvelles-dequipe-alignements\/#breadcrumb","itemListElement":[{"@type":"ListItem","position":1,"name":"Accueil","item":"https:\/\/footdavant.fr\/actualites\/"},{"@type":"ListItem","position":2,"name":"Aper\u00e7u: Benfica vs Barcelone &#8211; Pr\u00e9diction, nouvelles d&#39;\u00e9quipe, alignements"}]},{"@type":"WebSite","@id":"https:\/\/footdavant.fr\/actualites\/#website","url":"https:\/\/footdavant.fr\/actualites\/","name":"Foot d'avant","description":"","publisher":{"@id":"https:\/\/footdavant.fr\/actualites\/#organization"},"potentialAction":[{"@type":"SearchAction","target":{"@type":"EntryPoint","urlTemplate":"https:\/\/footdavant.fr\/actualites\/?s={search_term_string}"},"query-input":"required name=search_term_string"}],"inLanguage":"fr-FR"},{"@type":"Organization","@id":"https:\/\/footdavant.fr\/actualites\/#organization","name":"Foot d'avant","url":"https:\/\/footdavant.fr\/actualites\/","logo":{"@type":"ImageObject","inLanguage":"fr-FR","@id":"https:\/\/footdavant.fr\/actualites\/#\/schema\/logo\/image\/","url":"https:\/\/footdavant.fr\/actualites\/wp-content\/uploads\/2023\/09\/Copy-of-FootDavant-Logo.png","contentUrl":"https:\/\/footdavant.fr\/actualites\/wp-content\/uploads\/2023\/09\/Copy-of-FootDavant-Logo.png","width":936,"height":549,"caption":"Foot d'avant"},"image":{"@id":"https:\/\/footdavant.fr\/actualites\/#\/schema\/logo\/image\/"},"sameAs":["https:\/\/www.facebook.com\/Footdavant\/","https:\/\/twitter.com\/FootdavantFr","https:\/\/www.instagram.com\/footdavant.fr\/"]},{"@type":"Person","@id":"https:\/\/footdavant.fr\/actualites\/#\/schema\/person\/bc222566d95871b37e597b3ed3ba5e1d","name":"Cl\u00e9ment","image":{"@type":"ImageObject","inLanguage":"fr-FR","@id":"https:\/\/footdavant.fr\/actualites\/#\/schema\/person\/image\/","url":"https:\/\/secure.gravatar.com\/avatar\/7728b29aac2719421e1a9159b2254c44?s=96&d=mm&r=g","contentUrl":"https:\/\/secure.gravatar.com\/avatar\/7728b29aac2719421e1a9159b2254c44?s=96&d=mm&r=g","caption":"Cl\u00e9ment"},"sameAs":["https:\/\/footdavant.fr\/"]}]}},"_links":{"self":[{"href":"https:\/\/footdavant.fr\/actualites\/wp-json\/wp\/v2\/posts\/19093"}],"collection":[{"href":"https:\/\/footdavant.fr\/actualites\/wp-json\/wp\/v2\/posts"}],"about":[{"href":"https:\/\/footdavant.fr\/actualites\/wp-json\/wp\/v2\/types\/post"}],"author":[{"embeddable":true,"href":"https:\/\/footdavant.fr\/actualites\/wp-json\/wp\/v2\/users\/1"}],"replies":[{"embeddable":true,"href":"https:\/\/footdavant.fr\/actualites\/wp-json\/wp\/v2\/comments?post=19093"}],"version-history":[{"count":1,"href":"https:\/\/footdavant.fr\/actualites\/wp-json\/wp\/v2\/posts\/19093\/revisions"}],"predecessor-version":[{"id":19094,"href":"https:\/\/footdavant.fr\/actualites\/wp-json\/wp\/v2\/posts\/19093\/revisions\/19094"}],"wp:featuredmedia":[{"embeddable":true,"href":"https:\/\/footdavant.fr\/actualites\/wp-json\/wp\/v2\/media\/14297"}],"wp:attachment":[{"href":"https:\/\/footdavant.fr\/actualites\/wp-json\/wp\/v2\/media?parent=19093"}],"wp:term":[{"taxonomy":"category","embeddable":true,"href":"https:\/\/footdavant.fr\/actualites\/wp-json\/wp\/v2\/categories?post=19093"},{"taxonomy":"post_tag","embeddable":true,"href":"https:\/\/footdavant.fr\/actualites\/wp-json\/wp\/v2\/tags?post=19093"}],"curies":[{"name":"wp","href":"https:\/\/api.w.org\/{rel}","templated":true}]}}