{"id":1917,"date":"2023-12-04T01:54:36","date_gmt":"2023-12-04T00:54:36","guid":{"rendered":"https:\/\/footdavant.fr\/actualites\/nouvelles-de-lequipe-de-liverpool-blessure-liste-de-suspension-contre-fulham\/"},"modified":"2023-12-04T01:54:37","modified_gmt":"2023-12-04T00:54:37","slug":"nouvelles-de-lequipe-de-liverpool-blessure-liste-de-suspension-contre-fulham","status":"publish","type":"post","link":"https:\/\/footdavant.fr\/actualites\/nouvelles-de-lequipe-de-liverpool-blessure-liste-de-suspension-contre-fulham\/","title":{"rendered":"Nouvelles de l\u2019\u00e9quipe de Liverpool : Blessure, liste de suspension contre Fulham"},"content":{"rendered":"<p>Sports Mole fait le point sur les blessures et les suspensions de Liverpool avant le choc de dimanche en Premier League avec Fulham.<\/p>\n<div id=\"article_body\" itemprop=\"articleBody\">\n<p class=\"firstPara\">En qu\u00eate d&rsquo;une 11e victoire en 11 matchs \u00e0 domicile au cours de la saison 2023-24, <strong class=\"autotag\">Liverpool<\/strong> h\u00f4te <strong class=\"autotag\">Fulham<\/strong> \u00e0 Anfield lors de la rencontre de dimanche en Premier League.<\/p>\n<p>Les Reds se sont qualifi\u00e9s pour les huiti\u00e8mes de finale de la Ligue Europa gr\u00e2ce \u00e0 une victoire 4-0 contre le LASK Linz dans le groupe E jeudi, o\u00f9 <strong class=\"autotag\">Cody Gakpo<\/strong> a marqu\u00e9 un doubl\u00e9 aux c\u00f4t\u00e9s d&rsquo;un <strong class=\"autotag\">Luis D\u00edaz<\/strong> en-t\u00eate et <strong class=\"autotag\">Mohamed Salah<\/strong> peine.<\/p>\n<p>Avant de prolonger leur s\u00e9quence sans tache dans le Merseyside, <strong class=\"autotag\">J\u00fcrgen Klopp<\/strong>Les hommes de se sont battus apr\u00e8s un but de retard pour maintenir Manchester City, vainqueur du triple, \u00e0 un match nul 1-1 dans l&rsquo;\u00e9lite le week-end dernier, mais ils ont \u00e9t\u00e9 rel\u00e9gu\u00e9s \u00e0 la troisi\u00e8me place du classement par le nouveau leader Arsenal quelques heures plus tard.<\/p>\n<p>Ici, <strong>Taupe de sport<\/strong> r\u00e9sume les derni\u00e8res nouvelles sur les blessures et les suspensions de Liverpool avant la visite de Fulham, qui est sorti du bon c\u00f4t\u00e9 sur un score de 3-2 lors de l&rsquo;affaire controvers\u00e9e de lundi avec Wolverhampton Wanderers.<\/p>\n<hr>\n<p class=\"imgI\">\n<p><strong>Statut:<\/strong> Dehors<br \/><strong>Type de blessure :<\/strong> Cuisse<br \/><strong>Date de retour possible :<\/strong> 14 d\u00e9cembre (contre Union SG)<\/p>\n<p>Alisson Becker a \u00e9t\u00e9 l&rsquo;une des deux victimes du match nul de Liverpool contre Man City, souffrant d&rsquo;un probl\u00e8me de cuisse profond\u00e9ment enfonc\u00e9 dans le temps additionnel de la seconde mi-temps, et les Reds devront se passer de leur gardien num\u00e9ro un au cours des deux prochaines semaines.<\/p>\n<hr>\n<p class=\"imgI\"><img decoding=\"async\" loading=\"lazy\" class=\"l\" src=\"https:\/\/footdavant.fr\/actualites\/wp-content\/uploads\/2023\/12\/Nouvelles-de-lequipe-de-Liverpool-Blessure-liste-de-suspension.jpg\" title=\"Diogo Jota de Liverpool s'\u00e9chauffe en ao\u00fbt 2023\" alt=\"Diogo Jota de Liverpool s'\u00e9chauffe en ao\u00fbt 2023\" width=\"640\" height=\"480\"><\/p>\n<p><strong>Statut:<\/strong> Dehors<br \/><strong>Type de blessure :<\/strong> Muscl\u00e9<br \/><strong>Date de retour possible :<\/strong> Inconnu<\/p>\n<p>Plus t\u00f4t dans la seconde moiti\u00e9 de la rencontre avec l&rsquo;Etihad le week-end dernier, Diogo Jota a quitt\u00e9 le terrain avec un probl\u00e8me apparent \u00e0 la jambe &#8211; qui est plus grave que celui d&rsquo;Alisson &#8211; et Klopp ne peut pas dire avec certitude quand l&rsquo;attaquant portugais sera de retour en action.<\/p>\n<hr>\n<p class=\"imgI\"><img decoding=\"async\" loading=\"lazy\" class=\"l\" src=\"https:\/\/footdavant.fr\/actualites\/wp-content\/uploads\/2023\/12\/1701651275_263_Nouvelles-de-lequipe-de-Liverpool-Blessure-liste-de-suspension.jpg\" title=\"Andy Robertson, de l'\u00c9cosse, quitte le terrain apr\u00e8s s'\u00eatre bless\u00e9, le 12 octobre 2023.\" alt=\"Andy Robertson, de l'\u00c9cosse, quitte le terrain apr\u00e8s s'\u00eatre bless\u00e9, le 12 octobre 2023.\" width=\"640\" height=\"480\"><\/p>\n<p><strong>Statut:<\/strong> Dehors<br \/><strong>Type de blessure :<\/strong> \u00c9paule<br \/><strong>Date de retour possible :<\/strong> 1er janvier (contre Newcastle United)<\/p>\n<p>Andrew Robertson fait des progr\u00e8s constants dans sa convalescence apr\u00e8s une luxation de l&rsquo;\u00e9paule et une op\u00e9ration ult\u00e9rieure, mais il n&rsquo;y a aucune chance que l&rsquo;arri\u00e8re gauche fasse son retour avant la nouvelle ann\u00e9e.<\/p>\n<hr>\n<p class=\"imgI\"><img decoding=\"async\" loading=\"lazy\" class=\"l\" src=\"https:\/\/footdavant.fr\/actualites\/wp-content\/uploads\/2023\/12\/1701651275_377_Nouvelles-de-lequipe-de-Liverpool-Blessure-liste-de-suspension.jpg\" title=\"Thiago Alcantara de Liverpool s'\u00e9chauffe le 22 avril 2023\" alt=\"Thiago Alcantara de Liverpool s'\u00e9chauffe le 22 avril 2023\" width=\"640\" height=\"480\"><\/p>\n<p><strong>Statut:<\/strong> Dehors<br \/><strong>Type de blessure :<\/strong> Hanche<br \/><strong>Date de retour possible :<\/strong> 1er janvier (contre Newcastle United)<\/p>\n<p>Le milieu de terrain v\u00e9t\u00e9ran Thiago Alcantara est mis \u00e0 l&rsquo;\u00e9cart en raison d&rsquo;une blessure \u00e0 la hanche depuis avril et a vu sa date de retour repouss\u00e9e en raison de quelques complications, mais on esp\u00e8re qu&rsquo;il sera \u00e9galement de retour \u00e0 la disposition de Klopp d\u00e9but janvier.<\/p>\n<hr>\n<p class=\"imgI\"><img decoding=\"async\" loading=\"lazy\" class=\"l\" src=\"https:\/\/footdavant.fr\/actualites\/wp-content\/uploads\/2023\/12\/1701651276_333_Nouvelles-de-lequipe-de-Liverpool-Blessure-liste-de-suspension.jpg\" title=\"Stefan Bajcetic s'\u00e9chauffe pour Liverpool le 21 janvier 2023\" alt=\"Stefan Bajcetic s'\u00e9chauffe pour Liverpool le 21 janvier 2023\" width=\"640\" height=\"480\"><\/p>\n<p><strong>Statut:<\/strong> Dehors<br \/><strong>Type de blessure :<\/strong> Veau<br \/><strong>Date de retour possible :<\/strong> Inconnu<\/p>\n<p>Le compatriote espagnol de Thiago, Stefan Bajcetic, n&rsquo;a jou\u00e9 que deux fois cette saison en raison de son pr\u00e9c\u00e9dent probl\u00e8me aux adducteurs et de sa blessure persistante au mollet, et l&rsquo;\u00e9quipe m\u00e9dicale de Liverpool ne pr\u00e9cipite pas le joueur de 19 ans dans sa convalescence, car son dernier probl\u00e8me est li\u00e9 \u00e0 sa croissance.<\/p>\n<hr>\n<p><strong><\/p>\n<h2>LISTE DES SUSPENSIONS DE LIVERPOOL<\/h2>\n<p><\/strong><\/p>\n<p>Liverpool n\u2019a aucun joueur suspendu pour ce match.<\/p>\n<\/div>\n","protected":false},"excerpt":{"rendered":"<p>Sports Mole fait le point sur les blessures et les suspensions de Liverpool avant le choc de dimanche en Premier League avec Fulham. En qu\u00eate<\/p>\n","protected":false},"author":1,"featured_media":1918,"comment_status":"closed","ping_status":"","sticky":false,"template":"","format":"standard","meta":{"footnotes":""},"categories":[5],"tags":[15,20,348,9,17,53,461,18],"yoast_head":"<!-- This site is optimized with the Yoast SEO plugin v21.0 - https:\/\/yoast.com\/wordpress\/plugins\/seo\/ -->\n<title>Nouvelles de l\u2019\u00e9quipe de Liverpool : Blessure, liste de suspension contre Fulham<\/title>\n<meta name=\"robots\" content=\"index, follow, max-snippet:-1, max-image-preview:large, max-video-preview:-1\" \/>\n<link rel=\"canonical\" href=\"https:\/\/footdavant.fr\/actualites\/nouvelles-de-lequipe-de-liverpool-blessure-liste-de-suspension-contre-fulham\/\" \/>\n<meta property=\"og:locale\" content=\"fr_FR\" \/>\n<meta property=\"og:type\" content=\"article\" \/>\n<meta property=\"og:title\" content=\"Nouvelles de l\u2019\u00e9quipe de Liverpool : Blessure, liste de suspension contre Fulham\" \/>\n<meta property=\"og:description\" content=\"Sports Mole fait le point sur les blessures et les suspensions de Liverpool avant le choc de dimanche en Premier League avec Fulham. En qu\u00eate\" \/>\n<meta property=\"og:url\" content=\"https:\/\/footdavant.fr\/actualites\/nouvelles-de-lequipe-de-liverpool-blessure-liste-de-suspension-contre-fulham\/\" \/>\n<meta property=\"og:site_name\" content=\"Foot d&#039;avant\" \/>\n<meta property=\"article:publisher\" content=\"https:\/\/www.facebook.com\/Footdavant\/\" \/>\n<meta property=\"article:published_time\" content=\"2023-12-04T00:54:36+00:00\" \/>\n<meta property=\"article:modified_time\" content=\"2023-12-04T00:54:37+00:00\" \/>\n<meta property=\"og:image\" content=\"https:\/\/footdavant.fr\/actualites\/wp-content\/uploads\/2023\/12\/Nouvelles-de-lequipe-de-Liverpool-Blessure-liste-de-suspension.JPG\" \/>\n\t<meta property=\"og:image:width\" content=\"640\" \/>\n\t<meta property=\"og:image:height\" content=\"480\" \/>\n\t<meta property=\"og:image:type\" content=\"image\/jpeg\" \/>\n<meta name=\"author\" content=\"Cl\u00e9ment\" \/>\n<meta name=\"twitter:card\" content=\"summary_large_image\" \/>\n<meta name=\"twitter:creator\" content=\"@FootdavantFr\" \/>\n<meta name=\"twitter:site\" content=\"@FootdavantFr\" \/>\n<meta name=\"twitter:label1\" content=\"\u00c9crit par\" \/>\n\t<meta name=\"twitter:data1\" content=\"Cl\u00e9ment\" \/>\n\t<meta name=\"twitter:label2\" content=\"Dur\u00e9e de lecture estim\u00e9e\" \/>\n\t<meta name=\"twitter:data2\" content=\"3 minutes\" \/>\n<script type=\"application\/ld+json\" class=\"yoast-schema-graph\">{\"@context\":\"https:\/\/schema.org\",\"@graph\":[{\"@type\":\"Article\",\"@id\":\"https:\/\/footdavant.fr\/actualites\/nouvelles-de-lequipe-de-liverpool-blessure-liste-de-suspension-contre-fulham\/#article\",\"isPartOf\":{\"@id\":\"https:\/\/footdavant.fr\/actualites\/nouvelles-de-lequipe-de-liverpool-blessure-liste-de-suspension-contre-fulham\/\"},\"author\":{\"name\":\"Cl\u00e9ment\",\"@id\":\"https:\/\/footdavant.fr\/actualites\/#\/schema\/person\/bc222566d95871b37e597b3ed3ba5e1d\"},\"headline\":\"Nouvelles de l\u2019\u00e9quipe de Liverpool : Blessure, liste de suspension contre Fulham\",\"datePublished\":\"2023-12-04T00:54:36+00:00\",\"dateModified\":\"2023-12-04T00:54:37+00:00\",\"mainEntityOfPage\":{\"@id\":\"https:\/\/footdavant.fr\/actualites\/nouvelles-de-lequipe-de-liverpool-blessure-liste-de-suspension-contre-fulham\/\"},\"wordCount\":560,\"publisher\":{\"@id\":\"https:\/\/footdavant.fr\/actualites\/#organization\"},\"keywords\":[\"Blessure\",\"contre\",\"Fulham\",\"l\u00e9quipe\",\"liste\",\"Liverpool\",\"Nouvelles\",\"suspension\"],\"articleSection\":[\"Premier League\"],\"inLanguage\":\"fr-FR\"},{\"@type\":\"WebPage\",\"@id\":\"https:\/\/footdavant.fr\/actualites\/nouvelles-de-lequipe-de-liverpool-blessure-liste-de-suspension-contre-fulham\/\",\"url\":\"https:\/\/footdavant.fr\/actualites\/nouvelles-de-lequipe-de-liverpool-blessure-liste-de-suspension-contre-fulham\/\",\"name\":\"Nouvelles de l\u2019\u00e9quipe de Liverpool : Blessure, liste de suspension contre Fulham\",\"isPartOf\":{\"@id\":\"https:\/\/footdavant.fr\/actualites\/#website\"},\"datePublished\":\"2023-12-04T00:54:36+00:00\",\"dateModified\":\"2023-12-04T00:54:37+00:00\",\"breadcrumb\":{\"@id\":\"https:\/\/footdavant.fr\/actualites\/nouvelles-de-lequipe-de-liverpool-blessure-liste-de-suspension-contre-fulham\/#breadcrumb\"},\"inLanguage\":\"fr-FR\",\"potentialAction\":[{\"@type\":\"ReadAction\",\"target\":[\"https:\/\/footdavant.fr\/actualites\/nouvelles-de-lequipe-de-liverpool-blessure-liste-de-suspension-contre-fulham\/\"]}]},{\"@type\":\"BreadcrumbList\",\"@id\":\"https:\/\/footdavant.fr\/actualites\/nouvelles-de-lequipe-de-liverpool-blessure-liste-de-suspension-contre-fulham\/#breadcrumb\",\"itemListElement\":[{\"@type\":\"ListItem\",\"position\":1,\"name\":\"Accueil\",\"item\":\"https:\/\/footdavant.fr\/actualites\/\"},{\"@type\":\"ListItem\",\"position\":2,\"name\":\"Nouvelles de l\u2019\u00e9quipe de Liverpool : Blessure, liste de suspension contre Fulham\"}]},{\"@type\":\"WebSite\",\"@id\":\"https:\/\/footdavant.fr\/actualites\/#website\",\"url\":\"https:\/\/footdavant.fr\/actualites\/\",\"name\":\"Foot d'avant\",\"description\":\"\",\"publisher\":{\"@id\":\"https:\/\/footdavant.fr\/actualites\/#organization\"},\"potentialAction\":[{\"@type\":\"SearchAction\",\"target\":{\"@type\":\"EntryPoint\",\"urlTemplate\":\"https:\/\/footdavant.fr\/actualites\/?s={search_term_string}\"},\"query-input\":\"required name=search_term_string\"}],\"inLanguage\":\"fr-FR\"},{\"@type\":\"Organization\",\"@id\":\"https:\/\/footdavant.fr\/actualites\/#organization\",\"name\":\"Foot d'avant\",\"url\":\"https:\/\/footdavant.fr\/actualites\/\",\"logo\":{\"@type\":\"ImageObject\",\"inLanguage\":\"fr-FR\",\"@id\":\"https:\/\/footdavant.fr\/actualites\/#\/schema\/logo\/image\/\",\"url\":\"https:\/\/footdavant.fr\/actualites\/wp-content\/uploads\/2023\/09\/Copy-of-FootDavant-Logo.png\",\"contentUrl\":\"https:\/\/footdavant.fr\/actualites\/wp-content\/uploads\/2023\/09\/Copy-of-FootDavant-Logo.png\",\"width\":936,\"height\":549,\"caption\":\"Foot d'avant\"},\"image\":{\"@id\":\"https:\/\/footdavant.fr\/actualites\/#\/schema\/logo\/image\/\"},\"sameAs\":[\"https:\/\/www.facebook.com\/Footdavant\/\",\"https:\/\/twitter.com\/FootdavantFr\",\"https:\/\/www.instagram.com\/footdavant.fr\/\"]},{\"@type\":\"Person\",\"@id\":\"https:\/\/footdavant.fr\/actualites\/#\/schema\/person\/bc222566d95871b37e597b3ed3ba5e1d\",\"name\":\"Cl\u00e9ment\",\"image\":{\"@type\":\"ImageObject\",\"inLanguage\":\"fr-FR\",\"@id\":\"https:\/\/footdavant.fr\/actualites\/#\/schema\/person\/image\/\",\"url\":\"https:\/\/secure.gravatar.com\/avatar\/7728b29aac2719421e1a9159b2254c44?s=96&d=mm&r=g\",\"contentUrl\":\"https:\/\/secure.gravatar.com\/avatar\/7728b29aac2719421e1a9159b2254c44?s=96&d=mm&r=g\",\"caption\":\"Cl\u00e9ment\"},\"sameAs\":[\"https:\/\/footdavant.fr\/\"]}]}<\/script>\n<!-- \/ Yoast SEO plugin. -->","yoast_head_json":{"title":"Nouvelles de l\u2019\u00e9quipe de Liverpool : Blessure, liste de suspension contre Fulham","robots":{"index":"index","follow":"follow","max-snippet":"max-snippet:-1","max-image-preview":"max-image-preview:large","max-video-preview":"max-video-preview:-1"},"canonical":"https:\/\/footdavant.fr\/actualites\/nouvelles-de-lequipe-de-liverpool-blessure-liste-de-suspension-contre-fulham\/","og_locale":"fr_FR","og_type":"article","og_title":"Nouvelles de l\u2019\u00e9quipe de Liverpool : Blessure, liste de suspension contre Fulham","og_description":"Sports Mole fait le point sur les blessures et les suspensions de Liverpool avant le choc de dimanche en Premier League avec Fulham. En qu\u00eate","og_url":"https:\/\/footdavant.fr\/actualites\/nouvelles-de-lequipe-de-liverpool-blessure-liste-de-suspension-contre-fulham\/","og_site_name":"Foot d&#039;avant","article_publisher":"https:\/\/www.facebook.com\/Footdavant\/","article_published_time":"2023-12-04T00:54:36+00:00","article_modified_time":"2023-12-04T00:54:37+00:00","og_image":[{"width":640,"height":480,"url":"https:\/\/footdavant.fr\/actualites\/wp-content\/uploads\/2023\/12\/Nouvelles-de-lequipe-de-Liverpool-Blessure-liste-de-suspension.JPG","type":"image\/jpeg"}],"author":"Cl\u00e9ment","twitter_card":"summary_large_image","twitter_creator":"@FootdavantFr","twitter_site":"@FootdavantFr","twitter_misc":{"\u00c9crit par":"Cl\u00e9ment","Dur\u00e9e de lecture estim\u00e9e":"3 minutes"},"schema":{"@context":"https:\/\/schema.org","@graph":[{"@type":"Article","@id":"https:\/\/footdavant.fr\/actualites\/nouvelles-de-lequipe-de-liverpool-blessure-liste-de-suspension-contre-fulham\/#article","isPartOf":{"@id":"https:\/\/footdavant.fr\/actualites\/nouvelles-de-lequipe-de-liverpool-blessure-liste-de-suspension-contre-fulham\/"},"author":{"name":"Cl\u00e9ment","@id":"https:\/\/footdavant.fr\/actualites\/#\/schema\/person\/bc222566d95871b37e597b3ed3ba5e1d"},"headline":"Nouvelles de l\u2019\u00e9quipe de Liverpool : Blessure, liste de suspension contre Fulham","datePublished":"2023-12-04T00:54:36+00:00","dateModified":"2023-12-04T00:54:37+00:00","mainEntityOfPage":{"@id":"https:\/\/footdavant.fr\/actualites\/nouvelles-de-lequipe-de-liverpool-blessure-liste-de-suspension-contre-fulham\/"},"wordCount":560,"publisher":{"@id":"https:\/\/footdavant.fr\/actualites\/#organization"},"keywords":["Blessure","contre","Fulham","l\u00e9quipe","liste","Liverpool","Nouvelles","suspension"],"articleSection":["Premier League"],"inLanguage":"fr-FR"},{"@type":"WebPage","@id":"https:\/\/footdavant.fr\/actualites\/nouvelles-de-lequipe-de-liverpool-blessure-liste-de-suspension-contre-fulham\/","url":"https:\/\/footdavant.fr\/actualites\/nouvelles-de-lequipe-de-liverpool-blessure-liste-de-suspension-contre-fulham\/","name":"Nouvelles de l\u2019\u00e9quipe de Liverpool : Blessure, liste de suspension contre Fulham","isPartOf":{"@id":"https:\/\/footdavant.fr\/actualites\/#website"},"datePublished":"2023-12-04T00:54:36+00:00","dateModified":"2023-12-04T00:54:37+00:00","breadcrumb":{"@id":"https:\/\/footdavant.fr\/actualites\/nouvelles-de-lequipe-de-liverpool-blessure-liste-de-suspension-contre-fulham\/#breadcrumb"},"inLanguage":"fr-FR","potentialAction":[{"@type":"ReadAction","target":["https:\/\/footdavant.fr\/actualites\/nouvelles-de-lequipe-de-liverpool-blessure-liste-de-suspension-contre-fulham\/"]}]},{"@type":"BreadcrumbList","@id":"https:\/\/footdavant.fr\/actualites\/nouvelles-de-lequipe-de-liverpool-blessure-liste-de-suspension-contre-fulham\/#breadcrumb","itemListElement":[{"@type":"ListItem","position":1,"name":"Accueil","item":"https:\/\/footdavant.fr\/actualites\/"},{"@type":"ListItem","position":2,"name":"Nouvelles de l\u2019\u00e9quipe de Liverpool : Blessure, liste de suspension contre Fulham"}]},{"@type":"WebSite","@id":"https:\/\/footdavant.fr\/actualites\/#website","url":"https:\/\/footdavant.fr\/actualites\/","name":"Foot d'avant","description":"","publisher":{"@id":"https:\/\/footdavant.fr\/actualites\/#organization"},"potentialAction":[{"@type":"SearchAction","target":{"@type":"EntryPoint","urlTemplate":"https:\/\/footdavant.fr\/actualites\/?s={search_term_string}"},"query-input":"required name=search_term_string"}],"inLanguage":"fr-FR"},{"@type":"Organization","@id":"https:\/\/footdavant.fr\/actualites\/#organization","name":"Foot d'avant","url":"https:\/\/footdavant.fr\/actualites\/","logo":{"@type":"ImageObject","inLanguage":"fr-FR","@id":"https:\/\/footdavant.fr\/actualites\/#\/schema\/logo\/image\/","url":"https:\/\/footdavant.fr\/actualites\/wp-content\/uploads\/2023\/09\/Copy-of-FootDavant-Logo.png","contentUrl":"https:\/\/footdavant.fr\/actualites\/wp-content\/uploads\/2023\/09\/Copy-of-FootDavant-Logo.png","width":936,"height":549,"caption":"Foot d'avant"},"image":{"@id":"https:\/\/footdavant.fr\/actualites\/#\/schema\/logo\/image\/"},"sameAs":["https:\/\/www.facebook.com\/Footdavant\/","https:\/\/twitter.com\/FootdavantFr","https:\/\/www.instagram.com\/footdavant.fr\/"]},{"@type":"Person","@id":"https:\/\/footdavant.fr\/actualites\/#\/schema\/person\/bc222566d95871b37e597b3ed3ba5e1d","name":"Cl\u00e9ment","image":{"@type":"ImageObject","inLanguage":"fr-FR","@id":"https:\/\/footdavant.fr\/actualites\/#\/schema\/person\/image\/","url":"https:\/\/secure.gravatar.com\/avatar\/7728b29aac2719421e1a9159b2254c44?s=96&d=mm&r=g","contentUrl":"https:\/\/secure.gravatar.com\/avatar\/7728b29aac2719421e1a9159b2254c44?s=96&d=mm&r=g","caption":"Cl\u00e9ment"},"sameAs":["https:\/\/footdavant.fr\/"]}]}},"_links":{"self":[{"href":"https:\/\/footdavant.fr\/actualites\/wp-json\/wp\/v2\/posts\/1917"}],"collection":[{"href":"https:\/\/footdavant.fr\/actualites\/wp-json\/wp\/v2\/posts"}],"about":[{"href":"https:\/\/footdavant.fr\/actualites\/wp-json\/wp\/v2\/types\/post"}],"author":[{"embeddable":true,"href":"https:\/\/footdavant.fr\/actualites\/wp-json\/wp\/v2\/users\/1"}],"replies":[{"embeddable":true,"href":"https:\/\/footdavant.fr\/actualites\/wp-json\/wp\/v2\/comments?post=1917"}],"version-history":[{"count":1,"href":"https:\/\/footdavant.fr\/actualites\/wp-json\/wp\/v2\/posts\/1917\/revisions"}],"predecessor-version":[{"id":1919,"href":"https:\/\/footdavant.fr\/actualites\/wp-json\/wp\/v2\/posts\/1917\/revisions\/1919"}],"wp:featuredmedia":[{"embeddable":true,"href":"https:\/\/footdavant.fr\/actualites\/wp-json\/wp\/v2\/media\/1918"}],"wp:attachment":[{"href":"https:\/\/footdavant.fr\/actualites\/wp-json\/wp\/v2\/media?parent=1917"}],"wp:term":[{"taxonomy":"category","embeddable":true,"href":"https:\/\/footdavant.fr\/actualites\/wp-json\/wp\/v2\/categories?post=1917"},{"taxonomy":"post_tag","embeddable":true,"href":"https:\/\/footdavant.fr\/actualites\/wp-json\/wp\/v2\/tags?post=1917"}],"curies":[{"name":"wp","href":"https:\/\/api.w.org\/{rel}","templated":true}]}}