{"id":1955,"date":"2023-12-04T22:50:09","date_gmt":"2023-12-04T21:50:09","guid":{"rendered":"https:\/\/footdavant.fr\/actualites\/fulham-identifie-andre-comme-remplacant-de-joao-palhinha\/"},"modified":"2023-12-04T22:50:09","modified_gmt":"2023-12-04T21:50:09","slug":"fulham-identifie-andre-comme-remplacant-de-joao-palhinha","status":"publish","type":"post","link":"https:\/\/footdavant.fr\/actualites\/fulham-identifie-andre-comme-remplacant-de-joao-palhinha\/","title":{"rendered":"Fulham identifie Andre comme rempla\u00e7ant de Joao Palhinha ?"},"content":{"rendered":"<p>Fulham aurait identifi\u00e9 Andre de Fluminense comme rempla\u00e7ant potentiel de Joao Palhinha, qui continue d&rsquo;\u00eatre li\u00e9 au Bayern Munich.<\/p>\n<div id=\"article_body\" itemprop=\"articleBody\">\n<h3 class=\"firstPara\">\n<strong class=\"autotag\">Fulham<\/strong> seraient int\u00e9ress\u00e9s \u00e0 signer <strong class=\"autotag\">Fluminense<\/strong> milieu de terrain <strong class=\"autotag\">Andr\u00e9<\/strong>.<\/h3>\n<p>Les Cottagers cherchent \u00e0 recruter un nouveau milieu de terrain d\u00e9fensif, avec l&rsquo;incertitude entourant l&rsquo;avenir de <strong class=\"autotag\">Jo\u00e3o Palhinha<\/strong>.<\/p>\n<p>Il \u00e9tait sur le point de terminer son d\u00e9m\u00e9nagement d&rsquo;\u00e9t\u00e9 \u00e0 <strong class=\"autotag\">Bayern Munich<\/strong> avant que l\u2019accord n\u2019aboutisse le dernier jour de la fen\u00eatre.<\/p>\n<p>Bien que Palhinha ait par la suite sign\u00e9 une nouvelle prolongation de contrat jusqu&rsquo;en 2028, il reste li\u00e9 \u00e0 un transfert vers le champion d&rsquo;Allemagne.<\/p>\n<p>Le joueur de 28 ans a admis qu&rsquo;il n&rsquo;\u00e9tait pas s\u00fbr de ce que l&rsquo;avenir lui r\u00e9servait, \u00e9voquant la possibilit\u00e9 qu&rsquo;il puisse quitter le club lors du mercato de janvier.<\/p>\n<p class=\"imgI\">\n<p>Alors que Fulham se pr\u00e9pare au d\u00e9part de Palhinha, ils travaillent d\u00e9j\u00e0 sur des plans pour assurer son remplacement.<\/p>\n<p>Selon <em>Actualit\u00e9s Sky Sports<\/em>le club de l&rsquo;ouest de Londres cherche \u00e0 conclure un accord pour signer Andre de Fluminense au cours de la nouvelle ann\u00e9e.<\/p>\n<p>Le rapport affirme que le directeur g\u00e9n\u00e9ral de Fulham <strong class=\"autotag\">Alistair Mackinstosh<\/strong> s&rsquo;est r\u00e9cemment rendu au Br\u00e9sil pour discuter d&rsquo;un \u00e9ventuel accord. <\/p>\n<p><strong class=\"autotag\">Liverpool<\/strong> On pensait qu&rsquo;ils envisageaient de d\u00e9m\u00e9nager pour Andre, mais leur int\u00e9r\u00eat semble s&rsquo;\u00eatre refroidi ces derni\u00e8res semaines.<\/p>\n<p class=\"imgI\"><img decoding=\"async\" loading=\"lazy\" class=\"l\" src=\"https:\/\/footdavant.fr\/actualites\/wp-content\/uploads\/2023\/12\/1701726609_645_Fulham-identifie-Andre-comme-remplacant-de-Joao-Palhinha.jpg\" title=\"Andre de Fluminense photographi\u00e9 apr\u00e8s avoir \u00e9t\u00e9 bless\u00e9 le 31 ao\u00fbt 2023\" alt=\"Andre de Fluminense photographi\u00e9 apr\u00e8s avoir \u00e9t\u00e9 bless\u00e9 le 31 ao\u00fbt 2023\" width=\"640\" height=\"480\"><\/p>\n<p>Cependant, Fulham pourrait encore affronter la comp\u00e9tition de Premier League, car <strong class=\"autotag\">Arsenal<\/strong>, <strong class=\"autotag\">Manchester United<\/strong> et <strong class=\"autotag\">Tottenham Hotspur<\/strong> ont tous \u00e9t\u00e9 li\u00e9s \u00e0 la signature du Br\u00e9silien. <\/p>\n<p>Andre a disput\u00e9 58 matches de comp\u00e9tition avec Fluminense en 2023, aidant le club \u00e0 remporter la Copa Libertadores pour la premi\u00e8re fois de son histoire.<\/p>\n<p>Bien qu&rsquo;il soit sous contrat jusqu&rsquo;en d\u00e9cembre 2026, l&rsquo;international br\u00e9silien devrait finaliser son transfert vers l&rsquo;Europe en janvier.<\/p>\n<p>Fluminense a encore deux matchs \u00e0 jouer lors de sa saison nationale, avant de se rendre en Arabie Saoudite pour la Coupe du Monde des Clubs 2023.<\/p>\n<p>Fulham, quant \u00e0 lui, parcourt \u00e9galement le march\u00e9 \u00e0 la recherche de renforts suppl\u00e9mentaires, les Cottagers souhaitant recruter un nouveau d\u00e9fenseur central et un attaquant.<\/p>\n<\/div>\n","protected":false},"excerpt":{"rendered":"<p>Fulham aurait identifi\u00e9 Andre de Fluminense comme rempla\u00e7ant potentiel de Joao Palhinha, qui continue d&rsquo;\u00eatre li\u00e9 au Bayern Munich. Fulham seraient int\u00e9ress\u00e9s \u00e0 signer Fluminense<\/p>\n","protected":false},"author":1,"featured_media":1956,"comment_status":"closed","ping_status":"","sticky":false,"template":"","format":"standard","meta":{"footnotes":""},"categories":[5],"tags":[194,990,348,1349,150,345,1352],"yoast_head":"<!-- This site is optimized with the Yoast SEO plugin v21.0 - https:\/\/yoast.com\/wordpress\/plugins\/seo\/ -->\n<title>Fulham identifie Andre comme rempla\u00e7ant de Joao Palhinha ?<\/title>\n<meta name=\"robots\" content=\"index, follow, max-snippet:-1, max-image-preview:large, max-video-preview:-1\" \/>\n<link rel=\"canonical\" href=\"https:\/\/footdavant.fr\/actualites\/fulham-identifie-andre-comme-remplacant-de-joao-palhinha\/\" \/>\n<meta property=\"og:locale\" content=\"fr_FR\" \/>\n<meta property=\"og:type\" content=\"article\" \/>\n<meta property=\"og:title\" content=\"Fulham identifie Andre comme rempla\u00e7ant de Joao Palhinha ?\" \/>\n<meta property=\"og:description\" content=\"Fulham aurait identifi\u00e9 Andre de Fluminense comme rempla\u00e7ant potentiel de Joao Palhinha, qui continue d&rsquo;\u00eatre li\u00e9 au Bayern Munich. Fulham seraient int\u00e9ress\u00e9s \u00e0 signer Fluminense\" \/>\n<meta property=\"og:url\" content=\"https:\/\/footdavant.fr\/actualites\/fulham-identifie-andre-comme-remplacant-de-joao-palhinha\/\" \/>\n<meta property=\"og:site_name\" content=\"Foot d&#039;avant\" \/>\n<meta property=\"article:publisher\" content=\"https:\/\/www.facebook.com\/Footdavant\/\" \/>\n<meta property=\"article:published_time\" content=\"2023-12-04T21:50:09+00:00\" \/>\n<meta property=\"og:image\" content=\"https:\/\/footdavant.fr\/actualites\/wp-content\/uploads\/2023\/12\/Fulham-identifie-Andre-comme-remplacant-de-Joao-Palhinha.jpg\" \/>\n\t<meta property=\"og:image:width\" content=\"640\" \/>\n\t<meta property=\"og:image:height\" content=\"480\" \/>\n\t<meta property=\"og:image:type\" content=\"image\/jpeg\" \/>\n<meta name=\"author\" content=\"Cl\u00e9ment\" \/>\n<meta name=\"twitter:card\" content=\"summary_large_image\" \/>\n<meta name=\"twitter:creator\" content=\"@FootdavantFr\" \/>\n<meta name=\"twitter:site\" content=\"@FootdavantFr\" \/>\n<meta name=\"twitter:label1\" content=\"\u00c9crit par\" \/>\n\t<meta name=\"twitter:data1\" content=\"Cl\u00e9ment\" \/>\n\t<meta name=\"twitter:label2\" content=\"Dur\u00e9e de lecture estim\u00e9e\" \/>\n\t<meta name=\"twitter:data2\" content=\"2 minutes\" \/>\n<script type=\"application\/ld+json\" class=\"yoast-schema-graph\">{\"@context\":\"https:\/\/schema.org\",\"@graph\":[{\"@type\":\"Article\",\"@id\":\"https:\/\/footdavant.fr\/actualites\/fulham-identifie-andre-comme-remplacant-de-joao-palhinha\/#article\",\"isPartOf\":{\"@id\":\"https:\/\/footdavant.fr\/actualites\/fulham-identifie-andre-comme-remplacant-de-joao-palhinha\/\"},\"author\":{\"name\":\"Cl\u00e9ment\",\"@id\":\"https:\/\/footdavant.fr\/actualites\/#\/schema\/person\/bc222566d95871b37e597b3ed3ba5e1d\"},\"headline\":\"Fulham identifie Andre comme rempla\u00e7ant de Joao Palhinha ?\",\"datePublished\":\"2023-12-04T21:50:09+00:00\",\"dateModified\":\"2023-12-04T21:50:09+00:00\",\"mainEntityOfPage\":{\"@id\":\"https:\/\/footdavant.fr\/actualites\/fulham-identifie-andre-comme-remplacant-de-joao-palhinha\/\"},\"wordCount\":362,\"publisher\":{\"@id\":\"https:\/\/footdavant.fr\/actualites\/#organization\"},\"keywords\":[\"Andre\",\"comme\",\"Fulham\",\"identifie\",\"Joao\",\"Palhinha\",\"rempla\u00e7ant\"],\"articleSection\":[\"Premier League\"],\"inLanguage\":\"fr-FR\"},{\"@type\":\"WebPage\",\"@id\":\"https:\/\/footdavant.fr\/actualites\/fulham-identifie-andre-comme-remplacant-de-joao-palhinha\/\",\"url\":\"https:\/\/footdavant.fr\/actualites\/fulham-identifie-andre-comme-remplacant-de-joao-palhinha\/\",\"name\":\"Fulham identifie Andre comme rempla\u00e7ant de Joao Palhinha ?\",\"isPartOf\":{\"@id\":\"https:\/\/footdavant.fr\/actualites\/#website\"},\"datePublished\":\"2023-12-04T21:50:09+00:00\",\"dateModified\":\"2023-12-04T21:50:09+00:00\",\"breadcrumb\":{\"@id\":\"https:\/\/footdavant.fr\/actualites\/fulham-identifie-andre-comme-remplacant-de-joao-palhinha\/#breadcrumb\"},\"inLanguage\":\"fr-FR\",\"potentialAction\":[{\"@type\":\"ReadAction\",\"target\":[\"https:\/\/footdavant.fr\/actualites\/fulham-identifie-andre-comme-remplacant-de-joao-palhinha\/\"]}]},{\"@type\":\"BreadcrumbList\",\"@id\":\"https:\/\/footdavant.fr\/actualites\/fulham-identifie-andre-comme-remplacant-de-joao-palhinha\/#breadcrumb\",\"itemListElement\":[{\"@type\":\"ListItem\",\"position\":1,\"name\":\"Accueil\",\"item\":\"https:\/\/footdavant.fr\/actualites\/\"},{\"@type\":\"ListItem\",\"position\":2,\"name\":\"Fulham identifie Andre comme rempla\u00e7ant de Joao Palhinha ?\"}]},{\"@type\":\"WebSite\",\"@id\":\"https:\/\/footdavant.fr\/actualites\/#website\",\"url\":\"https:\/\/footdavant.fr\/actualites\/\",\"name\":\"Foot d'avant\",\"description\":\"\",\"publisher\":{\"@id\":\"https:\/\/footdavant.fr\/actualites\/#organization\"},\"potentialAction\":[{\"@type\":\"SearchAction\",\"target\":{\"@type\":\"EntryPoint\",\"urlTemplate\":\"https:\/\/footdavant.fr\/actualites\/?s={search_term_string}\"},\"query-input\":\"required name=search_term_string\"}],\"inLanguage\":\"fr-FR\"},{\"@type\":\"Organization\",\"@id\":\"https:\/\/footdavant.fr\/actualites\/#organization\",\"name\":\"Foot d'avant\",\"url\":\"https:\/\/footdavant.fr\/actualites\/\",\"logo\":{\"@type\":\"ImageObject\",\"inLanguage\":\"fr-FR\",\"@id\":\"https:\/\/footdavant.fr\/actualites\/#\/schema\/logo\/image\/\",\"url\":\"https:\/\/footdavant.fr\/actualites\/wp-content\/uploads\/2023\/09\/Copy-of-FootDavant-Logo.png\",\"contentUrl\":\"https:\/\/footdavant.fr\/actualites\/wp-content\/uploads\/2023\/09\/Copy-of-FootDavant-Logo.png\",\"width\":936,\"height\":549,\"caption\":\"Foot d'avant\"},\"image\":{\"@id\":\"https:\/\/footdavant.fr\/actualites\/#\/schema\/logo\/image\/\"},\"sameAs\":[\"https:\/\/www.facebook.com\/Footdavant\/\",\"https:\/\/twitter.com\/FootdavantFr\",\"https:\/\/www.instagram.com\/footdavant.fr\/\"]},{\"@type\":\"Person\",\"@id\":\"https:\/\/footdavant.fr\/actualites\/#\/schema\/person\/bc222566d95871b37e597b3ed3ba5e1d\",\"name\":\"Cl\u00e9ment\",\"image\":{\"@type\":\"ImageObject\",\"inLanguage\":\"fr-FR\",\"@id\":\"https:\/\/footdavant.fr\/actualites\/#\/schema\/person\/image\/\",\"url\":\"https:\/\/secure.gravatar.com\/avatar\/7728b29aac2719421e1a9159b2254c44?s=96&d=mm&r=g\",\"contentUrl\":\"https:\/\/secure.gravatar.com\/avatar\/7728b29aac2719421e1a9159b2254c44?s=96&d=mm&r=g\",\"caption\":\"Cl\u00e9ment\"},\"sameAs\":[\"https:\/\/footdavant.fr\/\"]}]}<\/script>\n<!-- \/ Yoast SEO plugin. -->","yoast_head_json":{"title":"Fulham identifie Andre comme rempla\u00e7ant de Joao Palhinha ?","robots":{"index":"index","follow":"follow","max-snippet":"max-snippet:-1","max-image-preview":"max-image-preview:large","max-video-preview":"max-video-preview:-1"},"canonical":"https:\/\/footdavant.fr\/actualites\/fulham-identifie-andre-comme-remplacant-de-joao-palhinha\/","og_locale":"fr_FR","og_type":"article","og_title":"Fulham identifie Andre comme rempla\u00e7ant de Joao Palhinha ?","og_description":"Fulham aurait identifi\u00e9 Andre de Fluminense comme rempla\u00e7ant potentiel de Joao Palhinha, qui continue d&rsquo;\u00eatre li\u00e9 au Bayern Munich. Fulham seraient int\u00e9ress\u00e9s \u00e0 signer Fluminense","og_url":"https:\/\/footdavant.fr\/actualites\/fulham-identifie-andre-comme-remplacant-de-joao-palhinha\/","og_site_name":"Foot d&#039;avant","article_publisher":"https:\/\/www.facebook.com\/Footdavant\/","article_published_time":"2023-12-04T21:50:09+00:00","og_image":[{"width":640,"height":480,"url":"https:\/\/footdavant.fr\/actualites\/wp-content\/uploads\/2023\/12\/Fulham-identifie-Andre-comme-remplacant-de-Joao-Palhinha.jpg","type":"image\/jpeg"}],"author":"Cl\u00e9ment","twitter_card":"summary_large_image","twitter_creator":"@FootdavantFr","twitter_site":"@FootdavantFr","twitter_misc":{"\u00c9crit par":"Cl\u00e9ment","Dur\u00e9e de lecture estim\u00e9e":"2 minutes"},"schema":{"@context":"https:\/\/schema.org","@graph":[{"@type":"Article","@id":"https:\/\/footdavant.fr\/actualites\/fulham-identifie-andre-comme-remplacant-de-joao-palhinha\/#article","isPartOf":{"@id":"https:\/\/footdavant.fr\/actualites\/fulham-identifie-andre-comme-remplacant-de-joao-palhinha\/"},"author":{"name":"Cl\u00e9ment","@id":"https:\/\/footdavant.fr\/actualites\/#\/schema\/person\/bc222566d95871b37e597b3ed3ba5e1d"},"headline":"Fulham identifie Andre comme rempla\u00e7ant de Joao Palhinha ?","datePublished":"2023-12-04T21:50:09+00:00","dateModified":"2023-12-04T21:50:09+00:00","mainEntityOfPage":{"@id":"https:\/\/footdavant.fr\/actualites\/fulham-identifie-andre-comme-remplacant-de-joao-palhinha\/"},"wordCount":362,"publisher":{"@id":"https:\/\/footdavant.fr\/actualites\/#organization"},"keywords":["Andre","comme","Fulham","identifie","Joao","Palhinha","rempla\u00e7ant"],"articleSection":["Premier League"],"inLanguage":"fr-FR"},{"@type":"WebPage","@id":"https:\/\/footdavant.fr\/actualites\/fulham-identifie-andre-comme-remplacant-de-joao-palhinha\/","url":"https:\/\/footdavant.fr\/actualites\/fulham-identifie-andre-comme-remplacant-de-joao-palhinha\/","name":"Fulham identifie Andre comme rempla\u00e7ant de Joao Palhinha ?","isPartOf":{"@id":"https:\/\/footdavant.fr\/actualites\/#website"},"datePublished":"2023-12-04T21:50:09+00:00","dateModified":"2023-12-04T21:50:09+00:00","breadcrumb":{"@id":"https:\/\/footdavant.fr\/actualites\/fulham-identifie-andre-comme-remplacant-de-joao-palhinha\/#breadcrumb"},"inLanguage":"fr-FR","potentialAction":[{"@type":"ReadAction","target":["https:\/\/footdavant.fr\/actualites\/fulham-identifie-andre-comme-remplacant-de-joao-palhinha\/"]}]},{"@type":"BreadcrumbList","@id":"https:\/\/footdavant.fr\/actualites\/fulham-identifie-andre-comme-remplacant-de-joao-palhinha\/#breadcrumb","itemListElement":[{"@type":"ListItem","position":1,"name":"Accueil","item":"https:\/\/footdavant.fr\/actualites\/"},{"@type":"ListItem","position":2,"name":"Fulham identifie Andre comme rempla\u00e7ant de Joao Palhinha ?"}]},{"@type":"WebSite","@id":"https:\/\/footdavant.fr\/actualites\/#website","url":"https:\/\/footdavant.fr\/actualites\/","name":"Foot d'avant","description":"","publisher":{"@id":"https:\/\/footdavant.fr\/actualites\/#organization"},"potentialAction":[{"@type":"SearchAction","target":{"@type":"EntryPoint","urlTemplate":"https:\/\/footdavant.fr\/actualites\/?s={search_term_string}"},"query-input":"required name=search_term_string"}],"inLanguage":"fr-FR"},{"@type":"Organization","@id":"https:\/\/footdavant.fr\/actualites\/#organization","name":"Foot d'avant","url":"https:\/\/footdavant.fr\/actualites\/","logo":{"@type":"ImageObject","inLanguage":"fr-FR","@id":"https:\/\/footdavant.fr\/actualites\/#\/schema\/logo\/image\/","url":"https:\/\/footdavant.fr\/actualites\/wp-content\/uploads\/2023\/09\/Copy-of-FootDavant-Logo.png","contentUrl":"https:\/\/footdavant.fr\/actualites\/wp-content\/uploads\/2023\/09\/Copy-of-FootDavant-Logo.png","width":936,"height":549,"caption":"Foot d'avant"},"image":{"@id":"https:\/\/footdavant.fr\/actualites\/#\/schema\/logo\/image\/"},"sameAs":["https:\/\/www.facebook.com\/Footdavant\/","https:\/\/twitter.com\/FootdavantFr","https:\/\/www.instagram.com\/footdavant.fr\/"]},{"@type":"Person","@id":"https:\/\/footdavant.fr\/actualites\/#\/schema\/person\/bc222566d95871b37e597b3ed3ba5e1d","name":"Cl\u00e9ment","image":{"@type":"ImageObject","inLanguage":"fr-FR","@id":"https:\/\/footdavant.fr\/actualites\/#\/schema\/person\/image\/","url":"https:\/\/secure.gravatar.com\/avatar\/7728b29aac2719421e1a9159b2254c44?s=96&d=mm&r=g","contentUrl":"https:\/\/secure.gravatar.com\/avatar\/7728b29aac2719421e1a9159b2254c44?s=96&d=mm&r=g","caption":"Cl\u00e9ment"},"sameAs":["https:\/\/footdavant.fr\/"]}]}},"_links":{"self":[{"href":"https:\/\/footdavant.fr\/actualites\/wp-json\/wp\/v2\/posts\/1955"}],"collection":[{"href":"https:\/\/footdavant.fr\/actualites\/wp-json\/wp\/v2\/posts"}],"about":[{"href":"https:\/\/footdavant.fr\/actualites\/wp-json\/wp\/v2\/types\/post"}],"author":[{"embeddable":true,"href":"https:\/\/footdavant.fr\/actualites\/wp-json\/wp\/v2\/users\/1"}],"replies":[{"embeddable":true,"href":"https:\/\/footdavant.fr\/actualites\/wp-json\/wp\/v2\/comments?post=1955"}],"version-history":[{"count":1,"href":"https:\/\/footdavant.fr\/actualites\/wp-json\/wp\/v2\/posts\/1955\/revisions"}],"predecessor-version":[{"id":1957,"href":"https:\/\/footdavant.fr\/actualites\/wp-json\/wp\/v2\/posts\/1955\/revisions\/1957"}],"wp:featuredmedia":[{"embeddable":true,"href":"https:\/\/footdavant.fr\/actualites\/wp-json\/wp\/v2\/media\/1956"}],"wp:attachment":[{"href":"https:\/\/footdavant.fr\/actualites\/wp-json\/wp\/v2\/media?parent=1955"}],"wp:term":[{"taxonomy":"category","embeddable":true,"href":"https:\/\/footdavant.fr\/actualites\/wp-json\/wp\/v2\/categories?post=1955"},{"taxonomy":"post_tag","embeddable":true,"href":"https:\/\/footdavant.fr\/actualites\/wp-json\/wp\/v2\/tags?post=1955"}],"curies":[{"name":"wp","href":"https:\/\/api.w.org\/{rel}","templated":true}]}}