{"id":1993,"date":"2023-12-05T20:54:54","date_gmt":"2023-12-05T19:54:54","guid":{"rendered":"https:\/\/footdavant.fr\/actualites\/qui-est-la-petite-amie-de-devin-haney-histoire-de-rencontre-de-le-reve\/"},"modified":"2023-12-05T20:54:55","modified_gmt":"2023-12-05T19:54:55","slug":"qui-est-la-petite-amie-de-devin-haney-histoire-de-rencontre-de-le-reve","status":"publish","type":"post","link":"https:\/\/footdavant.fr\/actualites\/qui-est-la-petite-amie-de-devin-haney-histoire-de-rencontre-de-le-reve\/","title":{"rendered":"Qui est la petite amie de Devin Haney ?  Histoire de rencontre de \u00ab\u00a0le r\u00eave\u00a0\u00bb"},"content":{"rendered":"<div>\n<h2><\/h2>\n<p>Avant son combat ce week-end contre Regis Prograis pour le titre mondial WBC des super-l\u00e9gers, les fans de boxe veulent en savoir plus sur la vie personnelle de Devin &lsquo;The Dream&rsquo; Haney.<\/p>\n<p>\u00c0 seulement 25 ans, Haney a le monde de la boxe \u00e0 ses pieds.  Mais qu\u2019en est-il en dehors du ring ?  Devin Haney a-t-il une petite amie ou est-il en couple ?  Eh bien, ici \u00e0 <em>Objectifs de sport<\/em> nous pouvons r\u00e9v\u00e9ler que Devin Haney n&rsquo;aurait apparemment pas de petite amie \u00e0 ce jour.<\/p>\n<p>Le combattant n\u00e9 en 1998 a eu plusieurs relations diff\u00e9rentes dans le pass\u00e9, mais \u00e0 ce jour, Devin Haney serait un homme c\u00e9libataire.  Il est \u00e9vident que \u00ab The Dream \u00bb se concentre davantage sur sa carri\u00e8re de boxeur et sur le fait de devenir champion du monde des deux poids ce week-end.<\/p>\n<p>Haney est le favori des paris pour vaincre le champion Regis Prograis ce week-end avec les meilleures applications de paris sur la boxe, ce qui est \u00e9videmment l&rsquo;objectif de Haney en ce moment.  L&rsquo;ancien roi incontest\u00e9 de 135 livres a peut-\u00eatre une petite amie, mais il d\u00e9cide de garder sa relation secr\u00e8te et loin des projecteurs.<\/p>\n<p>Pour l&rsquo;instant cependant, il est clair que Devin Haney est enti\u00e8rement concentr\u00e9 sur le travail \u00e0 accomplir samedi soir \u00e0 San Francisco, en Californie.  Si Haney l\u00e8ve la main, il deviendra champion du monde multi-poids \u00e0 seulement 25 ans.<\/p>\n<hr>\n<h4><\/h4>\n<hr>\n<h2><\/h2>\n<p>Bien que les rumeurs disent que Devin Haney est actuellement c\u00e9libataire et n&rsquo;est pas en couple, il a eu plusieurs relations dans le pass\u00e9.  Voici tout ce que vous devez savoir sur les ex-petites amies de Devin Haney et avec qui elle est sortie dans le pass\u00e9.<\/p>\n<p>Haney aurait entretenu une relation intermittente avec India Love pendant plusieurs ann\u00e9es.  Les deux hommes se fr\u00e9quenteraient avant que Haney ne devienne une star de la boxe, avant de se s\u00e9parer.  Cependant, le couple a relanc\u00e9 leur relation en 2021 et lui a donn\u00e9 une autre chance, mais ont depuis mis fin d\u00e9finitivement \u00e0 la relation.<\/p>\n<p>Avant sa deuxi\u00e8me relation avec l&rsquo;influenceur des m\u00e9dias sociaux Love, Haney non seulement sortait ensemble, mais \u00e9tait \u00e9galement fianc\u00e9 \u00e0 la m\u00e8re de l&rsquo;enfant de NBA Youngboy, Jania Jackson.  Jackson s&rsquo;est fait tatouer le nom de Haney sur son corps, mais la relation n&rsquo;a pas dur\u00e9 longtemps et les fian\u00e7ailles ont pris fin en mai 2022.<\/p>\n<p>Une autre ex-petite amie de Devin Haney est le mannequin et influenceur des m\u00e9dias sociaux Kris Summers.  Bien qu&rsquo;il y ait tr\u00e8s peu de choses sur Internet sur leur pr\u00e9tendue relation, ils ont \u00e9t\u00e9 aper\u00e7us ensemble \u00e0 plusieurs reprises.<\/p>\n<p>Devin Haney aurait \u00e9galement eu une relation avec le rappeur et star des m\u00e9dias sociaux Blac Chyna dans le pass\u00e9.  De plus, pendant la pand\u00e9mie de COVID-19, alors qu&rsquo;il n&rsquo;avait que 23 ans, Haney a commenc\u00e9 \u00e0 sortir avec l&rsquo;influenceuse Instagram Lira Galore.<\/p>\n<p>\u00ab\u00a0The Dream\u00a0\u00bb a emmen\u00e9 sa petite amie de l&rsquo;\u00e9poque \u00e0 Cabo pour une escapade romantique, passant du temps dans un manoir \u00e0 El Pedregal, au Mexique.<\/p>\n<p>Il y a tout ce que vous devez savoir sur qui est la petite amie de Devin Haney et avec qui il est sorti dans le pass\u00e9.  Assurez-vous de r\u00e9clamer les diff\u00e9rentes applications de paris sportifs et les paris gratuits sur la boxe disponibles sur le site. <em>Objectifs de sport<\/em> site.<\/p>\n<hr>\n<h4>EN RELATION: Record de boxe Devin Haney<\/h4>\n<hr>\n<\/p><\/div>\n","protected":false},"excerpt":{"rendered":"<p>Avant son combat ce week-end contre Regis Prograis pour le titre mondial WBC des super-l\u00e9gers, les fans de boxe veulent en savoir plus sur la<\/p>\n","protected":false},"author":1,"featured_media":1994,"comment_status":"closed","ping_status":"","sticky":false,"template":"","format":"standard","meta":{"footnotes":""},"categories":[3],"tags":[1934,1935,217,1936,842,1933,243,1937,163],"yoast_head":"<!-- This site is optimized with the Yoast SEO plugin v21.0 - https:\/\/yoast.com\/wordpress\/plugins\/seo\/ -->\n<title>Qui est la petite amie de Devin Haney ? Histoire de rencontre de \u00ab\u00a0le r\u00eave\u00a0\u00bb<\/title>\n<meta name=\"robots\" content=\"index, follow, max-snippet:-1, max-image-preview:large, max-video-preview:-1\" \/>\n<link rel=\"canonical\" href=\"https:\/\/footdavant.fr\/actualites\/qui-est-la-petite-amie-de-devin-haney-histoire-de-rencontre-de-le-reve\/\" \/>\n<meta property=\"og:locale\" content=\"fr_FR\" \/>\n<meta property=\"og:type\" content=\"article\" \/>\n<meta property=\"og:title\" content=\"Qui est la petite amie de Devin Haney ? Histoire de rencontre de \u00ab\u00a0le r\u00eave\u00a0\u00bb\" \/>\n<meta property=\"og:description\" content=\"Avant son combat ce week-end contre Regis Prograis pour le titre mondial WBC des super-l\u00e9gers, les fans de boxe veulent en savoir plus sur la\" \/>\n<meta property=\"og:url\" content=\"https:\/\/footdavant.fr\/actualites\/qui-est-la-petite-amie-de-devin-haney-histoire-de-rencontre-de-le-reve\/\" \/>\n<meta property=\"og:site_name\" content=\"Foot d&#039;avant\" \/>\n<meta property=\"article:publisher\" content=\"https:\/\/www.facebook.com\/Footdavant\/\" \/>\n<meta property=\"article:published_time\" content=\"2023-12-05T19:54:54+00:00\" \/>\n<meta property=\"article:modified_time\" content=\"2023-12-05T19:54:55+00:00\" \/>\n<meta property=\"og:image\" content=\"https:\/\/footdavant.fr\/actualites\/wp-content\/uploads\/2023\/12\/Qui-est-la-petite-amie-de-Devin-Haney-Histoire.jpg\" \/>\n\t<meta property=\"og:image:width\" content=\"696\" \/>\n\t<meta property=\"og:image:height\" content=\"499\" \/>\n\t<meta property=\"og:image:type\" content=\"image\/jpeg\" \/>\n<meta name=\"author\" content=\"Cl\u00e9ment\" \/>\n<meta name=\"twitter:card\" content=\"summary_large_image\" \/>\n<meta name=\"twitter:creator\" content=\"@FootdavantFr\" \/>\n<meta name=\"twitter:site\" content=\"@FootdavantFr\" \/>\n<meta name=\"twitter:label1\" content=\"\u00c9crit par\" \/>\n\t<meta name=\"twitter:data1\" content=\"Cl\u00e9ment\" \/>\n\t<meta name=\"twitter:label2\" content=\"Dur\u00e9e de lecture estim\u00e9e\" \/>\n\t<meta name=\"twitter:data2\" content=\"3 minutes\" \/>\n<script type=\"application\/ld+json\" class=\"yoast-schema-graph\">{\"@context\":\"https:\/\/schema.org\",\"@graph\":[{\"@type\":\"Article\",\"@id\":\"https:\/\/footdavant.fr\/actualites\/qui-est-la-petite-amie-de-devin-haney-histoire-de-rencontre-de-le-reve\/#article\",\"isPartOf\":{\"@id\":\"https:\/\/footdavant.fr\/actualites\/qui-est-la-petite-amie-de-devin-haney-histoire-de-rencontre-de-le-reve\/\"},\"author\":{\"name\":\"Cl\u00e9ment\",\"@id\":\"https:\/\/footdavant.fr\/actualites\/#\/schema\/person\/bc222566d95871b37e597b3ed3ba5e1d\"},\"headline\":\"Qui est la petite amie de Devin Haney ? Histoire de rencontre de \u00ab\u00a0le r\u00eave\u00a0\u00bb\",\"datePublished\":\"2023-12-05T19:54:54+00:00\",\"dateModified\":\"2023-12-05T19:54:55+00:00\",\"mainEntityOfPage\":{\"@id\":\"https:\/\/footdavant.fr\/actualites\/qui-est-la-petite-amie-de-devin-haney-histoire-de-rencontre-de-le-reve\/\"},\"wordCount\":580,\"publisher\":{\"@id\":\"https:\/\/footdavant.fr\/actualites\/#organization\"},\"keywords\":[\"amie\",\"Devin\",\"est\",\"Haney\",\"histoire\",\"petite\",\"qui\",\"rencontre\",\"r\u00eave\"],\"articleSection\":[\"Football\"],\"inLanguage\":\"fr-FR\"},{\"@type\":\"WebPage\",\"@id\":\"https:\/\/footdavant.fr\/actualites\/qui-est-la-petite-amie-de-devin-haney-histoire-de-rencontre-de-le-reve\/\",\"url\":\"https:\/\/footdavant.fr\/actualites\/qui-est-la-petite-amie-de-devin-haney-histoire-de-rencontre-de-le-reve\/\",\"name\":\"Qui est la petite amie de Devin Haney ? Histoire de rencontre de \u00ab\u00a0le r\u00eave\u00a0\u00bb\",\"isPartOf\":{\"@id\":\"https:\/\/footdavant.fr\/actualites\/#website\"},\"datePublished\":\"2023-12-05T19:54:54+00:00\",\"dateModified\":\"2023-12-05T19:54:55+00:00\",\"breadcrumb\":{\"@id\":\"https:\/\/footdavant.fr\/actualites\/qui-est-la-petite-amie-de-devin-haney-histoire-de-rencontre-de-le-reve\/#breadcrumb\"},\"inLanguage\":\"fr-FR\",\"potentialAction\":[{\"@type\":\"ReadAction\",\"target\":[\"https:\/\/footdavant.fr\/actualites\/qui-est-la-petite-amie-de-devin-haney-histoire-de-rencontre-de-le-reve\/\"]}]},{\"@type\":\"BreadcrumbList\",\"@id\":\"https:\/\/footdavant.fr\/actualites\/qui-est-la-petite-amie-de-devin-haney-histoire-de-rencontre-de-le-reve\/#breadcrumb\",\"itemListElement\":[{\"@type\":\"ListItem\",\"position\":1,\"name\":\"Accueil\",\"item\":\"https:\/\/footdavant.fr\/actualites\/\"},{\"@type\":\"ListItem\",\"position\":2,\"name\":\"Qui est la petite amie de Devin Haney ? Histoire de rencontre de \u00ab\u00a0le r\u00eave\u00a0\u00bb\"}]},{\"@type\":\"WebSite\",\"@id\":\"https:\/\/footdavant.fr\/actualites\/#website\",\"url\":\"https:\/\/footdavant.fr\/actualites\/\",\"name\":\"Foot d'avant\",\"description\":\"\",\"publisher\":{\"@id\":\"https:\/\/footdavant.fr\/actualites\/#organization\"},\"potentialAction\":[{\"@type\":\"SearchAction\",\"target\":{\"@type\":\"EntryPoint\",\"urlTemplate\":\"https:\/\/footdavant.fr\/actualites\/?s={search_term_string}\"},\"query-input\":\"required name=search_term_string\"}],\"inLanguage\":\"fr-FR\"},{\"@type\":\"Organization\",\"@id\":\"https:\/\/footdavant.fr\/actualites\/#organization\",\"name\":\"Foot d'avant\",\"url\":\"https:\/\/footdavant.fr\/actualites\/\",\"logo\":{\"@type\":\"ImageObject\",\"inLanguage\":\"fr-FR\",\"@id\":\"https:\/\/footdavant.fr\/actualites\/#\/schema\/logo\/image\/\",\"url\":\"https:\/\/footdavant.fr\/actualites\/wp-content\/uploads\/2023\/09\/Copy-of-FootDavant-Logo.png\",\"contentUrl\":\"https:\/\/footdavant.fr\/actualites\/wp-content\/uploads\/2023\/09\/Copy-of-FootDavant-Logo.png\",\"width\":936,\"height\":549,\"caption\":\"Foot d'avant\"},\"image\":{\"@id\":\"https:\/\/footdavant.fr\/actualites\/#\/schema\/logo\/image\/\"},\"sameAs\":[\"https:\/\/www.facebook.com\/Footdavant\/\",\"https:\/\/twitter.com\/FootdavantFr\",\"https:\/\/www.instagram.com\/footdavant.fr\/\"]},{\"@type\":\"Person\",\"@id\":\"https:\/\/footdavant.fr\/actualites\/#\/schema\/person\/bc222566d95871b37e597b3ed3ba5e1d\",\"name\":\"Cl\u00e9ment\",\"image\":{\"@type\":\"ImageObject\",\"inLanguage\":\"fr-FR\",\"@id\":\"https:\/\/footdavant.fr\/actualites\/#\/schema\/person\/image\/\",\"url\":\"https:\/\/secure.gravatar.com\/avatar\/7728b29aac2719421e1a9159b2254c44?s=96&d=mm&r=g\",\"contentUrl\":\"https:\/\/secure.gravatar.com\/avatar\/7728b29aac2719421e1a9159b2254c44?s=96&d=mm&r=g\",\"caption\":\"Cl\u00e9ment\"},\"sameAs\":[\"https:\/\/footdavant.fr\/\"]}]}<\/script>\n<!-- \/ Yoast SEO plugin. -->","yoast_head_json":{"title":"Qui est la petite amie de Devin Haney ? Histoire de rencontre de \u00ab\u00a0le r\u00eave\u00a0\u00bb","robots":{"index":"index","follow":"follow","max-snippet":"max-snippet:-1","max-image-preview":"max-image-preview:large","max-video-preview":"max-video-preview:-1"},"canonical":"https:\/\/footdavant.fr\/actualites\/qui-est-la-petite-amie-de-devin-haney-histoire-de-rencontre-de-le-reve\/","og_locale":"fr_FR","og_type":"article","og_title":"Qui est la petite amie de Devin Haney ? Histoire de rencontre de \u00ab\u00a0le r\u00eave\u00a0\u00bb","og_description":"Avant son combat ce week-end contre Regis Prograis pour le titre mondial WBC des super-l\u00e9gers, les fans de boxe veulent en savoir plus sur la","og_url":"https:\/\/footdavant.fr\/actualites\/qui-est-la-petite-amie-de-devin-haney-histoire-de-rencontre-de-le-reve\/","og_site_name":"Foot d&#039;avant","article_publisher":"https:\/\/www.facebook.com\/Footdavant\/","article_published_time":"2023-12-05T19:54:54+00:00","article_modified_time":"2023-12-05T19:54:55+00:00","og_image":[{"width":696,"height":499,"url":"https:\/\/footdavant.fr\/actualites\/wp-content\/uploads\/2023\/12\/Qui-est-la-petite-amie-de-Devin-Haney-Histoire.jpg","type":"image\/jpeg"}],"author":"Cl\u00e9ment","twitter_card":"summary_large_image","twitter_creator":"@FootdavantFr","twitter_site":"@FootdavantFr","twitter_misc":{"\u00c9crit par":"Cl\u00e9ment","Dur\u00e9e de lecture estim\u00e9e":"3 minutes"},"schema":{"@context":"https:\/\/schema.org","@graph":[{"@type":"Article","@id":"https:\/\/footdavant.fr\/actualites\/qui-est-la-petite-amie-de-devin-haney-histoire-de-rencontre-de-le-reve\/#article","isPartOf":{"@id":"https:\/\/footdavant.fr\/actualites\/qui-est-la-petite-amie-de-devin-haney-histoire-de-rencontre-de-le-reve\/"},"author":{"name":"Cl\u00e9ment","@id":"https:\/\/footdavant.fr\/actualites\/#\/schema\/person\/bc222566d95871b37e597b3ed3ba5e1d"},"headline":"Qui est la petite amie de Devin Haney ? Histoire de rencontre de \u00ab\u00a0le r\u00eave\u00a0\u00bb","datePublished":"2023-12-05T19:54:54+00:00","dateModified":"2023-12-05T19:54:55+00:00","mainEntityOfPage":{"@id":"https:\/\/footdavant.fr\/actualites\/qui-est-la-petite-amie-de-devin-haney-histoire-de-rencontre-de-le-reve\/"},"wordCount":580,"publisher":{"@id":"https:\/\/footdavant.fr\/actualites\/#organization"},"keywords":["amie","Devin","est","Haney","histoire","petite","qui","rencontre","r\u00eave"],"articleSection":["Football"],"inLanguage":"fr-FR"},{"@type":"WebPage","@id":"https:\/\/footdavant.fr\/actualites\/qui-est-la-petite-amie-de-devin-haney-histoire-de-rencontre-de-le-reve\/","url":"https:\/\/footdavant.fr\/actualites\/qui-est-la-petite-amie-de-devin-haney-histoire-de-rencontre-de-le-reve\/","name":"Qui est la petite amie de Devin Haney ? Histoire de rencontre de \u00ab\u00a0le r\u00eave\u00a0\u00bb","isPartOf":{"@id":"https:\/\/footdavant.fr\/actualites\/#website"},"datePublished":"2023-12-05T19:54:54+00:00","dateModified":"2023-12-05T19:54:55+00:00","breadcrumb":{"@id":"https:\/\/footdavant.fr\/actualites\/qui-est-la-petite-amie-de-devin-haney-histoire-de-rencontre-de-le-reve\/#breadcrumb"},"inLanguage":"fr-FR","potentialAction":[{"@type":"ReadAction","target":["https:\/\/footdavant.fr\/actualites\/qui-est-la-petite-amie-de-devin-haney-histoire-de-rencontre-de-le-reve\/"]}]},{"@type":"BreadcrumbList","@id":"https:\/\/footdavant.fr\/actualites\/qui-est-la-petite-amie-de-devin-haney-histoire-de-rencontre-de-le-reve\/#breadcrumb","itemListElement":[{"@type":"ListItem","position":1,"name":"Accueil","item":"https:\/\/footdavant.fr\/actualites\/"},{"@type":"ListItem","position":2,"name":"Qui est la petite amie de Devin Haney ? Histoire de rencontre de \u00ab\u00a0le r\u00eave\u00a0\u00bb"}]},{"@type":"WebSite","@id":"https:\/\/footdavant.fr\/actualites\/#website","url":"https:\/\/footdavant.fr\/actualites\/","name":"Foot d'avant","description":"","publisher":{"@id":"https:\/\/footdavant.fr\/actualites\/#organization"},"potentialAction":[{"@type":"SearchAction","target":{"@type":"EntryPoint","urlTemplate":"https:\/\/footdavant.fr\/actualites\/?s={search_term_string}"},"query-input":"required name=search_term_string"}],"inLanguage":"fr-FR"},{"@type":"Organization","@id":"https:\/\/footdavant.fr\/actualites\/#organization","name":"Foot d'avant","url":"https:\/\/footdavant.fr\/actualites\/","logo":{"@type":"ImageObject","inLanguage":"fr-FR","@id":"https:\/\/footdavant.fr\/actualites\/#\/schema\/logo\/image\/","url":"https:\/\/footdavant.fr\/actualites\/wp-content\/uploads\/2023\/09\/Copy-of-FootDavant-Logo.png","contentUrl":"https:\/\/footdavant.fr\/actualites\/wp-content\/uploads\/2023\/09\/Copy-of-FootDavant-Logo.png","width":936,"height":549,"caption":"Foot d'avant"},"image":{"@id":"https:\/\/footdavant.fr\/actualites\/#\/schema\/logo\/image\/"},"sameAs":["https:\/\/www.facebook.com\/Footdavant\/","https:\/\/twitter.com\/FootdavantFr","https:\/\/www.instagram.com\/footdavant.fr\/"]},{"@type":"Person","@id":"https:\/\/footdavant.fr\/actualites\/#\/schema\/person\/bc222566d95871b37e597b3ed3ba5e1d","name":"Cl\u00e9ment","image":{"@type":"ImageObject","inLanguage":"fr-FR","@id":"https:\/\/footdavant.fr\/actualites\/#\/schema\/person\/image\/","url":"https:\/\/secure.gravatar.com\/avatar\/7728b29aac2719421e1a9159b2254c44?s=96&d=mm&r=g","contentUrl":"https:\/\/secure.gravatar.com\/avatar\/7728b29aac2719421e1a9159b2254c44?s=96&d=mm&r=g","caption":"Cl\u00e9ment"},"sameAs":["https:\/\/footdavant.fr\/"]}]}},"_links":{"self":[{"href":"https:\/\/footdavant.fr\/actualites\/wp-json\/wp\/v2\/posts\/1993"}],"collection":[{"href":"https:\/\/footdavant.fr\/actualites\/wp-json\/wp\/v2\/posts"}],"about":[{"href":"https:\/\/footdavant.fr\/actualites\/wp-json\/wp\/v2\/types\/post"}],"author":[{"embeddable":true,"href":"https:\/\/footdavant.fr\/actualites\/wp-json\/wp\/v2\/users\/1"}],"replies":[{"embeddable":true,"href":"https:\/\/footdavant.fr\/actualites\/wp-json\/wp\/v2\/comments?post=1993"}],"version-history":[{"count":1,"href":"https:\/\/footdavant.fr\/actualites\/wp-json\/wp\/v2\/posts\/1993\/revisions"}],"predecessor-version":[{"id":1995,"href":"https:\/\/footdavant.fr\/actualites\/wp-json\/wp\/v2\/posts\/1993\/revisions\/1995"}],"wp:featuredmedia":[{"embeddable":true,"href":"https:\/\/footdavant.fr\/actualites\/wp-json\/wp\/v2\/media\/1994"}],"wp:attachment":[{"href":"https:\/\/footdavant.fr\/actualites\/wp-json\/wp\/v2\/media?parent=1993"}],"wp:term":[{"taxonomy":"category","embeddable":true,"href":"https:\/\/footdavant.fr\/actualites\/wp-json\/wp\/v2\/categories?post=1993"},{"taxonomy":"post_tag","embeddable":true,"href":"https:\/\/footdavant.fr\/actualites\/wp-json\/wp\/v2\/tags?post=1993"}],"curies":[{"name":"wp","href":"https:\/\/api.w.org\/{rel}","templated":true}]}}