{"id":1996,"date":"2023-12-05T22:50:39","date_gmt":"2023-12-05T21:50:39","guid":{"rendered":"https:\/\/footdavant.fr\/actualites\/arsenal-est-pret-a-accepter-les-offres-deddie-nketiah-en-janvier\/"},"modified":"2023-12-05T22:50:40","modified_gmt":"2023-12-05T21:50:40","slug":"arsenal-est-pret-a-accepter-les-offres-deddie-nketiah-en-janvier","status":"publish","type":"post","link":"https:\/\/footdavant.fr\/actualites\/arsenal-est-pret-a-accepter-les-offres-deddie-nketiah-en-janvier\/","title":{"rendered":"Arsenal est pr\u00eat \u00e0 accepter les offres d&rsquo;Eddie Nketiah en janvier"},"content":{"rendered":"<p>Arsenal serait dispos\u00e9 \u00e0 \u00e9couter les offres de l&rsquo;attaquant Eddie Nketiah lors du mercato de janvier.<\/p>\n<div id=\"article_body\" itemprop=\"articleBody\">\n<h3 class=\"firstPara\">\n<strong class=\"autotag\">Arsenal<\/strong> seraient pr\u00eats \u00e0 \u00e9couter les offres pour l&rsquo;attaquant <strong class=\"autotag\">Eddie Nketiah<\/strong> lors du mercato de janvier.<\/h3>\n<p>Nketiah a pass\u00e9 les neuf derni\u00e8res ann\u00e9es avec les Gunners depuis qu&rsquo;il a quitt\u00e9 l&rsquo;acad\u00e9mie de Chelsea en 2015 et il a disput\u00e9 un total de 151 apparitions seniors toutes comp\u00e9titions confondues, marquant 37 buts et enregistrant huit passes d\u00e9cisives.<\/p>\n<p>Le joueur de 24 ans a largement jou\u00e9 le r\u00f4le de second violon <strong class=\"autotag\">Gabriel J\u00e9sus<\/strong> depuis l&rsquo;arriv\u00e9e de l&rsquo;entra\u00eeneur principal <strong class=\"autotag\">Mikel Arteta<\/strong>mais il a jou\u00e9 r\u00e9guli\u00e8rement lorsque le Br\u00e9silien a \u00e9t\u00e9 \u00e9cart\u00e9 en raison d&rsquo;une blessure.<\/p>\n<p>Nketiah a contribu\u00e9 avec cinq buts en neuf d\u00e9parts et 11 apparitions en tant que rempla\u00e7ant pour les Gunners dans toutes les comp\u00e9titions cette saison, y compris son premier tripl\u00e9 en Premier League lors d&rsquo;une victoire 5-0 contre Sheffield United en octobre.<\/p>\n<p>La forme de l&rsquo;attaquant en d\u00e9but de saison a \u00e9t\u00e9 r\u00e9compens\u00e9e par une convocation \u00e0 <strong class=\"autotag\">Gareth Southgate<\/strong>de l&rsquo;\u00e9quipe d&rsquo;Angleterre en septembre, mais il n&rsquo;a d\u00e9but\u00e9 aucun des cinq derniers matches d&rsquo;Arsenal, tous tournois confondus, depuis le retour de blessure de Jesus.<\/p>\n<p class=\"imgI\">\n<p>Arteta a \u00e9galement choisi d&rsquo;utiliser les deux <strong class=\"autotag\">L\u00e9andro Trossard<\/strong> et <strong class=\"autotag\">Kai Havertz<\/strong> parfois dans des r\u00f4les d&rsquo;avant-centre cette saison, entravant encore davantage les espoirs de Nketiah de gagner un football r\u00e9gulier en \u00e9quipe premi\u00e8re.<\/p>\n<p>Nketiah est sous contrat \u00e0 l&rsquo;Emirates Stadium jusqu&rsquo;en juin 2027, mais des sp\u00e9culations sur son avenir \u00e0 long terme dans le nord de Londres ont fait surface avant le mercato de janvier.<\/p>\n<p>On pense qu\u2019Arsenal envisage l\u2019ajout d\u2019un nouvel avant-centre en 2024 pour offrir une plus grande comp\u00e9tition \u00e0 J\u00e9sus dans le dernier tiers.<\/p>\n<p>Selon <em>Transferts de football<\/em>Arsenal est \u00ab \u00e0 la limite \u00bb de la violation des r\u00e8gles du fair-play financier et doit donc vendre des joueurs avant de pouvoir renforcer son \u00e9quipe.<\/p>\n<p>Nketiah serait l&rsquo;un des joueurs pour lesquels les Gunners seraient pr\u00eats \u00e0 accepter des offres en janvier et ils seraient pr\u00eats \u00e0 sacrifier l&rsquo;Anglais afin de stimuler leur recherche d&rsquo;un nouvel attaquant.<\/p>\n<p class=\"imgI\"><img decoding=\"async\" loading=\"lazy\" class=\"l\" src=\"https:\/\/footdavant.fr\/actualites\/wp-content\/uploads\/2023\/12\/Arsenal-est-pret-a-accepter-les-offres-dEddie-Nketiah-en.jpg\" title=\"Eddie Nketiah d'Arsenal c\u00e9l\u00e8bre son but contre Manchester United le 22 janvier 2023\" alt=\"Eddie Nketiah d'Arsenal c\u00e9l\u00e8bre son but contre Manchester United le 22 janvier 2023\" width=\"640\" height=\"480\"><\/p>\n<p>La vente potentielle de Nketiah verrait probablement Arsenal accro\u00eetre son int\u00e9r\u00eat pour un certain nombre de cibles, notamment <strong class=\"autotag\">Brentford<\/strong> le buteur <strong class=\"autotag\">Ivan Toney<\/strong>qui a \u00e9t\u00e9 fortement li\u00e9 \u00e0 une sortie des Bees en janvier.<\/p>\n<p>On pense qu\u2019Arsenal pourrait m\u00eame proposer \u00e0 Nketiah dans le cadre d\u2019un accord d\u2019\u00e9change partiel de signer Toney, qui serait \u00e9valu\u00e9 par Brentford \u00e0 environ 100 millions de livres sterling.<\/p>\n<p><strong class=\"autotag\">RB Leipzig<\/strong>c&rsquo;est <strong class=\"autotag\">Benjamin Sesko<\/strong> et <strong class=\"autotag\">Juve<\/strong> adolescent <strong class=\"autotag\">Kenan Yildiz<\/strong> ont \u00e9galement \u00e9t\u00e9 li\u00e9s \u00e0 un \u00e9ventuel transfert chez les Gunners, mais <strong class=\"autotag\">Dusan Vlahovic<\/strong> a exclu un transfert de mi-saison aux Emirats car il souhaite rester \u00e0 Turin.<\/p>\n<p>Nketiah n&rsquo;est pas le seul joueur d&rsquo;Arsenal \u00e0 se diriger vers la porte de sortie, car <em>Transferts de football<\/em> affirme \u00e9galement que le jeune gardien <strong class=\"autotag\">Karl Hein<\/strong> pourraient partir en pr\u00eat au cours de la nouvelle ann\u00e9e, tandis que les Gunners chercheraient \u00e0 faire appel \u00e0 un gardien exp\u00e9riment\u00e9 si <strong class=\"autotag\">Aaron Ramsdale<\/strong> devait quitter le club au milieu des rumeurs d&rsquo;un \u00e9ventuel passage \u00e0 Newcastle United.<\/p>\n<p>Cependant, Arteta a r\u00e9cemment insist\u00e9 sur le fait qu&rsquo;il souhaitait garder Ramsdale, qui agit actuellement comme doublure du nouveau num\u00e9ro un. <strong class=\"autotag\">David Raya<\/strong>.<\/p>\n<\/div>\n","protected":false},"excerpt":{"rendered":"<p>Arsenal serait dispos\u00e9 \u00e0 \u00e9couter les offres de l&rsquo;attaquant Eddie Nketiah lors du mercato de janvier. Arsenal seraient pr\u00eats \u00e0 \u00e9couter les offres pour l&rsquo;attaquant<\/p>\n","protected":false},"author":1,"featured_media":1997,"comment_status":"closed","ping_status":"","sticky":false,"template":"","format":"standard","meta":{"footnotes":""},"categories":[5],"tags":[1938,67,1939,217,166,93,530,99,165],"yoast_head":"<!-- This site is optimized with the Yoast SEO plugin v21.0 - https:\/\/yoast.com\/wordpress\/plugins\/seo\/ -->\n<title>Arsenal est pr\u00eat \u00e0 accepter les offres d&#039;Eddie Nketiah en janvier<\/title>\n<meta name=\"robots\" content=\"index, follow, max-snippet:-1, max-image-preview:large, max-video-preview:-1\" \/>\n<link rel=\"canonical\" href=\"https:\/\/footdavant.fr\/actualites\/arsenal-est-pret-a-accepter-les-offres-deddie-nketiah-en-janvier\/\" \/>\n<meta property=\"og:locale\" content=\"fr_FR\" \/>\n<meta property=\"og:type\" content=\"article\" \/>\n<meta property=\"og:title\" content=\"Arsenal est pr\u00eat \u00e0 accepter les offres d&#039;Eddie Nketiah en janvier\" \/>\n<meta property=\"og:description\" content=\"Arsenal serait dispos\u00e9 \u00e0 \u00e9couter les offres de l&rsquo;attaquant Eddie Nketiah lors du mercato de janvier. Arsenal seraient pr\u00eats \u00e0 \u00e9couter les offres pour l&rsquo;attaquant\" \/>\n<meta property=\"og:url\" content=\"https:\/\/footdavant.fr\/actualites\/arsenal-est-pret-a-accepter-les-offres-deddie-nketiah-en-janvier\/\" \/>\n<meta property=\"og:site_name\" content=\"Foot d&#039;avant\" \/>\n<meta property=\"article:publisher\" content=\"https:\/\/www.facebook.com\/Footdavant\/\" \/>\n<meta property=\"article:published_time\" content=\"2023-12-05T21:50:39+00:00\" \/>\n<meta property=\"article:modified_time\" content=\"2023-12-05T21:50:40+00:00\" \/>\n<meta property=\"og:image\" content=\"https:\/\/footdavant.fr\/actualites\/wp-content\/uploads\/2023\/12\/Arsenal-est-pret-a-accepter-les-offres-dEddie-Nketiah-en.JPG\" \/>\n\t<meta property=\"og:image:width\" content=\"640\" \/>\n\t<meta property=\"og:image:height\" content=\"480\" \/>\n\t<meta property=\"og:image:type\" content=\"image\/jpeg\" \/>\n<meta name=\"author\" content=\"Cl\u00e9ment\" \/>\n<meta name=\"twitter:card\" content=\"summary_large_image\" \/>\n<meta name=\"twitter:creator\" content=\"@FootdavantFr\" \/>\n<meta name=\"twitter:site\" content=\"@FootdavantFr\" \/>\n<meta name=\"twitter:label1\" content=\"\u00c9crit par\" \/>\n\t<meta name=\"twitter:data1\" content=\"Cl\u00e9ment\" \/>\n\t<meta name=\"twitter:label2\" content=\"Dur\u00e9e de lecture estim\u00e9e\" \/>\n\t<meta name=\"twitter:data2\" content=\"3 minutes\" \/>\n<script type=\"application\/ld+json\" class=\"yoast-schema-graph\">{\"@context\":\"https:\/\/schema.org\",\"@graph\":[{\"@type\":\"Article\",\"@id\":\"https:\/\/footdavant.fr\/actualites\/arsenal-est-pret-a-accepter-les-offres-deddie-nketiah-en-janvier\/#article\",\"isPartOf\":{\"@id\":\"https:\/\/footdavant.fr\/actualites\/arsenal-est-pret-a-accepter-les-offres-deddie-nketiah-en-janvier\/\"},\"author\":{\"name\":\"Cl\u00e9ment\",\"@id\":\"https:\/\/footdavant.fr\/actualites\/#\/schema\/person\/bc222566d95871b37e597b3ed3ba5e1d\"},\"headline\":\"Arsenal est pr\u00eat \u00e0 accepter les offres d&rsquo;Eddie Nketiah en janvier\",\"datePublished\":\"2023-12-05T21:50:39+00:00\",\"dateModified\":\"2023-12-05T21:50:40+00:00\",\"mainEntityOfPage\":{\"@id\":\"https:\/\/footdavant.fr\/actualites\/arsenal-est-pret-a-accepter-les-offres-deddie-nketiah-en-janvier\/\"},\"wordCount\":561,\"publisher\":{\"@id\":\"https:\/\/footdavant.fr\/actualites\/#organization\"},\"keywords\":[\"accepter\",\"Arsenal\",\"dEddie\",\"est\",\"janvier\",\"les\",\"Nketiah\",\"offres\",\"pr\u00eat\"],\"articleSection\":[\"Premier League\"],\"inLanguage\":\"fr-FR\"},{\"@type\":\"WebPage\",\"@id\":\"https:\/\/footdavant.fr\/actualites\/arsenal-est-pret-a-accepter-les-offres-deddie-nketiah-en-janvier\/\",\"url\":\"https:\/\/footdavant.fr\/actualites\/arsenal-est-pret-a-accepter-les-offres-deddie-nketiah-en-janvier\/\",\"name\":\"Arsenal est pr\u00eat \u00e0 accepter les offres d'Eddie Nketiah en janvier\",\"isPartOf\":{\"@id\":\"https:\/\/footdavant.fr\/actualites\/#website\"},\"datePublished\":\"2023-12-05T21:50:39+00:00\",\"dateModified\":\"2023-12-05T21:50:40+00:00\",\"breadcrumb\":{\"@id\":\"https:\/\/footdavant.fr\/actualites\/arsenal-est-pret-a-accepter-les-offres-deddie-nketiah-en-janvier\/#breadcrumb\"},\"inLanguage\":\"fr-FR\",\"potentialAction\":[{\"@type\":\"ReadAction\",\"target\":[\"https:\/\/footdavant.fr\/actualites\/arsenal-est-pret-a-accepter-les-offres-deddie-nketiah-en-janvier\/\"]}]},{\"@type\":\"BreadcrumbList\",\"@id\":\"https:\/\/footdavant.fr\/actualites\/arsenal-est-pret-a-accepter-les-offres-deddie-nketiah-en-janvier\/#breadcrumb\",\"itemListElement\":[{\"@type\":\"ListItem\",\"position\":1,\"name\":\"Accueil\",\"item\":\"https:\/\/footdavant.fr\/actualites\/\"},{\"@type\":\"ListItem\",\"position\":2,\"name\":\"Arsenal est pr\u00eat \u00e0 accepter les offres d&rsquo;Eddie Nketiah en janvier\"}]},{\"@type\":\"WebSite\",\"@id\":\"https:\/\/footdavant.fr\/actualites\/#website\",\"url\":\"https:\/\/footdavant.fr\/actualites\/\",\"name\":\"Foot d'avant\",\"description\":\"\",\"publisher\":{\"@id\":\"https:\/\/footdavant.fr\/actualites\/#organization\"},\"potentialAction\":[{\"@type\":\"SearchAction\",\"target\":{\"@type\":\"EntryPoint\",\"urlTemplate\":\"https:\/\/footdavant.fr\/actualites\/?s={search_term_string}\"},\"query-input\":\"required name=search_term_string\"}],\"inLanguage\":\"fr-FR\"},{\"@type\":\"Organization\",\"@id\":\"https:\/\/footdavant.fr\/actualites\/#organization\",\"name\":\"Foot d'avant\",\"url\":\"https:\/\/footdavant.fr\/actualites\/\",\"logo\":{\"@type\":\"ImageObject\",\"inLanguage\":\"fr-FR\",\"@id\":\"https:\/\/footdavant.fr\/actualites\/#\/schema\/logo\/image\/\",\"url\":\"https:\/\/footdavant.fr\/actualites\/wp-content\/uploads\/2023\/09\/Copy-of-FootDavant-Logo.png\",\"contentUrl\":\"https:\/\/footdavant.fr\/actualites\/wp-content\/uploads\/2023\/09\/Copy-of-FootDavant-Logo.png\",\"width\":936,\"height\":549,\"caption\":\"Foot d'avant\"},\"image\":{\"@id\":\"https:\/\/footdavant.fr\/actualites\/#\/schema\/logo\/image\/\"},\"sameAs\":[\"https:\/\/www.facebook.com\/Footdavant\/\",\"https:\/\/twitter.com\/FootdavantFr\",\"https:\/\/www.instagram.com\/footdavant.fr\/\"]},{\"@type\":\"Person\",\"@id\":\"https:\/\/footdavant.fr\/actualites\/#\/schema\/person\/bc222566d95871b37e597b3ed3ba5e1d\",\"name\":\"Cl\u00e9ment\",\"image\":{\"@type\":\"ImageObject\",\"inLanguage\":\"fr-FR\",\"@id\":\"https:\/\/footdavant.fr\/actualites\/#\/schema\/person\/image\/\",\"url\":\"https:\/\/secure.gravatar.com\/avatar\/7728b29aac2719421e1a9159b2254c44?s=96&d=mm&r=g\",\"contentUrl\":\"https:\/\/secure.gravatar.com\/avatar\/7728b29aac2719421e1a9159b2254c44?s=96&d=mm&r=g\",\"caption\":\"Cl\u00e9ment\"},\"sameAs\":[\"https:\/\/footdavant.fr\/\"]}]}<\/script>\n<!-- \/ Yoast SEO plugin. -->","yoast_head_json":{"title":"Arsenal est pr\u00eat \u00e0 accepter les offres d'Eddie Nketiah en janvier","robots":{"index":"index","follow":"follow","max-snippet":"max-snippet:-1","max-image-preview":"max-image-preview:large","max-video-preview":"max-video-preview:-1"},"canonical":"https:\/\/footdavant.fr\/actualites\/arsenal-est-pret-a-accepter-les-offres-deddie-nketiah-en-janvier\/","og_locale":"fr_FR","og_type":"article","og_title":"Arsenal est pr\u00eat \u00e0 accepter les offres d'Eddie Nketiah en janvier","og_description":"Arsenal serait dispos\u00e9 \u00e0 \u00e9couter les offres de l&rsquo;attaquant Eddie Nketiah lors du mercato de janvier. Arsenal seraient pr\u00eats \u00e0 \u00e9couter les offres pour l&rsquo;attaquant","og_url":"https:\/\/footdavant.fr\/actualites\/arsenal-est-pret-a-accepter-les-offres-deddie-nketiah-en-janvier\/","og_site_name":"Foot d&#039;avant","article_publisher":"https:\/\/www.facebook.com\/Footdavant\/","article_published_time":"2023-12-05T21:50:39+00:00","article_modified_time":"2023-12-05T21:50:40+00:00","og_image":[{"width":640,"height":480,"url":"https:\/\/footdavant.fr\/actualites\/wp-content\/uploads\/2023\/12\/Arsenal-est-pret-a-accepter-les-offres-dEddie-Nketiah-en.JPG","type":"image\/jpeg"}],"author":"Cl\u00e9ment","twitter_card":"summary_large_image","twitter_creator":"@FootdavantFr","twitter_site":"@FootdavantFr","twitter_misc":{"\u00c9crit par":"Cl\u00e9ment","Dur\u00e9e de lecture estim\u00e9e":"3 minutes"},"schema":{"@context":"https:\/\/schema.org","@graph":[{"@type":"Article","@id":"https:\/\/footdavant.fr\/actualites\/arsenal-est-pret-a-accepter-les-offres-deddie-nketiah-en-janvier\/#article","isPartOf":{"@id":"https:\/\/footdavant.fr\/actualites\/arsenal-est-pret-a-accepter-les-offres-deddie-nketiah-en-janvier\/"},"author":{"name":"Cl\u00e9ment","@id":"https:\/\/footdavant.fr\/actualites\/#\/schema\/person\/bc222566d95871b37e597b3ed3ba5e1d"},"headline":"Arsenal est pr\u00eat \u00e0 accepter les offres d&rsquo;Eddie Nketiah en janvier","datePublished":"2023-12-05T21:50:39+00:00","dateModified":"2023-12-05T21:50:40+00:00","mainEntityOfPage":{"@id":"https:\/\/footdavant.fr\/actualites\/arsenal-est-pret-a-accepter-les-offres-deddie-nketiah-en-janvier\/"},"wordCount":561,"publisher":{"@id":"https:\/\/footdavant.fr\/actualites\/#organization"},"keywords":["accepter","Arsenal","dEddie","est","janvier","les","Nketiah","offres","pr\u00eat"],"articleSection":["Premier League"],"inLanguage":"fr-FR"},{"@type":"WebPage","@id":"https:\/\/footdavant.fr\/actualites\/arsenal-est-pret-a-accepter-les-offres-deddie-nketiah-en-janvier\/","url":"https:\/\/footdavant.fr\/actualites\/arsenal-est-pret-a-accepter-les-offres-deddie-nketiah-en-janvier\/","name":"Arsenal est pr\u00eat \u00e0 accepter les offres d'Eddie Nketiah en janvier","isPartOf":{"@id":"https:\/\/footdavant.fr\/actualites\/#website"},"datePublished":"2023-12-05T21:50:39+00:00","dateModified":"2023-12-05T21:50:40+00:00","breadcrumb":{"@id":"https:\/\/footdavant.fr\/actualites\/arsenal-est-pret-a-accepter-les-offres-deddie-nketiah-en-janvier\/#breadcrumb"},"inLanguage":"fr-FR","potentialAction":[{"@type":"ReadAction","target":["https:\/\/footdavant.fr\/actualites\/arsenal-est-pret-a-accepter-les-offres-deddie-nketiah-en-janvier\/"]}]},{"@type":"BreadcrumbList","@id":"https:\/\/footdavant.fr\/actualites\/arsenal-est-pret-a-accepter-les-offres-deddie-nketiah-en-janvier\/#breadcrumb","itemListElement":[{"@type":"ListItem","position":1,"name":"Accueil","item":"https:\/\/footdavant.fr\/actualites\/"},{"@type":"ListItem","position":2,"name":"Arsenal est pr\u00eat \u00e0 accepter les offres d&rsquo;Eddie Nketiah en janvier"}]},{"@type":"WebSite","@id":"https:\/\/footdavant.fr\/actualites\/#website","url":"https:\/\/footdavant.fr\/actualites\/","name":"Foot d'avant","description":"","publisher":{"@id":"https:\/\/footdavant.fr\/actualites\/#organization"},"potentialAction":[{"@type":"SearchAction","target":{"@type":"EntryPoint","urlTemplate":"https:\/\/footdavant.fr\/actualites\/?s={search_term_string}"},"query-input":"required name=search_term_string"}],"inLanguage":"fr-FR"},{"@type":"Organization","@id":"https:\/\/footdavant.fr\/actualites\/#organization","name":"Foot d'avant","url":"https:\/\/footdavant.fr\/actualites\/","logo":{"@type":"ImageObject","inLanguage":"fr-FR","@id":"https:\/\/footdavant.fr\/actualites\/#\/schema\/logo\/image\/","url":"https:\/\/footdavant.fr\/actualites\/wp-content\/uploads\/2023\/09\/Copy-of-FootDavant-Logo.png","contentUrl":"https:\/\/footdavant.fr\/actualites\/wp-content\/uploads\/2023\/09\/Copy-of-FootDavant-Logo.png","width":936,"height":549,"caption":"Foot d'avant"},"image":{"@id":"https:\/\/footdavant.fr\/actualites\/#\/schema\/logo\/image\/"},"sameAs":["https:\/\/www.facebook.com\/Footdavant\/","https:\/\/twitter.com\/FootdavantFr","https:\/\/www.instagram.com\/footdavant.fr\/"]},{"@type":"Person","@id":"https:\/\/footdavant.fr\/actualites\/#\/schema\/person\/bc222566d95871b37e597b3ed3ba5e1d","name":"Cl\u00e9ment","image":{"@type":"ImageObject","inLanguage":"fr-FR","@id":"https:\/\/footdavant.fr\/actualites\/#\/schema\/person\/image\/","url":"https:\/\/secure.gravatar.com\/avatar\/7728b29aac2719421e1a9159b2254c44?s=96&d=mm&r=g","contentUrl":"https:\/\/secure.gravatar.com\/avatar\/7728b29aac2719421e1a9159b2254c44?s=96&d=mm&r=g","caption":"Cl\u00e9ment"},"sameAs":["https:\/\/footdavant.fr\/"]}]}},"_links":{"self":[{"href":"https:\/\/footdavant.fr\/actualites\/wp-json\/wp\/v2\/posts\/1996"}],"collection":[{"href":"https:\/\/footdavant.fr\/actualites\/wp-json\/wp\/v2\/posts"}],"about":[{"href":"https:\/\/footdavant.fr\/actualites\/wp-json\/wp\/v2\/types\/post"}],"author":[{"embeddable":true,"href":"https:\/\/footdavant.fr\/actualites\/wp-json\/wp\/v2\/users\/1"}],"replies":[{"embeddable":true,"href":"https:\/\/footdavant.fr\/actualites\/wp-json\/wp\/v2\/comments?post=1996"}],"version-history":[{"count":1,"href":"https:\/\/footdavant.fr\/actualites\/wp-json\/wp\/v2\/posts\/1996\/revisions"}],"predecessor-version":[{"id":1998,"href":"https:\/\/footdavant.fr\/actualites\/wp-json\/wp\/v2\/posts\/1996\/revisions\/1998"}],"wp:featuredmedia":[{"embeddable":true,"href":"https:\/\/footdavant.fr\/actualites\/wp-json\/wp\/v2\/media\/1997"}],"wp:attachment":[{"href":"https:\/\/footdavant.fr\/actualites\/wp-json\/wp\/v2\/media?parent=1996"}],"wp:term":[{"taxonomy":"category","embeddable":true,"href":"https:\/\/footdavant.fr\/actualites\/wp-json\/wp\/v2\/categories?post=1996"},{"taxonomy":"post_tag","embeddable":true,"href":"https:\/\/footdavant.fr\/actualites\/wp-json\/wp\/v2\/tags?post=1996"}],"curies":[{"name":"wp","href":"https:\/\/api.w.org\/{rel}","templated":true}]}}