{"id":1999,"date":"2023-12-06T01:56:39","date_gmt":"2023-12-06T00:56:39","guid":{"rendered":"https:\/\/footdavant.fr\/actualites\/pochettino-nkunku-et-lavia-ne-sont-pas-disponibles-pour-le-match-contre-man-united\/"},"modified":"2023-12-06T01:56:40","modified_gmt":"2023-12-06T00:56:40","slug":"pochettino-nkunku-et-lavia-ne-sont-pas-disponibles-pour-le-match-contre-man-united","status":"publish","type":"post","link":"https:\/\/footdavant.fr\/actualites\/pochettino-nkunku-et-lavia-ne-sont-pas-disponibles-pour-le-match-contre-man-united\/","title":{"rendered":"Pochettino : \u00ab\u00a0Nkunku et Lavia ne sont pas disponibles pour le match contre Man United\u00a0\u00bb"},"content":{"rendered":"<p>L&rsquo;entra\u00eeneur-chef Mauricio Pochettino a d\u00e9clar\u00e9 que Christopher Nkunku et Romeo Lavia resteraient absents pour le match de Premier League de Chelsea contre Manchester United mercredi.<\/p>\n<div id=\"article_body\" itemprop=\"articleBody\">\n<h3 class=\"firstPara\">\n<strong class=\"autotag\">Chelsea<\/strong> chef <strong class=\"autotag\">Mauricio Pochettino<\/strong> a r\u00e9v\u00e9l\u00e9 que <strong class=\"autotag\">Christophe Nkunku<\/strong> et <strong class=\"autotag\">Rom\u00e9o Lavia<\/strong> restent hors de comp\u00e9tition pour le match de Premier League de mercredi contre Manchester United.<\/h3>\n<p>Depuis plusieurs semaines, il a \u00e9t\u00e9 sp\u00e9cul\u00e9 que les deux hommes \u2013 en particulier Nkunku \u2013 seraient pr\u00eats \u00e0 revenir au jeu apr\u00e8s des licenciements prolong\u00e9s pour cause de blessure.<\/p>\n<p>Nkunku est indisponible depuis d\u00e9but ao\u00fbt en raison d&rsquo;une blessure au genou, tandis que Lavia a subi une blessure aux ligaments de la cheville lors de la tr\u00eave internationale de septembre.<\/p>\n<p>En cons\u00e9quence, les deux joueurs attendent toujours de faire leurs d\u00e9buts en comp\u00e9tition avec les Bleus, l\u2019espoir \u00e9tant que cela se produise dans un avenir proche.<\/p>\n<p>\u00c0 un moment donn\u00e9, il a \u00e9t\u00e9 affirm\u00e9 que Nkunku pourrait participer au match contre Newcastle United le 25 novembre ou, \u00e0 d\u00e9faut, \u00e0 la confrontation avec Brighton &#038; Hove Albion le week-end dernier.<\/p>\n<p class=\"imgI\">\n<p>Cependant, l&rsquo;ancienne star du RB Leipzig est rest\u00e9e absente pour les deux rencontres, et Pochettino a d\u00e9clar\u00e9 aux journalistes lors d&rsquo;une conf\u00e9rence de presse mardi qu&rsquo;il n&rsquo;y avait eu aucun changement quant \u00e0 sa disponibilit\u00e9.<\/p>\n<p>L&rsquo;Argentin a d\u00e9clar\u00e9 : \u00ab\u00a0Nous voulons avoir le joueur le plus t\u00f4t possible, mais je pense que nous devons \u00eatre prudents. Bien s\u00fbr, quand il sera pr\u00eat, il fera partie de l&rsquo;\u00e9quipe.<\/p>\n<p>A propos de Lavia, Pochettino a ajout\u00e9 : \u00ab\u00a0Rom\u00e9o va bien aussi. Mais, comme avec Christophe, il ne sera pas impliqu\u00e9 pour demain.\u00a0\u00bb<\/p>\n<p>Pochettino a \u00e9galement \u00e9t\u00e9 interrog\u00e9 sur les conditions de <strong class=\"autotag\">Lesley Ugochukwu<\/strong> &#8211; qui \u00e9tait un absent surprise dimanche &#8211; et <strong class=\"autotag\">Noni Madueke<\/strong> apr\u00e8s qu&rsquo;ils aient \u00e9t\u00e9 mentionn\u00e9s dans la mise \u00e0 jour officielle sur les blessures du club.<\/p>\n<p class=\"imgI\"><img decoding=\"async\" loading=\"lazy\" class=\"l\" src=\"https:\/\/footdavant.fr\/actualites\/wp-content\/uploads\/2023\/12\/Pochettino-Nkunku-et-Lavia-ne-sont-pas-disponibles-pour.JPG\" title=\"Lesley Ugochukwu de Chelsea en action avec Ryan Christie et Philip Billing de Bournemouth le 17 septembre 2023\" alt=\"Lesley Ugochukwu de Chelsea en action avec Ryan Christie et Philip Billing de Bournemouth le 17 septembre 2023\" width=\"640\" height=\"480\"><\/p>\n<p>Il a d\u00e9clar\u00e9 : \u00ab\u00a0Lesley a ressenti quelque chose la semaine derni\u00e8re, c&rsquo;est une blessure mineure comme Noni. C&rsquo;\u00e9tait dimanche apr\u00e8s le match contre Brighton. C&rsquo;est un probl\u00e8me mineur, mais nous esp\u00e9rons que bient\u00f4t ils seront \u00e0 nouveau disponibles pour s&rsquo;entra\u00eener et pour l&rsquo;\u00e9quipe. \u00ab\u00a0.<\/p>\n<p>Bien que Madueke ait rejoint une longue liste de bless\u00e9s \u00e0 Chelsea, Pochettino est en mesure d&rsquo;accueillir \u00e0 nouveau chacun des joueurs. <strong class=\"autotag\">James Reece<\/strong> et <strong class=\"autotag\">Marc Cucurella<\/strong> apr\u00e8s une suspension d&rsquo;un match.<\/p>\n<p>D\u2019un autre c\u00f4t\u00e9, cependant, <strong class=\"autotag\">Conor Gallagher<\/strong> doit purger sa propre suspension d&rsquo;un match apr\u00e8s avoir \u00e9t\u00e9 expuls\u00e9 pour deux cartons jaunes contre Brighton.<\/p>\n<p>Chelsea se dirige vers la rencontre de mercredi \u00e0 Old Trafford avec cinq points de retard sur United, septi\u00e8me, au classement.<\/p>\n<\/div>\n","protected":false},"excerpt":{"rendered":"<p>L&rsquo;entra\u00eeneur-chef Mauricio Pochettino a d\u00e9clar\u00e9 que Christopher Nkunku et Romeo Lavia resteraient absents pour le match de Premier League de Chelsea contre Manchester United mercredi.<\/p>\n","protected":false},"author":1,"featured_media":2000,"comment_status":"closed","ping_status":"","sticky":false,"template":"","format":"standard","meta":{"footnotes":""},"categories":[5],"tags":[20,1940,1814,24,257,1813,71,47,51,45,13],"yoast_head":"<!-- This site is optimized with the Yoast SEO plugin v21.0 - https:\/\/yoast.com\/wordpress\/plugins\/seo\/ -->\n<title>Pochettino : &quot;Nkunku et Lavia ne sont pas disponibles pour le match contre Man United&quot;<\/title>\n<meta name=\"robots\" content=\"index, follow, max-snippet:-1, max-image-preview:large, max-video-preview:-1\" \/>\n<link rel=\"canonical\" href=\"https:\/\/footdavant.fr\/actualites\/pochettino-nkunku-et-lavia-ne-sont-pas-disponibles-pour-le-match-contre-man-united\/\" \/>\n<meta property=\"og:locale\" content=\"fr_FR\" \/>\n<meta property=\"og:type\" content=\"article\" \/>\n<meta property=\"og:title\" content=\"Pochettino : &quot;Nkunku et Lavia ne sont pas disponibles pour le match contre Man United&quot;\" \/>\n<meta property=\"og:description\" content=\"L&rsquo;entra\u00eeneur-chef Mauricio Pochettino a d\u00e9clar\u00e9 que Christopher Nkunku et Romeo Lavia resteraient absents pour le match de Premier League de Chelsea contre Manchester United mercredi.\" \/>\n<meta property=\"og:url\" content=\"https:\/\/footdavant.fr\/actualites\/pochettino-nkunku-et-lavia-ne-sont-pas-disponibles-pour-le-match-contre-man-united\/\" \/>\n<meta property=\"og:site_name\" content=\"Foot d&#039;avant\" \/>\n<meta property=\"article:publisher\" content=\"https:\/\/www.facebook.com\/Footdavant\/\" \/>\n<meta property=\"article:published_time\" content=\"2023-12-06T00:56:39+00:00\" \/>\n<meta property=\"article:modified_time\" content=\"2023-12-06T00:56:40+00:00\" \/>\n<meta property=\"og:image\" content=\"https:\/\/footdavant.fr\/actualites\/wp-content\/uploads\/2023\/12\/Pochettino-Nkunku-et-Lavia-ne-sont-pas-disponibles-pour.jpg\" \/>\n\t<meta property=\"og:image:width\" content=\"640\" \/>\n\t<meta property=\"og:image:height\" content=\"480\" \/>\n\t<meta property=\"og:image:type\" content=\"image\/jpeg\" \/>\n<meta name=\"author\" content=\"Cl\u00e9ment\" \/>\n<meta name=\"twitter:card\" content=\"summary_large_image\" \/>\n<meta name=\"twitter:creator\" content=\"@FootdavantFr\" \/>\n<meta name=\"twitter:site\" content=\"@FootdavantFr\" \/>\n<meta name=\"twitter:label1\" content=\"\u00c9crit par\" \/>\n\t<meta name=\"twitter:data1\" content=\"Cl\u00e9ment\" \/>\n\t<meta name=\"twitter:label2\" content=\"Dur\u00e9e de lecture estim\u00e9e\" \/>\n\t<meta name=\"twitter:data2\" content=\"2 minutes\" \/>\n<script type=\"application\/ld+json\" class=\"yoast-schema-graph\">{\"@context\":\"https:\/\/schema.org\",\"@graph\":[{\"@type\":\"Article\",\"@id\":\"https:\/\/footdavant.fr\/actualites\/pochettino-nkunku-et-lavia-ne-sont-pas-disponibles-pour-le-match-contre-man-united\/#article\",\"isPartOf\":{\"@id\":\"https:\/\/footdavant.fr\/actualites\/pochettino-nkunku-et-lavia-ne-sont-pas-disponibles-pour-le-match-contre-man-united\/\"},\"author\":{\"name\":\"Cl\u00e9ment\",\"@id\":\"https:\/\/footdavant.fr\/actualites\/#\/schema\/person\/bc222566d95871b37e597b3ed3ba5e1d\"},\"headline\":\"Pochettino : \u00ab\u00a0Nkunku et Lavia ne sont pas disponibles pour le match contre Man United\u00a0\u00bb\",\"datePublished\":\"2023-12-06T00:56:39+00:00\",\"dateModified\":\"2023-12-06T00:56:40+00:00\",\"mainEntityOfPage\":{\"@id\":\"https:\/\/footdavant.fr\/actualites\/pochettino-nkunku-et-lavia-ne-sont-pas-disponibles-pour-le-match-contre-man-united\/\"},\"wordCount\":462,\"publisher\":{\"@id\":\"https:\/\/footdavant.fr\/actualites\/#organization\"},\"keywords\":[\"contre\",\"disponibles\",\"Lavia\",\"Man\",\"match\",\"Nkunku\",\"pas\",\"Pochettino\",\"pour\",\"sont\",\"United\"],\"articleSection\":[\"Premier League\"],\"inLanguage\":\"fr-FR\"},{\"@type\":\"WebPage\",\"@id\":\"https:\/\/footdavant.fr\/actualites\/pochettino-nkunku-et-lavia-ne-sont-pas-disponibles-pour-le-match-contre-man-united\/\",\"url\":\"https:\/\/footdavant.fr\/actualites\/pochettino-nkunku-et-lavia-ne-sont-pas-disponibles-pour-le-match-contre-man-united\/\",\"name\":\"Pochettino : \\\"Nkunku et Lavia ne sont pas disponibles pour le match contre Man United\\\"\",\"isPartOf\":{\"@id\":\"https:\/\/footdavant.fr\/actualites\/#website\"},\"datePublished\":\"2023-12-06T00:56:39+00:00\",\"dateModified\":\"2023-12-06T00:56:40+00:00\",\"breadcrumb\":{\"@id\":\"https:\/\/footdavant.fr\/actualites\/pochettino-nkunku-et-lavia-ne-sont-pas-disponibles-pour-le-match-contre-man-united\/#breadcrumb\"},\"inLanguage\":\"fr-FR\",\"potentialAction\":[{\"@type\":\"ReadAction\",\"target\":[\"https:\/\/footdavant.fr\/actualites\/pochettino-nkunku-et-lavia-ne-sont-pas-disponibles-pour-le-match-contre-man-united\/\"]}]},{\"@type\":\"BreadcrumbList\",\"@id\":\"https:\/\/footdavant.fr\/actualites\/pochettino-nkunku-et-lavia-ne-sont-pas-disponibles-pour-le-match-contre-man-united\/#breadcrumb\",\"itemListElement\":[{\"@type\":\"ListItem\",\"position\":1,\"name\":\"Accueil\",\"item\":\"https:\/\/footdavant.fr\/actualites\/\"},{\"@type\":\"ListItem\",\"position\":2,\"name\":\"Pochettino : \u00ab\u00a0Nkunku et Lavia ne sont pas disponibles pour le match contre Man United\u00a0\u00bb\"}]},{\"@type\":\"WebSite\",\"@id\":\"https:\/\/footdavant.fr\/actualites\/#website\",\"url\":\"https:\/\/footdavant.fr\/actualites\/\",\"name\":\"Foot d'avant\",\"description\":\"\",\"publisher\":{\"@id\":\"https:\/\/footdavant.fr\/actualites\/#organization\"},\"potentialAction\":[{\"@type\":\"SearchAction\",\"target\":{\"@type\":\"EntryPoint\",\"urlTemplate\":\"https:\/\/footdavant.fr\/actualites\/?s={search_term_string}\"},\"query-input\":\"required name=search_term_string\"}],\"inLanguage\":\"fr-FR\"},{\"@type\":\"Organization\",\"@id\":\"https:\/\/footdavant.fr\/actualites\/#organization\",\"name\":\"Foot d'avant\",\"url\":\"https:\/\/footdavant.fr\/actualites\/\",\"logo\":{\"@type\":\"ImageObject\",\"inLanguage\":\"fr-FR\",\"@id\":\"https:\/\/footdavant.fr\/actualites\/#\/schema\/logo\/image\/\",\"url\":\"https:\/\/footdavant.fr\/actualites\/wp-content\/uploads\/2023\/09\/Copy-of-FootDavant-Logo.png\",\"contentUrl\":\"https:\/\/footdavant.fr\/actualites\/wp-content\/uploads\/2023\/09\/Copy-of-FootDavant-Logo.png\",\"width\":936,\"height\":549,\"caption\":\"Foot d'avant\"},\"image\":{\"@id\":\"https:\/\/footdavant.fr\/actualites\/#\/schema\/logo\/image\/\"},\"sameAs\":[\"https:\/\/www.facebook.com\/Footdavant\/\",\"https:\/\/twitter.com\/FootdavantFr\",\"https:\/\/www.instagram.com\/footdavant.fr\/\"]},{\"@type\":\"Person\",\"@id\":\"https:\/\/footdavant.fr\/actualites\/#\/schema\/person\/bc222566d95871b37e597b3ed3ba5e1d\",\"name\":\"Cl\u00e9ment\",\"image\":{\"@type\":\"ImageObject\",\"inLanguage\":\"fr-FR\",\"@id\":\"https:\/\/footdavant.fr\/actualites\/#\/schema\/person\/image\/\",\"url\":\"https:\/\/secure.gravatar.com\/avatar\/7728b29aac2719421e1a9159b2254c44?s=96&d=mm&r=g\",\"contentUrl\":\"https:\/\/secure.gravatar.com\/avatar\/7728b29aac2719421e1a9159b2254c44?s=96&d=mm&r=g\",\"caption\":\"Cl\u00e9ment\"},\"sameAs\":[\"https:\/\/footdavant.fr\/\"]}]}<\/script>\n<!-- \/ Yoast SEO plugin. -->","yoast_head_json":{"title":"Pochettino : \"Nkunku et Lavia ne sont pas disponibles pour le match contre Man United\"","robots":{"index":"index","follow":"follow","max-snippet":"max-snippet:-1","max-image-preview":"max-image-preview:large","max-video-preview":"max-video-preview:-1"},"canonical":"https:\/\/footdavant.fr\/actualites\/pochettino-nkunku-et-lavia-ne-sont-pas-disponibles-pour-le-match-contre-man-united\/","og_locale":"fr_FR","og_type":"article","og_title":"Pochettino : \"Nkunku et Lavia ne sont pas disponibles pour le match contre Man United\"","og_description":"L&rsquo;entra\u00eeneur-chef Mauricio Pochettino a d\u00e9clar\u00e9 que Christopher Nkunku et Romeo Lavia resteraient absents pour le match de Premier League de Chelsea contre Manchester United mercredi.","og_url":"https:\/\/footdavant.fr\/actualites\/pochettino-nkunku-et-lavia-ne-sont-pas-disponibles-pour-le-match-contre-man-united\/","og_site_name":"Foot d&#039;avant","article_publisher":"https:\/\/www.facebook.com\/Footdavant\/","article_published_time":"2023-12-06T00:56:39+00:00","article_modified_time":"2023-12-06T00:56:40+00:00","og_image":[{"width":640,"height":480,"url":"https:\/\/footdavant.fr\/actualites\/wp-content\/uploads\/2023\/12\/Pochettino-Nkunku-et-Lavia-ne-sont-pas-disponibles-pour.jpg","type":"image\/jpeg"}],"author":"Cl\u00e9ment","twitter_card":"summary_large_image","twitter_creator":"@FootdavantFr","twitter_site":"@FootdavantFr","twitter_misc":{"\u00c9crit par":"Cl\u00e9ment","Dur\u00e9e de lecture estim\u00e9e":"2 minutes"},"schema":{"@context":"https:\/\/schema.org","@graph":[{"@type":"Article","@id":"https:\/\/footdavant.fr\/actualites\/pochettino-nkunku-et-lavia-ne-sont-pas-disponibles-pour-le-match-contre-man-united\/#article","isPartOf":{"@id":"https:\/\/footdavant.fr\/actualites\/pochettino-nkunku-et-lavia-ne-sont-pas-disponibles-pour-le-match-contre-man-united\/"},"author":{"name":"Cl\u00e9ment","@id":"https:\/\/footdavant.fr\/actualites\/#\/schema\/person\/bc222566d95871b37e597b3ed3ba5e1d"},"headline":"Pochettino : \u00ab\u00a0Nkunku et Lavia ne sont pas disponibles pour le match contre Man United\u00a0\u00bb","datePublished":"2023-12-06T00:56:39+00:00","dateModified":"2023-12-06T00:56:40+00:00","mainEntityOfPage":{"@id":"https:\/\/footdavant.fr\/actualites\/pochettino-nkunku-et-lavia-ne-sont-pas-disponibles-pour-le-match-contre-man-united\/"},"wordCount":462,"publisher":{"@id":"https:\/\/footdavant.fr\/actualites\/#organization"},"keywords":["contre","disponibles","Lavia","Man","match","Nkunku","pas","Pochettino","pour","sont","United"],"articleSection":["Premier League"],"inLanguage":"fr-FR"},{"@type":"WebPage","@id":"https:\/\/footdavant.fr\/actualites\/pochettino-nkunku-et-lavia-ne-sont-pas-disponibles-pour-le-match-contre-man-united\/","url":"https:\/\/footdavant.fr\/actualites\/pochettino-nkunku-et-lavia-ne-sont-pas-disponibles-pour-le-match-contre-man-united\/","name":"Pochettino : \"Nkunku et Lavia ne sont pas disponibles pour le match contre Man United\"","isPartOf":{"@id":"https:\/\/footdavant.fr\/actualites\/#website"},"datePublished":"2023-12-06T00:56:39+00:00","dateModified":"2023-12-06T00:56:40+00:00","breadcrumb":{"@id":"https:\/\/footdavant.fr\/actualites\/pochettino-nkunku-et-lavia-ne-sont-pas-disponibles-pour-le-match-contre-man-united\/#breadcrumb"},"inLanguage":"fr-FR","potentialAction":[{"@type":"ReadAction","target":["https:\/\/footdavant.fr\/actualites\/pochettino-nkunku-et-lavia-ne-sont-pas-disponibles-pour-le-match-contre-man-united\/"]}]},{"@type":"BreadcrumbList","@id":"https:\/\/footdavant.fr\/actualites\/pochettino-nkunku-et-lavia-ne-sont-pas-disponibles-pour-le-match-contre-man-united\/#breadcrumb","itemListElement":[{"@type":"ListItem","position":1,"name":"Accueil","item":"https:\/\/footdavant.fr\/actualites\/"},{"@type":"ListItem","position":2,"name":"Pochettino : \u00ab\u00a0Nkunku et Lavia ne sont pas disponibles pour le match contre Man United\u00a0\u00bb"}]},{"@type":"WebSite","@id":"https:\/\/footdavant.fr\/actualites\/#website","url":"https:\/\/footdavant.fr\/actualites\/","name":"Foot d'avant","description":"","publisher":{"@id":"https:\/\/footdavant.fr\/actualites\/#organization"},"potentialAction":[{"@type":"SearchAction","target":{"@type":"EntryPoint","urlTemplate":"https:\/\/footdavant.fr\/actualites\/?s={search_term_string}"},"query-input":"required name=search_term_string"}],"inLanguage":"fr-FR"},{"@type":"Organization","@id":"https:\/\/footdavant.fr\/actualites\/#organization","name":"Foot d'avant","url":"https:\/\/footdavant.fr\/actualites\/","logo":{"@type":"ImageObject","inLanguage":"fr-FR","@id":"https:\/\/footdavant.fr\/actualites\/#\/schema\/logo\/image\/","url":"https:\/\/footdavant.fr\/actualites\/wp-content\/uploads\/2023\/09\/Copy-of-FootDavant-Logo.png","contentUrl":"https:\/\/footdavant.fr\/actualites\/wp-content\/uploads\/2023\/09\/Copy-of-FootDavant-Logo.png","width":936,"height":549,"caption":"Foot d'avant"},"image":{"@id":"https:\/\/footdavant.fr\/actualites\/#\/schema\/logo\/image\/"},"sameAs":["https:\/\/www.facebook.com\/Footdavant\/","https:\/\/twitter.com\/FootdavantFr","https:\/\/www.instagram.com\/footdavant.fr\/"]},{"@type":"Person","@id":"https:\/\/footdavant.fr\/actualites\/#\/schema\/person\/bc222566d95871b37e597b3ed3ba5e1d","name":"Cl\u00e9ment","image":{"@type":"ImageObject","inLanguage":"fr-FR","@id":"https:\/\/footdavant.fr\/actualites\/#\/schema\/person\/image\/","url":"https:\/\/secure.gravatar.com\/avatar\/7728b29aac2719421e1a9159b2254c44?s=96&d=mm&r=g","contentUrl":"https:\/\/secure.gravatar.com\/avatar\/7728b29aac2719421e1a9159b2254c44?s=96&d=mm&r=g","caption":"Cl\u00e9ment"},"sameAs":["https:\/\/footdavant.fr\/"]}]}},"_links":{"self":[{"href":"https:\/\/footdavant.fr\/actualites\/wp-json\/wp\/v2\/posts\/1999"}],"collection":[{"href":"https:\/\/footdavant.fr\/actualites\/wp-json\/wp\/v2\/posts"}],"about":[{"href":"https:\/\/footdavant.fr\/actualites\/wp-json\/wp\/v2\/types\/post"}],"author":[{"embeddable":true,"href":"https:\/\/footdavant.fr\/actualites\/wp-json\/wp\/v2\/users\/1"}],"replies":[{"embeddable":true,"href":"https:\/\/footdavant.fr\/actualites\/wp-json\/wp\/v2\/comments?post=1999"}],"version-history":[{"count":1,"href":"https:\/\/footdavant.fr\/actualites\/wp-json\/wp\/v2\/posts\/1999\/revisions"}],"predecessor-version":[{"id":2001,"href":"https:\/\/footdavant.fr\/actualites\/wp-json\/wp\/v2\/posts\/1999\/revisions\/2001"}],"wp:featuredmedia":[{"embeddable":true,"href":"https:\/\/footdavant.fr\/actualites\/wp-json\/wp\/v2\/media\/2000"}],"wp:attachment":[{"href":"https:\/\/footdavant.fr\/actualites\/wp-json\/wp\/v2\/media?parent=1999"}],"wp:term":[{"taxonomy":"category","embeddable":true,"href":"https:\/\/footdavant.fr\/actualites\/wp-json\/wp\/v2\/categories?post=1999"},{"taxonomy":"post_tag","embeddable":true,"href":"https:\/\/footdavant.fr\/actualites\/wp-json\/wp\/v2\/tags?post=1999"}],"curies":[{"name":"wp","href":"https:\/\/api.w.org\/{rel}","templated":true}]}}