{"id":2011,"date":"2023-12-06T07:53:30","date_gmt":"2023-12-06T06:53:30","guid":{"rendered":"https:\/\/footdavant.fr\/actualites\/burnley-rejoint-leicester-city-et-leeds-united-dans-la-course-pour-trai-hume-de-sunderland\/"},"modified":"2023-12-06T07:53:31","modified_gmt":"2023-12-06T06:53:31","slug":"burnley-rejoint-leicester-city-et-leeds-united-dans-la-course-pour-trai-hume-de-sunderland","status":"publish","type":"post","link":"https:\/\/footdavant.fr\/actualites\/burnley-rejoint-leicester-city-et-leeds-united-dans-la-course-pour-trai-hume-de-sunderland\/","title":{"rendered":"Burnley rejoint Leicester City et Leeds United dans la course pour Trai Hume de Sunderland ?"},"content":{"rendered":"<p>Burnley serait en bataille avec Leicester City et Leeds United pour recruter l&rsquo;arri\u00e8re droit de Sunderland Trai Hume, les Black Cats \u00e9tant pr\u00eats \u00e0 vendre pour le d\u00e9fenseur.<\/p>\n<div id=\"article_body\" itemprop=\"articleBody\">\n<h3 class=\"firstPara\">\n<strong class=\"autotag\">Burnley<\/strong> auraient rejoint le duo de championnat <strong class=\"autotag\">La ville de Leicester<\/strong> et <strong class=\"autotag\">Leeds United<\/strong> dans la course pour signer <strong class=\"autotag\">Sunderland<\/strong>c&rsquo;est <strong class=\"autotag\">Trai Hume<\/strong> lors du mercato de janvier.<\/h3>\n<p>Le joueur de 21 ans a rejoint les Black Cats depuis Linfield en janvier 2022 \u2013 une \u00e9poque o\u00f9 les g\u00e9ants du Nord-Est exer\u00e7aient encore leur m\u00e9tier en League One.<\/p>\n<p>Depuis lors, Hume a aid\u00e9 Sunderland \u00e0 revenir au championnat apr\u00e8s une absence de cinq ans et s&rsquo;est assur\u00e9 une place de titulaire sur le c\u00f4t\u00e9 droit de la d\u00e9fense, participant \u00e0 tous les 19 premiers matches de championnat de son \u00e9quipe.<\/p>\n<p>L&rsquo;arri\u00e8re droit devient \u00e9galement un rouage de plus en plus important sur la sc\u00e8ne internationale, remportant 10 s\u00e9lections pour l&rsquo;Irlande du Nord apr\u00e8s avoir fait ses d\u00e9buts senior en mars 2022.<\/p>\n<p>Selon <em>Discussion en \u00e9quipe<\/em>Burnley est un admirateur de Hume de Sunderland avant le mercato de janvier, Leicester et Leeds United du deuxi\u00e8me niveau \u00e9tant \u00e9galement enthousiastes.<\/p>\n<p class=\"imgI\">\n<p>Les Clarets ont connu des difficult\u00e9s d\u00e9fensives \u00e0 leur retour en Premier League \u2013 inscrivant 32 buts en seulement 14 matches \u2013 mais ils ont r\u00e9ussi \u00e0 garder leur premi\u00e8re cage inviol\u00e9e de la saison lors de la d\u00e9faite 5-0 de Sheffield United samedi.<\/p>\n<p>Beaucoup de <strong class=\"autotag\">Vincent Kompany<\/strong>Les derni\u00e8res transactions de au cours de la fen\u00eatre estivale tournaient autour de l&rsquo;\u00e9chec de la signature d&rsquo;un arri\u00e8re gauche, avec le jeune de Chelsea. <strong class=\"autotag\">Ian Maatsen<\/strong> d\u00e9cider de ne pas passer \u00e0 la derni\u00e8re minute \u00e0 Turf Moor.<\/p>\n<p><strong class=\"autotag\">Vitinho<\/strong> et Gallois <strong class=\"autotag\">Connor Roberts<\/strong> ont partag\u00e9 le temps de jeu sur le c\u00f4t\u00e9 droit de la ligne arri\u00e8re jusqu&rsquo;\u00e0 pr\u00e9sent cette campagne, ce qui signifie que Hume devrait faire face \u00e0 de la concurrence pour consolider sa place dans le XI. <\/p>\n<p>Cependant, l&rsquo;international nord-irlandais peut jouer n&rsquo;importe o\u00f9 au sein de la d\u00e9fense, ayant jou\u00e9 au poste d&rsquo;arri\u00e8re gauche et d&rsquo;arri\u00e8re central de Sunderland au cours des premiers mois de cette saison sous <strong class=\"autotag\">Tony Mowbray<\/strong>.<\/p>\n<p>Le rapport affirme que les Black Cats sont pr\u00eats \u00e0 vendre Hume au cours de la nouvelle ann\u00e9e pour r\u00e9aliser un profit, \u00e9tant donn\u00e9 qu&rsquo;ils ont r\u00e9ussi \u00e0 obtenir ses services pour seulement 200 000 \u00a3 aupr\u00e8s de Linfield au d\u00e9but de l&rsquo;ann\u00e9e derni\u00e8re.<\/p>\n<p class=\"imgI\"><img decoding=\"async\" loading=\"lazy\" class=\"l\" src=\"https:\/\/footdavant.fr\/actualites\/wp-content\/uploads\/2023\/12\/1701845610_982_Burnley-rejoint-Leicester-City-et-Leeds-United-dans-la-course.jpg\" title=\"Enzo Maresca, manager de Leicester City, r\u00e9agit le 27 septembre 2023\" alt=\"Enzo Maresca, manager de Leicester City, r\u00e9agit le 27 septembre 2023\" width=\"640\" height=\"480\"><\/p>\n<p>On pense \u00e9galement que Leicester et Leeds surveillent de pr\u00e8s l\u2019arri\u00e8re droit, les deux \u00e9quipes pr\u00e9parant un retour imm\u00e9diat en Premier League apr\u00e8s la rel\u00e9gation en mai.<\/p>\n<p><strong class=\"autotag\">Daniel Farke<\/strong>Les Blancs ont <strong class=\"autotag\">Luc Ayling<\/strong> et <strong class=\"autotag\">Djed Spence<\/strong> comme options comp\u00e9tentes du c\u00f4t\u00e9 droit pour leur d\u00e9fense, mais le jeune <strong class=\"autotag\">Archie Gris<\/strong> a jou\u00e9 un r\u00f4le d\u2019arri\u00e8re lat\u00e9ral ces derni\u00e8res semaines.<\/p>\n<p><strong class=\"autotag\">Ricardo Pereira<\/strong> est un nom tr\u00e8s en vue qui est rest\u00e9 au King Power Stadium malgr\u00e9 la r\u00e9trogradation choc des Foxes au deuxi\u00e8me rang, les Portugais \u00e9tant presque toujours pr\u00e9sents pour <strong class=\"autotag\">Enzo Maresca<\/strong> \u00e0 l&rsquo;arri\u00e8re droit.<\/p>\n<p>Suite au limogeage de Mowbray lundi apr\u00e8s-midi, Hume et ses co\u00e9quipiers de Sunderland seront probablement sans manager lorsque West Bromwich Albion visitera le Stadium of Light samedi midi.<\/p>\n<\/div>\n","protected":false},"excerpt":{"rendered":"<p>Burnley serait en bataille avec Leicester City et Leeds United pour recruter l&rsquo;arri\u00e8re droit de Sunderland Trai Hume, les Black Cats \u00e9tant pr\u00eats \u00e0 vendre<\/p>\n","protected":false},"author":1,"featured_media":2012,"comment_status":"closed","ping_status":"","sticky":false,"template":"","format":"standard","meta":{"footnotes":""},"categories":[5],"tags":[541,27,19,1954,121,1293,51,1444,1955,1953,13],"yoast_head":"<!-- This site is optimized with the Yoast SEO plugin v21.0 - https:\/\/yoast.com\/wordpress\/plugins\/seo\/ -->\n<title>Burnley rejoint Leicester City et Leeds United dans la course pour Trai Hume de Sunderland ?<\/title>\n<meta name=\"robots\" content=\"index, follow, max-snippet:-1, max-image-preview:large, max-video-preview:-1\" \/>\n<link rel=\"canonical\" href=\"https:\/\/footdavant.fr\/actualites\/burnley-rejoint-leicester-city-et-leeds-united-dans-la-course-pour-trai-hume-de-sunderland\/\" \/>\n<meta property=\"og:locale\" content=\"fr_FR\" \/>\n<meta property=\"og:type\" content=\"article\" \/>\n<meta property=\"og:title\" content=\"Burnley rejoint Leicester City et Leeds United dans la course pour Trai Hume de Sunderland ?\" \/>\n<meta property=\"og:description\" content=\"Burnley serait en bataille avec Leicester City et Leeds United pour recruter l&rsquo;arri\u00e8re droit de Sunderland Trai Hume, les Black Cats \u00e9tant pr\u00eats \u00e0 vendre\" \/>\n<meta property=\"og:url\" content=\"https:\/\/footdavant.fr\/actualites\/burnley-rejoint-leicester-city-et-leeds-united-dans-la-course-pour-trai-hume-de-sunderland\/\" \/>\n<meta property=\"og:site_name\" content=\"Foot d&#039;avant\" \/>\n<meta property=\"article:publisher\" content=\"https:\/\/www.facebook.com\/Footdavant\/\" \/>\n<meta property=\"article:published_time\" content=\"2023-12-06T06:53:30+00:00\" \/>\n<meta property=\"article:modified_time\" content=\"2023-12-06T06:53:31+00:00\" \/>\n<meta property=\"og:image\" content=\"https:\/\/footdavant.fr\/actualites\/wp-content\/uploads\/2023\/12\/Burnley-rejoint-Leicester-City-et-Leeds-United-dans-la-course.jpg\" \/>\n\t<meta property=\"og:image:width\" content=\"640\" \/>\n\t<meta property=\"og:image:height\" content=\"480\" \/>\n\t<meta property=\"og:image:type\" content=\"image\/jpeg\" \/>\n<meta name=\"author\" content=\"Cl\u00e9ment\" \/>\n<meta name=\"twitter:card\" content=\"summary_large_image\" \/>\n<meta name=\"twitter:creator\" content=\"@FootdavantFr\" \/>\n<meta name=\"twitter:site\" content=\"@FootdavantFr\" \/>\n<meta name=\"twitter:label1\" content=\"\u00c9crit par\" \/>\n\t<meta name=\"twitter:data1\" content=\"Cl\u00e9ment\" \/>\n\t<meta name=\"twitter:label2\" content=\"Dur\u00e9e de lecture estim\u00e9e\" \/>\n\t<meta name=\"twitter:data2\" content=\"3 minutes\" \/>\n<script type=\"application\/ld+json\" class=\"yoast-schema-graph\">{\"@context\":\"https:\/\/schema.org\",\"@graph\":[{\"@type\":\"Article\",\"@id\":\"https:\/\/footdavant.fr\/actualites\/burnley-rejoint-leicester-city-et-leeds-united-dans-la-course-pour-trai-hume-de-sunderland\/#article\",\"isPartOf\":{\"@id\":\"https:\/\/footdavant.fr\/actualites\/burnley-rejoint-leicester-city-et-leeds-united-dans-la-course-pour-trai-hume-de-sunderland\/\"},\"author\":{\"name\":\"Cl\u00e9ment\",\"@id\":\"https:\/\/footdavant.fr\/actualites\/#\/schema\/person\/bc222566d95871b37e597b3ed3ba5e1d\"},\"headline\":\"Burnley rejoint Leicester City et Leeds United dans la course pour Trai Hume de Sunderland ?\",\"datePublished\":\"2023-12-06T06:53:30+00:00\",\"dateModified\":\"2023-12-06T06:53:31+00:00\",\"mainEntityOfPage\":{\"@id\":\"https:\/\/footdavant.fr\/actualites\/burnley-rejoint-leicester-city-et-leeds-united-dans-la-course-pour-trai-hume-de-sunderland\/\"},\"wordCount\":567,\"publisher\":{\"@id\":\"https:\/\/footdavant.fr\/actualites\/#organization\"},\"keywords\":[\"Burnley\",\"City\",\"dans\",\"Hume\",\"Leeds\",\"Leicester\",\"pour\",\"rejoint\",\"Sunderland\",\"Trai\",\"United\"],\"articleSection\":[\"Premier League\"],\"inLanguage\":\"fr-FR\"},{\"@type\":\"WebPage\",\"@id\":\"https:\/\/footdavant.fr\/actualites\/burnley-rejoint-leicester-city-et-leeds-united-dans-la-course-pour-trai-hume-de-sunderland\/\",\"url\":\"https:\/\/footdavant.fr\/actualites\/burnley-rejoint-leicester-city-et-leeds-united-dans-la-course-pour-trai-hume-de-sunderland\/\",\"name\":\"Burnley rejoint Leicester City et Leeds United dans la course pour Trai Hume de Sunderland ?\",\"isPartOf\":{\"@id\":\"https:\/\/footdavant.fr\/actualites\/#website\"},\"datePublished\":\"2023-12-06T06:53:30+00:00\",\"dateModified\":\"2023-12-06T06:53:31+00:00\",\"breadcrumb\":{\"@id\":\"https:\/\/footdavant.fr\/actualites\/burnley-rejoint-leicester-city-et-leeds-united-dans-la-course-pour-trai-hume-de-sunderland\/#breadcrumb\"},\"inLanguage\":\"fr-FR\",\"potentialAction\":[{\"@type\":\"ReadAction\",\"target\":[\"https:\/\/footdavant.fr\/actualites\/burnley-rejoint-leicester-city-et-leeds-united-dans-la-course-pour-trai-hume-de-sunderland\/\"]}]},{\"@type\":\"BreadcrumbList\",\"@id\":\"https:\/\/footdavant.fr\/actualites\/burnley-rejoint-leicester-city-et-leeds-united-dans-la-course-pour-trai-hume-de-sunderland\/#breadcrumb\",\"itemListElement\":[{\"@type\":\"ListItem\",\"position\":1,\"name\":\"Accueil\",\"item\":\"https:\/\/footdavant.fr\/actualites\/\"},{\"@type\":\"ListItem\",\"position\":2,\"name\":\"Burnley rejoint Leicester City et Leeds United dans la course pour Trai Hume de Sunderland ?\"}]},{\"@type\":\"WebSite\",\"@id\":\"https:\/\/footdavant.fr\/actualites\/#website\",\"url\":\"https:\/\/footdavant.fr\/actualites\/\",\"name\":\"Foot d'avant\",\"description\":\"\",\"publisher\":{\"@id\":\"https:\/\/footdavant.fr\/actualites\/#organization\"},\"potentialAction\":[{\"@type\":\"SearchAction\",\"target\":{\"@type\":\"EntryPoint\",\"urlTemplate\":\"https:\/\/footdavant.fr\/actualites\/?s={search_term_string}\"},\"query-input\":\"required name=search_term_string\"}],\"inLanguage\":\"fr-FR\"},{\"@type\":\"Organization\",\"@id\":\"https:\/\/footdavant.fr\/actualites\/#organization\",\"name\":\"Foot d'avant\",\"url\":\"https:\/\/footdavant.fr\/actualites\/\",\"logo\":{\"@type\":\"ImageObject\",\"inLanguage\":\"fr-FR\",\"@id\":\"https:\/\/footdavant.fr\/actualites\/#\/schema\/logo\/image\/\",\"url\":\"https:\/\/footdavant.fr\/actualites\/wp-content\/uploads\/2023\/09\/Copy-of-FootDavant-Logo.png\",\"contentUrl\":\"https:\/\/footdavant.fr\/actualites\/wp-content\/uploads\/2023\/09\/Copy-of-FootDavant-Logo.png\",\"width\":936,\"height\":549,\"caption\":\"Foot d'avant\"},\"image\":{\"@id\":\"https:\/\/footdavant.fr\/actualites\/#\/schema\/logo\/image\/\"},\"sameAs\":[\"https:\/\/www.facebook.com\/Footdavant\/\",\"https:\/\/twitter.com\/FootdavantFr\",\"https:\/\/www.instagram.com\/footdavant.fr\/\"]},{\"@type\":\"Person\",\"@id\":\"https:\/\/footdavant.fr\/actualites\/#\/schema\/person\/bc222566d95871b37e597b3ed3ba5e1d\",\"name\":\"Cl\u00e9ment\",\"image\":{\"@type\":\"ImageObject\",\"inLanguage\":\"fr-FR\",\"@id\":\"https:\/\/footdavant.fr\/actualites\/#\/schema\/person\/image\/\",\"url\":\"https:\/\/secure.gravatar.com\/avatar\/7728b29aac2719421e1a9159b2254c44?s=96&d=mm&r=g\",\"contentUrl\":\"https:\/\/secure.gravatar.com\/avatar\/7728b29aac2719421e1a9159b2254c44?s=96&d=mm&r=g\",\"caption\":\"Cl\u00e9ment\"},\"sameAs\":[\"https:\/\/footdavant.fr\/\"]}]}<\/script>\n<!-- \/ Yoast SEO plugin. -->","yoast_head_json":{"title":"Burnley rejoint Leicester City et Leeds United dans la course pour Trai Hume de Sunderland ?","robots":{"index":"index","follow":"follow","max-snippet":"max-snippet:-1","max-image-preview":"max-image-preview:large","max-video-preview":"max-video-preview:-1"},"canonical":"https:\/\/footdavant.fr\/actualites\/burnley-rejoint-leicester-city-et-leeds-united-dans-la-course-pour-trai-hume-de-sunderland\/","og_locale":"fr_FR","og_type":"article","og_title":"Burnley rejoint Leicester City et Leeds United dans la course pour Trai Hume de Sunderland ?","og_description":"Burnley serait en bataille avec Leicester City et Leeds United pour recruter l&rsquo;arri\u00e8re droit de Sunderland Trai Hume, les Black Cats \u00e9tant pr\u00eats \u00e0 vendre","og_url":"https:\/\/footdavant.fr\/actualites\/burnley-rejoint-leicester-city-et-leeds-united-dans-la-course-pour-trai-hume-de-sunderland\/","og_site_name":"Foot d&#039;avant","article_publisher":"https:\/\/www.facebook.com\/Footdavant\/","article_published_time":"2023-12-06T06:53:30+00:00","article_modified_time":"2023-12-06T06:53:31+00:00","og_image":[{"width":640,"height":480,"url":"https:\/\/footdavant.fr\/actualites\/wp-content\/uploads\/2023\/12\/Burnley-rejoint-Leicester-City-et-Leeds-United-dans-la-course.jpg","type":"image\/jpeg"}],"author":"Cl\u00e9ment","twitter_card":"summary_large_image","twitter_creator":"@FootdavantFr","twitter_site":"@FootdavantFr","twitter_misc":{"\u00c9crit par":"Cl\u00e9ment","Dur\u00e9e de lecture estim\u00e9e":"3 minutes"},"schema":{"@context":"https:\/\/schema.org","@graph":[{"@type":"Article","@id":"https:\/\/footdavant.fr\/actualites\/burnley-rejoint-leicester-city-et-leeds-united-dans-la-course-pour-trai-hume-de-sunderland\/#article","isPartOf":{"@id":"https:\/\/footdavant.fr\/actualites\/burnley-rejoint-leicester-city-et-leeds-united-dans-la-course-pour-trai-hume-de-sunderland\/"},"author":{"name":"Cl\u00e9ment","@id":"https:\/\/footdavant.fr\/actualites\/#\/schema\/person\/bc222566d95871b37e597b3ed3ba5e1d"},"headline":"Burnley rejoint Leicester City et Leeds United dans la course pour Trai Hume de Sunderland ?","datePublished":"2023-12-06T06:53:30+00:00","dateModified":"2023-12-06T06:53:31+00:00","mainEntityOfPage":{"@id":"https:\/\/footdavant.fr\/actualites\/burnley-rejoint-leicester-city-et-leeds-united-dans-la-course-pour-trai-hume-de-sunderland\/"},"wordCount":567,"publisher":{"@id":"https:\/\/footdavant.fr\/actualites\/#organization"},"keywords":["Burnley","City","dans","Hume","Leeds","Leicester","pour","rejoint","Sunderland","Trai","United"],"articleSection":["Premier League"],"inLanguage":"fr-FR"},{"@type":"WebPage","@id":"https:\/\/footdavant.fr\/actualites\/burnley-rejoint-leicester-city-et-leeds-united-dans-la-course-pour-trai-hume-de-sunderland\/","url":"https:\/\/footdavant.fr\/actualites\/burnley-rejoint-leicester-city-et-leeds-united-dans-la-course-pour-trai-hume-de-sunderland\/","name":"Burnley rejoint Leicester City et Leeds United dans la course pour Trai Hume de Sunderland ?","isPartOf":{"@id":"https:\/\/footdavant.fr\/actualites\/#website"},"datePublished":"2023-12-06T06:53:30+00:00","dateModified":"2023-12-06T06:53:31+00:00","breadcrumb":{"@id":"https:\/\/footdavant.fr\/actualites\/burnley-rejoint-leicester-city-et-leeds-united-dans-la-course-pour-trai-hume-de-sunderland\/#breadcrumb"},"inLanguage":"fr-FR","potentialAction":[{"@type":"ReadAction","target":["https:\/\/footdavant.fr\/actualites\/burnley-rejoint-leicester-city-et-leeds-united-dans-la-course-pour-trai-hume-de-sunderland\/"]}]},{"@type":"BreadcrumbList","@id":"https:\/\/footdavant.fr\/actualites\/burnley-rejoint-leicester-city-et-leeds-united-dans-la-course-pour-trai-hume-de-sunderland\/#breadcrumb","itemListElement":[{"@type":"ListItem","position":1,"name":"Accueil","item":"https:\/\/footdavant.fr\/actualites\/"},{"@type":"ListItem","position":2,"name":"Burnley rejoint Leicester City et Leeds United dans la course pour Trai Hume de Sunderland ?"}]},{"@type":"WebSite","@id":"https:\/\/footdavant.fr\/actualites\/#website","url":"https:\/\/footdavant.fr\/actualites\/","name":"Foot d'avant","description":"","publisher":{"@id":"https:\/\/footdavant.fr\/actualites\/#organization"},"potentialAction":[{"@type":"SearchAction","target":{"@type":"EntryPoint","urlTemplate":"https:\/\/footdavant.fr\/actualites\/?s={search_term_string}"},"query-input":"required name=search_term_string"}],"inLanguage":"fr-FR"},{"@type":"Organization","@id":"https:\/\/footdavant.fr\/actualites\/#organization","name":"Foot d'avant","url":"https:\/\/footdavant.fr\/actualites\/","logo":{"@type":"ImageObject","inLanguage":"fr-FR","@id":"https:\/\/footdavant.fr\/actualites\/#\/schema\/logo\/image\/","url":"https:\/\/footdavant.fr\/actualites\/wp-content\/uploads\/2023\/09\/Copy-of-FootDavant-Logo.png","contentUrl":"https:\/\/footdavant.fr\/actualites\/wp-content\/uploads\/2023\/09\/Copy-of-FootDavant-Logo.png","width":936,"height":549,"caption":"Foot d'avant"},"image":{"@id":"https:\/\/footdavant.fr\/actualites\/#\/schema\/logo\/image\/"},"sameAs":["https:\/\/www.facebook.com\/Footdavant\/","https:\/\/twitter.com\/FootdavantFr","https:\/\/www.instagram.com\/footdavant.fr\/"]},{"@type":"Person","@id":"https:\/\/footdavant.fr\/actualites\/#\/schema\/person\/bc222566d95871b37e597b3ed3ba5e1d","name":"Cl\u00e9ment","image":{"@type":"ImageObject","inLanguage":"fr-FR","@id":"https:\/\/footdavant.fr\/actualites\/#\/schema\/person\/image\/","url":"https:\/\/secure.gravatar.com\/avatar\/7728b29aac2719421e1a9159b2254c44?s=96&d=mm&r=g","contentUrl":"https:\/\/secure.gravatar.com\/avatar\/7728b29aac2719421e1a9159b2254c44?s=96&d=mm&r=g","caption":"Cl\u00e9ment"},"sameAs":["https:\/\/footdavant.fr\/"]}]}},"_links":{"self":[{"href":"https:\/\/footdavant.fr\/actualites\/wp-json\/wp\/v2\/posts\/2011"}],"collection":[{"href":"https:\/\/footdavant.fr\/actualites\/wp-json\/wp\/v2\/posts"}],"about":[{"href":"https:\/\/footdavant.fr\/actualites\/wp-json\/wp\/v2\/types\/post"}],"author":[{"embeddable":true,"href":"https:\/\/footdavant.fr\/actualites\/wp-json\/wp\/v2\/users\/1"}],"replies":[{"embeddable":true,"href":"https:\/\/footdavant.fr\/actualites\/wp-json\/wp\/v2\/comments?post=2011"}],"version-history":[{"count":1,"href":"https:\/\/footdavant.fr\/actualites\/wp-json\/wp\/v2\/posts\/2011\/revisions"}],"predecessor-version":[{"id":2013,"href":"https:\/\/footdavant.fr\/actualites\/wp-json\/wp\/v2\/posts\/2011\/revisions\/2013"}],"wp:featuredmedia":[{"embeddable":true,"href":"https:\/\/footdavant.fr\/actualites\/wp-json\/wp\/v2\/media\/2012"}],"wp:attachment":[{"href":"https:\/\/footdavant.fr\/actualites\/wp-json\/wp\/v2\/media?parent=2011"}],"wp:term":[{"taxonomy":"category","embeddable":true,"href":"https:\/\/footdavant.fr\/actualites\/wp-json\/wp\/v2\/categories?post=2011"},{"taxonomy":"post_tag","embeddable":true,"href":"https:\/\/footdavant.fr\/actualites\/wp-json\/wp\/v2\/tags?post=2011"}],"curies":[{"name":"wp","href":"https:\/\/api.w.org\/{rel}","templated":true}]}}